{"id":336811,"date":"2026-02-03T20:56:25","date_gmt":"2026-02-03T20:56:25","guid":{"rendered":"https:\/\/www.europesays.com\/it\/336811\/"},"modified":"2026-02-03T20:56:25","modified_gmt":"2026-02-03T20:56:25","slug":"quel-finale-di-la-preside-che-non-ti-aspetti-da-una-serie-rai","status":"publish","type":"post","link":"https:\/\/www.europesays.com\/it\/336811\/","title":{"rendered":"Quel finale di La preside che non ti aspetti da una serie Rai"},"content":{"rendered":"<p>Insieme alla forza del cast e a un buon livello di scrittura &#8211; <strong>dietro ci sono Cristiana Farina e Maurizio Careddu,<\/strong> gli stessi delle prime stagioni di Mare Fuori &#8211; La preside \u00e8 riuscita sorprendentemente a fare un passo in pi\u00f9: costruire una <strong>protagonista imperfetta<\/strong> e, sul finale, mostrare che non sempre i buoni sono quelli che credevamo.<\/p>\n<p>Aver dato tridimensionalit\u00e0 al personaggio interpretato da <a href=\"https:\/\/www.vanityfair.it\/article\/la-preside-bidella-pendolare-stalking-fiction-tv\" rel=\"nofollow noopener\" target=\"_blank\"><strong>Luisa Ranieri<\/strong><\/a>, scegliendo di non raccontarlo come una martire senza peccato ma come una donna capace di sbagliare anche con i propri figli, \u00e8 stato fondamentale per credere fino in fondo alle sue intenzioni e alla sua natura. Se fosse stata perfetta, senza sbavature e tutta virt\u00f9, avremmo probabilmente faticato a prenderla sul serio: le eroine purissime non abitano solo le favole, ma alla lunga risultano anche un po\u2019 noiose.<\/p>\n<p><img decoding=\"async\" alt=\"Quel finale di La preside che non ti aspetti da una serie Rai\" loading=\"lazy\" class=\"ResponsiveImageContainer-eNxvmU cfBbTk responsive-image__image\"   src=\"https:\/\/www.europesays.com\/it\/wp-content\/uploads\/2026\/02\/la-preside-ok.jpg\"\/><\/p>\n<p>Il vero punto di svolta del finale di La preside, trasmesso su Rai1, \u00e8 stato per\u00f2 un altro: la scelta coraggiosa di mostrare un <strong>lato pi\u00f9 oscuro<\/strong> di alcuni <strong>membri delle forze dell\u2019ordine<\/strong>, sovvertendo la classica narrativa dei buoni e dei cattivi e suggerendo che, spesso, le apparenze tradiscono.<\/p>\n<p>\u00c8 anche grazie a questo scarto che La preside ha acquisito una credibilit\u00e0 nuova, fondata sull\u2019imprevedibilit\u00e0 e sulla capacit\u00e0 di spiazzare lo spettatore. Non \u00e8 cos\u00ec frequente imbattersi in prodotti targati Rai capaci di sorprendere fino in fondo ed \u00e8 forse anche per questo che, a fronte degli ottimi ascolti, speriamo davvero in una seconda stagione. Anche solo per capire se verr\u00e0 approfondita <a href=\"https:\/\/www.vanityfair.it\/article\/la-preside-bidella-pendolare-stalking-fiction-tv\" rel=\"nofollow noopener\" target=\"_blank\">la storia della bidella pendolare<\/a> e che fine faranno Nicola e Lucia &#8211; interpretati dai bravissimi <strong>Francesco Zenga e Ludovica Nasti<\/strong> &#8211; ormai protagonisti di uno spin-off non dichiarato di Romeo e Giulietta a Caivano.<\/p>\n","protected":false},"excerpt":{"rendered":"Insieme alla forza del cast e a un buon livello di scrittura &#8211; dietro ci sono Cristiana Farina&hellip;\n","protected":false},"author":3,"featured_media":336812,"comment_status":"","ping_status":"","sticky":false,"template":"","format":"standard","meta":{"footnotes":"","_share_on_mastodon":"0"},"categories":[1444],"tags":[203,204,1537,90,89,37324,9100,253],"class_list":["post-336811","post","type-post","status-publish","format-standard","has-post-thumbnail","category-tv","tag-entertainment","tag-intrattenimento","tag-it","tag-italia","tag-italy","tag-luisa-ranieri","tag-serie-tv","tag-tv"],"share_on_mastodon":{"url":"https:\/\/pubeurope.com\/@it\/116008700173352679","error":""},"_links":{"self":[{"href":"https:\/\/www.europesays.com\/it\/wp-json\/wp\/v2\/posts\/336811","targetHints":{"allow":["GET"]}}],"collection":[{"href":"https:\/\/www.europesays.com\/it\/wp-json\/wp\/v2\/posts"}],"about":[{"href":"https:\/\/www.europesays.com\/it\/wp-json\/wp\/v2\/types\/post"}],"author":[{"embeddable":true,"href":"https:\/\/www.europesays.com\/it\/wp-json\/wp\/v2\/users\/3"}],"replies":[{"embeddable":true,"href":"https:\/\/www.europesays.com\/it\/wp-json\/wp\/v2\/comments?post=336811"}],"version-history":[{"count":0,"href":"https:\/\/www.europesays.com\/it\/wp-json\/wp\/v2\/posts\/336811\/revisions"}],"wp:featuredmedia":[{"embeddable":true,"href":"https:\/\/www.europesays.com\/it\/wp-json\/wp\/v2\/media\/336812"}],"wp:attachment":[{"href":"https:\/\/www.europesays.com\/it\/wp-json\/wp\/v2\/media?parent=336811"}],"wp:term":[{"taxonomy":"category","embeddable":true,"href":"https:\/\/www.europesays.com\/it\/wp-json\/wp\/v2\/categories?post=336811"},{"taxonomy":"post_tag","embeddable":true,"href":"https:\/\/www.europesays.com\/it\/wp-json\/wp\/v2\/tags?post=336811"}],"curies":[{"name":"wp","href":"https:\/\/api.w.org\/{rel}","templated":true}]}}