{"id":336912,"date":"2026-02-03T22:36:14","date_gmt":"2026-02-03T22:36:14","guid":{"rendered":"https:\/\/www.europesays.com\/it\/336912\/"},"modified":"2026-02-03T22:36:14","modified_gmt":"2026-02-03T22:36:14","slug":"da-mengarelli-a-quaranta-14-corridori-per-una-gragnano-33enne-sempre-piu-internazionale","status":"publish","type":"post","link":"https:\/\/www.europesays.com\/it\/336912\/","title":{"rendered":"DA MENGARELLI A QUARANTA, 14 CORRIDORI PER UNA GRAGNANO &#8220;33ENNE&#8221; SEMPRE PI\u00d9 INTERNAZIONALE"},"content":{"rendered":"<p>Nella bellissima location dell&#8217;Hotel Country si \u00e8 tenuta domenica pomeriggio l&#8217;annuale presentazione della Gragnano Sporting Club del presidente Carlo Palandri, che ha svelato l&#8217;organico del 2026 con tante novit\u00e0. Ad aprire la presentazione \u00e8 stato il presidente, il quale ha ringraziato tutti i presenti ricordando i risultati ottenuti nel 2025 e la soddisfazione di poter festeggiare 33 anni di onorata carriera senza mai fermarsi e confermando la permanenza nella categoria Continental. Dopodich\u00e9 si \u00e8 passati ai saluti della Federazione, rappresentata dal presidente del Comitato Regionale Toscano della FCI Luca Menichetti, il quale ha elogiato proprio la famiglia Palandri, con in testa Carlo, per essere riusciti a portare ininterrottamente avanti questo progetto per tutti questi anni portando anche la Toscana nel mondo con trasferte, che sono arrivate fino in Asia. Ospiti d&#8217;eccezione alcuni ex atleti che hanno parlato, come Lorenzo Cataldo, vincitore lo scorso anno del Giro di Serbia e anche in Cina, il giornalista sportivo Matteo Conforti vincitore qualche anno fa del Memorial Tortoli con il Gragnano, Lorenzo Boschi e Alessio Ninci, oltre all&#8217;ex professionista Massimiliano Mori. Per il Comune \u00e8 intervenuto l&#8217;assessore allo sport di Capannori Gaetano Ceccarelli, che ha dato la vicinanza a questa societ\u00e0 del territorio che porta avanti i valori dello sport e del ciclismo nello specifico; a chiudere gli interventi Marino Palandri della ditta Natali Sport Wear e uno dei direttori sportivi Alberto Conti; insieme a lui collaborano Luciana Gradassi, Massimiliano Dinucci e Milco Musetti con i meccanici Angelo Del Carlo e Nello Marchini, che ha presentato la squadra e i primi appuntamenti della stagione.\n            <\/p>\n<p>La formazione 2026 potr\u00e0 contare su un mix di esperienza e giovent\u00f9 interessante, con i riconfermati Cozzani, De Totto, Lucca, Troia e l&#8217;ecuadoriano Jos\u00e8 Andres Alvarez Sarmiento, la voglia di riscatto di Quaranta proveniente dalla MBH Bank Ballan Colpack CSB, il ligure De Fabritiis che proviene dalla Rime Drali per provare a ritrovare il colpo di pedale che lo aveva contraddistinto nella categoria Juniores, e Biondani dalla General Store. I debuttanti in categoria sono diversi, ad incominciare dal campione europeo e del mondo e campione italiano nel quartetto in pista Francesco Matteoli (unico toscano), il ligure Mengarelli che lo scorso anno ha vestito la gloriosa maglia del Team Giorgi aggiudicandosi il GP Giuliano Baronti, Tessari dalla Petrucci Assali che ha ottenuto diversi piazzamenti anche in gare importanti e Viola dalla Piasco, vincitore del GP Della Garfagnana nel Luglio dello scorso anno; insieme a loro un altro esordiente sar\u00e0 il polacco W\u0142odarski\u00a0che viene dal bacino della Aspiratori Otelli; a chiudere il gruppo il giapponese Narumi, per un totale di 14 atleti. Per quanto riguarda i mezzi che useranno gli atleti della Gragnano, per il 19\u00b0 anno le bici saranno le Olmo, con caschi e occhiali della ditta Uvex e le ruote Deda, con abbigliamento curato dalla ditta Natali. L&#8217;esordio stagionale \u00e8 fissato per il 14 Febbraio con il doppio appuntamento tra l&#8217;Autodromo del Mugello con il Trofeo Campioni Mugellani e la storia Coppa San Geo, per poi proseguire con Firenze-Empoli e GP La Torre e poi il Giro Di Sardegna. La Gragnano scalda i motori per i prossimi appuntamenti con la passione che la contraddistingue da ben 33 anni.\n            <\/p>\n<p>Organico 2026:<\/p>\n<p>Staff: Alberto Conti, Luciana Gradassi, Massimiliano Dinucci, Milco Musetti<\/p>\n<p>Meccanici: Angelo Del Sarto, Nello Marchini<\/p>\n<p>Atleti: Piergiorgio Cozzani, Simone Lucca, Andrea De Totto, Ivan Troia, Jos\u00e8 Andres Alvarez Sarmieto, Riccardo Biondani, Samuel Quaranta, Gabriele De Fabritiis, Soh Narumi, Francesco Matteoli, Francesco Mengarelli, Francesco Tessari, Alessandro Viola,\u00a0Marcin W\u0142odarski<\/p>\n<p>Organigramma:<\/p>\n<p>Carlo Palandri (Presidente)<\/p>\n<p>Soci: Antonio Betti, Ascanio Tuccori, Bartolo Di Paola, Claudio Celoni, Luciano Pippi, Marino Palandri<\/p>\n","protected":false},"excerpt":{"rendered":"Nella bellissima location dell&#8217;Hotel Country si \u00e8 tenuta domenica pomeriggio l&#8217;annuale presentazione della Gragnano Sporting Club del presidente&hellip;\n","protected":false},"author":3,"featured_media":336913,"comment_status":"","ping_status":"","sticky":false,"template":"","format":"standard","meta":{"footnotes":"","_share_on_mastodon":"0"},"categories":[1456],"tags":[1824,100631,1825,57148,1537,90,89,196990,245,244],"class_list":["post-336912","post","type-post","status-publish","format-standard","has-post-thumbnail","category-ciclismo","tag-ciclismo","tag-continental","tag-cycling","tag-gragnano","tag-it","tag-italia","tag-italy","tag-presentazione-squadra-2026","tag-sport","tag-sports"],"share_on_mastodon":{"url":"https:\/\/pubeurope.com\/@it\/116009093218787230","error":""},"_links":{"self":[{"href":"https:\/\/www.europesays.com\/it\/wp-json\/wp\/v2\/posts\/336912","targetHints":{"allow":["GET"]}}],"collection":[{"href":"https:\/\/www.europesays.com\/it\/wp-json\/wp\/v2\/posts"}],"about":[{"href":"https:\/\/www.europesays.com\/it\/wp-json\/wp\/v2\/types\/post"}],"author":[{"embeddable":true,"href":"https:\/\/www.europesays.com\/it\/wp-json\/wp\/v2\/users\/3"}],"replies":[{"embeddable":true,"href":"https:\/\/www.europesays.com\/it\/wp-json\/wp\/v2\/comments?post=336912"}],"version-history":[{"count":0,"href":"https:\/\/www.europesays.com\/it\/wp-json\/wp\/v2\/posts\/336912\/revisions"}],"wp:featuredmedia":[{"embeddable":true,"href":"https:\/\/www.europesays.com\/it\/wp-json\/wp\/v2\/media\/336913"}],"wp:attachment":[{"href":"https:\/\/www.europesays.com\/it\/wp-json\/wp\/v2\/media?parent=336912"}],"wp:term":[{"taxonomy":"category","embeddable":true,"href":"https:\/\/www.europesays.com\/it\/wp-json\/wp\/v2\/categories?post=336912"},{"taxonomy":"post_tag","embeddable":true,"href":"https:\/\/www.europesays.com\/it\/wp-json\/wp\/v2\/tags?post=336912"}],"curies":[{"name":"wp","href":"https:\/\/api.w.org\/{rel}","templated":true}]}}