{"id":337052,"date":"2026-02-04T01:02:14","date_gmt":"2026-02-04T01:02:14","guid":{"rendered":"https:\/\/www.europesays.com\/it\/337052\/"},"modified":"2026-02-04T01:02:14","modified_gmt":"2026-02-04T01:02:14","slug":"zaragoza-si-presenta-volevo-la-roma-celik-rinnovo-si-tratta-e-mancini-si-opera","status":"publish","type":"post","link":"https:\/\/www.europesays.com\/it\/337052\/","title":{"rendered":"Zaragoza si presenta: \u201cVolevo la Roma\u201d. Celik-rinnovo, si tratta. E Mancini si opera"},"content":{"rendered":"<p>Digerita, forse neanche troppo, la dura sconfitta contro <strong>l&#8217;Udinese<\/strong>, la <strong>Roma<\/strong> \u00e8 tornata subito in campo sotto<a href=\"https:\/\/www.forzaroma.info\/news\/trigoria\/roma-la-seduta-a-trigoria-primo-allenamento-per-zaragoza\/\" rel=\"nofollow noopener\" target=\"_blank\"> gli ordini di Gasperini.<\/a> Per il tecnico piemontese c&#8217;\u00e8 stata anche una sorpresa: <strong>Zaragoza<\/strong>, ultimo acquisto del mercato, si \u00e8 allenato in gruppo e si \u00e8 messo subito a disposizione. Il giovane talento spagnolo <a href=\"https:\/\/www.forzaroma.info\/news-as-roma\/zaragoza-gia-punge-la-lazio-ci-ho-giocato-contro-qui-ma-la-roma-e-unaltra-cosa\/\" rel=\"nofollow noopener\" target=\"_blank\">si \u00e8 presentato<\/a> anche ai canali ufficiali del club, pungendo anche quelli che saranno i suoi futuri rivali, la <strong>Lazio<\/strong>: &#8220;Grazie a tutti per l\u2019accoglienza. Sono molto contento di essere qui e ho voglia di iniziare. Beh, \u00e8 successo tutto all\u2019improvviso: da un giorno all\u2019altro mi hanno informato che c\u2019era la possibilit\u00e0 di trasferirmi alla Roma e non ci ho pensato un secondo, ho detto che volevo venire alla Roma, a giocare in questa squadra. Voglio ringraziare anche il club, la propriet\u00e0, Massara, Gasperini e tutti quanti&#8221;,\u00a0Chi invece alla Roma c&#8217;\u00e8 gi\u00e0 da un po, \u00e8 <strong>Celik<\/strong>. Il turco ha sul groppone una situazione spinosa legata al rinnovo: l&#8217;ex Lille vuole 4 milioni, ma la <strong>Roma<\/strong> non \u00e8 convinta. Ma oggi sono emerse novit\u00e0: l&#8217;esterno ha dato priorit\u00e0 a prolungare il contratto e attende l&#8217;offerta dei giallorossi. Intanto si iniziano a muovere i primi club per lui: <a href=\"https:\/\/www.forzaroma.info\/calciomercato-as-roma\/roma-celik-da-priorita-al-rinnovo-ma-sul-turco-ce-il-liverpool\/\" rel=\"nofollow noopener\" target=\"_blank\">sondaggio del Liverpool di Slot<\/a>. Mancini, a partire dalla prossima partita, giocher\u00e0 con una <a href=\"https:\/\/www.forzaroma.info\/news-as-roma\/infortuni-as-roma\/roma-mancini-operato-al-naso-indossera-una-mascherina-protettiva\/\" rel=\"nofollow noopener\" target=\"_blank\">maschera protettiva.<\/a> Eroico il difensore giallorosso che ha giocato a Udine con una frattura al naso.<\/p>\n<p class=\"is-copyright\">\u00a9 RIPRODUZIONE RISERVATA<\/p>\n","protected":false},"excerpt":{"rendered":"Digerita, forse neanche troppo, la dura sconfitta contro l&#8217;Udinese, la Roma \u00e8 tornata subito in campo sotto gli&hellip;\n","protected":false},"author":3,"featured_media":337053,"comment_status":"","ping_status":"","sticky":false,"template":"","format":"standard","meta":{"footnotes":"","_share_on_mastodon":"0"},"categories":[176],"tags":[18954,197041,13146,1262,569,5706,57055,554,9849,4053,3882,154343,1230,108958,724,3174,2263,5301,1598,5302,1537,90,89,5188,113,70654,6248,5291,1412,1413,1290,21730,987,197040,245,244,1857,108400,2817,195440,26933,36334,5203,147583],"class_list":["post-337052","post","type-post","status-publish","format-standard","has-post-thumbnail","category-sport","tag-accoglienza","tag-accoglienza-contento","tag-arbitro","tag-arrivo","tag-atalanta","tag-bernasconi","tag-celik","tag-club","tag-davis","tag-difensore","tag-entro","tag-entro-giovedi","tag-episodi","tag-escluse","tag-euro","tag-fallo","tag-fiorentina","tag-gasperini","tag-giovani","tag-giovedi","tag-it","tag-italia","tag-italy","tag-lazio","tag-lista","tag-lista-uefa","tag-mancini","tag-massara","tag-mercato","tag-offerta","tag-partita","tag-rinnovo","tag-roma","tag-roma-celik","tag-sport","tag-sports","tag-squadra","tag-trasferte","tag-udinese","tag-udinese-roma","tag-uefa","tag-venturino","tag-volevo","tag-zaragoza"],"share_on_mastodon":{"url":"","error":"Validation failed: Text character limit of 500 exceeded"},"_links":{"self":[{"href":"https:\/\/www.europesays.com\/it\/wp-json\/wp\/v2\/posts\/337052","targetHints":{"allow":["GET"]}}],"collection":[{"href":"https:\/\/www.europesays.com\/it\/wp-json\/wp\/v2\/posts"}],"about":[{"href":"https:\/\/www.europesays.com\/it\/wp-json\/wp\/v2\/types\/post"}],"author":[{"embeddable":true,"href":"https:\/\/www.europesays.com\/it\/wp-json\/wp\/v2\/users\/3"}],"replies":[{"embeddable":true,"href":"https:\/\/www.europesays.com\/it\/wp-json\/wp\/v2\/comments?post=337052"}],"version-history":[{"count":0,"href":"https:\/\/www.europesays.com\/it\/wp-json\/wp\/v2\/posts\/337052\/revisions"}],"wp:featuredmedia":[{"embeddable":true,"href":"https:\/\/www.europesays.com\/it\/wp-json\/wp\/v2\/media\/337053"}],"wp:attachment":[{"href":"https:\/\/www.europesays.com\/it\/wp-json\/wp\/v2\/media?parent=337052"}],"wp:term":[{"taxonomy":"category","embeddable":true,"href":"https:\/\/www.europesays.com\/it\/wp-json\/wp\/v2\/categories?post=337052"},{"taxonomy":"post_tag","embeddable":true,"href":"https:\/\/www.europesays.com\/it\/wp-json\/wp\/v2\/tags?post=337052"}],"curies":[{"name":"wp","href":"https:\/\/api.w.org\/{rel}","templated":true}]}}