{"id":337140,"date":"2026-02-04T02:30:12","date_gmt":"2026-02-04T02:30:12","guid":{"rendered":"https:\/\/www.europesays.com\/it\/337140\/"},"modified":"2026-02-04T02:30:12","modified_gmt":"2026-02-04T02:30:12","slug":"incidente-a7-milano-genova-camion-in-avaria-e-10-chilometri-di-coda-traffico-bloccato","status":"publish","type":"post","link":"https:\/\/www.europesays.com\/it\/337140\/","title":{"rendered":"Incidente A7 Milano-Genova, camion in avaria e 10 chilometri di coda: traffico bloccato"},"content":{"rendered":"<p>Un camion in avaria e dieci chilometri di coda per Milano a causa di un <a href=\"https:\/\/www.milanotoday.it\/tag\/incidenti-stradali\/\" rel=\"nofollow noopener\" target=\"_blank\">incidente stradale<\/a>. Disagi per gli automobilisti che nel tardo pomeriggio di marted\u00ec 3 febbraio si sono ritrovati nel traffico, sulla <a href=\"https:\/\/www.milanotoday.it\/tag\/a7\/\" rel=\"nofollow noopener\" target=\"_blank\">A7 Milano-Genova<\/a>, diretti nel capoluogo lombardo.<\/p>\n<p>Camion in avaria e 10 km di coda sull&#8217;A7<\/p>\n<p>L&#8217;incidente \u00e8 avvenuto tra Genova Bolzaneto e Isola del Cantone e a causare il blocco della viabilit\u00e0, secondo quanto reso noto da Autostrade per l&#8217;Italia, \u00e8 stato un camion in avaria poi rimosso. Agli automobilisti \u00e8 consigliato di uscire a Ronco Scrivia. L&#8217;incidente \u00e8 avvenuto all&#8217;altezza del chilometro 104.8, in direzione di Milano.<\/p>\n","protected":false},"excerpt":{"rendered":"Un camion in avaria e dieci chilometri di coda per Milano a causa di un incidente stradale. Disagi&hellip;\n","protected":false},"author":3,"featured_media":337141,"comment_status":"","ping_status":"","sticky":false,"template":"","format":"standard","meta":{"footnotes":"","_share_on_mastodon":"0"},"categories":[6],"tags":[19503,14,8,8843,1537,90,89,7,15,82,9,83,10,13,11,80,84,12,81,85],"class_list":["post-337140","post","type-post","status-publish","format-standard","has-post-thumbnail","category-ultime-notizie","tag-a7","tag-cronaca","tag-headlines","tag-incidenti-stradali","tag-it","tag-italia","tag-italy","tag-news","tag-notizie","tag-notizie-di-cronaca","tag-notizie-principali","tag-notiziedicronaca","tag-notizieprincipali","tag-titoli","tag-ultime-notizie","tag-ultime-notizie-di-cronaca","tag-ultime-notizie-e-news-di-oggi","tag-ultimenotizie","tag-ultimenotiziedicronaca","tag-ultimenotizieenewsdioggi"],"share_on_mastodon":{"url":"https:\/\/pubeurope.com\/@it\/116010013297919050","error":""},"_links":{"self":[{"href":"https:\/\/www.europesays.com\/it\/wp-json\/wp\/v2\/posts\/337140","targetHints":{"allow":["GET"]}}],"collection":[{"href":"https:\/\/www.europesays.com\/it\/wp-json\/wp\/v2\/posts"}],"about":[{"href":"https:\/\/www.europesays.com\/it\/wp-json\/wp\/v2\/types\/post"}],"author":[{"embeddable":true,"href":"https:\/\/www.europesays.com\/it\/wp-json\/wp\/v2\/users\/3"}],"replies":[{"embeddable":true,"href":"https:\/\/www.europesays.com\/it\/wp-json\/wp\/v2\/comments?post=337140"}],"version-history":[{"count":0,"href":"https:\/\/www.europesays.com\/it\/wp-json\/wp\/v2\/posts\/337140\/revisions"}],"wp:featuredmedia":[{"embeddable":true,"href":"https:\/\/www.europesays.com\/it\/wp-json\/wp\/v2\/media\/337141"}],"wp:attachment":[{"href":"https:\/\/www.europesays.com\/it\/wp-json\/wp\/v2\/media?parent=337140"}],"wp:term":[{"taxonomy":"category","embeddable":true,"href":"https:\/\/www.europesays.com\/it\/wp-json\/wp\/v2\/categories?post=337140"},{"taxonomy":"post_tag","embeddable":true,"href":"https:\/\/www.europesays.com\/it\/wp-json\/wp\/v2\/tags?post=337140"}],"curies":[{"name":"wp","href":"https:\/\/api.w.org\/{rel}","templated":true}]}}