{"id":337568,"date":"2026-02-04T10:07:08","date_gmt":"2026-02-04T10:07:08","guid":{"rendered":"https:\/\/www.europesays.com\/it\/337568\/"},"modified":"2026-02-04T10:07:08","modified_gmt":"2026-02-04T10:07:08","slug":"i-prototipi-della-jaguar-gt-affrontano-gli-ultimi-test-invernali","status":"publish","type":"post","link":"https:\/\/www.europesays.com\/it\/337568\/","title":{"rendered":"I prototipi della Jaguar GT affrontano gli ultimi test invernali"},"content":{"rendered":"<p>Le distese gelate di Arjeplog, in Svezia, sono diventate il teatro dell\u2019ultimo e pi\u00f9 rigoroso banco di prova per la nuova <strong>Jaguar GT elettrica <\/strong>a quattro porte, ormai prossima al suo debutto mondiale previsto per l\u2019estate. In un ambiente dove le temperature precipitano fino a \u201340 \u00b0C, i prototipi della granturismo britannica stanno affrontando le fasi finali di calibrazione per garantire che la dinamicit\u00e0 e il comfort tipici del marchio rimangano intatti anche nelle condizioni climatiche pi\u00f9 estreme del Circolo Polare Artico. Con una potenza che supera i <strong>1.000 CV<\/strong>, questo modello si appresta a diventare la Jaguar stradale pi\u00f9 potente mai realizzata, segnando un vero e proprio salto generazionale per la Casa di Coventry.\n<\/p>\n<p>Un programma di sviluppo senza precedenti<\/p>\n<p>Il percorso che porter\u00e0 la nuova GT alla produzione di serie \u00e8 supportato dal programma di validazione globale pi\u00f9 severo nella storia del brand. Un\u2019armata di <strong>150 prototipi<\/strong> ha gi\u00e0 percorso centinaia di migliaia di chilometri, alternando le autostrade desertiche ai laghi ghiacciati, integrando prove fisiche su strada con avanzate simulazioni virtuali e prove al banco. Questa scala di test non ha eguali per <a href=\"https:\/\/www.virgilio.it\/motori\/auto\/jaguar-produzione-ultima-termica\/310797\/\" rel=\"nofollow noopener\" target=\"_blank\">Jaguar<\/a> ed \u00e8 stata ideata per spingere ogni singolo sistema al limite delle proprie capacit\u00e0 tecniche.<\/p>\n<p>L\u2019obiettivo degli ingegneri, impegnati sui laghi svedesi, \u00e8 perfezionare le modalit\u00e0 di guida per offrire risposte immediate e un comfort rassicurante. La nuova architettura si avvale di una sofisticata suite di tecnologie, tra cui una <strong>propulsione tri-motore <\/strong>a<strong> trazione integrale<\/strong>. Questo sistema \u00e8 supportato dall\u2019<strong>Intelligent Torque Vectoring<\/strong>, capace di distribuire la potenza con una precisione e una rapidit\u00e0 superiori a qualsiasi modello del passato, garantendo una guida coinvolgente e sicura in ogni scenario.<\/p>\n<p>Meccanica raffinata<\/p>\n<p>La dinamica di guida della lussuosa GT non si affida solo alla forza bruta dei motori, ma a una perfetta armonia tra componenti hardware e software. Gli ingegneri stanno finalizzando le calibrazioni dello <strong>sterzo all-wheel<\/strong> e delle <strong>sospensioni pneumatiche dinamiche<\/strong>, che lavorano in sinergia con ammortizzatori attivi a doppia valvola e pneumatici invernali dedicati da 23 pollici. Matt Becker, Jaguar Vehicle Engineering Director, ha sottolineato come l\u2019auto sfrutti un baricentro ribassato e proporzioni uniche per creare un\u2019esperienza di guida senza paragoni, capace di essere confortevole o estremamente prestazionale a seconda del desiderio del conducente.<\/p>\n<p>Un punto di svolta tecnologico \u00e8 rappresentato dal sistema <strong>ThermAssist<\/strong>. Le temperature sotto lo zero dell\u2019Artico sono l\u2019ambiente ideale per validare questa gestione termica di bordo, capace di ridurre il consumo energetico per il riscaldamento fino al 40%. Il sistema \u00e8 in grado di recuperare calore per riscaldare l\u2019abitacolo o il sistema di propulsione anche quando la temperatura esterna scende a \u201310 \u00b0C, ottimizzando cos\u00ec l\u2019autonomia complessiva del veicolo nelle condizioni pi\u00f9 rigide.<\/p>\n<p>Il design e la filosofia costruttiva<\/p>\n<p>Esteticamente, la GT a quattro porte incarner\u00e0 la filosofia di design Exuberant Modernist, gi\u00e0 anticipata dalla concept <a href=\"https:\/\/www.virgilio.it\/motori\/notizie\/licenziato-designer-jaguar\/306976\/\" rel=\"nofollow noopener\" target=\"_blank\">Jaguar Type 00<\/a> presentata alla Miami Art Week. Questo nuovo linguaggio visivo rappresenta un simbolo di cambiamento che intende rispettare il passato del marchio guardando per\u00f2 decisamente avanti. Come dichiarato dal Managing Director Rawdon Glover, l\u2019intenzione \u00e8 offrire un\u2019auto capace di affascinare tanto alla vista quanto alla guida, rimanendo fedele al mantra storico del fondatore: <strong>\u201cA copy of nothing\u201d<\/strong>, letteralmente \u201cuna copia di niente\u201d.<\/p>\n<p>L\u2019attesa per la presentazione ufficiale cresce, mentre la nuova identit\u00e0 della Casa britannica si delinea come impavidamente unica ed emotivamente coinvolgente. Con il completamento dei test invernali, la nuova GT si prepara a inaugurare una nuova era per il marchio.<\/p>\n","protected":false},"excerpt":{"rendered":"Le distese gelate di Arjeplog, in Svezia, sono diventate il teatro dell\u2019ultimo e pi\u00f9 rigoroso banco di prova&hellip;\n","protected":false},"author":3,"featured_media":337569,"comment_status":"","ping_status":"","sticky":false,"template":"","format":"standard","meta":{"footnotes":"","_share_on_mastodon":"0"},"categories":[172],"tags":[178,181,177,1537,90,89,6723],"class_list":["post-337568","post","type-post","status-publish","format-standard","has-post-thumbnail","category-affari","tag-affari","tag-auto-elettriche","tag-business","tag-it","tag-italia","tag-italy","tag-jaguar"],"share_on_mastodon":{"url":"https:\/\/pubeurope.com\/@it\/116011810453703828","error":""},"_links":{"self":[{"href":"https:\/\/www.europesays.com\/it\/wp-json\/wp\/v2\/posts\/337568","targetHints":{"allow":["GET"]}}],"collection":[{"href":"https:\/\/www.europesays.com\/it\/wp-json\/wp\/v2\/posts"}],"about":[{"href":"https:\/\/www.europesays.com\/it\/wp-json\/wp\/v2\/types\/post"}],"author":[{"embeddable":true,"href":"https:\/\/www.europesays.com\/it\/wp-json\/wp\/v2\/users\/3"}],"replies":[{"embeddable":true,"href":"https:\/\/www.europesays.com\/it\/wp-json\/wp\/v2\/comments?post=337568"}],"version-history":[{"count":0,"href":"https:\/\/www.europesays.com\/it\/wp-json\/wp\/v2\/posts\/337568\/revisions"}],"wp:featuredmedia":[{"embeddable":true,"href":"https:\/\/www.europesays.com\/it\/wp-json\/wp\/v2\/media\/337569"}],"wp:attachment":[{"href":"https:\/\/www.europesays.com\/it\/wp-json\/wp\/v2\/media?parent=337568"}],"wp:term":[{"taxonomy":"category","embeddable":true,"href":"https:\/\/www.europesays.com\/it\/wp-json\/wp\/v2\/categories?post=337568"},{"taxonomy":"post_tag","embeddable":true,"href":"https:\/\/www.europesays.com\/it\/wp-json\/wp\/v2\/tags?post=337568"}],"curies":[{"name":"wp","href":"https:\/\/api.w.org\/{rel}","templated":true}]}}