{"id":338460,"date":"2026-02-04T22:27:20","date_gmt":"2026-02-04T22:27:20","guid":{"rendered":"https:\/\/www.europesays.com\/it\/338460\/"},"modified":"2026-02-04T22:27:20","modified_gmt":"2026-02-04T22:27:20","slug":"45-milioni-per-2-km-di-pista-sul-lago-di-annone","status":"publish","type":"post","link":"https:\/\/www.europesays.com\/it\/338460\/","title":{"rendered":"4,5 milioni per 2 km di pista sul lago di Annone"},"content":{"rendered":"<p>Mercoled\u00ec 4 febbraio \u00e8 stato inaugurato a Civate il nuovo tratto di pista ciclopedonale di Isella, un&#8217;opera da 4,5 milioni di euro che fa parte del pacchetto di interventi olimpici sulla statale 36. Due chilometri di percorso panoramico sul lago di Annone che rappresentano un tassello fondamentale della mobilit\u00e0 dolce del territorio lecchese. La sobria cerimonia si \u00e8 svolta a mezzogiorno con il taglio del nastro alla presenza dell&#8217;assessore regionale alle infrastrutture Claudia Maria Terzi, del sindaco di Civate Angelo Isella, del vicepresidente della provincia di Lecco Mattia Micheli, del responsabile Anas Lombardia Matteo Castiglioni e del sindaco di Galbiate Piergiovanni Montanelli, presidente della conferenza dei sindaci del lecchese.<\/p>\n<p>undefined<\/p>\n<p>Un&#8217;opera complessa da 4,5 milioni di euro<\/p>\n<p>Il responsabile della struttura territoriale Lombardia di Anas, Matteo Castiglioni, ha spiegato le complessit\u00e0 tecniche dell&#8217;intervento: &#8220;Parliamo di un&#8217;opera che rimane sul territorio. Anas tradizionalmente non realizza opere di questo tipo, costruiamo ponti e varianti, per\u00f2 grazie alla cooperazione con gli enti locali i nostri progetti integrano opere che favoriscono la mobilit\u00e0 dolce a servizio del cittadino&#8221;.<\/p>\n<p><img decoding=\"async\" src=\"https:\/\/www.europesays.com\/it\/wp-content\/uploads\/2026\/02\/inaugurazione-ciclopedonale-statale-36-isella-4-febbraio-202615-matteo-castiglioni.jpg\" alt=\"inaugurazione ciclopedonale statale 36 isella 4 febbraio 202615 Matteo Castiglioni\" title=\"Matteo Castiglioni BONACINA\/LECCOTODAY\"\/><\/p>\n<p>L&#8217;opera non \u00e8 marginale: &#8220;Vale 4,5 milioni di euro, \u00e8 lunga circa 2 chilometri e ha presentato notevoli complessit\u00e0 tecniche. Sotto il sedime corre la dorsale che serve il gas di tutta Lecco e abbiamo armonizzato l&#8217;attivit\u00e0 dell&#8217;ente gestore con quella dell&#8217;impresa. Serve anche con le scogliere di protezione della strada statale dalle variazioni idrometriche del lago di Annone&#8221;, ha aggiunto Castiglioni, ringraziando la direzione lavori e le imprese Todini e Cerri.<\/p>\n<p>Statale 36, lavori fino a fine 2026<\/p>\n<p>La pista ciclopedonale \u00e8 parte della pi\u00f9 ampia riqualificazione della statale 36 tra Giussano e Civate. &#8220;Il lavoro non finisce qui: la pista \u00e8 parte della riqualificazione della SS36 tra Giussano e Civate. Contiamo di completare <a href=\"https:\/\/www.leccotoday.it\/politica\/statale-36-lavori-fino-2027-.html\" rel=\"nofollow noopener\" target=\"_blank\">i lavori a fine del 2026<\/a> dopo alcuni rallentamenti avuti nel 2025&#8243;, ha annunciato il responsabile Anas.<\/p>\n<p><img decoding=\"async\" src=\"https:\/\/www.europesays.com\/it\/wp-content\/uploads\/2026\/02\/inaugurazione-ciclopedonale-statale-36-isella-4-febbraio-20269.jpg\" alt=\"inaugurazione ciclopedonale statale 36 isella 4 febbraio 20269\" title=\"La nuova ciclopedonale di Isella BONACINA\/LECCOTODAY\"\/><\/p>\n<p>L&#8217;eredit\u00e0 olimpica per Lecco<\/p>\n<p>L&#8217;assessore regionale Claudia Maria Terzi ha rivendicato con forza la scelta di candidare la Lombardia per le Olimpiadi: &#8220;Questa \u00e8 una giornata importante particolare perch\u00e9 inauguriamo un&#8217;altra opera olimpica a Lecco. Questo dovrebbe bastare a chi ha del tutto strumentalmente contestato la scelta di Regione Lombardia di battersi per l&#8217;assegnazione delle Olimpiadi&#8221;. &#8220;Questa \u00e8 l&#8217;eredit\u00e0 delle Olimpiadi: l&#8217;occasione per realizzare quelle opere e dare ai territori quelle risposte che aspettavano da tanto tempo, come si era fatto con Expo nel 2015. L&#8217;idea del presidente Fontana era quella delle Olimpiadi come volano di sviluppo&#8221;, ha spiegato l&#8217;assessore.<\/p>\n<p><img decoding=\"async\" src=\"https:\/\/www.europesays.com\/it\/wp-content\/uploads\/2026\/02\/inaugurazione-ciclopedonale-statale-36-isella-4-febbraio-202614-claudia-maria-terzi.jpg\" alt=\"inaugurazione ciclopedonale statale 36 isella 4 febbraio 202614 Claudia Maria Terzi\" title=\"Claudia Maria Terzi BONACINA\/LECCOTODAY\"\/><\/p>\n<p>Terzi ha poi aggiunto: &#8220;Non tutte le opere saranno terminate per l&#8217;inizio dei Giochi, spesso a causa della burocrazia, ma l&#8217;importante \u00e8 che siano finanziate e arrivino a compimento. In Regione abbiamo fatto delle piste ciclopedonali un mantra perch\u00e9 ce lo chiede il territorio e perch\u00e9 permettono di sviluppare un turismo sostenibile che impatta poco e restituisce molto in termini di crescita economica&#8221;.<\/p>\n<p>\u201cUn momento sacro\u201d<\/p>\n<p>Il sindaco di Civate Angelo Isella ha sottolineato il valore simbolico dell&#8217;inaugurazione: &#8220;Per me \u00e8 sempre un momento sacro quando si inaugura un&#8217;opera pubblica, non voglio essere blasfemo, ma lo ritengo un momento sacro perch\u00e9 per l&#8217;amministratore pubblico \u00e8 il momento culmine di restituzione di un&#8217;opera, in questo caso della pista ciclopedonale, dove si sono investiti i soldi pubblici. Sono soldi dei cittadini, pagati con le tasse e realizzati con sudore della fronte del lavoro dei cittadini&#8221;.<\/p>\n<p><img decoding=\"async\" src=\"https:\/\/www.europesays.com\/it\/wp-content\/uploads\/2026\/02\/inaugurazione-ciclopedonale-statale-36-isella-4-febbraio-202618-angelo-isella.jpg\" alt=\"inaugurazione ciclopedonale statale 36 isella 4 febbraio 202618 Angelo Isella\" title=\"Angelo Isella BONACINA\/LECCOTODAY\"\/><\/p>\n<p>Il primo cittadino ha ringraziato anche &#8220;gli automobilisti che hanno avuto un po&#8217; di pazienza nelle settimane scorse&#8221; durante i lavori. L&#8217;opera si inserisce in una visione pi\u00f9 ampia: &#8220;\u00c8 fortemente voluta e rientra nel pi\u00f9 ampio orizzonte delle opere propedeutiche alle Olimpiadi Milano Cortina, ma si inserisce all&#8217;interno di una visione ancora pi\u00f9 ampia territoriale che \u00e8 quella dell&#8217;anello ciclopedonale del lago di Annone che contiamo nei prossimi anni di andare a completare&#8221;.<\/p>\n<p>La prima provincia con il piano della mobilit\u00e0 dolce<\/p>\n<p>Il vicepresidente della provincia di Lecco Mattia Micheli ha espresso grande soddisfazione: &#8220;\u00c8 un grande lavoro di squadra da parte di tutte le istituzioni del territorio. \u00c8 un&#8217;opera che \u00e8 strategica non solamente per quello che riguarda la sicurezza, ma anche per la vivibilit\u00e0 del nostro territorio&#8221;. Micheli ha poi rivelato un primato importante: &#8220;Come provincia stiamo portando avanti risultati importanti: siamo la prima provincia a cui Regione Lombardia ha approvato il piano della mobilit\u00e0 dolce, che verr\u00e0 portato in adozione nel prossimo mese&#8221;.<\/p>\n<p><img decoding=\"async\" src=\"https:\/\/www.europesays.com\/it\/wp-content\/uploads\/2026\/02\/inaugurazione-ciclopedonale-statale-36-isella-4-febbraio-202616-mattia-micheli.jpg\" alt=\"inaugurazione ciclopedonale statale 36 isella 4 febbraio 202616 Mattia Micheli\" title=\"Mattia Micheli BONACINA\/LECCOTODAY\"\/><\/p>\n<p>Sul ruolo delle Olimpiadi ha aggiunto: &#8220;Benvengano le Olimpiadi, questo evento straordinario sportivo e non solo, perch\u00e9 grazie alle Olimpiadi questa \u00e8 la terza inaugurazione che stiamo facendo negli ultimi 15-20 giorni. Stiamo riuscendo a portare a casa delle importanti risorse per realizzare opere infrastrutturali che altrimenti avrebbero richiesto molto pi\u00f9 tempo&#8221;.<\/p>\n<p>Un tassello per la mobilit\u00e0 dolce territoriale<\/p>\n<p>Il sindaco di Galbiate Piergiovanni Montanelli, presidente della conferenza dei sindaci del lecchese, ha inquadrato l&#8217;opera in una prospettiva pi\u00f9 ampia: &#8220;Si tratta sicuramente di un&#8217;opera strategica. Io qui sono ospite e rappresento anche i sindaci della conferenza del lecchese di cui sono presidente. Galbiate sta a mezza strada tra Civate e l&#8217;Adda, quindi mi auguro che questo percorso che sicuramente verr\u00e0 fruito e apprezzato sia un tassello di una mobilit\u00e0 dolce e ciclopedonale di tutta la provincia&#8221;. Montanelli ha ringraziato &#8220;Regione Lombardia che ha sostenuto questo progetto per questa grande opportunit\u00e0 per il nostro territorio&#8221;.<\/p>\n<p><img decoding=\"async\" src=\"https:\/\/www.europesays.com\/it\/wp-content\/uploads\/2026\/02\/inaugurazione-ciclopedonale-statale-36-isella-4-febbraio-202620-piergiovanni-montanelli.jpg\" alt=\"inaugurazione ciclopedonale statale 36 isella 4 febbraio 202620 Piergiovanni Montanelli\" title=\"Piergiovanni Montanelli BONACINA\/LECCOTODAY\"\/><\/p>\n<p>La visione del lago di Annone<\/p>\n<p>Agostino Maggi, consigliere comunale di Annone in Movimento con delega all&#8217;ambiente e lago, ha espresso l&#8217;auspicio che l&#8217;opera possa essere &#8220;ampliata su tutto il resto del perimetro del lago&#8221;, sottolineando la necessit\u00e0 di completare l&#8217;anello ciclopedonale attorno al lago di Annone che coinvolge i cinque comuni rivieraschi. La nuova pista ciclopedonale di Isella rappresenta quindi non solo un&#8217;eredit\u00e0 olimpica, ma il primo passo concreto verso la realizzazione di un sistema integrato di mobilit\u00e0 dolce che valorizzer\u00e0 l&#8217;intero territorio del lago di Annone e della provincia di Lecco.<\/p>\n<p><img decoding=\"async\" src=\"https:\/\/www.europesays.com\/it\/wp-content\/uploads\/2026\/02\/inaugurazione-ciclopedonale-statale-36-isella-4-febbraio-202621-agostino-maggi-2.jpg\" alt=\"inaugurazione ciclopedonale statale 36 isella 4 febbraio 202621 Agostino Maggi-2\" title=\"I rappresentanti delle istituzioni BONACINA\/LECCOTODAY\"\/><\/p>\n","protected":false},"excerpt":{"rendered":"Mercoled\u00ec 4 febbraio \u00e8 stato inaugurato a Civate il nuovo tratto di pista ciclopedonale di Isella, un&#8217;opera da&hellip;\n","protected":false},"author":3,"featured_media":338461,"comment_status":"","ping_status":"","sticky":false,"template":"","format":"standard","meta":{"footnotes":"","_share_on_mastodon":"0"},"categories":[6],"tags":[430,14,8,1537,90,89,7,15,82,9,83,10,20749,59482,87364,13,11,80,84,12,81,85],"class_list":["post-338460","post","type-post","status-publish","format-standard","has-post-thumbnail","category-ultime-notizie","tag-anas","tag-cronaca","tag-headlines","tag-it","tag-italia","tag-italy","tag-news","tag-notizie","tag-notizie-di-cronaca","tag-notizie-principali","tag-notiziedicronaca","tag-notizieprincipali","tag-regione-lombardia","tag-ss36","tag-strada-statale-36","tag-titoli","tag-ultime-notizie","tag-ultime-notizie-di-cronaca","tag-ultime-notizie-e-news-di-oggi","tag-ultimenotizie","tag-ultimenotiziedicronaca","tag-ultimenotizieenewsdioggi"],"share_on_mastodon":{"url":"https:\/\/pubeurope.com\/@it\/116014720278872514","error":""},"_links":{"self":[{"href":"https:\/\/www.europesays.com\/it\/wp-json\/wp\/v2\/posts\/338460","targetHints":{"allow":["GET"]}}],"collection":[{"href":"https:\/\/www.europesays.com\/it\/wp-json\/wp\/v2\/posts"}],"about":[{"href":"https:\/\/www.europesays.com\/it\/wp-json\/wp\/v2\/types\/post"}],"author":[{"embeddable":true,"href":"https:\/\/www.europesays.com\/it\/wp-json\/wp\/v2\/users\/3"}],"replies":[{"embeddable":true,"href":"https:\/\/www.europesays.com\/it\/wp-json\/wp\/v2\/comments?post=338460"}],"version-history":[{"count":0,"href":"https:\/\/www.europesays.com\/it\/wp-json\/wp\/v2\/posts\/338460\/revisions"}],"wp:featuredmedia":[{"embeddable":true,"href":"https:\/\/www.europesays.com\/it\/wp-json\/wp\/v2\/media\/338461"}],"wp:attachment":[{"href":"https:\/\/www.europesays.com\/it\/wp-json\/wp\/v2\/media?parent=338460"}],"wp:term":[{"taxonomy":"category","embeddable":true,"href":"https:\/\/www.europesays.com\/it\/wp-json\/wp\/v2\/categories?post=338460"},{"taxonomy":"post_tag","embeddable":true,"href":"https:\/\/www.europesays.com\/it\/wp-json\/wp\/v2\/tags?post=338460"}],"curies":[{"name":"wp","href":"https:\/\/api.w.org\/{rel}","templated":true}]}}