{"id":338589,"date":"2026-02-05T00:35:10","date_gmt":"2026-02-05T00:35:10","guid":{"rendered":"https:\/\/www.europesays.com\/it\/338589\/"},"modified":"2026-02-05T00:35:10","modified_gmt":"2026-02-05T00:35:10","slug":"inter-chivu-la-societa-ha-provato-ad-accontentarmi-ma-il-mercato-e-sempre-bardo-calciomercato","status":"publish","type":"post","link":"https:\/\/www.europesays.com\/it\/338589\/","title":{"rendered":"Inter, Chivu: &quot;La societ\u00e0 ha provato ad accontentarmi, ma il mercato \u00e8 sempre ba***rdo&quot; &#8211; Calciomercato"},"content":{"rendered":"<ol>\n<li><a href=\"https:\/\/news.google.com\/rss\/articles\/CBMi0gFBVV95cUxQbkN4LTJJMjRJejFhQjJ2NkxKNEJybVlVUUFRSzFuUVRMNUdJZXFrUGd5X1ZIOUhDUExNbFpmcXhKR1AtODhMS3VTRmJZOVdOMHhZbDNtWjlOSVNuMTVGWjhhTUxvOWd1M0xQNi01ek9jOE9pb1M0Q2FpN3RnMHV6TzV5VDMzTm4yWkQtRVVMU0U1bGR3b2xvMVg4OTBWNUxtbkswUFotYVlSU1BkaXRtYUtERWxOLXRFNUttVzdXUG01RUY5Z3BCbk1MMWhYVDZuWHc?oc=5\" target=\"_blank\" rel=\"nofollow noopener\">Inter, Chivu: &#8220;La societ\u00e0 ha provato ad accontentarmi, ma il mercato \u00e8 sempre ba***rdo&#8221;<\/a>&nbsp;&nbsp;Calciomercato<\/li>\n<li><a href=\"https:\/\/news.google.com\/rss\/articles\/CBMi3AFBVV95cUxNWnB2TVRxMHhaNm5qckFibFJnaTZIc0E5aUE1M2h0YTR1SkhGYmNmRC1ISF9LN1A0LWRwbEhVN3NsQk1BUVRYakRxUHctTWJJekxlLVJsV2ktYWFlQUdHNDVGc1duWnBqVUUydWhNeXpqa3lyZW9LWmozNUhvSTBaSkF6c0Vaalh1bGs5OE5uNmZHSWx0WEk2akxGSzdReEZxdHJvSzNsTzBsdFpJemNOTXVXdmg3R0Fvd1lpRGlHN2FSejB3SlBic1pXVEI0UHF4ZGJ4VWw2cllSN2F50gHiAUFVX3lxTFB6eVdFS0xwYmtCbnU3RzNzd1JGOWZVdXlrOC1MVFpZQmpBRU9BWG1BNVZMc1cxcjBiNEpndzBDcG5OTTBKQUx3V21hTmt1LW9zQ3BmcERkWktXVHZWaFYzZ2JRWmtqdUFPZ2h1NlVrS0x4NVoxejQ2WjFjVE1EdWc2T2R6UndMSFdfNXpER2NWa1UzSFRQc1RKZWVreHRrUmxFVmtEazItZkkyMm54elk5YWZKV0lDT2tTblpmWjczTGM4XzhtZE5TQVZ6OWp5WnlWY0RQdi1DT0NJaWxFNHVscmc?oc=5\" target=\"_blank\" rel=\"nofollow noopener\">Chivu: &#8220;Il mercato \u00e8 bastardo, non \u00e8 arrivato chi avevo chiesto. Ma andiamo avanti&#8221;<\/a>&nbsp;&nbsp;La Gazzetta dello Sport<\/li>\n<li><a href=\"https:\/\/news.google.com\/rss\/articles\/CBMigAJBVV95cUxNVlh5Z3RJLTRSTXpibFJyWmZGNm5iaWdOMDJpVlBGOFpqb3hkekVXR1dlNFVvZHFFdnhIWFVsSDRyQV8zYUUzSmNkLTFuS2xCZ2V4cmJoQ2p5NFdvd2gzZmt0REtrNTZqYmJxdFE0UEVlTkEtM2R4N1RtNmtWQ0o1QTlDUHhhZVc4YlQ3OVY4bFdoUFFQYzIwaGpsUHpxVmVMT2NaNTVSUG9wQUdkLUZwb0k0T3d2SVFvUkNueXJhajBabFRia1hGR3U3ZUVsRXdJMjZVb2twV3l2bmRydG1yWDJTWDh5b3VXWUJCS2hqM3IwWnBkVEpwZXZHTTh4Szhz0gGGAkFVX3lxTFBDenJHaFRITGl4MktzXzAzU01sY2MtSTd0RGJrNGRCYVlZLUhqU1lDc3FBYzFwNGxWdFV0RDR0V0NESmtUdVdzTWFHQWZoVzZjUUdqc2EzcHdzRkpkbDR0enpkYXgzeEtwczlZZksyanpNMGVTRWNaOGl3aGwtOWZTb0dQRUpjMm5lYzM4Y3lSWXpZUW1xd0M1QkdiUXhZVngtbWlmajJEQ1NTQ3I2aGQzU2g0SG9JVVVZM2pPMHdFVEZEVGM2a3Z2N2djQTdvRWs0bWRQTXpBMVItM2RhUEM5OXdkWVZZRzJhRWVqWFpLTTVmVWd1djlSYTJ2M3dHY2xxdF9oSGc?oc=5\" target=\"_blank\" rel=\"nofollow noopener\">Chivu: &#8220;Non do voti, non faccio il Fantacalcio! Barella e Calha? Rientrano dopo il Sassuolo&#8221;<\/a>&nbsp;&nbsp;Fantacalcio<\/li>\n<li><a href=\"https:\/\/news.google.com\/rss\/articles\/CBMi8gFBVV95cUxOaUhyS2p3Zi1CWHVPOE5fdDEwUlNqSTdIUjc0VlBSVG9hV0E0MHprMXBWTEhkU0xmM3VUR0RxcTkzT25BMmlhWWE3TVltY01uTkhpYTNBSld1QXJfMktveURyQXJiSW94VzBUeGl0RlFkb1RWODlweTd5N1ZQemcyd0h1ay1JWE5OOUxxWGlKX2JTRXlvTHNEdDhQbjNmY1Q2TzZkQjlxQi1oYUVwVDNkYWY2cXVTTGZQSklSMUNtYk42Slk2U0dXRERKemdfUnV2bkYzREVkRFNCaDJocUZCTm05S290TGxEdGJRTXF1R2t2UdIB9AFBVV95cUxNVmZJSTl0TlQtYUlYMFVmRVFWZjM1S0NpNTZpRWRKNzAxX0h1RjZVeUVWOHR5N1hsQ3hlRmp0V0FFSW9sY1FMNnA2dDFqc3E3NWpodEtPZnJkdWJsMnV2VldqampzbjVxRnQ4VENoZHQzSGxvaVhEZk9CanZnMVNaV0NVVWFVZ3MtZFZqMU9BbzJZQzNIRVhQQmt4N1BCeG5GdVctc094TE4yaEpGUnJWbHNzdFNYRm42RjFCUTN4a0E4aGhWWS1JdE5nNmd0TzlTLUlOYklBNndJdG5IaEhUWng3UVJBSi16RTJ6NmM1RlR1Rmxx?oc=5\" target=\"_blank\" rel=\"nofollow noopener\">Chivu, il rimpianto oltre la vittoria dell\u2019Inter. &#8220;Mercato bastardo. La societ\u00e0 ha provato a\u2026&#8221;<\/a>&nbsp;&nbsp;Tuttosport<\/li>\n<li><a href=\"https:\/\/news.google.com\/rss\/articles\/CBMi_gFBVV95cUxOQlRWOEgwcDZNUlFlMnJndl9XdUxNZGR0Tk5vOWVHOElIWndwYjdKR1dqQWN1WWMwMDQ2OXloYV9DSUhjZEQzempiWlpKb3ZlMlRvZERyRWNlelJJcHA4cFA1LWw4aEVDOXZITmFpUHpLVS0zSS1Tc3gydzg1VjMyZTY2c1poaHNlZUxMdFJMUWVlSTZwcE9XczQwdG9pZnZ4ZGdxZGFBOVF3OW44WGlRc2Q0bEx6R0Y2YzZuandSbEc1TUhiaWhKMXhHWW5fMERLWGg5aEtMV2lzTmVNSU1MRC1oTlViQXVLZlh1WWNGSVM1UVlFMHkyNGlkbFBEd9IBgwJBVV95cUxPNXphMTBXdzNFLTl1eENwb1FNNzFwM204Qmk3WFhDTk45NzJnaC0zajFNeElvay1WTkQzRXNvVldOYkpVa0pySkFCT1lhdV9nMHRIVFM4NUROM19UMXR6VVdsZlBqdWFzQThnTWR3QmtYbmZyTERiN1RpOFIzaDlFT0hKNjJQRFRRbkVzQUhKQW52dGI0Z0pMS05jZTF4eEZxdEtGNktKRm9rVExEYlNOVEl3LVNaZVFTRFRtUks4TUVfazMxdjQtWi1OUGtveWVHRzh3bDlwT2w4ajRkcHo5LTRjS29hSTYxNFYtdmN4M0E1bHg4c1EzN0tITnFQcTVsT0U4?oc=5\" target=\"_blank\" rel=\"nofollow noopener\">Coppa Italia: Chivu, abbiamo sofferto un po&#8217; nel finale ma siamo contenti<\/a>&nbsp;&nbsp;ANSA<\/li>\n<\/ol>\n","protected":false},"excerpt":{"rendered":"Inter, Chivu: &#8220;La societ\u00e0 ha provato ad accontentarmi, ma il mercato \u00e8 sempre ba***rdo&#8221;&nbsp;&nbsp;Calciomercato Chivu: &#8220;Il mercato \u00e8&hellip;\n","protected":false},"author":3,"featured_media":338590,"comment_status":"","ping_status":"","sticky":false,"template":"","format":"standard","meta":{"footnotes":"","_share_on_mastodon":"0"},"categories":[176],"tags":[5006,350,196782,1537,90,89,245,244,1641],"class_list":["post-338589","post","type-post","status-publish","format-standard","has-post-thumbnail","category-sport","tag-coppa-italia","tag-inter","tag-inter-vs-torino","tag-it","tag-italia","tag-italy","tag-sport","tag-sports","tag-torino"],"share_on_mastodon":{"url":"https:\/\/pubeurope.com\/@it\/116015223462195102","error":""},"_links":{"self":[{"href":"https:\/\/www.europesays.com\/it\/wp-json\/wp\/v2\/posts\/338589","targetHints":{"allow":["GET"]}}],"collection":[{"href":"https:\/\/www.europesays.com\/it\/wp-json\/wp\/v2\/posts"}],"about":[{"href":"https:\/\/www.europesays.com\/it\/wp-json\/wp\/v2\/types\/post"}],"author":[{"embeddable":true,"href":"https:\/\/www.europesays.com\/it\/wp-json\/wp\/v2\/users\/3"}],"replies":[{"embeddable":true,"href":"https:\/\/www.europesays.com\/it\/wp-json\/wp\/v2\/comments?post=338589"}],"version-history":[{"count":0,"href":"https:\/\/www.europesays.com\/it\/wp-json\/wp\/v2\/posts\/338589\/revisions"}],"wp:featuredmedia":[{"embeddable":true,"href":"https:\/\/www.europesays.com\/it\/wp-json\/wp\/v2\/media\/338590"}],"wp:attachment":[{"href":"https:\/\/www.europesays.com\/it\/wp-json\/wp\/v2\/media?parent=338589"}],"wp:term":[{"taxonomy":"category","embeddable":true,"href":"https:\/\/www.europesays.com\/it\/wp-json\/wp\/v2\/categories?post=338589"},{"taxonomy":"post_tag","embeddable":true,"href":"https:\/\/www.europesays.com\/it\/wp-json\/wp\/v2\/tags?post=338589"}],"curies":[{"name":"wp","href":"https:\/\/api.w.org\/{rel}","templated":true}]}}