{"id":339183,"date":"2026-02-05T09:41:12","date_gmt":"2026-02-05T09:41:12","guid":{"rendered":"https:\/\/www.europesays.com\/it\/339183\/"},"modified":"2026-02-05T09:41:12","modified_gmt":"2026-02-05T09:41:12","slug":"terre-rare-il-patto-degli-usa-con-la-ue-e-il-giappone-per-contrastare-lo-strapotere-della-cina","status":"publish","type":"post","link":"https:\/\/www.europesays.com\/it\/339183\/","title":{"rendered":"Terre rare, il patto degli Usa con la Ue e il Giappone per contrastare lo strapotere della Cina"},"content":{"rendered":"<p>    di<br \/>\n    Viviana Mazza, inviata a Washington<\/p>\n<p class=\"summary-art is-line-h-12 is-mr-t-20\">Tajani a Washington: \u00abInvestiremo di pi\u00f9\u00bb. Gli Usa vogliono chiudere un memorandum d\u2019intesa con l\u2019Ue entro 30 giorni<\/p>\n<p class=\"chapter-paragraph\">Washington    L\u2019amministrazione Trump ha lanciato un raro appello al multilateralismo, per ridurre la dipendenza dal monopolio cinese sui minerali critici. E l\u2019Italia si sta posizionando come un attore importante in questa coalizione che \u00e8 una priorit\u00e0 per Trump e la cui urgenza \u00e8 diventata evidente quando lo scorso aprile la Cina ha risposto ai dazi Usa imponendo restrizioni alle esportazioni di minerali critici.<\/p>\n<p>    Riserve strategiche<\/p>\n<p class=\"chapter-paragraph\">Gli Stati Uniti propongono un accordo plurilaterale sui minerali critici basato sulla creazione di un\u2019area di libro scambio, con dazi comuni nei confronti dei Paesi non partecipanti e con un possibile prezzo minimo per i minerali (per evitare il dumping cinese), sviluppando anche il riciclo (tema di grande interesse per l\u2019Italia).<br \/>Trump nei giorni scorsi ha annunciato il Project Vault, iniziativa da 12 miliardi di dollari per creare una riserva strategica di minerali critici. Ma al summit sui minerali critici che ieri ha riunito al dipartimento di Stato i rappresentanti di 55 Paesi, il segretario di Stato Marco Rubio ha detto che \u00abquesta \u00e8 una sfida globale che richiede cooperazione globale\u00bb.\u00a0    &#13;<br \/>\n&#13;<br \/>\n&#13;<br \/>\n&#13;<br \/>\n&#13;<br \/>\n&#13;<br \/>\n&#13;<br \/>\n&#13;<br \/>\n&#13;<br \/>\n&#13;<br \/>\n&#13;<br \/>\n&#13;<br \/>\n&#13;<br \/>\n&#13;<br \/>\n&#13;<br \/>\n&#13;<br \/>\n&#13;<br \/>\n&#13;<br \/>\n&#13;<br \/>\n&#13;<br \/>\n&#13;<br \/>\n&#13;<br \/>\n&#13;<br \/>\n&#13;<br \/>\n&#13;<br \/>\n&#13;<br \/>\n&#13;<br \/>\n&#13;<br \/>\n&#13;<br \/>\n&#13;<br \/>\n&#13;<br \/>\n&#13;<br \/>\n&#13;<br \/>\n&#13;<br \/>\n&#13;<br \/>\n&#13;<br \/>\n&#13;<br \/>\n&#13;<br \/>\n&#13;<br \/>\n&#13;<br \/>\n&#13;<br \/>\n&#13;<br \/>\n&#13;<br \/>\n&#13;<br \/>\n&#13;<br \/>\n&#13;<br \/>\n&#13;<br \/>\n&#13;<br \/>\n&#13;<br \/>\n&#13;<br \/>\n&#13;<br \/>\n&#13;<br \/>\n&#13;\n<\/p>\n<p>    Multilateralismo<\/p>\n<p class=\"chapter-paragraph\">Il vicepresidente J.D Vance, che si presenta come campione della classe operaia Usa, ha detto che gli accordi porteranno impieghi ben pagati in America, ma anche che \u00ababbiamo bisogno che i nostri amici e alleati ne siano parte\u00bb.<br \/>Dopo le tensioni transatlantiche sulla Groenlandia, il governo italiano vede questa come l\u2019occasione per rilanciare l\u2019importanza del multilateralismo. \u00abGli americani in questo caso hanno voluto dare un segnale di grande apertura e voglia di collaborare e noi l\u2019abbiamo colto subito\u00bb, ha detto il ministro degli Esteri italiano Antonio Tajani, unico rappresentante europeo a parlare nella sessione di apertura. \u00abE\u2019 un segnale nella direzione di una volont\u00e0 di cooperazione internazionale, certamente l\u2019incontro di oggi non \u00e8 una operazione isolazionista\u00bb. Sui minerali critici l\u2019Italia punta anche a sviluppare la collaborazione con l\u2019Africa e, insieme alla Germania, ha presentato un testo di indirizzo politico alla Commissione europea che sottolinea l\u2019opportunit\u00e0 di una stretta collaborazione tra Bruxelles e Washington, partner affini (G7+) e altri. Intanto il Parlamento europeo ha annunciato la ripresa dell\u2019esame dell\u2019accordo commerciale con gli Usa dopo il passo indietro di Trump sulla Groenlandia.<\/p>\n<p>    Coordinamento<\/p>\n<p class=\"chapter-paragraph\">L\u2019iniziativa di Trump \u00e8 un rebranding con il nuovo nome Forge Initiative della Mineral Security Partnership di Biden che includeva una ventina di Paesi e alla fine si era aperta ad altre aree, inclusa la Groenlandia. Ora l\u2019obiettivo \u00e8 coprire due terzi delle economie globali. Gli Usa vogliono chiudere un memorandum d\u2019intesa con l\u2019Ue entro 30 giorni sulle catene di approvvigionamento e hanno annunciato una partnership a tre con Ue e Giappone, che includer\u00e0 il coordinamento sui prezzi.<\/p>\n<p><a href=\"https:\/\/www.corriere.it\/app-economia\/?intcmp=DL-app_nd_011024_corriere_ss_conomia\" target=\"_blank\" class=\"bck-app-banner\" rel=\"nofollow noopener\"><img decoding=\"async\" class=\"bck-app-img\" src=\"https:\/\/www.europesays.com\/it\/wp-content\/uploads\/2025\/08\/1756449670_863_app.png\"\/><\/p>\n<p>Nuova app <strong>L&#8217;Economia<\/strong>. News, approfondimenti e l&#8217;assistente virtuale al tuo servizio.<\/p>\n<p>SCARICA L&#8217; APP<\/p>\n<p><img decoding=\"async\" src=\"https:\/\/www.europesays.com\/it\/wp-content\/uploads\/2025\/07\/eco.png\"\/><\/a><\/p>\n<p>Iscriviti alle <a href=\"https:\/\/www.corriere.it\/newsletter\/?theme=4\" rel=\"nofollow noopener\" target=\"_blank\">newsletter de L&#8217;Economia<\/a>. Analisi e commenti sui principali avvenimenti\u00a0economici a cura delle firme del Corriere.<\/p>\n<p class=\"is-last-update\" datetime=\"2026-02-05T07:51:09+01:00\">5 febbraio 2026<\/p>\n<p class=\"is-copyright\">\n            \u00a9 RIPRODUZIONE RISERVATA\n        <\/p>\n","protected":false},"excerpt":{"rendered":"di Viviana Mazza, inviata a Washington Tajani a Washington: \u00abInvestiremo di pi\u00f9\u00bb. Gli Usa vogliono chiudere un memorandum&hellip;\n","protected":false},"author":3,"featured_media":339184,"comment_status":"","ping_status":"","sticky":false,"template":"","format":"standard","meta":{"footnotes":"","_share_on_mastodon":"0"},"categories":[160],"tags":[579,118,915,5682,198039,198040,356,384,2567,1089,5053,39890,198041,14,164,165,3706,3882,3889,5941,4183,42328,6402,5944,198042,90,36963,187138,166,10683,7,15,857,379,997,11,167,12,168,410,3714,161,162,163],"class_list":["post-339183","post","type-post","status-publish","format-standard","has-post-thumbnail","category-mondo","tag-accordo","tag-annunciato","tag-apertura","tag-chiudere","tag-chiudere-memorandum","tag-chiudere-memorandum-intesa","tag-cina","tag-cinese","tag-collaborazione","tag-cooperazione","tag-coordinamento","tag-critici","tag-critici-italia","tag-cronaca","tag-dal-mondo","tag-dalmondo","tag-dazi","tag-entro","tag-europeo","tag-giappone","tag-globale","tag-groenlandia","tag-iniziativa","tag-intesa","tag-intesa-ue","tag-italia","tag-minerali","tag-minerali-critici","tag-mondo","tag-multilateralismo","tag-news","tag-notizie","tag-paesi","tag-trump","tag-ue","tag-ultime-notizie","tag-ultime-notizie-di-mondo","tag-ultimenotizie","tag-ultimenotiziedimondo","tag-usa","tag-washington","tag-world","tag-world-news","tag-worldnews"],"share_on_mastodon":{"url":"","error":"Validation failed: Text character limit of 500 exceeded"},"_links":{"self":[{"href":"https:\/\/www.europesays.com\/it\/wp-json\/wp\/v2\/posts\/339183","targetHints":{"allow":["GET"]}}],"collection":[{"href":"https:\/\/www.europesays.com\/it\/wp-json\/wp\/v2\/posts"}],"about":[{"href":"https:\/\/www.europesays.com\/it\/wp-json\/wp\/v2\/types\/post"}],"author":[{"embeddable":true,"href":"https:\/\/www.europesays.com\/it\/wp-json\/wp\/v2\/users\/3"}],"replies":[{"embeddable":true,"href":"https:\/\/www.europesays.com\/it\/wp-json\/wp\/v2\/comments?post=339183"}],"version-history":[{"count":0,"href":"https:\/\/www.europesays.com\/it\/wp-json\/wp\/v2\/posts\/339183\/revisions"}],"wp:featuredmedia":[{"embeddable":true,"href":"https:\/\/www.europesays.com\/it\/wp-json\/wp\/v2\/media\/339184"}],"wp:attachment":[{"href":"https:\/\/www.europesays.com\/it\/wp-json\/wp\/v2\/media?parent=339183"}],"wp:term":[{"taxonomy":"category","embeddable":true,"href":"https:\/\/www.europesays.com\/it\/wp-json\/wp\/v2\/categories?post=339183"},{"taxonomy":"post_tag","embeddable":true,"href":"https:\/\/www.europesays.com\/it\/wp-json\/wp\/v2\/tags?post=339183"}],"curies":[{"name":"wp","href":"https:\/\/api.w.org\/{rel}","templated":true}]}}