{"id":339274,"date":"2026-02-05T11:13:12","date_gmt":"2026-02-05T11:13:12","guid":{"rendered":"https:\/\/www.europesays.com\/it\/339274\/"},"modified":"2026-02-05T11:13:12","modified_gmt":"2026-02-05T11:13:12","slug":"tenere-la-destra-con-un-margine-di-sicurezza","status":"publish","type":"post","link":"https:\/\/www.europesays.com\/it\/339274\/","title":{"rendered":"Tenere la destra con\u2026 un margine di sicurezza"},"content":{"rendered":"<p>Spettabile Redazione, ho letto il vostro articolo e vorrei aggiungere che sono una ciclista non sportiva (uso la bicicletta come mezzo di trasporto) e non tengo la destra sulla strada (ovviamente in mancanza di pista ciclabile). Il motivo non \u00e8 nessuno di quelli da voi indicato. \u00c8 doveroso premettere che la mia bicicletta \u00e8 provvista di specchietto retrovisore, che mi permette di procedere quasi al centro della carreggiata quando si sta avvicinando qualche veicolo, per poi spostarmi leggermente a destra quando il veicolo \u00e8 in sorpasso. Questo mi permette di mantenere una distanza di sicurezza dal veicolo, che altrimenti non mi sarebbe concessa, perch\u00e9 per gli automobilisti non si \u00e8 mai abbastanza a destra e ti passano troppo vicino, ignari degli effetti che questo comporta: spavento innanzitutto e poi spostamento d\u2019aria.<br \/>Sara Sanviti<\/p>\n<p>Comportamento pi\u00f9 che giusto a nostro avviso e in linea con il Codice della Strada<\/p>\n","protected":false},"excerpt":{"rendered":"Spettabile Redazione, ho letto il vostro articolo e vorrei aggiungere che sono una ciclista non sportiva (uso la&hellip;\n","protected":false},"author":3,"featured_media":339275,"comment_status":"","ping_status":"","sticky":false,"template":"","format":"standard","meta":{"footnotes":"","_share_on_mastodon":"0"},"categories":[1456],"tags":[1824,1825,1537,90,89,58836,13145,245,244],"class_list":["post-339274","post","type-post","status-publish","format-standard","has-post-thumbnail","category-ciclismo","tag-ciclismo","tag-cycling","tag-it","tag-italia","tag-italy","tag-posta-dei-lettori","tag-sorpasso","tag-sport","tag-sports"],"share_on_mastodon":{"url":"https:\/\/pubeurope.com\/@it\/116017732158731623","error":""},"_links":{"self":[{"href":"https:\/\/www.europesays.com\/it\/wp-json\/wp\/v2\/posts\/339274","targetHints":{"allow":["GET"]}}],"collection":[{"href":"https:\/\/www.europesays.com\/it\/wp-json\/wp\/v2\/posts"}],"about":[{"href":"https:\/\/www.europesays.com\/it\/wp-json\/wp\/v2\/types\/post"}],"author":[{"embeddable":true,"href":"https:\/\/www.europesays.com\/it\/wp-json\/wp\/v2\/users\/3"}],"replies":[{"embeddable":true,"href":"https:\/\/www.europesays.com\/it\/wp-json\/wp\/v2\/comments?post=339274"}],"version-history":[{"count":0,"href":"https:\/\/www.europesays.com\/it\/wp-json\/wp\/v2\/posts\/339274\/revisions"}],"wp:featuredmedia":[{"embeddable":true,"href":"https:\/\/www.europesays.com\/it\/wp-json\/wp\/v2\/media\/339275"}],"wp:attachment":[{"href":"https:\/\/www.europesays.com\/it\/wp-json\/wp\/v2\/media?parent=339274"}],"wp:term":[{"taxonomy":"category","embeddable":true,"href":"https:\/\/www.europesays.com\/it\/wp-json\/wp\/v2\/categories?post=339274"},{"taxonomy":"post_tag","embeddable":true,"href":"https:\/\/www.europesays.com\/it\/wp-json\/wp\/v2\/tags?post=339274"}],"curies":[{"name":"wp","href":"https:\/\/api.w.org\/{rel}","templated":true}]}}