{"id":339504,"date":"2026-02-05T14:34:11","date_gmt":"2026-02-05T14:34:11","guid":{"rendered":"https:\/\/www.europesays.com\/it\/339504\/"},"modified":"2026-02-05T14:34:11","modified_gmt":"2026-02-05T14:34:11","slug":"test-sepang-day-3-alex-marquez-precede-bezzecchi-ma-la-ducati-fa-gia-paura","status":"publish","type":"post","link":"https:\/\/www.europesays.com\/it\/339504\/","title":{"rendered":"Test Sepang, Day 3: Alex Marquez precede Bezzecchi, ma la Ducati fa gi\u00e0 paura"},"content":{"rendered":"<p><a href=\"https:\/\/it.motorsport.com\/driver\/alex-marquez\/163635\/\" target=\"_blank\" rel=\"noopener nofollow\">Alex Marquez<\/a> \u00e8 stato il mattatore di una terza ed ultima giornata dei test collettivi di Sepang della MotoGP, che ha delineato una situazione che sembra vedere ancora la Ducati nei panni di grande favorita, ma con la concorrenza che ha provato ad affinare le proprie armi nel corso dell&#8217;inverno.<\/p>\n<p>Il pilota del <a href=\"https:\/\/it.motorsport.com\/team\/gresini-moto2\/2362\/\" target=\"_blank\" rel=\"noopener nofollow\">Gresini Racing<\/a> oggi non ha lasciato neanche le briciole alla concorrenza, facendo segnare il miglior tempo in 1&#8217;56&#8243;402, poco distante dal record assoluto del tracciato malese. Ma soprattutto il vice-campione del mondo ha dimostrato di aver gi\u00e0 instaurato un grande feeling con la sua GP26, perch\u00e9 \u00e8 stato anche quello che ha avuto il ritmo migliore nella simulazione di Sprint, completata con un ritmo di 1&#8217;58&#8243;0.<\/p>\n<p>Fino a pochi minuti dal termine, a riprova del loro grande stato di forma, le Desmosedici GP monopolizzavano addirittura le prime quattro posizioni, ma nel finale ci ha pensato <a href=\"https:\/\/it.motorsport.com\/driver\/marco-bezzecchi\/177443\/\" target=\"_blank\" rel=\"noopener nofollow\">Marco Bezzecchi<\/a> a rompere il dominio Rosso. Il pilota dell&#8217;Aprilia ha sfoderato un time attack molto interessante, scendendo fino a 1&#8217;56&#8243;526 e portandosi a soli 124 millesimi da Alex Marquez. Per quanto riguarda la simulazione, il riminese ha mostrato un passo molto costante, perdendo solo otto decimi tra l&#8217;inizio e la fine, ma il suo ritmo, complice anche una gomma usata, va detto che non era allo stesso livello dei ducatisti.<\/p>\n<p>Come detto, a seguire troviamo poi un poker di Ducati, perch\u00e9 le Rosse hanno occupato cinque delle prime sei posizioni. In terza piazza c&#8217;\u00e8 <a href=\"https:\/\/it.motorsport.com\/driver\/fabio-di-giannantonio\/177448\/\" target=\"_blank\" rel=\"noopener nofollow\">Fabio Di Giannantonio<\/a>, staccato di 383 millesimi, che con la GP26 della Pertamina Enduro VR46 ha preceduto le due moto factory di <a href=\"https:\/\/it.motorsport.com\/driver\/marc-marquez\/159980\/\" target=\"_blank\" rel=\"noopener nofollow\">Marc Marquez<\/a> e Pecco Bagnaia. Il campione del mondo oggi si \u00e8 anche reso protagonista della prima scivolata del suo 2026, di fatto appoggiandosi su un fianco alla curva 1 e rialzandosi senza conseguenze.<\/p>\n<p>\u00a0<\/p>\n<p>Pur avendo incassato mezzo secondo nel time attack, Bagnaia invece \u00e8 stato quello che si \u00e8 avvicinato di pi\u00f9 ad Alex Marquez nella simulazione di Sprint, riuscendo ad essere pi\u00f9 incisivo anche del vicino di box, che ha avuto un ruolino pi\u00f9 costante ma con meno picchi. Il contingente Ducati si completa poi con la GP25 di <a href=\"https:\/\/it.motorsport.com\/driver\/franco-morbidelli\/314760\/\" target=\"_blank\" rel=\"noopener nofollow\">Franco Morbidelli<\/a>, oggi autore di una scivolata senza conseguenze alla curva 14, e primo tra i piloti a non essere scesi sotto all&#8217;1&#8217;57&#8221;.<\/p>\n<p>In settima posizione troviamo poi l&#8217;altra Aprilia, ma con i colori Trackhouse, affidata a <a href=\"https:\/\/it.motorsport.com\/driver\/raul-fernandez\/443087\/\" target=\"_blank\" rel=\"noopener nofollow\">Raul Fernandez<\/a>, che ha preceduto la migliore delle KTM, che oggi ha fatto esordire un nuovo forcellone. Neanche a dirlo, si tratta di quella di <a href=\"https:\/\/it.motorsport.com\/driver\/pedro-acosta\/458181\/\" target=\"_blank\" rel=\"noopener nofollow\">Pedro Acosta<\/a>, accreditato di un 1&#8217;57&#8243;253 che lo tiene a 851 millesimi dalla vetta. Anche lo spagnolo ha provato a fare una simulazione di Sprint, nella quale per\u00f2 ha dato la sensazione di essere pi\u00f9 accostabile al ritmo dell&#8217;Aprilia che a quello delle Ducati. Restando sulle RC16, nella top 10 c&#8217;\u00e8 spazio anche per <a href=\"https:\/\/it.motorsport.com\/driver\/enea-bastianini-2-1445006891\/164612\/\" target=\"_blank\" rel=\"noopener nofollow\">Enea Bastianini<\/a>, che oggi sembra aver fatto un passo avanti proseguendo con le comparative di aerodinamica, ed ha chiuso decimo a soli 37 millesimi da Acosta.<\/p>\n<p>Tra le due moto di Mattighofen c&#8217;\u00e8 la prima delle Honda, con la Casa giapponese che quindi sembra aver fatto un passo indietro rispetto al miglior tempo di ieri. <a href=\"https:\/\/it.motorsport.com\/driver\/joan-mir\/289394\/\" target=\"_blank\" rel=\"noopener nofollow\">Joan Mir<\/a> non \u00e8 riuscito a ripetere lo stesso crono, risultando pi\u00f9 lento di circa quattro decimi con il suo 1&#8217;57&#8243;268. Tuttavia, questo non deve privare la Casa giapponese dell&#8217;ottimismo manifestato nei giorni scorsi. E neppure il problema tecnico patito da <a href=\"https:\/\/it.motorsport.com\/driver\/luca-marini\/314649\/\" target=\"_blank\" rel=\"noopener nofollow\">Luca Marini<\/a> nel corso della mattinata. Il marchigiano \u00e8 stato costretto a parcheggiare a bordo pista, ma poi ha ripreso l&#8217;attivit\u00e0 regolarmente, chiudendo con il 16\u00b0 tempo in 1&#8217;57&#8243;805. Prestazione che ha realizzato nella sessione pomeridiana.<\/p>\n<p>Leggi anche:<\/p>\n<p>Ha ripreso l&#8217;attivit\u00e0 anche la Yamaha, che ha rimandato in pista le M1 V4 dopo lo stop precauzionale di ieri. A quanto pare, il duro lavoro fatto nella notte tra Italia e Giappone ha portato a scoprire il problema che aveva portato al cedimento di ben due motori nella giornata di marted\u00ec, quindi oggi i piloti hanno potuto girare nuovamente, ad eccezione di <a href=\"https:\/\/it.motorsport.com\/driver\/fabio-quartararo\/164609\/\" target=\"_blank\" rel=\"noopener nofollow\">Fabio Quartararo<\/a>, rientrato in Europa dopo aver rimediato una frattura del dito medio della mano destra nella caduta di due giorni fa. Alla fine la migliore delle M1 \u00e8 stata quella di <a href=\"https:\/\/it.motorsport.com\/driver\/alex-rins\/164598\/\" target=\"_blank\" rel=\"noopener nofollow\">Alex Rins<\/a>, che con l&#8217;1&#8217;57&#8243;580 realizzato in mattinata si \u00e8 piazzato 12\u00b0.<\/p>\n<p>Bisogna scendere invece fino al 18\u00b0 posto per trovare il migliore degli esordienti. Nonostante una giornata di lavoro in meno rispetto a <a href=\"https:\/\/it.motorsport.com\/driver\/diogo-moreira\/945124\/\" target=\"_blank\" rel=\"noopener nofollow\">Diogo Moreira<\/a>, <a href=\"https:\/\/it.motorsport.com\/driver\/toprak-razgatlioglu\/177801\/\" target=\"_blank\" rel=\"noopener nofollow\">Toprak Razgatlioglu<\/a> \u00e8 riuscito proprio nel finale della sessione pomeridiana a saltargli davanti con il 18\u00b0 tempo assoluto in 1&#8217;58&#8243;326. Tra le altre cose, oggi sulla Yamaha del turco sono apparse per la prima volta le appendici aerodinamiche sul codone. Il brasiliano della Honda LCR alla fine \u00e8 stato pi\u00f9 lento di poco pi\u00f9 di un decimo, ma per entrambi c&#8217;\u00e8 ancora tanta strada da fare perch\u00e9 il gap dai migliori resta di circa due secondi.<\/p>\n<p>MotoGP 2026 | Test Sepang: i tempi della terza giornata<\/p>\n<p>Fotogallery MotoGP | La terza giornata dei test collettivi di Sepang<\/p>\n<p>            Vogliamo la vostra opinione!<\/p>\n<p class=\"mt-auto\">Cosa vorresti vedere su Motorsport.com?<\/p>\n<p>            <a href=\"#\" class=\"ms-link text-link font-bold\">Partecipate al nostro sondaggio di 5 minuti.<\/a><\/p>\n<p class=\"mt-1 text-body\">&#8211; Il team di Motorsport.com<\/p>\n","protected":false},"excerpt":{"rendered":"Alex Marquez \u00e8 stato il mattatore di una terza ed ultima giornata dei test collettivi di Sepang della&hellip;\n","protected":false},"author":3,"featured_media":339505,"comment_status":"","ping_status":"","sticky":false,"template":"","format":"standard","meta":{"footnotes":"","_share_on_mastodon":"0"},"categories":[176],"tags":[3677,8479,198201,12234,1537,90,89,198202,3005,1785,196652,106801,245,244,196634],"class_list":["post-339504","post","type-post","status-publish","format-standard","has-post-thumbnail","category-sport","tag-alex-marquez","tag-aprilia-racing-team","tag-day-3-alex-marquez-precede-bezzecchi","tag-gresini-racing","tag-it","tag-italia","tag-italy","tag-ma-la-ducati-fa-giu00e0-paura","tag-marco-bezzecchi","tag-motogp","tag-motogp-test-sepang","tag-sepang-international-circuit","tag-sport","tag-sports","tag-test-a-sepang"],"share_on_mastodon":{"url":"https:\/\/pubeurope.com\/@it\/116018522727018402","error":""},"_links":{"self":[{"href":"https:\/\/www.europesays.com\/it\/wp-json\/wp\/v2\/posts\/339504","targetHints":{"allow":["GET"]}}],"collection":[{"href":"https:\/\/www.europesays.com\/it\/wp-json\/wp\/v2\/posts"}],"about":[{"href":"https:\/\/www.europesays.com\/it\/wp-json\/wp\/v2\/types\/post"}],"author":[{"embeddable":true,"href":"https:\/\/www.europesays.com\/it\/wp-json\/wp\/v2\/users\/3"}],"replies":[{"embeddable":true,"href":"https:\/\/www.europesays.com\/it\/wp-json\/wp\/v2\/comments?post=339504"}],"version-history":[{"count":0,"href":"https:\/\/www.europesays.com\/it\/wp-json\/wp\/v2\/posts\/339504\/revisions"}],"wp:featuredmedia":[{"embeddable":true,"href":"https:\/\/www.europesays.com\/it\/wp-json\/wp\/v2\/media\/339505"}],"wp:attachment":[{"href":"https:\/\/www.europesays.com\/it\/wp-json\/wp\/v2\/media?parent=339504"}],"wp:term":[{"taxonomy":"category","embeddable":true,"href":"https:\/\/www.europesays.com\/it\/wp-json\/wp\/v2\/categories?post=339504"},{"taxonomy":"post_tag","embeddable":true,"href":"https:\/\/www.europesays.com\/it\/wp-json\/wp\/v2\/tags?post=339504"}],"curies":[{"name":"wp","href":"https:\/\/api.w.org\/{rel}","templated":true}]}}