{"id":340219,"date":"2026-02-06T01:27:09","date_gmt":"2026-02-06T01:27:09","guid":{"rendered":"https:\/\/www.europesays.com\/it\/340219\/"},"modified":"2026-02-06T01:27:09","modified_gmt":"2026-02-06T01:27:09","slug":"il-papa-senza-pregiudizi-e-con-il-cuore-disarmato-cresciamo-nella-carita-e-nellunita","status":"publish","type":"post","link":"https:\/\/www.europesays.com\/it\/340219\/","title":{"rendered":"Il Papa: senza pregiudizi e con il cuore disarmato, cresciamo nella carit\u00e0 e nell&#8217;unit\u00e0"},"content":{"rendered":"<p>Leone XIV riceve i partecipanti ad un&#8217;iniziativa del Dicastero per la Promozione dell&#8217;Unit\u00e0 dei Cristiani destinata ai giovani sacerdoti e monaci delle Chiese ortodosse orientali e sottolinea che le differenze storiche e culturali nelle Chiese \u201crappresentano un meraviglioso mosaico\u201d della \u201ccomune eredit\u00e0 cristiana\u201d, auspica che tutti possano crescere nella \u201cfede condivisa in Cristo\u201d. L\u2019unit\u00e0 dei cristiani pu\u00f2 essere \u201clievito di pace sulla terra e di riconciliazione per tutti\u201d<\/p>\n<p><b>Tiziana Campisi \u2013 Citt\u00e0 del Vaticano<\/b><\/p>\n<p>L\u2019incontro stamani, 5 febbraio, con sacerdoti e monaci delle Chiese ortodosse orientali in visita di studio a Roma e in Vaticano \u00e8 lo spunto, per Leone XIV per ribadire \u201cl&#8217;importanza di essere uniti nella fede\u201d, come sottolinea San Paolo nella Lettera agli Efesini. Proprio l&#8217;unit\u00e0 dei cristiani, per il Pontefice, pu\u00f2 essere &#8220;fermento per la pace&#8221;, ma per raggiungerla occorre che ciascuno elimini i propri pregiudizi, che i cristiani lavorino insieme e rafforzino i loro legami in Cristo.<\/p>\n<p><a href=\"https:\/\/www.vatican.va\/content\/leo-xiv\/en\/speeches\/2026\/february\/documents\/20260205-chiese-ortodosse-orientali.html\" target=\"_blank\" rel=\"external nofollow noopener\">LEGGI QUI IL TESTO INTEGRALE DEL DISCORSO DI PAPA LEONE XIV<\/a><\/p>\n<p>    <img decoding=\"async\" src=\"data:image\/gif;base64,R0lGODlhAQABAIAAAAAAAP\/\/\/yH5BAEAAAAALAAAAAABAAEAAAIBRAA7\" data-original=\"https:\/\/www.vaticannews.va\/content\/dam\/vaticannews\/agenzie\/images\/srv\/2026\/02\/05\/2026-02-05-sacerdoti-e-monaci-delle-chiese-ortodosse-orientali\/1770292271862.JPG\/_jcr_content\/renditions\/cq5dam.thumbnail.cropped.750.422.jpeg\" alt=\"Il Papa con sacerdoti e monaci delle Chiese ortodosse orientali \" title=\"Il Papa con sacerdoti e monaci delle Chiese ortodosse orientali \"\/><\/p>\n<p>\n   Il Papa con sacerdoti e monaci delle Chiese ortodosse orientali \u00a0 (@Vatican Media)\n  <\/p>\n<p>L&#8217;iniziativa\u00a0del Dicastero per la Promozione dell&#8217;Unit\u00e0 dei Cristiani <\/p>\n<p>Nella Sala del Concistoro del Palazzo Apostolico il Papa arriva un po&#8217; pi\u00f9 tardi dell&#8217;orario previsto per l&#8217;udienza. &#8220;Mi scuso per avervi fatto aspettare&#8221; dice, e scherza: &#8220;Qualcuno mi ha detto stamattina, in uno dei tanti incontri, che Papa Francesco aveva detto a un certo punto: &#8216;Sono il vicario di Cristo sulla Terra e il potere che ho sui miei impegni \u00e8 zero&#8217;. Questo \u00e8 parte di ci\u00f2 che ho ricevuto per la successione all&#8217;ufficio di Pietro, quindi grazie per la vostra presenza stamattina e per essere qui&#8221;.<\/p>\n<p>Poi accoglie copti, etiopi, eritrei, malankaresi e siriaci con le parole di San Pietro indirizzate ai cristiani \u201cnel Ponto, nella Galazia, nella Cappadocia, nell\u2019Asia e nella Bitinia\u201d: \u201cPace a tutti voi che siete in Cristo\u201d. Rivolge, inoltre, \u201cun saluto fraterno all&#8217;arcivescovo Khajag Barsamian e al metropolita Barnaba El-Soryani\u201d che accompagnano i giovani ed esprime la sua gratitudine ai capi delle Chiese ortodosse orientali che hanno aderito all\u2019iniziativa organizzata dal Dicastero per la Promozione dell&#8217;Unit\u00e0 dei Cristiani.\u00a0\u00c8 stata pensata per offrire \u201cl&#8217;opportunit\u00e0 di imparare di pi\u00f9 sulla Chiesa Cattolica, in particolare sulla Curia Romana e le istituzioni educative romane\u201d, ma per il Pontefice \u00e8 stata una benedizione anche per quanti hanno &#8220;incontrato qui&#8221; la delegazione delle Chiese ortodosse orientali, che hanno avuto in questo modo l\u2019opportunit\u00e0 di conoscere meglio tali Chiese.<\/p>\n<p>    <img decoding=\"async\" src=\"data:image\/gif;base64,R0lGODlhAQABAIAAAAAAAP\/\/\/yH5BAEAAAAALAAAAAABAAEAAAIBRAA7\" data-original=\"https:\/\/www.vaticannews.va\/content\/dam\/vaticannews\/agenzie\/images\/srv\/2026\/02\/05\/2026-02-05-sacerdoti-e-monaci-delle-chiese-ortodosse-orientali\/1770292267692.JPG\/_jcr_content\/renditions\/cq5dam.thumbnail.cropped.750.422.jpeg\" alt=\"Un momento dell'udienza\" title=\"Un momento dell'udienza\"\/><\/p>\n<p>\n   Un momento dell&#8217;udienza \u00a0 (@Vatican Media)\n  <\/p>\n<p>Un mosaico della comune eredit\u00e0 cristiana <\/p>\n<p>Nel suo discorso, pronunciato in inglese, Leone ricorda che San Paolo ha viaggiato molto in Israele, Asia Minore, Siria, Arabia e persino in Europa e che \u201cfondando e visitando molte comunit\u00e0 cristiane, si rese conto delle particolarit\u00e0 di ogni Chiesa, ovvero della loro etnicit\u00e0, delle loro usanze, nonch\u00e9 delle loro sfide e preoccupazioni\u201d. Dunque comprese che \u201cpotevano diventare troppo ripiegate su se stesse, concentrandosi sui propri problemi specifici\u201d e per questo nelle sue lettere volle rammentare e sottolineare loro \u201cche facevano parte dell&#8217;unico Corpo Mistico di Cristo\u201d, incoraggiandoli \u201ca sostenersi reciprocamente e a mantenere l&#8217;unit\u00e0 di fede e di insegnamenti\u201d.<\/p>\n<p>Le differenze storiche e culturali nelle nostre Chiese costituiscono uno splendido mosaico della nostra comune eredit\u00e0 cristiana, che \u00e8 una cosa che tutti noi possiamo apprezzare. Al tempo stesso dobbiamo continuare a sostenerci reciprocamente, di modo che possiamo crescere nella nostra fede condivisa in Cristo, che \u00e8 la fonte ultima della nostra pace. Ci\u00f2 esige che impariamo a &#8220;disarmare noi stessi&#8221;.<\/p>\n<p>    <img decoding=\"async\" src=\"data:image\/gif;base64,R0lGODlhAQABAIAAAAAAAP\/\/\/yH5BAEAAAAALAAAAAABAAEAAAIBRAA7\" data-original=\"https:\/\/www.vaticannews.va\/content\/dam\/vaticannews\/agenzie\/images\/srv\/2026\/02\/05\/2026-02-05-sacerdoti-e-monaci-delle-chiese-ortodosse-orientali\/1770292294186.JPG\/_jcr_content\/renditions\/cq5dam.thumbnail.cropped.750.422.jpeg\" alt=\"Alcuni partecipanti all'udienza con il Papa\" title=\"Alcuni partecipanti all'udienza con il Papa\"\/><\/p>\n<p>\n   Alcuni partecipanti all&#8217;udienza con il Papa \u00a0 (@VATICAN MEDIA)\n  <\/p>\n<p>L&#8217;unit\u00e0 dei cristiani lievito di pace <\/p>\n<p>Il Papa ricorre, poi, alle parole del \u201cpatriarca Atenagora, un pioniere del movimento ecumenico\u201d per esortare tutti a non lasciar prevalere il proprio io e a non avere opinioni preconcette. &#8220;Sono disarmato dal voler avere ragione, dal giustificarmi screditando gli altri&#8221;, dal fare &#8220;la guerra pi\u00f9 dura, la guerra contro noi stessi&#8221;, affermava in una preghiera l\u2019arcivescovo ortodosso greco.<\/p>\n<p>Quando eliminiamo i pregiudizi che abbiamo dentro di noi e disarmiamo i nostri cuori, cresciamo in carit\u00e0, collaboriamo pi\u00f9 strettamente e rafforziamo i nostri vincoli di unit\u00e0 in Cristo. In tal modo, l\u2019unit\u00e0 dei cristiani diventa anche un fermento per la pace in terra e la riconciliazione di tutti.<\/p>\n<p>    <img decoding=\"async\" src=\"data:image\/gif;base64,R0lGODlhAQABAIAAAAAAAP\/\/\/yH5BAEAAAAALAAAAAABAAEAAAIBRAA7\" data-original=\"https:\/\/www.vaticannews.va\/content\/dam\/vaticannews\/agenzie\/images\/srv\/2026\/02\/05\/2026-02-05-sacerdoti-e-monaci-delle-chiese-ortodosse-orientali\/1770292277646.JPG\/_jcr_content\/renditions\/cq5dam.thumbnail.cropped.750.422.jpeg\" alt=\"Il Papa mentre riceve un'icona\" title=\"Il Papa mentre riceve un'icona\"\/><\/p>\n<p>\n   Il Papa mentre riceve un&#8217;icona \u00a0 (@Vatican Media)\n  <\/p>\n","protected":false},"excerpt":{"rendered":"Leone XIV riceve i partecipanti ad un&#8217;iniziativa del Dicastero per la Promozione dell&#8217;Unit\u00e0 dei Cristiani destinata ai giovani&hellip;\n","protected":false},"author":3,"featured_media":340220,"comment_status":"","ping_status":"","sticky":false,"template":"","format":"standard","meta":{"footnotes":"","_share_on_mastodon":"0"},"categories":[160],"tags":[819,134028,8789,14,74992,164,165,166,7,15,45987,1358,51082,987,83805,11,167,12,168,1329,161,162,163],"class_list":["post-340219","post","type-post","status-publish","format-standard","has-post-thumbnail","category-mondo","tag-chiesa","tag-chiese-orientali","tag-cristiani","tag-cronaca","tag-curia-romana","tag-dal-mondo","tag-dalmondo","tag-mondo","tag-news","tag-notizie","tag-ordini-religiosi","tag-papa-leone-xiv","tag-religiosi","tag-roma","tag-sacerdoti","tag-ultime-notizie","tag-ultime-notizie-di-mondo","tag-ultimenotizie","tag-ultimenotiziedimondo","tag-vaticano","tag-world","tag-world-news","tag-worldnews"],"share_on_mastodon":{"url":"https:\/\/pubeurope.com\/@it\/116021091164680950","error":""},"_links":{"self":[{"href":"https:\/\/www.europesays.com\/it\/wp-json\/wp\/v2\/posts\/340219","targetHints":{"allow":["GET"]}}],"collection":[{"href":"https:\/\/www.europesays.com\/it\/wp-json\/wp\/v2\/posts"}],"about":[{"href":"https:\/\/www.europesays.com\/it\/wp-json\/wp\/v2\/types\/post"}],"author":[{"embeddable":true,"href":"https:\/\/www.europesays.com\/it\/wp-json\/wp\/v2\/users\/3"}],"replies":[{"embeddable":true,"href":"https:\/\/www.europesays.com\/it\/wp-json\/wp\/v2\/comments?post=340219"}],"version-history":[{"count":0,"href":"https:\/\/www.europesays.com\/it\/wp-json\/wp\/v2\/posts\/340219\/revisions"}],"wp:featuredmedia":[{"embeddable":true,"href":"https:\/\/www.europesays.com\/it\/wp-json\/wp\/v2\/media\/340220"}],"wp:attachment":[{"href":"https:\/\/www.europesays.com\/it\/wp-json\/wp\/v2\/media?parent=340219"}],"wp:term":[{"taxonomy":"category","embeddable":true,"href":"https:\/\/www.europesays.com\/it\/wp-json\/wp\/v2\/categories?post=340219"},{"taxonomy":"post_tag","embeddable":true,"href":"https:\/\/www.europesays.com\/it\/wp-json\/wp\/v2\/tags?post=340219"}],"curies":[{"name":"wp","href":"https:\/\/api.w.org\/{rel}","templated":true}]}}