{"id":340516,"date":"2026-02-06T06:34:16","date_gmt":"2026-02-06T06:34:16","guid":{"rendered":"https:\/\/www.europesays.com\/it\/340516\/"},"modified":"2026-02-06T06:34:16","modified_gmt":"2026-02-06T06:34:16","slug":"mcenroe-scaccia-via-un-fan-troppo-invadente-allaeroporto-ecco-cosa-e-successo","status":"publish","type":"post","link":"https:\/\/www.europesays.com\/it\/340516\/","title":{"rendered":"McEnroe scaccia via un fan troppo invadente all\u2019aeroporto. Ecco cosa \u00e8 successo"},"content":{"rendered":"<p dir=\"ltr\">John McEnroe non ha perso le vecchie abitudini. La leggenda del tennis, famoso oltre che per i suoi colpi a rete anche per le intemperanze da giocatore, \u00e8 stato protagonista di un episodio spiacevole all\u2019aeroporto di Melbourne. Prima di prendere il volo per tornare negli Stati Uniti, SuperMac, che ha vissuto gli <strong>Australian Open<\/strong> da commentatore televisivo, ha perso la calma con un giovane fan che lo inseguiva con insistenza per un selfie e un autografo. In un video, diventato virale, si vede McEnroe muoversi velocemente per recarsi al gate, nonostante l\u2019ammiratore gli chieda una foto dicendo di considerarlo un vero e proprio eroe. Pur di convincerlo, il tifoso si mostra disponibile ad aiutarlo nel trasporto dei borsoni. Niente da fare per\u00f2 con McEnroe visibilmente stizzito: &#8220;Ho bisogno che tu stia lontano da me, ok?&#8221;. Poi la richiesta d&#8217;intervento allo staff della sicurezza: &#8220;Ho bisogno che questo tizio se ne vada e basta.<strong> Per favore, spostatelo<\/strong>&#8220;.<\/p>\n<p dir=\"ltr\">Il fan per\u00f2 \u00e8 pronto a tutto e cercato di implorare il suo idolo in tutti i modi, senza per\u00f2 avere fortuna. L&#8217;effetto \u00e8 stato anzi opposto, con McEnroe infuriato: &#8220;Whoa, whoa, whoa, whoa, me ne vado, il tempo \u00e8 scaduto. Vuoi fermarti? Ges\u00f9. Voglio dire, stai scherzando (utilizzando la frase resa celebre negli scontri in campo con gli ufficiali di gara, ndr)&#8221;. Quando poi il tifoso molla un po&#8217; la presa, di fronte al muro alzato dal suo idolo ecco le parole sussurrate da John per chiudere la vicenda in modo inelegante: &#8220;Vai a farti fottere&#8221;.<\/p>\n<p dir=\"ltr\">E pensare che il suo giovane interlocutore gli aveva dichiarato tutto il suo amore: &#8220;<strong>Ti amo comunque John<\/strong>&#8220;.\n<\/p>\n<p> Le immagini hanno scatenato il dibattito tra chi accusa il tennista di <strong>arroganza e mancanza di rispetto<\/strong> verso i fan e chi lo difende, parlando di diritto alla privacy e di un comportamento che somiglierebbe pi\u00f9 allo stalking che all\u2019entusiasmo innocente. Di sicuro soltanto chi non ricorda le sfuriate di McEnroe in campo pu\u00f2 meravigliarsi di quanto accaduto.<\/p>\n<blockquote class=\"twitter-tweet\" data-media-max-width=\"560\">\n<p dir=\"ltr\" lang=\"en\">John McEnroe was in no mood for photos, as he lashed out at a fan at Melbourne Airport.<\/p>\n<p>Media Mode <a href=\"https:\/\/t.co\/Q1CHCA24Bm\" data-datalayer-click-event-target=\"external\" target=\"_blank\" rel=\"noopener nofollow\">pic.twitter.com\/Q1CHCA24Bm<\/a><\/p>\n<p>\u2014 The First Serve (@TheFirstServeAU) <a href=\"https:\/\/twitter.com\/TheFirstServeAU\/status\/2018262598467391795?ref_src=twsrc%5Etfw\" data-datalayer-click-event-target=\"external\" target=\"_blank\" rel=\"noopener nofollow\">February 2, 2026<\/a><\/p><\/blockquote>\n<p>\t\t<script async src=\"https:\/\/platform.twitter.com\/widgets.js\" charset=\"utf-8\"><\/script><\/p>\n","protected":false},"excerpt":{"rendered":"John McEnroe non ha perso le vecchie abitudini. La leggenda del tennis, famoso oltre che per i suoi&hellip;\n","protected":false},"author":3,"featured_media":340517,"comment_status":"","ping_status":"","sticky":false,"template":"","format":"standard","meta":{"footnotes":"","_share_on_mastodon":"0"},"categories":[1457],"tags":[14843,1537,90,89,35671,76029,245,244,1273,13636],"class_list":["post-340516","post","type-post","status-publish","format-standard","has-post-thumbnail","category-tennis","tag-insulti","tag-it","tag-italia","tag-italy","tag-john-mcenroe","tag-sfuriata","tag-sport","tag-sports","tag-tennis","tag-tifoso"],"share_on_mastodon":{"url":"https:\/\/pubeurope.com\/@it\/116022297410577011","error":""},"_links":{"self":[{"href":"https:\/\/www.europesays.com\/it\/wp-json\/wp\/v2\/posts\/340516","targetHints":{"allow":["GET"]}}],"collection":[{"href":"https:\/\/www.europesays.com\/it\/wp-json\/wp\/v2\/posts"}],"about":[{"href":"https:\/\/www.europesays.com\/it\/wp-json\/wp\/v2\/types\/post"}],"author":[{"embeddable":true,"href":"https:\/\/www.europesays.com\/it\/wp-json\/wp\/v2\/users\/3"}],"replies":[{"embeddable":true,"href":"https:\/\/www.europesays.com\/it\/wp-json\/wp\/v2\/comments?post=340516"}],"version-history":[{"count":0,"href":"https:\/\/www.europesays.com\/it\/wp-json\/wp\/v2\/posts\/340516\/revisions"}],"wp:featuredmedia":[{"embeddable":true,"href":"https:\/\/www.europesays.com\/it\/wp-json\/wp\/v2\/media\/340517"}],"wp:attachment":[{"href":"https:\/\/www.europesays.com\/it\/wp-json\/wp\/v2\/media?parent=340516"}],"wp:term":[{"taxonomy":"category","embeddable":true,"href":"https:\/\/www.europesays.com\/it\/wp-json\/wp\/v2\/categories?post=340516"},{"taxonomy":"post_tag","embeddable":true,"href":"https:\/\/www.europesays.com\/it\/wp-json\/wp\/v2\/tags?post=340516"}],"curies":[{"name":"wp","href":"https:\/\/api.w.org\/{rel}","templated":true}]}}