{"id":340682,"date":"2026-02-06T09:33:08","date_gmt":"2026-02-06T09:33:08","guid":{"rendered":"https:\/\/www.europesays.com\/it\/340682\/"},"modified":"2026-02-06T09:33:08","modified_gmt":"2026-02-06T09:33:08","slug":"jessica-moretti-non-sono-scappata-con-i-soldi-io-e-jacques-ci-alterniamo-alle-audizioni-e-a-casa-con-i-nostri-bimbi-di-cinque-anni-e-dieci-mesi","status":"publish","type":"post","link":"https:\/\/www.europesays.com\/it\/340682\/","title":{"rendered":"Jessica Moretti: \u00abNon sono scappata con i soldi. Io e Jacques ci alterniamo alle audizioni e a casa con i nostri bimbi di cinque anni e dieci mesi\u00bb"},"content":{"rendered":"<p>    di<br \/>\n    Alessandro Fulloni, inviato a Sion<\/p>\n<p class=\"summary-art is-line-h-12\">Lo sfogo della titolare, col marito Jacques, del Constellation. La lettera della coppia ai dipendenti: non scarichiamo colpe su di voi<\/p>\n<p class=\"chapter-paragraph\">\u00abSono state dette tante bugie, troppe&#8230; C\u2019est faux,   falso. Falso. Falso&#8230; Non sono mai scappata. E non scappo nemmeno ora, perch\u00e9 voglio la verit\u00e0\u00bb.<\/p>\n<p class=\"chapter-paragraph\"><b>Le famiglie delle vittime per\u00f2 sono furibonde.<br \/><\/b>\u00abNon posso entrare nei dettagli dell\u2019inchiesta. Ma dico che io la capisco, quella rabbia che provano. Abbiamo accettato di essere il volto <a href=\"https:\/\/www.corriere.it\/cronache\/26_febbraio_03\/i-moretti-oscurate-il-sito-con-le-denunce-sulla-strage-di-crans-no-dei-pm-resti-online-9fe5849f-fed3-4210-8e88-4c5f9eefcxlk.shtml\" rel=\"nofollow noopener\" target=\"_blank\">di quello che \u00e8 accaduto<\/a>,  perch\u00e9 so che ci\u00f2 che sgomenta noi non \u00e8  niente in confronto a ci\u00f2 che stanno  vivendo  loro. Io? Non mi sento in diritto di parlare di me\u00bb.    &#13;<br \/>\n&#13;<br \/>\n&#13;<br \/>\n&#13;<br \/>\n&#13;<br \/>\n&#13;<br \/>\n&#13;<br \/>\n&#13;<br \/>\n&#13;<br \/>\n&#13;<br \/>\n&#13;<br \/>\n&#13;<br \/>\n&#13;<br \/>\n&#13;<br \/>\n&#13;<br \/>\n&#13;<br \/>\n&#13;<br \/>\n&#13;<br \/>\n&#13;<br \/>\n&#13;<br \/>\n&#13;<br \/>\n&#13;<br \/>\n&#13;<br \/>\n&#13;<br \/>\n&#13;<br \/>\n&#13;<br \/>\n&#13;<br \/>\n&#13;<br \/>\n&#13;<br \/>\n&#13;<br \/>\n&#13;<br \/>\n&#13;<br \/>\n&#13;<br \/>\n&#13;<br \/>\n&#13;<br \/>\n&#13;<br \/>\n&#13;<br \/>\n&#13;<br \/>\n&#13;<br \/>\n&#13;<br \/>\n&#13;<br \/>\n&#13;<br \/>\n&#13;<br \/>\n&#13;<br \/>\n&#13;<br \/>\n&#13;<br \/>\n&#13;<br \/>\n&#13;<br \/>\n&#13;<br \/>\n&#13;<br \/>\n&#13;<br \/>\n&#13;<br \/>\n&#13;\n<\/p>\n<p class=\"chapter-paragraph\"><b>Insistiamo: i familiari delle vittime dicono che al Constellation <a href=\"https:\/\/www.corriere.it\/cronache\/26_gennaio_18\/crans-montana-mancate-autopsie-ritardi-perquisizioni-mai-effettuate-tutte-le-falle-nell-indagine-99d28dee-60f5-413b-827b-ba6882e1fxlk.shtml\" rel=\"nofollow noopener\" target=\"_blank\">non vi fosse sicurezza<\/a>, nessuna uscita d\u2019emergenza, la mousse da pochi spiccioli che ha preso subito fuoco.  <\/b><br \/>\u00abLe vittime hanno ogni diritto di dire tutto,    sono vittime\u00bb.<\/p>\n<p class=\"chapter-paragraph\">Le 13 sono passate da poco e <b><a href=\"https:\/\/video.corriere.it\/parla-jessica-moretti-tutto-cio-che-viene-detto-su-crans-montana-e-completamente-falso-ora-viviamo-completamente-isolati\/73a3760c-27e4-46bd-9764-3edd2a6d5xlk\" rel=\"nofollow noopener\" target=\"_blank\">Jessica Moretti<\/a> \u2014  indagata  col marito Jacques per il rogo di Capodanno a  Crans-Montana<\/b>; i reati ipotizzati sono omicidio, lesioni e incendio colposi  \u2014 esce, non vista, dal commissariato di Sion da una porta laterale. Accanto a lei,  i suoi avvocati Ya\u00ebl Hayat e Nicola Meier e il legale del Corso, Patrick Michod. Al sesto piano della caserma si stanno svolgendo l\u2019interrogatorio di <b><a href=\"https:\/\/www.corriere.it\/cronache\/26_gennaio_15\/crans-montana-i-dipendenti-feriti-jacques-pensava-solo-al-denaro-lei-libera-follia-6769ec18-221f-4c02-bb1a-de14c2e34xlk.shtml\" rel=\"nofollow noopener\" target=\"_blank\">Jean-Marc Gabrielli<\/a>, il \u00ab<a href=\"https:\/\/www.corriere.it\/cronache\/26_gennaio_16\/moretti-jean-marc-gabrielli-cyane-crans-montana-170e20c5-b616-46eb-bcd1-251ac1abdxlk.shtml\" rel=\"nofollow noopener\" target=\"_blank\">figlioccio<\/a>\u00bb di Jacques.<\/b>  Il  33enne non \u00e8 indagato,    ma ascoltato come persona informata sui fatti. La sua \u00e8 per\u00f2 una testimonianza-chiave visto che in quella  notte lui era l\u00ec. Bench\u00e9 sotto inchiesta, secondo la legge svizzera la donna ha  il diritto di ascoltare l\u2019audizione \u2014   oltre i pm ci sono trenta parti civili \u2014 e  lei infatti si presenta alle  8 e 30, quando comincia il fuoco di fila delle domande.<\/p>\n<p class=\"chapter-paragraph\">Adesso per\u00f2 \u00e8 l\u2019ora di pranzo. Jessica allunga il passo per raggiungere l\u2019Oasi, un bar lungo avenue de France. Il caso vuole che dentro ci siano dei cronisti italiani.    Hayat,  Meier e Michod si scambiano un cenno d\u2019intesa. \u00abMa s\u00ec, potete farle qualche domanda\u00bb.<\/p>\n<p class=\"chapter-paragraph\"><b>Signora Moretti,   lei sta seguendo tutti gli interrogatori&#8230; <br \/><\/b>\u00abCon mio marito, non vogliamo sottrarci   alle nostre responsabilit\u00e0, per niente. Anzi, sin dall\u2019inizio abbiamo deciso di contribuire alle indagini. Lo ripeto:  sono qui per   ottenere la verit\u00e0. Questa \u00e8 la cosa pi\u00f9 importante\u00bb.<\/p>\n<p class=\"chapter-paragraph\"><b>Dov\u2019\u00e8  Jacques ora?<br \/><\/b>\u00abA casa  con i nostri bimbi di cinque anni e dieci mesi.  Ci alterniamo: un\u2019audizione la seguo io e un\u2019altra lui\u00bb.<\/p>\n<p class=\"chapter-paragraph\"><b>Il bilancio dell\u2019incendio \u00e8 di <a href=\"https:\/\/www.corriere.it\/cronache\/26_febbraio_01\/crans-montana-41-morti-bilancio-strage-0d14aab4-7968-4406-ad09-c80fa835bxlk.shtml\" rel=\"nofollow noopener\" target=\"_blank\">41 morti<\/a>&#8230;<br \/><\/b>\u00ab\u00c8 una situazione molto complicata&#8230; non avremmo mai immaginato, nemmeno nel nostro peggior  incubo, che potesse succedere una cosa del genere. Io spero che le indagini contribuiscano a fare luce sulla vicenda, lo spero  per prima\u00bb.<\/p>\n<p class=\"chapter-paragraph\"><b>Perch\u00e9 con suo marito avete scritto, mercoled\u00ec, una lettera ai vostri ex dipendenti? Ci sono queste frasi: \u00abPortiamo il lutto per coloro che non ci sono pi\u00f9\u00bb, e \u00abnon scarichiamo colpe su di voi\u00bb.<\/b><br \/>\u00abAbbiamo indirizzato loro parole che  vengono dal cuore. Siamo completamente isolati in questi giorni. Penso che ci\u00f2 abbia creato molti malintesi,    bugie&#8230; Era importante per noi mettere le cose in chiaro,  l\u2019unico mezzo per esprimerci e proteggerci da tutto quello che \u00e8 stato detto.   Abbiamo voluto spiegargli   che non li abbiamo dimenticati e che tutto ci\u00f2 che viene detto \u00e8 completamente folle. Stanno sopportando un calvario&#8230; Sono i nostri protetti, lo sono ancora\u00bb.<\/p>\n<p class=\"chapter-paragraph\"><b>Tra i dipendenti c\u2019era anche <a href=\"\">Cyane<\/a>, la sua petit soeur, incolpata, ingiustamente, di aver appiccato il rogo perch\u00e9 sorreggeva le bottiglie scintillanti&#8230;<\/b><br \/>\u00abNei giorni scorsi ho riletto un suo messaggio in cui mi chiamava \u201ctata\u201d Jessica, zia Jessica&#8230;\u00bb.<\/p>\n<p class=\"chapter-paragraph\"><b>\u00c8 morto anche il deejay Mateo Lesguer, 23 anni&#8230;<br \/><\/b>\u00ab(Fatica a rispondere) \u00c8 stato con noi per tre stagioni consecutive&#8230;\u00bb.<\/p>\n<p class=\"chapter-paragraph\"><b>L\u2019Italia segue da vicino l\u2019inchiesta. Cosa pensa della premier Meloni?<br \/>\u00ab<\/b>I like her (risponde in inglese: mi piace)\u00bb.<\/p>\n<p class=\"chapter-paragraph\"><b>Jessica, lei \u00e8 scappata con la cassa di quella sera?<br \/><\/b>\u00abAssurdo, une mensonge\u00bb, una menzogna.  Poi si allontana con i tre  legali. \u00abC\u2019est tout\u00bb, \u00e8 tutto.<\/p>\n<p class=\"is-last-update\" datetime=\"2026-02-06T08:41:37+01:00\">6 febbraio 2026 ( modifica il 6 febbraio 2026 | 08:41)<\/p>\n<p class=\"is-copyright\">\n            \u00a9 RIPRODUZIONE RISERVATA\n        <\/p>\n","protected":false},"excerpt":{"rendered":"di Alessandro Fulloni, inviato a Sion Lo sfogo della titolare, col marito Jacques, del Constellation. La lettera della&hellip;\n","protected":false},"author":3,"featured_media":340683,"comment_status":"","ping_status":"","sticky":false,"template":"","format":"standard","meta":{"footnotes":"","_share_on_mastodon":"0"},"categories":[160],"tags":[500,198749,198750,5781,198751,198752,8398,198738,101102,47041,198739,198740,12276,631,198741,483,59440,1073,168190,14,164,165,5316,2588,806,7625,5626,198742,783,198743,48,3411,51,486,84102,19838,174273,2698,7242,198744,198745,198746,166,15246,7,15,31241,167960,198747,198748,3462,11,167,12,168,9294,838,161,162,163],"class_list":["post-340682","post","type-post","status-publish","format-standard","has-post-thumbnail","category-mondo","tag-accaduto","tag-accaduto-so","tag-accaduto-so-cio","tag-accanto","tag-accanto-avvocati","tag-accanto-avvocati-yael","tag-accettato","tag-alterniamo","tag-audizione","tag-bimbi","tag-bimbi-cinque","tag-bimbi-cinque-dieci","tag-bugie","tag-cinque","tag-cinque-dieci","tag-cio","tag-colpe","tag-completamente","tag-constellation","tag-cronaca","tag-dal-mondo","tag-dalmondo","tag-dieci","tag-dipendenti","tag-diritto","tag-est","tag-falso","tag-falso-falso","tag-fuoco","tag-hayat","tag-importante","tag-incendio","tag-inchiesta","tag-indagini","tag-jacques","tag-jessica","tag-jessica-moretti","tag-lettera","tag-marito","tag-marito-jacques","tag-meier","tag-michod","tag-mondo","tag-moretti","tag-news","tag-notizie","tag-rogo","tag-scappata","tag-scarichiamo","tag-scarichiamo-colpe","tag-spero","tag-ultime-notizie","tag-ultime-notizie-di-mondo","tag-ultimenotizie","tag-ultimenotiziedimondo","tag-verita","tag-vittime","tag-world","tag-world-news","tag-worldnews"],"share_on_mastodon":{"url":"","error":"Validation failed: Text character limit of 500 exceeded"},"_links":{"self":[{"href":"https:\/\/www.europesays.com\/it\/wp-json\/wp\/v2\/posts\/340682","targetHints":{"allow":["GET"]}}],"collection":[{"href":"https:\/\/www.europesays.com\/it\/wp-json\/wp\/v2\/posts"}],"about":[{"href":"https:\/\/www.europesays.com\/it\/wp-json\/wp\/v2\/types\/post"}],"author":[{"embeddable":true,"href":"https:\/\/www.europesays.com\/it\/wp-json\/wp\/v2\/users\/3"}],"replies":[{"embeddable":true,"href":"https:\/\/www.europesays.com\/it\/wp-json\/wp\/v2\/comments?post=340682"}],"version-history":[{"count":0,"href":"https:\/\/www.europesays.com\/it\/wp-json\/wp\/v2\/posts\/340682\/revisions"}],"wp:featuredmedia":[{"embeddable":true,"href":"https:\/\/www.europesays.com\/it\/wp-json\/wp\/v2\/media\/340683"}],"wp:attachment":[{"href":"https:\/\/www.europesays.com\/it\/wp-json\/wp\/v2\/media?parent=340682"}],"wp:term":[{"taxonomy":"category","embeddable":true,"href":"https:\/\/www.europesays.com\/it\/wp-json\/wp\/v2\/categories?post=340682"},{"taxonomy":"post_tag","embeddable":true,"href":"https:\/\/www.europesays.com\/it\/wp-json\/wp\/v2\/tags?post=340682"}],"curies":[{"name":"wp","href":"https:\/\/api.w.org\/{rel}","templated":true}]}}