{"id":340725,"date":"2026-02-06T10:19:17","date_gmt":"2026-02-06T10:19:17","guid":{"rendered":"https:\/\/www.europesays.com\/it\/340725\/"},"modified":"2026-02-06T10:19:17","modified_gmt":"2026-02-06T10:19:17","slug":"gomorra-le-origini-anticipazioni-ultimo-episodio","status":"publish","type":"post","link":"https:\/\/www.europesays.com\/it\/340725\/","title":{"rendered":"Gomorra le origini: anticipazioni ultimo episodio"},"content":{"rendered":"<p>\n                              <strong>ANGELO CHE DICE A PIETRO<\/strong> che fa bene a partire. Pietro che sa che glielo dice perch\u00e9 <strong>vuole affrontare i Villa da solo<\/strong>. Per vendicare la morte dello zio. Ne \u00e8 convinto perch\u00e9 si riconosce in lui: <strong>sa come pensa e cosa vuole<\/strong>. Lo invita a guardarlo negli occhi, a dirgli che si sbaglia. Angelo gli regala l\u2019orologio dello zio. \u00c8 il suo dono per Pietro: perch\u00e9 \u00e8 vero che il tempo \u00e8 poco, ma \u00e8 altrettanto vero che loro due sono uguali. <strong>\u00abSiamo fratelli, io e te\u00bb<\/strong>.<\/p>\n<p>Quando va in onda l&#8217;ultima puntata di Gomorra Le origini: dove vedere il finale di stagione<\/p>\n<p>\n                              Lealt\u00e0 messa alla prova, alleanze inaspettate, sogni che si fanno sempre pi\u00f9 lontani e irraggiungibili. E un destino ormai segnato. \u00c8 il finale di stagione (episodio 6) di Gomorra Le origini, la serie Sky Original che si conclude <strong>venerd\u00ec 6 febbraio, alle 21,15 su Sky Atlantic e Sky Cinema Stories, in streaming su NOW e sempre disponibile on demand e su Sky Go.<\/strong> La formazione criminale di Pietro Savastano (Luca Lubrano) si conclude cos\u00ec. Con la resa dei conti. La perdita dell&#8217;innocenza \u00e8 sancita.<\/p>\n<p>Le anticipazioni dell&#8217;ultimo episodio di Gomorra Le origini: trama e cast<\/p>\n<p>\n                              Mentre <strong>Pietro (Luca Lubrano)<\/strong> progetta un futuro con <strong>Imma (Tullia Venezia)<\/strong>,<strong> Angelo (<a href=\"https:\/\/style.corriere.it\/spettacoli\/tv\/francesco-pellegrino-angelo-a-sirena-gomorra-origini\/\" rel=\"nofollow noopener\" target=\"_blank\">Francesco Pellegrino<\/a><\/strong>) resta vittima di un attacco che lo sconvolge. Accecato dalla rabbia, \u00e8 pronto a tutto pur di vendicarsi e trova un alleato inaspettato. Ma il piano non va come ha previsto, e <strong>Pietro, per salvarlo, si trova davanti a una scelta<\/strong> davvero difficile. Questo mentre <strong>\u2018O Paisano (Flavio Furno)<\/strong> mette in atto l\u2019ultimo tassello del suo piano.<br \/>L&#8217;ultima puntata di Gomorra &#8211; Le origini \u00e8 diretta da Francesco Ghiaccio, la supervisione artistica \u00e8 come sempre di Marco D&#8217;Amore. La serie, prequel dell\u2019epica saga crime Sky Original tratta dall\u2019omonimo bestseller di Roberto Saviano, \u00e8 prodotta da Sky Studios e Cattleya (parte di ITV Studios).\n                          <\/p>\n","protected":false},"excerpt":{"rendered":"ANGELO CHE DICE A PIETRO che fa bene a partire. Pietro che sa che glielo dice perch\u00e9 vuole&hellip;\n","protected":false},"author":3,"featured_media":340726,"comment_status":"","ping_status":"","sticky":false,"template":"","format":"standard","meta":{"footnotes":"","_share_on_mastodon":"0"},"categories":[1444],"tags":[6753,5310,198769,45357,196917,13602,1411,32100,198770,198771,203,9162,198772,198773,1426,66347,1974,198774,198775,1250,151687,167369,204,1537,90,89,13409,23939,167373,270,577,253],"class_list":["post-340725","post","type-post","status-publish","format-standard","has-post-thumbnail","category-tv","tag-anteprima","tag-angelo","tag-angelo-pietro","tag-clip","tag-clip-anteprima","tag-conclude","tag-conti","tag-criminale","tag-criminale-pietro","tag-criminale-pietro-savastano","tag-entertainment","tag-episodio","tag-episodio-gomorra","tag-episodio-gomorra-origini","tag-finale","tag-finale-stagione","tag-formazione","tag-formazione-criminale","tag-formazione-criminale-pietro","tag-francesco","tag-gomorra","tag-gomorra-origini","tag-intrattenimento","tag-it","tag-italia","tag-italy","tag-origini","tag-pietro","tag-savastano","tag-sky","tag-stagione","tag-tv"],"share_on_mastodon":{"url":"https:\/\/pubeurope.com\/@it\/116023182300433895","error":""},"_links":{"self":[{"href":"https:\/\/www.europesays.com\/it\/wp-json\/wp\/v2\/posts\/340725","targetHints":{"allow":["GET"]}}],"collection":[{"href":"https:\/\/www.europesays.com\/it\/wp-json\/wp\/v2\/posts"}],"about":[{"href":"https:\/\/www.europesays.com\/it\/wp-json\/wp\/v2\/types\/post"}],"author":[{"embeddable":true,"href":"https:\/\/www.europesays.com\/it\/wp-json\/wp\/v2\/users\/3"}],"replies":[{"embeddable":true,"href":"https:\/\/www.europesays.com\/it\/wp-json\/wp\/v2\/comments?post=340725"}],"version-history":[{"count":0,"href":"https:\/\/www.europesays.com\/it\/wp-json\/wp\/v2\/posts\/340725\/revisions"}],"wp:featuredmedia":[{"embeddable":true,"href":"https:\/\/www.europesays.com\/it\/wp-json\/wp\/v2\/media\/340726"}],"wp:attachment":[{"href":"https:\/\/www.europesays.com\/it\/wp-json\/wp\/v2\/media?parent=340725"}],"wp:term":[{"taxonomy":"category","embeddable":true,"href":"https:\/\/www.europesays.com\/it\/wp-json\/wp\/v2\/categories?post=340725"},{"taxonomy":"post_tag","embeddable":true,"href":"https:\/\/www.europesays.com\/it\/wp-json\/wp\/v2\/tags?post=340725"}],"curies":[{"name":"wp","href":"https:\/\/api.w.org\/{rel}","templated":true}]}}