{"id":340855,"date":"2026-02-06T12:03:10","date_gmt":"2026-02-06T12:03:10","guid":{"rendered":"https:\/\/www.europesays.com\/it\/340855\/"},"modified":"2026-02-06T12:03:10","modified_gmt":"2026-02-06T12:03:10","slug":"news-calha-barella-pulisic-leao-milinkovic-rrahmani-politano-kean-adams-zaccagni-lucumi-le-novita","status":"publish","type":"post","link":"https:\/\/www.europesays.com\/it\/340855\/","title":{"rendered":"NEWS \u2013 Calha, Barella, Pulisic, Leao, Milinkovic, Rrahmani, Politano, Kean, Adams, Zaccagni, Lucumi: le novit\u00e0"},"content":{"rendered":"<p><strong>NAPOLI<\/strong> &#8211; Lentamente l\u2019infermeria va svuotandosi e a Genova, domani, il Napoli ritrova qualche forza in pi\u00f9 per continuare la marcia. Come si legge sul Mattino,\u00a0&#8220;a Genova <strong>si ritrover\u00e0 Amir Rrahmani in difesa<\/strong>, un&#8217;arma importante in pi\u00f9 per Conte, mentre <strong>scalpitano anche Mazzocchi e Milinkovic-Savic<\/strong>, anche se Meret resta in vantaggio soprattutto per la sfida di Marassi. <strong>Pi\u00f9 complicato vedere Politano subito a disposizione<\/strong>: l&#8217;azzurro non ha giocato contro il Giugliano e non si forzer\u00e0 assolutamente la mano per il rientro. Pi\u00f9 probabile rivederlo in campo tra Como e soprattutto Roma al Maradona&#8221;.<\/p>\n<p><strong>MILAN<\/strong> &#8211; Il Milan si gode l&#8217;ottimo momento di forma di Nkunku. Secondo quanto si legge sul Corriere dello Sport, &#8220;Allegri ora chieder\u00e0 al francese di essere determinante anche nella trasferta di Pisa, proprio<strong> per dare a Pulisic e Leao ancora pi\u00f9 tempo per recuperare.<\/strong> D\u2019altronde se Christopher vive questo stato di forma \u00e8 possibile che i due titolarissimi possano rientrare con pi\u00f9 calma&#8221;.<\/p>\n<p><strong>TORINO<\/strong> &#8211; Dopo la sconfitta in Coppa Italia contro l&#8217;Inter, il Torino si prepara per la sfida contro la Fiorentina. Come scrive La Gazzetta dello Sport, &#8220;Ieri al Filadelfia era <strong>presente anche Cesare Casadei<\/strong>: il centrocampista romagnolo a Monza era rimasto fuori per via di un attacco febbrile, ma di fatto \u00e8 gi\u00e0 rientrato tra i disponibili per la sfida del Franchi. Per oggi invece sono in programma dei controlli medici per gli altri. Innanzitutto per <strong>Che Adams:<\/strong> l\u2019attaccante scozzese, a segno nella vittoria 1-0 contro il Lecce, ha saltato la partita contro l\u2019Inter per via di alcune noie muscolari. <strong>Saranno valutate anche le condizioni di Giovanni Simeone<\/strong>, fuori nelle ultime quattro partite dei granata, ma anche quelle dell\u2019esterno di sinistra <strong>Cristiano Biraghi<\/strong>, dell\u2019altro \u201cquinto\u201d della fascia mancina Zakaria Aboukhlal e del centrocampista lituano Gvidas Gineitis: dopo il check medico, si decider\u00e0 chi potr\u00e0 essere della partita. Non c\u2019\u00e8 alcuna particolare valutazione invece in programma per <strong>Alieu Njie e per Rafel Obrador<\/strong>, usciti entrambi prima della fine della partita con l\u2019Inter per crampi&#8221;.<\/p>\n<p><strong>LAZIO<\/strong> &#8211; Brutte notizie per Sarri che perde nuovamente Lazzari per infortunio. Come segnala il Corriere dello Sport, &#8220;<strong>Lazzari di nuovo ai box. Tre settimane di stop per il terzino biancoceleste<\/strong>, per la sfida con la Juventus era in ballottaggio con Tavares vista la squalifica di Pellegrini. Dubbio cancellato dall&#8217;infortunio dell&#8217;ex Spal: ha rimediato una lesione al polpaccio, rimarr\u00e0 fermo per circa tre settimane. Allo stesso muscolo aveva riportato un problema gi\u00e0 a met\u00e0 settembre. Gli esami strumentali hanno evidenziato il guaio e la conseguente indisponibilit\u00e0 per le prossime partite: da tabella <strong>salter\u00e0 almeno quattro gare, le tre di campionato contro Juventus (domenica 8 febbraio), Atalanta (14 febbraio) e Cagliari (21 febbraio), pi\u00f9 la sfida di Coppa Italia<\/strong> da giocare in casa del Bologna mercoled\u00ec prossimo (11 febbraio). <strong>Tra gli assenti di mercoled\u00ec anche Dia<\/strong> per la nascita del figlio: ieri il senegalese era comunque gi\u00e0 in gruppo con il resto della rosa. Difficilmente trover\u00e0 spazio a Torino: nell&#8217;ultima giornata con il Genoa non \u00e8 stato utilizzato n\u00e9 dall&#8217;inizio (Maldini titolare), n\u00e9 nel secondo tempo (dentro Ratkov in corsa).\u00a0Da buon capitano, Mattia <strong>Zaccagni<\/strong> intende essere a bordo della nave anche e soprattutto in un momento di bufera. Un problema al muscolo obliquo dell&#8217;addome lo ha costretto a fermarsi poco prima dell&#8217;ultima gara all&#8217;Olimpico con il Genoa (nonostante sia stato comunque in panchina per sostenere i suoi compagni), e lo terr\u00e0 <strong>fuori sicuramente per le prossime contro la Juventus all&#8217;Allianz Stadium e con il Bologna in Coppa italia al Dall&#8217;Ara<\/strong>. Considerato il problema, si parla di un possibile <strong>rientro per la fine di febbraio<\/strong>, ma la sua intenzione \u00e8 quella di accelerare i tempi per poter dare il suo contributo. In questi giorni sono previsti nuovi controlli per provare a stabilire con precisione la tabella di marcia per il rientro. Quella con i bianconeri sar\u00e0 di sicuro la quinta partita stagionale saltata dal numero 10 biancoceleste, la terza per infortunio dopo quella con il Genoa (appunto) e con il Torino alla sesta giornata per un problema muscolare agli adduttori: anche in quell&#8217;occasione sembrava che i tempi di recupero dovessero essere lunghissimi, ma nella partita successiva contro l&#8217;Atalanta &#8211; al rientro dopo la sosta per le nazionali &#8211; Zaccagni era riuscito a farsi trovare pronto contro ogni previsione. Nuovo conto alla rovescia&#8221;. Le novit\u00e0 secondo il Messaggero: &#8220;Buone notizie da <strong>Patric, anche lui tornato ad allenarsi mercoled\u00ec e ieri in gruppo e pronto ad essere convocato<\/strong>, ma ci sar\u00e0 la massima cautela dopo l&#8217;ennesimo stiramento al polpaccio d&#8217;inizio gennaio&#8221;.<\/p>\n<p><strong>FIORENTINA<\/strong> &#8211; Per la gara contro il Torino, Vanoli quasi certamente non potr\u00e0 contare sull&#8217;ultimo arrivato Rugani, come scrive La Gazzetta dello Sport: &#8220;<strong>C\u2019<\/strong><strong>\u00e8 del velato pessimismo sul fronte Daniele Rugani<\/strong>. Aumentano le possibilit\u00e0 che il difensore classe 1994 debba disertare la sfida di domani sera contro il Torino. Per adesso il ragazzo sta proseguendo il suo percorso specifico al centro sportivo, cercando di smaltire in tempi brevi l\u2019infortunio che lo costringe ai box praticamente da un mese e mezzo. Magari l\u2019allenatore lo porter\u00e0 in panchina per fargli respirare l\u2019atmosfera dell\u2019Artemio Franchi, ma dopo la seduta personalizzata di ieri le sensazioni sono piuttosto negative. Nella giornata di oggi Paolo Vanoli cercher\u00e0 di capire se esistano i margini per portarlo allo stadio. Il provino al Viola Park sar\u00e0 decisivo per stabilire la presenza o meno di Rugani contro i granata. Lo staff tecnico far\u00e0 il possibile per metterlo nelle condizioni di tornare a disposizione gi\u00e0 domani, ma non sar\u00e0 facile. E soprattutto nessuno vuole forzare la mano rischiando di peggiorare la situazione e di allungare inutilmente i tempi di recupero. Priorit\u00e0 alla prudenza, per quanto quest&#8217;oggi un tentativo verr\u00e0 fatto senz&#8217;altro.  <strong>Davanti Moise Kean favorito su Roberto Piccoli<\/strong>: per il centravanti numero venti, frenato da dicembre a oggi dai problemi alla caviglia, sarebbe la prima maglia da titolare dall&#8217;11 gennaio&#8221;.<\/p>\n<p><strong>BOLOGNA<\/strong> &#8211; Italiano vuole recuperare una pedina importante per il derby col Parma, come sottolinea il Corriere dello Sport, &#8220;il tecnico sta cercando di <strong>recuperare al meglio Lucumi per farlo giocare titolare<\/strong>, nel caso in coppia con Heggem, dopo lo stop per infortunio. Gli ultimi due allenamenti saranno decisivi per prendere una decisione&#8221;.<\/p>\n<p class=\"is-copyright\">\u00a9 RIPRODUZIONE RISERVATA<\/p>\n","protected":false},"excerpt":{"rendered":"NAPOLI &#8211; Lentamente l\u2019infermeria va svuotandosi e a Genova, domani, il Napoli ritrova qualche forza in pi\u00f9 per&hellip;\n","protected":false},"author":3,"featured_media":340856,"comment_status":"","ping_status":"","sticky":false,"template":"","format":"standard","meta":{"footnotes":"","_share_on_mastodon":"0"},"categories":[1452],"tags":[19599,6509,193903,198819,569,8440,21458,586,12719,721,1856,198820,198821,3153,4970,3858,8076,4297,5006,4864,8393,2276,13934,6258,1690,1595,541,2263,1740,2498,41027,629,1280,1281,2614,6298,14162,1889,56407,198822,5183,5197,48,8455,2885,1302,350,1537,90,89,558,11505,51889,8007,1207,31786,962,13417,4559,553,5518,7462,1290,3124,4565,1885,897,2174,3674,67134,6502,3461,1739,337,245,244,3375,3971,26462,1641,2199,907,13789],"class_list":["post-340855","post","type-post","status-publish","format-standard","has-post-thumbnail","category-calcio","tag-adams","tag-apre","tag-apre-giornata","tag-apre-giornata-campionato","tag-atalanta","tag-barella","tag-biancoceleste","tag-bologna","tag-box","tag-calcio","tag-campionato","tag-campionato-pisa","tag-campionato-pisa-verona","tag-centrocampista","tag-cercando","tag-condizioni","tag-controlli","tag-coppa","tag-coppa-italia","tag-corriere","tag-corriere-sport","tag-dare","tag-decisivo","tag-disposizione","tag-domani","tag-febbraio","tag-fermo","tag-fiorentina","tag-football","tag-forma","tag-franchi","tag-gara","tag-gazzetta","tag-gazzetta-sport","tag-gennaio","tag-genoa","tag-genova","tag-giocare","tag-giornata-campionato","tag-giornata-campionato-pisa","tag-giornata","tag-granata","tag-importante","tag-infortuni","tag-infortunio","tag-inizio","tag-inter","tag-it","tag-italia","tag-italy","tag-juventus","tag-kean","tag-lazzari","tag-leao","tag-legge","tag-lucumi","tag-mano","tag-marcia","tag-mercoledi","tag-milan","tag-milinkovic","tag-novita","tag-partita","tag-pisa","tag-possibile","tag-problema","tag-programma","tag-recuperare","tag-rientro","tag-rugani","tag-scrive","tag-sfida","tag-soccer","tag-soprattutto","tag-sport","tag-sports","tag-tecnico","tag-tempi","tag-titolare","tag-torino","tag-ultima","tag-ultime","tag-zaccagni"],"share_on_mastodon":{"url":"","error":"Validation failed: Text character limit of 500 exceeded"},"_links":{"self":[{"href":"https:\/\/www.europesays.com\/it\/wp-json\/wp\/v2\/posts\/340855","targetHints":{"allow":["GET"]}}],"collection":[{"href":"https:\/\/www.europesays.com\/it\/wp-json\/wp\/v2\/posts"}],"about":[{"href":"https:\/\/www.europesays.com\/it\/wp-json\/wp\/v2\/types\/post"}],"author":[{"embeddable":true,"href":"https:\/\/www.europesays.com\/it\/wp-json\/wp\/v2\/users\/3"}],"replies":[{"embeddable":true,"href":"https:\/\/www.europesays.com\/it\/wp-json\/wp\/v2\/comments?post=340855"}],"version-history":[{"count":0,"href":"https:\/\/www.europesays.com\/it\/wp-json\/wp\/v2\/posts\/340855\/revisions"}],"wp:featuredmedia":[{"embeddable":true,"href":"https:\/\/www.europesays.com\/it\/wp-json\/wp\/v2\/media\/340856"}],"wp:attachment":[{"href":"https:\/\/www.europesays.com\/it\/wp-json\/wp\/v2\/media?parent=340855"}],"wp:term":[{"taxonomy":"category","embeddable":true,"href":"https:\/\/www.europesays.com\/it\/wp-json\/wp\/v2\/categories?post=340855"},{"taxonomy":"post_tag","embeddable":true,"href":"https:\/\/www.europesays.com\/it\/wp-json\/wp\/v2\/tags?post=340855"}],"curies":[{"name":"wp","href":"https:\/\/api.w.org\/{rel}","templated":true}]}}