{"id":340989,"date":"2026-02-06T13:53:10","date_gmt":"2026-02-06T13:53:10","guid":{"rendered":"https:\/\/www.europesays.com\/it\/340989\/"},"modified":"2026-02-06T13:53:10","modified_gmt":"2026-02-06T13:53:10","slug":"furto-al-louvre-le-prime-foto-dei-danni-alla-corona-dellimperatrice-eugenia","status":"publish","type":"post","link":"https:\/\/www.europesays.com\/it\/340989\/","title":{"rendered":"Furto al Louvre, le prime foto dei danni alla corona dell&#8217;imperatrice Eugenia"},"content":{"rendered":"<p>Il museo parigino ha pubblicato\u00a0le immagini del prezioso oggetto rubato dai ladri durante il\u00a0furto dello scorso ottobre\u00a0e poi trovata per terra poco lontana dall&#8217;edificio. La corona \u00e8 molto deformata, probabilmente a causa di come \u00e8 stata tirata fuori dalla teca in cui era esposta. Il museo ha aggiunto che si \u00e8 poi ulteriormente deformata a causa di un secondo &#8220;choc violento&#8221;<\/p>\n","protected":false},"excerpt":{"rendered":"Il museo parigino ha pubblicato\u00a0le immagini del prezioso oggetto rubato dai ladri durante il\u00a0furto dello scorso ottobre\u00a0e poi&hellip;\n","protected":false},"author":3,"featured_media":340990,"comment_status":"","ping_status":"","sticky":false,"template":"","format":"standard","meta":{"footnotes":"","_share_on_mastodon":"0"},"categories":[1446],"tags":[1615,1613,1614,1611,1610,364,11973,1612,203,1725,204,1537,90,89,14877],"class_list":["post-340989","post","type-post","status-publish","format-standard","has-post-thumbnail","category-arte-e-design","tag-arte","tag-arte-e-design","tag-arteedesign","tag-arts","tag-arts-and-design","tag-collaboratori","tag-corona","tag-design","tag-entertainment","tag-fotogallery","tag-intrattenimento","tag-it","tag-italia","tag-italy","tag-louvre"],"share_on_mastodon":{"url":"https:\/\/pubeurope.com\/@it\/116024023716958931","error":""},"_links":{"self":[{"href":"https:\/\/www.europesays.com\/it\/wp-json\/wp\/v2\/posts\/340989","targetHints":{"allow":["GET"]}}],"collection":[{"href":"https:\/\/www.europesays.com\/it\/wp-json\/wp\/v2\/posts"}],"about":[{"href":"https:\/\/www.europesays.com\/it\/wp-json\/wp\/v2\/types\/post"}],"author":[{"embeddable":true,"href":"https:\/\/www.europesays.com\/it\/wp-json\/wp\/v2\/users\/3"}],"replies":[{"embeddable":true,"href":"https:\/\/www.europesays.com\/it\/wp-json\/wp\/v2\/comments?post=340989"}],"version-history":[{"count":0,"href":"https:\/\/www.europesays.com\/it\/wp-json\/wp\/v2\/posts\/340989\/revisions"}],"wp:featuredmedia":[{"embeddable":true,"href":"https:\/\/www.europesays.com\/it\/wp-json\/wp\/v2\/media\/340990"}],"wp:attachment":[{"href":"https:\/\/www.europesays.com\/it\/wp-json\/wp\/v2\/media?parent=340989"}],"wp:term":[{"taxonomy":"category","embeddable":true,"href":"https:\/\/www.europesays.com\/it\/wp-json\/wp\/v2\/categories?post=340989"},{"taxonomy":"post_tag","embeddable":true,"href":"https:\/\/www.europesays.com\/it\/wp-json\/wp\/v2\/tags?post=340989"}],"curies":[{"name":"wp","href":"https:\/\/api.w.org\/{rel}","templated":true}]}}