{"id":341054,"date":"2026-02-06T14:49:11","date_gmt":"2026-02-06T14:49:11","guid":{"rendered":"https:\/\/www.europesays.com\/it\/341054\/"},"modified":"2026-02-06T14:49:11","modified_gmt":"2026-02-06T14:49:11","slug":"ecco-perche-stefano-de-martino-non-va-in-onda","status":"publish","type":"post","link":"https:\/\/www.europesays.com\/it\/341054\/","title":{"rendered":"ecco perch\u00e9 Stefano De Martino non va in onda"},"content":{"rendered":"<p>&#13;<br \/>\n                               &#13;<br \/>\n                                                &#13;<br \/>\n                &#13;<\/p>\n<p>Questa sera, venerd\u00ec 6 febbraio, <strong><a href=\"https:\/\/www.leggo.it\/t\/affari-tuoi\" rel=\"nofollow noopener\" target=\"_blank\">Affari Tuoi<\/a><\/strong>, il popolare game show condotto da <a href=\"https:\/\/www.leggo.it\/t\/stefano-de-martino\" rel=\"nofollow noopener\" target=\"_blank\">Stefano De Martino<\/a>, non andr\u00e0 in onda. La notizia \u00e8 stata annunciata dallo stesso conduttore sul finire della puntata di gioved\u00ec, rivolgendosi agli spettatori:\u00a0\u00abDopo di noi una nuova serata con Raoul Bova e Nino Frassica con Don Matteo 15\u2026 Domani non andremo in onda\u2026 Vi aspetto dopodomani (sabato 7 febbraio), sempre qui ad Affari Tuoi\u2026\u00bb.<\/p>\n<p>&#13;<br \/>\n&#13;<br \/>\n&#13;<br \/>\n&#13;<br \/>\n&#13;<br \/>\n&#13;<\/p>\n<p>Al posto del game show, Rai 1 trasmetter\u00e0 in diretta la <strong>Cerimonia d\u2019Apertura dei <a href=\"https:\/\/www.leggo.it\/t\/giochi-olimpici\" rel=\"nofollow noopener\" target=\"_blank\">Giochi Olimpici<\/a> Invernali <a href=\"https:\/\/www.leggo.it\/t\/milano-cortina-2026\" rel=\"nofollow noopener\" target=\"_blank\">Milano-Cortina 2026<\/a><\/strong>, dalle 19.45 circa fino alle 23, direttamente dallo stadio di San Siro. <\/p>\n<p>Stefano De Martino ha voluto informare il pubblico della variazione di palinsesto, spiegando che la serata olimpica prender\u00e0 il posto del consueto appuntamento con il quiz televisivo.&#13;<br \/>\n&#13;<\/p>\n<p>Il conduttore ha inoltre approfittato dell\u2019occasione per rassicurare i fan: la programmazione torner\u00e0 regolare sabato 7 febbraio alle 20.40 circa, con una nuova puntata di Affari Tuoi.<\/p>\n<p>                                &#13;<br \/>\n                &#13;<br \/>\n&#13;<br \/>\n                Ultimo aggiornamento: venerd\u00ec 6 febbraio 2026, 11:06&#13;<br \/>\n                <br \/>&#13;<br \/>\n                &#13;<br \/>\n                  &#13;<br \/>\n                    &#13;<br \/>\n                        \u00a9 RIPRODUZIONE RISERVATA&#13;<\/p>\n<p>&#13;<\/p>\n<p>                    &#13;<\/p>\n","protected":false},"excerpt":{"rendered":"&#13; &#13; &#13; &#13; Questa sera, venerd\u00ec 6 febbraio, Affari Tuoi, il popolare game show condotto da Stefano&hellip;\n","protected":false},"author":3,"featured_media":341055,"comment_status":"","ping_status":"","sticky":false,"template":"","format":"standard","meta":{"footnotes":"","_share_on_mastodon":"0"},"categories":[1444],"tags":[33428,203,41123,198919,204,1537,90,89,1766,253],"class_list":["post-341054","post","type-post","status-publish","format-standard","has-post-thumbnail","category-tv","tag-affari-tuoi","tag-entertainment","tag-giochi-olimpici","tag-giochi-olimpici-invernali-milano-cortina-2026","tag-intrattenimento","tag-it","tag-italia","tag-italy","tag-stefano-de-martino","tag-tv"],"share_on_mastodon":{"url":"https:\/\/pubeurope.com\/@it\/116024243927451283","error":""},"_links":{"self":[{"href":"https:\/\/www.europesays.com\/it\/wp-json\/wp\/v2\/posts\/341054","targetHints":{"allow":["GET"]}}],"collection":[{"href":"https:\/\/www.europesays.com\/it\/wp-json\/wp\/v2\/posts"}],"about":[{"href":"https:\/\/www.europesays.com\/it\/wp-json\/wp\/v2\/types\/post"}],"author":[{"embeddable":true,"href":"https:\/\/www.europesays.com\/it\/wp-json\/wp\/v2\/users\/3"}],"replies":[{"embeddable":true,"href":"https:\/\/www.europesays.com\/it\/wp-json\/wp\/v2\/comments?post=341054"}],"version-history":[{"count":0,"href":"https:\/\/www.europesays.com\/it\/wp-json\/wp\/v2\/posts\/341054\/revisions"}],"wp:featuredmedia":[{"embeddable":true,"href":"https:\/\/www.europesays.com\/it\/wp-json\/wp\/v2\/media\/341055"}],"wp:attachment":[{"href":"https:\/\/www.europesays.com\/it\/wp-json\/wp\/v2\/media?parent=341054"}],"wp:term":[{"taxonomy":"category","embeddable":true,"href":"https:\/\/www.europesays.com\/it\/wp-json\/wp\/v2\/categories?post=341054"},{"taxonomy":"post_tag","embeddable":true,"href":"https:\/\/www.europesays.com\/it\/wp-json\/wp\/v2\/tags?post=341054"}],"curies":[{"name":"wp","href":"https:\/\/api.w.org\/{rel}","templated":true}]}}