{"id":341717,"date":"2026-02-07T00:35:12","date_gmt":"2026-02-07T00:35:12","guid":{"rendered":"https:\/\/www.europesays.com\/it\/341717\/"},"modified":"2026-02-07T00:35:12","modified_gmt":"2026-02-07T00:35:12","slug":"affini-vingegaard-mi-vuole-sempre-al-suo-fianco-saremo-al-giro-per-la-tripla-corona","status":"publish","type":"post","link":"https:\/\/www.europesays.com\/it\/341717\/","title":{"rendered":"Affini: \u00abVingegaard mi vuole sempre al suo fianco, saremo al Giro per la tripla corona\u00bb"},"content":{"rendered":"<p><a href=\"https:\/\/www.quibicisport.it\/wp-content\/uploads\/2026\/02\/Giro2024-3t-1018.jpg\" data-caption=\"Edoardo Affini pochi minuti prima del via della terza tappa del Giro d&#039;Italia 2024\" rel=\"nofollow noopener\" target=\"_blank\"><img loading=\"lazy\" decoding=\"async\" data-lazyloaded=\"1\" width=\"696\" height=\"464\" class=\"entry-thumb td-modal-image\" src=\"https:\/\/www.europesays.com\/it\/wp-content\/uploads\/2026\/02\/Giro2024-3t-1018-696x464.jpg\"  data- alt=\"\" title=\"Giro d'Italia\"\/><\/a>Edoardo Affini pochi minuti prima del via della terza tappa del Giro d&#8217;Italia 2024<\/p>\n<p><strong>Edoardo Affini si appresta a cominciare l&#8217;ottava stagione da professionista, quella dei suoi trent&#8217;anni. Corridore versatile, gregario fidato della Visma-Lease a Bike, nei cinque anni trascorsi nella squadra olandese si \u00e8 espresso al meglio su ogni terreno. Se c&#8217;\u00e8 da lavorare per i compagni prima di una volata, scortarli sulle pietre di una classica del Nord o trainarli durante una salita di un grande Giro, Affini si \u00e8 sempre fatto trovare pronto. In pi\u00f9 ha detto la sua nelle cronometro, specialit\u00e0 in cui nel 2024 si \u00e8 laureato campione d&#8217;Europa. Lo scorso anno&#8230;<\/strong><\/p>\n<p style=\"text-align: center\">&#8230;&#8230;&#8230;&#8230;&#8230;<\/p>\n<p style=\"text-align: center\">Ami il ciclismo? Vuoi leggere questo articolo e tutti i contenuti esclusivi di quibicisport.it? Aderisci alle offerte EXTRA di Bicisport <a href=\"https:\/\/www.quibicisport.it\/piani-di-abbonamento\/\" rel=\"nofollow noopener\" target=\"_blank\"><strong>cliccando qui<\/strong><\/a>. <\/p>\n<p style=\"text-align: center\">Se sei gia abbonato <a href=\"https:\/\/www.quibicisport.it\/login\/\" rel=\"nofollow noopener\" target=\"_blank\"><strong>clicca qui<\/strong><\/a> per accedere<\/p>\n","protected":false},"excerpt":{"rendered":"Edoardo Affini pochi minuti prima del via della terza tappa del Giro d&#8217;Italia 2024 Edoardo Affini si appresta&hellip;\n","protected":false},"author":3,"featured_media":341718,"comment_status":"","ping_status":"","sticky":false,"template":"","format":"standard","meta":{"footnotes":"","_share_on_mastodon":"0"},"categories":[1456],"tags":[31104,1824,1825,15702,1537,90,89,245,244,2223,41374,9209],"class_list":["post-341717","post","type-post","status-publish","format-standard","has-post-thumbnail","category-ciclismo","tag-affini","tag-ciclismo","tag-cycling","tag-edoardo-affini","tag-it","tag-italia","tag-italy","tag-sport","tag-sports","tag-vingegaard","tag-visma","tag-visma-lease-a-bike"],"share_on_mastodon":{"url":"https:\/\/pubeurope.com\/@it\/116026548076138309","error":""},"_links":{"self":[{"href":"https:\/\/www.europesays.com\/it\/wp-json\/wp\/v2\/posts\/341717","targetHints":{"allow":["GET"]}}],"collection":[{"href":"https:\/\/www.europesays.com\/it\/wp-json\/wp\/v2\/posts"}],"about":[{"href":"https:\/\/www.europesays.com\/it\/wp-json\/wp\/v2\/types\/post"}],"author":[{"embeddable":true,"href":"https:\/\/www.europesays.com\/it\/wp-json\/wp\/v2\/users\/3"}],"replies":[{"embeddable":true,"href":"https:\/\/www.europesays.com\/it\/wp-json\/wp\/v2\/comments?post=341717"}],"version-history":[{"count":0,"href":"https:\/\/www.europesays.com\/it\/wp-json\/wp\/v2\/posts\/341717\/revisions"}],"wp:featuredmedia":[{"embeddable":true,"href":"https:\/\/www.europesays.com\/it\/wp-json\/wp\/v2\/media\/341718"}],"wp:attachment":[{"href":"https:\/\/www.europesays.com\/it\/wp-json\/wp\/v2\/media?parent=341717"}],"wp:term":[{"taxonomy":"category","embeddable":true,"href":"https:\/\/www.europesays.com\/it\/wp-json\/wp\/v2\/categories?post=341717"},{"taxonomy":"post_tag","embeddable":true,"href":"https:\/\/www.europesays.com\/it\/wp-json\/wp\/v2\/tags?post=341717"}],"curies":[{"name":"wp","href":"https:\/\/api.w.org\/{rel}","templated":true}]}}