{"id":342160,"date":"2026-02-07T08:20:10","date_gmt":"2026-02-07T08:20:10","guid":{"rendered":"https:\/\/www.europesays.com\/it\/342160\/"},"modified":"2026-02-07T08:20:10","modified_gmt":"2026-02-07T08:20:10","slug":"man-ray-a-sorpresa-a-sondrio-unoccasione-unica-per-gli-amanti-dellarte","status":"publish","type":"post","link":"https:\/\/www.europesays.com\/it\/342160\/","title":{"rendered":"Man Ray a sorpresa a Sondrio, un\u2019occasione unica per gli amanti dell\u2019arte"},"content":{"rendered":"\n<p>L\u2019arte non si ferma mai. Non era in programma, ma da oggi fino almeno a domenica 8, presso Spazio 42, in piazzetta Quadrivio a Sondrio, \u00e8 allestita un\u2019opera di Man Ray, noto artista poliedrico statunitense, figura chiave del Dadaismo e Surrealismo, noto come fotografo sperimentale (inventore dei \u201crayographs\u201d e della solarizzazione), pittore, scultore e regista d\u2019avanguardia, che ha rivoluzionato il linguaggio visivo del Novecento unendo ironia, sperimentazione e sensualit\u00e0. L\u2019opera, \u201cCadeau\u201d, \u00e8 stata realizzata nel 1921; la versione originale \u00e8 stata rubata il giorno della sua prima esposizione e oggi esistono pi\u00f9 di 5.000 repliche autorizzate da Man Ray. Un\u2019occasione unica per ammirare da vicino il primo oggetto Dadaista realizzato dall\u2019artista statunitense.<\/p>\n","protected":false},"excerpt":{"rendered":"L\u2019arte non si ferma mai. Non era in programma, ma da oggi fino almeno a domenica 8, presso&hellip;\n","protected":false},"author":3,"featured_media":342161,"comment_status":"","ping_status":"","sticky":false,"template":"","format":"standard","meta":{"footnotes":"","_share_on_mastodon":"0"},"categories":[1446],"tags":[1615,1613,1614,1611,1610,640,1644,1612,203,4663,204,1537,90,89,81548,74530,16756,1567,83827],"class_list":["post-342160","post","type-post","status-publish","format-standard","has-post-thumbnail","category-arte-e-design","tag-arte","tag-arte-e-design","tag-arteedesign","tag-arts","tag-arts-and-design","tag-cinema","tag-cultura","tag-design","tag-entertainment","tag-fotografia","tag-intrattenimento","tag-it","tag-italia","tag-italy","tag-laprovinciaunicatv-it","tag-man-ray","tag-pittura","tag-storia","tag-susanna-zambon"],"share_on_mastodon":{"url":"https:\/\/pubeurope.com\/@it\/116028376578833215","error":""},"_links":{"self":[{"href":"https:\/\/www.europesays.com\/it\/wp-json\/wp\/v2\/posts\/342160","targetHints":{"allow":["GET"]}}],"collection":[{"href":"https:\/\/www.europesays.com\/it\/wp-json\/wp\/v2\/posts"}],"about":[{"href":"https:\/\/www.europesays.com\/it\/wp-json\/wp\/v2\/types\/post"}],"author":[{"embeddable":true,"href":"https:\/\/www.europesays.com\/it\/wp-json\/wp\/v2\/users\/3"}],"replies":[{"embeddable":true,"href":"https:\/\/www.europesays.com\/it\/wp-json\/wp\/v2\/comments?post=342160"}],"version-history":[{"count":0,"href":"https:\/\/www.europesays.com\/it\/wp-json\/wp\/v2\/posts\/342160\/revisions"}],"wp:featuredmedia":[{"embeddable":true,"href":"https:\/\/www.europesays.com\/it\/wp-json\/wp\/v2\/media\/342161"}],"wp:attachment":[{"href":"https:\/\/www.europesays.com\/it\/wp-json\/wp\/v2\/media?parent=342160"}],"wp:term":[{"taxonomy":"category","embeddable":true,"href":"https:\/\/www.europesays.com\/it\/wp-json\/wp\/v2\/categories?post=342160"},{"taxonomy":"post_tag","embeddable":true,"href":"https:\/\/www.europesays.com\/it\/wp-json\/wp\/v2\/tags?post=342160"}],"curies":[{"name":"wp","href":"https:\/\/api.w.org\/{rel}","templated":true}]}}