{"id":342226,"date":"2026-02-07T09:18:11","date_gmt":"2026-02-07T09:18:11","guid":{"rendered":"https:\/\/www.europesays.com\/it\/342226\/"},"modified":"2026-02-07T09:18:11","modified_gmt":"2026-02-07T09:18:11","slug":"ecco-la-moda-del-liscio-il-documentario-che-racconta-lepoca-delle-grandi-serate-di-ballo-e-divertimento","status":"publish","type":"post","link":"https:\/\/www.europesays.com\/it\/342226\/","title":{"rendered":"Ecco &#8216;La Moda del Liscio&#8217;, il documentario che racconta l\u2019epoca delle grandi serate di ballo e divertimento"},"content":{"rendered":"<p>Tra balere, orchestre e spettacoli: arriva in streaming \u2018La moda del liscio\u2019, il documentario di Alessandra Stefani, che ricostruisce con memorie e interviste l\u2019epoca delle grandi serate di ballo e divertimento, tra le locande dell\u2019Emilia-Romagna e non solo. Il docufilm \u00e8 disponibile da luned\u00ec 9 febbraio su OpenDDB (tutte le informazioni sono sul sito: https:\/\/openddb.it\/film\/la-moda-del-liscio\/).<\/p>\n<p><a href=\"https:\/\/www.forlitoday.it\/dossier\/sociale\/liscio-romagnolo-giovani-scuole-sanremo-santa-balera.html\" target=\"_blank\" rel=\"nofollow noopener\">Dalle balere a Sanremo: cos\u00ec il liscio romagnolo rinasce con la Gen Z<\/a><\/p>\n<p>\u2018La moda del liscio\u2019 racconta una storia composita, articolata su grandi temi &#8211; il maestro di ballo, gli orchestrali, la cantante, il gestore di locali, le Tv, i sopravvissuti &#8211; che costituiscono l\u2019epica del liscio, la sua drammaturgia antieroica, la sua estetica velleitaria e kitsch. \u00c8 una storia corale, popolata di grandi figure (come quella di Raoul Casadei) ma soprattutto di orchestre, perch\u00e9 il liscio non \u00e8 un genere da solisti. E non si \u00e8 mai parlato, a proposito del liscio, di \u201cconcerti\u201d, ma sempre e soltanto di \u201cspettacoli\u201d, anche questi corali, ciascuno con le sue dinamiche di genere e i suoi costumi in cui si cita sempre l\u2019America.<\/p>\n<p>Questo documentario, attraverso repertori e interviste, con un\u2019attenzione rivolta verso la dimensione privata di quelli che furono i protagonisti, vuole ricostruire non una storia ma un sistema di ricordi, un memoriale intimo e allo stesso tempo pubblico di un paese che \u00e8 stato felice.<\/p>\n","protected":false},"excerpt":{"rendered":"Tra balere, orchestre e spettacoli: arriva in streaming \u2018La moda del liscio\u2019, il documentario di Alessandra Stefani, che&hellip;\n","protected":false},"author":3,"featured_media":342227,"comment_status":"","ping_status":"","sticky":false,"template":"","format":"standard","meta":{"footnotes":"","_share_on_mastodon":"0"},"categories":[1442],"tags":[203,454,204,1537,90,89,36057,1521],"class_list":["post-342226","post","type-post","status-publish","format-standard","has-post-thumbnail","category-film","tag-entertainment","tag-film","tag-intrattenimento","tag-it","tag-italia","tag-italy","tag-liscio","tag-movies"],"share_on_mastodon":{"url":"https:\/\/pubeurope.com\/@it\/116028604810345996","error":""},"_links":{"self":[{"href":"https:\/\/www.europesays.com\/it\/wp-json\/wp\/v2\/posts\/342226","targetHints":{"allow":["GET"]}}],"collection":[{"href":"https:\/\/www.europesays.com\/it\/wp-json\/wp\/v2\/posts"}],"about":[{"href":"https:\/\/www.europesays.com\/it\/wp-json\/wp\/v2\/types\/post"}],"author":[{"embeddable":true,"href":"https:\/\/www.europesays.com\/it\/wp-json\/wp\/v2\/users\/3"}],"replies":[{"embeddable":true,"href":"https:\/\/www.europesays.com\/it\/wp-json\/wp\/v2\/comments?post=342226"}],"version-history":[{"count":0,"href":"https:\/\/www.europesays.com\/it\/wp-json\/wp\/v2\/posts\/342226\/revisions"}],"wp:featuredmedia":[{"embeddable":true,"href":"https:\/\/www.europesays.com\/it\/wp-json\/wp\/v2\/media\/342227"}],"wp:attachment":[{"href":"https:\/\/www.europesays.com\/it\/wp-json\/wp\/v2\/media?parent=342226"}],"wp:term":[{"taxonomy":"category","embeddable":true,"href":"https:\/\/www.europesays.com\/it\/wp-json\/wp\/v2\/categories?post=342226"},{"taxonomy":"post_tag","embeddable":true,"href":"https:\/\/www.europesays.com\/it\/wp-json\/wp\/v2\/tags?post=342226"}],"curies":[{"name":"wp","href":"https:\/\/api.w.org\/{rel}","templated":true}]}}