{"id":342309,"date":"2026-02-07T10:26:09","date_gmt":"2026-02-07T10:26:09","guid":{"rendered":"https:\/\/www.europesays.com\/it\/342309\/"},"modified":"2026-02-07T10:26:09","modified_gmt":"2026-02-07T10:26:09","slug":"doppia-trasferta-a-firenze-per-le-pantere-contro-scandicci-sfida-scudetto","status":"publish","type":"post","link":"https:\/\/www.europesays.com\/it\/342309\/","title":{"rendered":"Doppia trasferta a Firenze per le Pantere: \u00abContro Scandicci sfida Scudetto\u00bb"},"content":{"rendered":"<p>Tour fiorentino per la Prosecco Doc A. Carraro Imoco Conegliano che al Pala BigMat giocher\u00e0 le prossime due sfide nel giro di tre giorni. Domenica 8 febbraio la super sfida alla Savino del Bene Scandicci per la decima giornata di ritorno \u00e8 clou per la Regular Season della Serie A1 Tigot\u00e0 (sar\u00e0 big match anche tra Novara e Milano).\u00a0<\/p>\n<p>Si gioca alle 17, all\u2019andata Wolosz e compagne vinsero al Palaverde per 3-1, poi a San Paolo nella finale del Mondiale si erano imposte le ragazze di coach Gaspari, con rivincita giallobl\u00f9 a Torino nell\u2019ultimo atto della Coppa Italia Frecciarossa. Domenica sar\u00e0 sfida per la vetta con Conegliano prima in classifica a 60 punti 4 in pi\u00f9 delle toscane dopo 22 giornate. Sono 43 i precedenti del match, in 37 occasioni ha avuto la meglio la compagine giallobl\u00f9. Coach Marco Gaspari \u00e8 l&#8217;allenatore ex a Conegliano dal 2012 al 2014, la palleggiatrice Marta Bechis ha invece giocato al Palaverde per 4 stagioni. Sono ex-Scandicci, invece, Isabelle Haak, Marina Lubian e Zhu Ting. Ad arbitrare il match ci saranno Brunelli e Zavater. Gara in diretta streaming su Dazn e Volleyballworld.tv, in abbonamento. Aggiornamenti live e interviste post-gara disponibili sui profili social di Imoco Volley. Dopo la partita di domenica le Pantere si fermeranno in Toscana per preparare il secondo appuntamento al Pala BigMat contro Il Bisonte Firenze marted\u00ec 10 febbraio, alle ore 19, valido per l\u201911esima giornata di ritorno di Regular Season della Serie A1 Tigot\u00e0.<\/p>\n<p><strong>IL COMMENTO<\/strong><\/p>\n<p>Coach Daniele Santarelli anticipa la doppia trasferta toscana con queste parole: \u00abAnche se giocheremo due test ravvicinati nella stessa citt\u00e0, le prossime due gare sono ben diverse una dall\u2019altra. Quella contro Scandicci \u00e8 una sfida dal sapore diverso: ci siamo gi\u00e0 affrontati in grandi sfide in questa stagione in tre competizioni diverse, in palio c\u2019\u00e8 il primato in campionato, ma questa volta giocheremo in casa loro in un palasport che sar\u00e0 caldissimo e che si preannuncia tutto esaurito. Sar\u00e0 una bellissima partita tra due squadre che si meritano di essere nelle prime due posizioni in classifica per quello che hanno dimostrato. La Savino del Bene \u00e8 reduce da una grande prestazione in Turchia contro il Vakif, noi abbiamo resettato dopo la vittoria di mercoled\u00ec. Scandicci avr\u00e0 di certo fame di avvicinarsi a noi in vista delle ultime tre giornate di campionato, ma \u00e8 una partita che mette in palio pi\u00f9 di tre punti, chi vincer\u00e0 avr\u00e0 dato una bella dimostrazione del suo valore a poche settimane dai play-off. Ringraziamo la societ\u00e0 ci ha dato la possibilit\u00e0 di restare a Firenze per preparare entrambe le sfide al meglio, vogliamo rispondere giocando la miglior pallavolo possibile e cercando di portare a casa i 3 punti\u00bb.<\/p>\n","protected":false},"excerpt":{"rendered":"Tour fiorentino per la Prosecco Doc A. Carraro Imoco Conegliano che al Pala BigMat giocher\u00e0 le prossime due&hellip;\n","protected":false},"author":3,"featured_media":215895,"comment_status":"","ping_status":"","sticky":false,"template":"","format":"standard","meta":{"footnotes":"","_share_on_mastodon":"0"},"categories":[1474],"tags":[1856,2266,96992,1537,90,89,2347,18406,245,244,1869],"class_list":["post-342309","post","type-post","status-publish","format-standard","has-post-thumbnail","category-volley","tag-campionato","tag-firenze","tag-imoco-volley","tag-it","tag-italia","tag-italy","tag-pallavolo","tag-serie-a1","tag-sport","tag-sports","tag-volley"],"share_on_mastodon":{"url":"https:\/\/pubeurope.com\/@it\/116028872017510659","error":""},"_links":{"self":[{"href":"https:\/\/www.europesays.com\/it\/wp-json\/wp\/v2\/posts\/342309","targetHints":{"allow":["GET"]}}],"collection":[{"href":"https:\/\/www.europesays.com\/it\/wp-json\/wp\/v2\/posts"}],"about":[{"href":"https:\/\/www.europesays.com\/it\/wp-json\/wp\/v2\/types\/post"}],"author":[{"embeddable":true,"href":"https:\/\/www.europesays.com\/it\/wp-json\/wp\/v2\/users\/3"}],"replies":[{"embeddable":true,"href":"https:\/\/www.europesays.com\/it\/wp-json\/wp\/v2\/comments?post=342309"}],"version-history":[{"count":0,"href":"https:\/\/www.europesays.com\/it\/wp-json\/wp\/v2\/posts\/342309\/revisions"}],"wp:featuredmedia":[{"embeddable":true,"href":"https:\/\/www.europesays.com\/it\/wp-json\/wp\/v2\/media\/215895"}],"wp:attachment":[{"href":"https:\/\/www.europesays.com\/it\/wp-json\/wp\/v2\/media?parent=342309"}],"wp:term":[{"taxonomy":"category","embeddable":true,"href":"https:\/\/www.europesays.com\/it\/wp-json\/wp\/v2\/categories?post=342309"},{"taxonomy":"post_tag","embeddable":true,"href":"https:\/\/www.europesays.com\/it\/wp-json\/wp\/v2\/tags?post=342309"}],"curies":[{"name":"wp","href":"https:\/\/api.w.org\/{rel}","templated":true}]}}