{"id":34300,"date":"2025-08-07T21:38:12","date_gmt":"2025-08-07T21:38:12","guid":{"rendered":"https:\/\/www.europesays.com\/it\/34300\/"},"modified":"2025-08-07T21:38:12","modified_gmt":"2025-08-07T21:38:12","slug":"la-fials-salerno-esprime-piena-soddisfazione","status":"publish","type":"post","link":"https:\/\/www.europesays.com\/it\/34300\/","title":{"rendered":"la Fials Salerno esprime piena soddisfazione"},"content":{"rendered":"<p>          Nota &#8211; Questo comunicato \u00e8 stato pubblicato integralmente come contributo esterno. Questo contenuto non \u00e8 pertanto un articolo prodotto dalla redazione di SalernoToday <\/p>\n<p>La segreteria provinciale <strong>Fials <\/strong><strong>di Salerno<\/strong> esprime piena soddisfazione per l\u2019attivazione della <a href=\"https:\/\/www.salernotoday.it\/benessere\/salute\/ictus-cerebrale-stroke-unit-polla-inaugurazione.html\" rel=\"nofollow noopener\" target=\"_blank\">Stroke Unit<\/a> presso il Presidio Ospedaliero di Polla, un traguardo di grande rilievo per il sistema sanitario dell\u2019area sud della provincia, in particolare per il comprensorio del Vallo di Diano. \u201cL\u2019apertura della Stroke Unit a Polla \u00e8 una notizia che accogliamo con entusiasmo. Si tratta di un passo concreto verso una sanit\u00e0 pi\u00f9 equa, capace di rispondere in maniera tempestiva ed efficace a patologie gravi come l\u2019ictus, che necessitano di interventi rapidi e altamente specializzati\u201d, dichiara Carlo Lopopolo, segretario generale della Fials Salerno.<\/p>\n<p>L\u2019attivazione di questa nuova unit\u00e0 dedicata al trattamento dell\u2019ictus rappresenta un importante avanzamento verso una sanit\u00e0 pubblica pi\u00f9 vicina ai bisogni reali del territorio, capace di garantire cure appropriate e ridurre sensibilmente i tempi di risposta clinica. Un risultato che valorizza l\u2019impegno sinergico della direzione strategica dell\u2019Asl Salerno, delle istituzioni locali e delle professionalit\u00e0 sanitarie coinvolte, alle quali la Fials rivolge il proprio sincero apprezzamento. \u201cQuesta iniziativa rafforza il ruolo strategico del Presidio di Polla all\u2019interno della rete ospedaliera provinciale &#8211; prosegue Lopopolo -. \u00c8 fondamentale offrire ai cittadini cure di qualit\u00e0 direttamente sul territorio, senza costringerli a spostamenti verso centri pi\u00f9 lontani, con disagi per le famiglie e sovraccarichi per le strutture centrali\u201d.<\/p>\n<p>La nuova Stroke Unit contribuir\u00e0 concretamente alla riduzione delle disuguaglianze assistenziali, assicurando cure specialistiche in loco per una popolazione spesso penalizzata dalla distanza dai grandi centri ospedalieri. Inoltre, essa rappresenta un esempio virtuoso di governance sanitaria che riconosce la centralit\u00e0 dei presidi periferici nella programmazione e nell\u2019equilibrio del sistema sanitario. \u201cLa Fials Salerno vigiler\u00e0 con attenzione affinch\u00e9 questo importante traguardo sia sostenuto da adeguate risorse, condizioni organizzative efficaci e dal giusto riconoscimento per gli operatori sanitari coinvolti &#8211; conclude Lopopolo -. L\u2019attivazione della Stroke Unit a Polla non deve essere considerata un punto di arrivo, ma l\u2019inizio di un percorso pi\u00f9 ampio di rafforzamento dell\u2019assistenza ospedaliera e territoriale nelle aree interne della nostra provincia\u201d.<\/p>\n<p>La Fials Salernitana continuer\u00e0 a sostenere con determinazione tutte le iniziative volte a garantire un\u2019assistenza sanitaria di prossimit\u00e0, efficiente e di qualit\u00e0 per tutti i cittadini del territorio salernitano.<\/p>\n<p>\u00a0<\/p>\n","protected":false},"excerpt":{"rendered":"Nota &#8211; Questo comunicato \u00e8 stato pubblicato integralmente come contributo esterno. Questo contenuto non \u00e8 pertanto un articolo&hellip;\n","protected":false},"author":3,"featured_media":34301,"comment_status":"","ping_status":"","sticky":false,"template":"","format":"standard","meta":{"footnotes":""},"categories":[1481],"tags":[2065,2066,32438,239,2063,2064,1537,90,89,812,32436,11150,240,32437,19075],"class_list":{"0":"post-34300","1":"post","2":"type-post","3":"status-publish","4":"format-standard","5":"has-post-thumbnail","7":"category-assistenza-sanitaria","8":"tag-assistenza-sanitaria","9":"tag-assistenzasanitaria","10":"tag-fials","11":"tag-health","12":"tag-health-care","13":"tag-healthcare","14":"tag-it","15":"tag-italia","16":"tag-italy","17":"tag-ospedale","18":"tag-polla","19":"tag-salerno","20":"tag-salute","21":"tag-stroke","22":"tag-unit"},"share_on_mastodon":{"url":"","error":""},"_links":{"self":[{"href":"https:\/\/www.europesays.com\/it\/wp-json\/wp\/v2\/posts\/34300","targetHints":{"allow":["GET"]}}],"collection":[{"href":"https:\/\/www.europesays.com\/it\/wp-json\/wp\/v2\/posts"}],"about":[{"href":"https:\/\/www.europesays.com\/it\/wp-json\/wp\/v2\/types\/post"}],"author":[{"embeddable":true,"href":"https:\/\/www.europesays.com\/it\/wp-json\/wp\/v2\/users\/3"}],"replies":[{"embeddable":true,"href":"https:\/\/www.europesays.com\/it\/wp-json\/wp\/v2\/comments?post=34300"}],"version-history":[{"count":0,"href":"https:\/\/www.europesays.com\/it\/wp-json\/wp\/v2\/posts\/34300\/revisions"}],"wp:featuredmedia":[{"embeddable":true,"href":"https:\/\/www.europesays.com\/it\/wp-json\/wp\/v2\/media\/34301"}],"wp:attachment":[{"href":"https:\/\/www.europesays.com\/it\/wp-json\/wp\/v2\/media?parent=34300"}],"wp:term":[{"taxonomy":"category","embeddable":true,"href":"https:\/\/www.europesays.com\/it\/wp-json\/wp\/v2\/categories?post=34300"},{"taxonomy":"post_tag","embeddable":true,"href":"https:\/\/www.europesays.com\/it\/wp-json\/wp\/v2\/tags?post=34300"}],"curies":[{"name":"wp","href":"https:\/\/api.w.org\/{rel}","templated":true}]}}