{"id":343070,"date":"2026-02-07T21:18:10","date_gmt":"2026-02-07T21:18:10","guid":{"rendered":"https:\/\/www.europesays.com\/it\/343070\/"},"modified":"2026-02-07T21:18:10","modified_gmt":"2026-02-07T21:18:10","slug":"sensazione-fantastica-ma-adesso-devo-fermarmi-di-nuovo-video","status":"publish","type":"post","link":"https:\/\/www.europesays.com\/it\/343070\/","title":{"rendered":"\u00abSensazione fantastica, ma adesso devo fermarmi di nuovo\u00bb. VIDEO"},"content":{"rendered":"\n<p>Gianluca Galassi prima saluta i tifosi che lo hanno festeggiato fin dall\u2019ingresso in campo, poi resta a parlare con Michieletto quindi arriva nella zona riservata ai giornalisti con un sorriso. Il suo utilizzo \u00e8 stata una sorpresa, visto che mancava da pi\u00f9 di un mese ed era reduce dall&#8217;operazione provocata dal tumore al testicolo.<\/p>\n<p><strong>Come \u00e8 stato sentirsi nuovamente un giocatore di pallavolo? Quali sono state le tue sensazioni?<\/strong><\/p>\n<p>\u00abE\u2019 difficile esprimerle, \u00e8 stato bellissimo. Ho vissuto una settimana e mezza intensa per ritrovare un po\u2019 di forma; dovevo provare, poi mi sono sentito bene e siamo partiti. Pensare che un mese fa esatto ero in un letto d\u2019ospedale mi fa emozionare. Abbiamo vinto una battaglia ma non una guerra. Ci sar\u00e0 altro da fare, questa \u00e8 stata una concessione dell\u2019oncologo e dell\u2019urologo ma dovr\u00f2 fermarmi ancora per un po\u2019. Sono stato felice di godermi questo week end di Coppa Italia e di ripartire, adesso ci vorr\u00e0 ancora un po\u2019 di pazienza per risolvere tutto definitivamente\u00bb.<\/p>\n<p><strong>La partita di oggi ti avr\u00e0 dato ulteriore forza.<\/strong><\/p>\n<p>\u00abQuella c\u2019\u00e8 sempre stata, chi mi conosce sa che affronto qualunque cosa con il sorriso e cos\u00ec \u00e8 anche in questo momento. Cercheremo di sistemare tutto il prima possibile\u00bb<\/p>\n","protected":false},"excerpt":{"rendered":"Gianluca Galassi prima saluta i tifosi che lo hanno festeggiato fin dall\u2019ingresso in campo, poi resta a parlare&hellip;\n","protected":false},"author":3,"featured_media":343071,"comment_status":"","ping_status":"","sticky":false,"template":"","format":"standard","meta":{"footnotes":"","_share_on_mastodon":"0"},"categories":[1474],"tags":[18202,24474,1537,90,89,245,244,1869],"class_list":["post-343070","post","type-post","status-publish","format-standard","has-post-thumbnail","category-volley","tag-gas-sales-bluenergy","tag-gianluca-galassi","tag-it","tag-italia","tag-italy","tag-sport","tag-sports","tag-volley"],"share_on_mastodon":{"url":"https:\/\/pubeurope.com\/@it\/116031435879011955","error":""},"_links":{"self":[{"href":"https:\/\/www.europesays.com\/it\/wp-json\/wp\/v2\/posts\/343070","targetHints":{"allow":["GET"]}}],"collection":[{"href":"https:\/\/www.europesays.com\/it\/wp-json\/wp\/v2\/posts"}],"about":[{"href":"https:\/\/www.europesays.com\/it\/wp-json\/wp\/v2\/types\/post"}],"author":[{"embeddable":true,"href":"https:\/\/www.europesays.com\/it\/wp-json\/wp\/v2\/users\/3"}],"replies":[{"embeddable":true,"href":"https:\/\/www.europesays.com\/it\/wp-json\/wp\/v2\/comments?post=343070"}],"version-history":[{"count":0,"href":"https:\/\/www.europesays.com\/it\/wp-json\/wp\/v2\/posts\/343070\/revisions"}],"wp:featuredmedia":[{"embeddable":true,"href":"https:\/\/www.europesays.com\/it\/wp-json\/wp\/v2\/media\/343071"}],"wp:attachment":[{"href":"https:\/\/www.europesays.com\/it\/wp-json\/wp\/v2\/media?parent=343070"}],"wp:term":[{"taxonomy":"category","embeddable":true,"href":"https:\/\/www.europesays.com\/it\/wp-json\/wp\/v2\/categories?post=343070"},{"taxonomy":"post_tag","embeddable":true,"href":"https:\/\/www.europesays.com\/it\/wp-json\/wp\/v2\/tags?post=343070"}],"curies":[{"name":"wp","href":"https:\/\/api.w.org\/{rel}","templated":true}]}}