{"id":343133,"date":"2026-02-07T22:12:10","date_gmt":"2026-02-07T22:12:10","guid":{"rendered":"https:\/\/www.europesays.com\/it\/343133\/"},"modified":"2026-02-07T22:12:10","modified_gmt":"2026-02-07T22:12:10","slug":"vanoli-un-allenatore-moderno-con-idee-evolute-non-vedo-come-la-fiorentina-possa-retrocedere","status":"publish","type":"post","link":"https:\/\/www.europesays.com\/it\/343133\/","title":{"rendered":"Vanoli un allenatore moderno con idee evolute, non vedo come la Fiorentina possa retrocedere"},"content":{"rendered":"<p><strong>Mauro Berruto<\/strong>, parlamentare, ex CT della Nazionale di Pallavolo e tifoso del <strong>Torino<\/strong>, \u00e8 intervenuto ai microfoni di Radio Bruno, durante il Pentasport, per parlare della sfida di stasera: \u201cDiciamo che <strong>Fiorentina<\/strong> e <strong>Torino<\/strong> sono gemellati anche a livello sportivo quest\u2019anno. Un campionato molto al di sotto delle aspettative, non considero i viola tra quelle che lotteranno per la retrocessione fino alla fine. Spero che sar\u00e0 cos\u00ec anche per il Torino, magari ci salveremo in maniera tranquilla\u201d.<\/p>\n<p>Su <strong>Vanoli<\/strong>. \u201c\u00c8 un amico, \u00e8 una persona che apprezzo e stimo molto. \u00c8 un allenatore della nuova generazione, ha idee evolute. Sospenderei il giudizio per questa stagione, entrare in corso in una situazione del genere \u00e8 veramente difficile. Considero bravo anche<strong> Baroni<\/strong>, ma qualcosa non \u00e8 scattato\u201d.<\/p>\n","protected":false},"excerpt":{"rendered":"Mauro Berruto, parlamentare, ex CT della Nazionale di Pallavolo e tifoso del Torino, \u00e8 intervenuto ai microfoni di&hellip;\n","protected":false},"author":3,"featured_media":343134,"comment_status":"","ping_status":"","sticky":false,"template":"","format":"standard","meta":{"footnotes":"","_share_on_mastodon":"0"},"categories":[1474],"tags":[54128,2263,1537,90,89,245,244,10352,1869],"class_list":["post-343133","post","type-post","status-publish","format-standard","has-post-thumbnail","category-volley","tag-berruto","tag-fiorentina","tag-it","tag-italia","tag-italy","tag-sport","tag-sports","tag-vanoli","tag-volley"],"share_on_mastodon":{"url":"https:\/\/pubeurope.com\/@it\/116031648085749376","error":""},"_links":{"self":[{"href":"https:\/\/www.europesays.com\/it\/wp-json\/wp\/v2\/posts\/343133","targetHints":{"allow":["GET"]}}],"collection":[{"href":"https:\/\/www.europesays.com\/it\/wp-json\/wp\/v2\/posts"}],"about":[{"href":"https:\/\/www.europesays.com\/it\/wp-json\/wp\/v2\/types\/post"}],"author":[{"embeddable":true,"href":"https:\/\/www.europesays.com\/it\/wp-json\/wp\/v2\/users\/3"}],"replies":[{"embeddable":true,"href":"https:\/\/www.europesays.com\/it\/wp-json\/wp\/v2\/comments?post=343133"}],"version-history":[{"count":0,"href":"https:\/\/www.europesays.com\/it\/wp-json\/wp\/v2\/posts\/343133\/revisions"}],"wp:featuredmedia":[{"embeddable":true,"href":"https:\/\/www.europesays.com\/it\/wp-json\/wp\/v2\/media\/343134"}],"wp:attachment":[{"href":"https:\/\/www.europesays.com\/it\/wp-json\/wp\/v2\/media?parent=343133"}],"wp:term":[{"taxonomy":"category","embeddable":true,"href":"https:\/\/www.europesays.com\/it\/wp-json\/wp\/v2\/categories?post=343133"},{"taxonomy":"post_tag","embeddable":true,"href":"https:\/\/www.europesays.com\/it\/wp-json\/wp\/v2\/tags?post=343133"}],"curies":[{"name":"wp","href":"https:\/\/api.w.org\/{rel}","templated":true}]}}