{"id":343346,"date":"2026-02-08T01:15:11","date_gmt":"2026-02-08T01:15:11","guid":{"rendered":"https:\/\/www.europesays.com\/it\/343346\/"},"modified":"2026-02-08T01:15:11","modified_gmt":"2026-02-08T01:15:11","slug":"cosa-sappiamo-di-quanto-accaduto-a-bologna-e-pesaro","status":"publish","type":"post","link":"https:\/\/www.europesays.com\/it\/343346\/","title":{"rendered":"cosa sappiamo di quanto accaduto a Bologna e Pesaro"},"content":{"rendered":"<p>Giornata di<a href=\"https:\/\/www.bolognatoday.it\/cronaca\/circolazione-treni-ritardi-oggi.html\" target=\"_blank\" rel=\"nofollow noopener\"> caos e disagi per i treni <\/a>quella di sabato 7 febbraio. Tre i presunti attentati registrati. Non ci sono ancora rivendicazioni, ma ormai sul dolo paiono non esserci molti dubbi. Sarebbe volontario l&#8217;incendio appiccato vicino alla stazione di Pesaro, come il presunto ordigno sulla tratta ferroviaria Bologna-Padova. Idem i cavi tranciati sull&#8217;Alta Velocit\u00e0, sempre nel Bolognese.<\/p>\n<p>Da met\u00e0 mattinata odierna si sono registrati forti ritardi lungo binari, a diverse latitudini del Paese, proprio mentre gli occhi del mondo erano addosso all&#8217;Italia per le Olimpiadi invernali.\u00a0<\/p>\n<p>Sulla linea Bologna-Firenze, dopo la mattinata congestionata, la viabilit\u00e0 \u00e8 tornata via via in graduale ripresa. Sulla Bologna-Ancona, invece, ancora alle ore 19.30 si registravano criticit\u00e0 <a href=\"https:\/\/www.trenitalia.com\/it\/informazioni\/Infomobilita\/notizie-infomobilita.html\" target=\"_blank\" rel=\"nofollow noopener\">(Qui le info sui treni in tempo reale)<\/a>.<\/p>\n<p><a href=\"https:\/\/www.bolognatoday.it\/dossier\/\" target=\"_blank\" rel=\"nofollow noopener\"><strong>Registrati alla sezione Dossier BolognaToday<\/strong><\/a>\u00a0<\/p>\n<p>Presunto attentato treni e la pista anarco-antagonista in occasione delle Olimpiadi<\/p>\n<p>A Bologna, sulla bretella ferroviaria di collegamento tra la linea Bologna-Venezia e la stazione AV, i tecnici di Rete Ferroviaria Italiana hanno accertato &#8211; come riposta l&#8217;Agenzia Dire &#8211; il danneggiamento doloso di alcuni cavi essenziali per i sistemi di circolazione. L\u2019anomalia ha causato la sospensione del traffico e la deviazione dei treni ad Alta Velocit\u00e0 sulla linea convenzionale di superficie. Sui binari sarebbe stato trovato anche un ordigno artigianale. \u00f9<\/p>\n<p>Sul posto sono intervenuti polizia, scientifica e artificieri. Conclusi i rilievi alle ore 11, il personale tecnico di Rfi ha operato per il ripristino dell\u2019infrastruttura, consentendo la riattivazione della circolazione alle 12.30.<\/p>\n<p>Un secondo episodio si \u00e8 verificato sulla linea Ancona\u2013Rimini, nei pressi di Pesaro, dove un incendio doloso ha interessato una cabina elettrica dedicata alla movimentazione di uno scambio. Anche in questo caso sono intervenuti vigili del fuoco e forze dell\u2019ordine. I tecnici sono riusciti a ripristinare uno dei due binari, permettendo una ripresa parziale della circolazione, mentre proseguivano le attivit\u00e0 per il completo ripristino dell\u2019infrastruttura.<\/p>\n<p>La questura ipotizza il dolo, anche se non vi \u00e8 stata alcuna rivendicazione. Le indagini sono in corso per chiarire la dinamica dei fatti. Le prime ipotesi investigative che serpeggiano parlano di azioni riconducibili all&#8217;area anarco-antagonista in occasione del debutto delle Olimpiadi invernali di Milano-Cortina.<\/p>\n<p>De Pasacale: \u201cCompromesso un servizio pubblico essenziale\u201d<\/p>\n<p>Sul caso sono intervenuti a caldo il presidente della Regione Emilia-Romagna, Michele de Pascale, e l\u2019assessora regionale a Mobilit\u00e0 e Trasporti Irene Priolo, che in una nota hanno fatto sapere: \u201cQuanto accaduto questa mattina nel nodo ferroviario di Bologna e sulla linea Ancona-Rimini, in prossimit\u00e0 di Pesaro, sono fatti molto gravi, che condanniamo con fermezza\u201d.\u00a0<\/p>\n<p>Colpire un\u2019infrastruttura strategica \u201csignifica &#8211; aggiunge il governatore &#8211; creare disagi a migliaia di persone e compromettere un servizio pubblico essenziale. Siamo in contatto con Trenitalia Tper e con i soggetti competenti per seguire l\u2019evoluzione della situazione. Al momento il danno alla linea, che intercetta sia i treni regionali che quelli ad Alta velocit\u00e0, \u00e8 stato ripristinato e si sta cercando di garantire al pi\u00f9 presto la piena operativit\u00e0 della rete. Esprimiamo piena fiducia nel lavoro delle autorit\u00e0 affinch\u00e9 venga fatta chiarezza sull\u2019accaduto e ringraziamo il personale che \u00e8 intervenuto con tempestivit\u00e0 per limitare i disagi ai viaggiatori\u201d. \u00a0<\/p>\n<p>Salvini: \u201cBoicottaggi e veri e propri atti di terrorismo\u201d<\/p>\n<p>Anche il ministro dei trasporti Matteo Salvini interviene sul fatto: \u201cGravissimo. Tra scioperi selvaggi, blocchi dei binari e delle stazioni, boicottaggi e veri e propri atti di terrorismo, le provano tutte per danneggiare l&#8217;Italia&#8221;.<\/p>\n<p>&#8220;L&#8217;Italia fatta dalle persone di buona volont\u00e0 corre, come dimostrano queste straordinarie Olimpiadi fortemente volute dalla Lega, perch\u00e9 \u00e8 piu forte dell&#8217;odio e della violenza di pochi criminali. E nessuno pi\u00f9 li giustifichi o li chiami &#8216;bravi ragazzi&#8217;&#8230; Avanti, senza paura&#8221;, conclude con un monito il vicepremier.<\/p>\n<p><a href=\"https:\/\/www.whatsapp.com\/channel\/0029VaFTNtmJZg42JhtfaO0x\" target=\"_blank\" rel=\"nofollow noopener\">Iscriviti al canale Whatsapp di BolognaToday<\/a><\/p>\n<p>(Foto archivio)<\/p>\n","protected":false},"excerpt":{"rendered":"Giornata di caos e disagi per i treni quella di sabato 7 febbraio. Tre i presunti attentati registrati.&hellip;\n","protected":false},"author":3,"featured_media":343347,"comment_status":"","ping_status":"","sticky":false,"template":"","format":"standard","meta":{"footnotes":"","_share_on_mastodon":"0"},"categories":[79],"tags":[48780,14,93,94,29149,1537,90,89,7,15,5917,32665,48450,17650,41309,11,84,91,12,85,92],"class_list":["post-343346","post","type-post","status-publish","format-standard","has-post-thumbnail","category-italia","tag-attentati","tag-cronaca","tag-cronaca-italiana","tag-cronacaitaliana","tag-ferrovie","tag-it","tag-italia","tag-italy","tag-news","tag-notizie","tag-olimpiadi","tag-ritardi","tag-sabotaggio","tag-treni","tag-trenitalia","tag-ultime-notizie","tag-ultime-notizie-e-news-di-oggi","tag-ultime-notizie-italia","tag-ultimenotizie","tag-ultimenotizieenewsdioggi","tag-ultimenotizieitalia"],"share_on_mastodon":{"url":"https:\/\/pubeurope.com\/@it\/116032367775315932","error":""},"_links":{"self":[{"href":"https:\/\/www.europesays.com\/it\/wp-json\/wp\/v2\/posts\/343346","targetHints":{"allow":["GET"]}}],"collection":[{"href":"https:\/\/www.europesays.com\/it\/wp-json\/wp\/v2\/posts"}],"about":[{"href":"https:\/\/www.europesays.com\/it\/wp-json\/wp\/v2\/types\/post"}],"author":[{"embeddable":true,"href":"https:\/\/www.europesays.com\/it\/wp-json\/wp\/v2\/users\/3"}],"replies":[{"embeddable":true,"href":"https:\/\/www.europesays.com\/it\/wp-json\/wp\/v2\/comments?post=343346"}],"version-history":[{"count":0,"href":"https:\/\/www.europesays.com\/it\/wp-json\/wp\/v2\/posts\/343346\/revisions"}],"wp:featuredmedia":[{"embeddable":true,"href":"https:\/\/www.europesays.com\/it\/wp-json\/wp\/v2\/media\/343347"}],"wp:attachment":[{"href":"https:\/\/www.europesays.com\/it\/wp-json\/wp\/v2\/media?parent=343346"}],"wp:term":[{"taxonomy":"category","embeddable":true,"href":"https:\/\/www.europesays.com\/it\/wp-json\/wp\/v2\/categories?post=343346"},{"taxonomy":"post_tag","embeddable":true,"href":"https:\/\/www.europesays.com\/it\/wp-json\/wp\/v2\/tags?post=343346"}],"curies":[{"name":"wp","href":"https:\/\/api.w.org\/{rel}","templated":true}]}}