{"id":343669,"date":"2026-02-08T07:33:08","date_gmt":"2026-02-08T07:33:08","guid":{"rendered":"https:\/\/www.europesays.com\/it\/343669\/"},"modified":"2026-02-08T07:33:08","modified_gmt":"2026-02-08T07:33:08","slug":"referendum-la-telefonata-di-meloni-a-mattarella-poi-il-via-libera-del-colle-che-chiede-rispetto-per-la-cassazione","status":"publish","type":"post","link":"https:\/\/www.europesays.com\/it\/343669\/","title":{"rendered":"Referendum, la telefonata di Meloni a Mattarella. Poi il via libera del Colle che chiede \u00abrispetto\u00bb per la Cassazione"},"content":{"rendered":"<p>    di<br \/>\n    Paola Di Caro<\/p>\n<p class=\"summary-art is-line-h-12\">La contromossa della leader e il dialogo con il Quirinale<\/p>\n<p class=\"chapter-paragraph\">Non ha avuto il minimo dubbio<b> Giorgia Meloni<\/b> nel convocare il Consiglio dei ministri ieri mattina per<a href=\"https:\/\/roma.corriere.it\/notizie\/politica\/26_febbraio_07\/giustizia-consiglio-dei-ministri-a-sorpresa-sul-referendum-0a59e4be-f284-4c31-8886-ecd60372axlk.shtml\" title=\"Referendum Giustizia, la data non cambia: Mattarella firma il decreto. Bignami contro la Cassazione: \u00ab\u00c8 schiarata con il no\u00bb\" rel=\"nofollow noopener\" target=\"_blank\"> modificare il testo del quesito referendario<\/a> in tutta fretta, poche ore dopo la <a href=\"https:\/\/roma.corriere.it\/notizie\/cronaca\/26_febbraio_06\/referendum-cassazione-nuovo-data-fa33aded-92a9-44ec-85d1-eeeb5c733xlk.shtml\" title=\"Referendum, la Cassazione ammette il nuovo quesito. Ripartono i termini e la data del voto rischia di slittare\" rel=\"nofollow noopener\" target=\"_blank\">decisione della  Cassazione.<\/a> E questo perch\u00e9, gi\u00e0 venerd\u00ec, erano arrivate in qualche modo <b>rassicurazioni dal Quirinale<\/b> che non ci sarebbero stati problemi nel <b>ritoccare<\/b> la spiegazione delle norme costituzionali che si andavano a cambiare con la riforma. Quindi <a href=\"https:\/\/roma.corriere.it\/notizie\/politica\/26_febbraio_07\/nordio-rinvio-referendum-decreto-intervista-817b126c-080d-4bb9-b313-49c7490bfxlk.shtml\" title=\"Nordio: \u00abSe ci sar\u00e0 un rinvio del referendum sar\u00e0 molto breve. Il decreto? Dopo le Br batteremo i teppisti\u00bb\" rel=\"nofollow noopener\" target=\"_blank\">senza necessit\u00e0 di spostare la data del referendum<\/a> pi\u00f9 avanti, come avrebbe voluto il fronte del No. Ma <b>rispettando \u00abi giudici della Cassazione\u00bb<\/b>, ha preteso il presidente, senza attacchi alla magistratura.<\/p>\n<p class=\"chapter-paragraph\">\u00a0Venerd\u00ec infatti praticamente tutti i ministri e la stessa premier si sono ritrovati a Milano per la <a href=\"https:\/\/roma.corriere.it\/notizie\/politica\/26_febbraio_06\/giornata-premier-meloni-00675faf-558a-475f-b618-e8edc37f1xlk.shtml\" title=\"La giornata di corsa della premier Meloni tra gli incontri e il \u00abblitz\u00bb a Rogoredo\" rel=\"nofollow noopener\" target=\"_blank\">cerimonia di inaugurazione delle Olimpiadi<\/a> invernali, e c\u2019\u00e8 stato modo di avviare contatti informali in diretta con la decisione della Cassazione. Nulla quaestio per il <b>capo dello Stato<\/b> che, presidente del Csm, ex componente della Corte costituzionale \u2014 come fanno notare pi\u00f9 ministri \u2014 <b>ha sicuramente \u00abcontezza\u00bb<\/b> della correttezza dell\u2019agire del governo.    &#13;<br \/>\n&#13;<br \/>\n&#13;<br \/>\n&#13;<br \/>\n&#13;<br \/>\n&#13;<br \/>\n&#13;<br \/>\n&#13;<br \/>\n&#13;<br \/>\n&#13;<br \/>\n&#13;<br \/>\n&#13;<br \/>\n&#13;<br \/>\n&#13;<br \/>\n&#13;<br \/>\n&#13;<br \/>\n&#13;<br \/>\n&#13;<br \/>\n&#13;<br \/>\n&#13;<br \/>\n&#13;<br \/>\n&#13;<br \/>\n&#13;<br \/>\n&#13;<br \/>\n&#13;<br \/>\n&#13;<br \/>\n&#13;<br \/>\n&#13;<br \/>\n&#13;<br \/>\n&#13;<br \/>\n&#13;<br \/>\n&#13;<br \/>\n&#13;<br \/>\n&#13;<br \/>\n&#13;<br \/>\n&#13;<br \/>\n&#13;<br \/>\n&#13;<br \/>\n&#13;<br \/>\n&#13;<br \/>\n&#13;<br \/>\n&#13;<br \/>\n&#13;<br \/>\n&#13;<br \/>\n&#13;<br \/>\n&#13;<br \/>\n&#13;<br \/>\n&#13;<br \/>\n&#13;<br \/>\n&#13;<br \/>\n&#13;<br \/>\n&#13;<br \/>\n&#13;\n<\/p>\n<p class=\"chapter-paragraph\">\u00a0In ogni caso,<b> una telefonata formale<\/b> c\u2019\u00e8 stata ieri mattina<b>: <\/b><a href=\"https:\/\/www.corriere.it\/politica\/26_febbraio_06\/spiegazioni-meno-tecniche-e-piu-comprensibili-la-campagna-di-meloni-per-far-capire-la-riforma-6f5931fe-3044-4b8b-98e7-44009031dxlk.shtml\" title=\"Spiegazioni \u00abmeno tecniche e pi\u00f9 comprensibili\u00bb. La campagna di Meloni per far capire la riforma\" rel=\"nofollow noopener\" target=\"_blank\">Giorgia Meloni<\/a><b> ha chiamato il presidente<\/b> e ha annunciato la volont\u00e0 del governo di correggere il testo come chiedevano i ricorrenti in Cassazione senza che questo portasse a uno slittamento del referendum. E <b>Mattarella ha dato il via libera<\/b>, firmando il decreto subito dopo il varo di Palazzo Chigi.<br \/>\u00a0<br \/>D\u2019altra parte, raccontano, dal Quirinale avevano gi\u00e0 suggerito \u2014 in occasione del precedente decreto che istituiva <a href=\"https:\/\/roma.corriere.it\/notizie\/cronaca\/26_gennaio_28\/referendum-sulla-giustizia-il-tar-del-lazio-respinge-il-ricorso-sulla-data-si-vota-il-22-e-23-marzo-01bd2fef-eb02-4d38-8391-3b758d709xlk.shtml\" title=\"Referendum sulla giustizia, il Tar del Lazio respinge il ricorso sulla data: si vota il 22 e 23 marzo. Il ministro Nordio: \u00abSoddisfatto della sentenza\u00bb\" rel=\"nofollow noopener\" target=\"_blank\">la data del referendum per il 22 e 23 marzo<\/a> \u2014 di <b>non iniziare a stampare le schede elettorali<\/b> fino a quando la Cassazione non si fosse espressa sul ricorso: il rischio di dover modificare il testo aggiungendo la specifica indicazione degli articoli della Costituzione era concreto, e ci sarebbe stato uno<b> spreco di denaro pubblico,<\/b> se non addirittura un danno erariale.<\/p>\n<p class=\"chapter-paragraph\">Quindi <b>non ci sono state particolari tensioni nel governo.<\/b> N\u00e9 ci sono ora preoccupazioni per un eventuale nuovo ricorso di fronte al Tar e poi eventualmente alla Corte costituzionale. \u00ab<a href=\"https:\/\/roma.corriere.it\/notizie\/politica\/26_febbraio_06\/schlein-riformisti-scontro-1cce3b07-9c25-405e-bf84-d89a02c9cxlk.shtml\" title=\"\u00abLa linea del Pd \u00e8 una\u00bb. \u00abCi rispetti\u00bb. Schlein-riformisti, \u00e8 scontro aperto\" rel=\"nofollow noopener\" target=\"_blank\">Quelli del No<\/a> sanno benissimo \u2014 hanno ragionato in cdm \u2014 che<b> con la firma di Mattarella la questione \u00e8 pressoch\u00e9 chiusa<\/b>. Chi si metterebbe contro di lui? E anche nella Consulta, cinque componenti sono stati nominati dal capo dello Stato e cinque da noi del centrodestra&#8230; Difficile che vadano contro la decisione del presidente, il tutto solo per prendere tempo e far votare il nuovo Csm con la vecchia legge\u00bb.<\/p>\n<p class=\"chapter-paragraph\">\u00a0Ragionamenti fatti da tutti, con il sigillo di esperti magistrati come il ministro Nordio e il sottosegretario alla presidenza del Consiglio Mantovano. E per\u00f2 <b>Mattarella ha fatto sapere, <\/b>ufficiosamente in pubblico e direttamente in privato, con chiarezza, che se la decisione del governo \u00e8 \u00abgiuridicamente ineccepibile\u00bb, perch\u00e9 il quesito non \u00e8 stato modificato ma \u00absolamente integrato\u00bb, deve essere altrettanto chiaro che <b>va \u00abrispettata la Cassazione e le sue decisioni\u00bb.<\/b><\/p>\n<p class=\"chapter-paragraph\">\u00a0Niente attacchi ai giudici insomma, nonostante in Consiglio dei ministri si sia parlato eccome di \u00abun giudice della Cassazione che fa parte del comitato del No e una che \u00e8 un ex Pd\u00bb. Per\u00f2, \u00e8 stato in sostanza il tacito patto, <b>nessuno dal governo sarebbe dovuto intervenire per delegittimare i magistrati,<\/b> e non si sarebbe dovuta usare la decisione del capo dello Stato come un\u2019arma. E infatti, <b>nessun ministro \u00e8 intervenuto <\/b>per attaccare la Cassazione, anche se il compito \u00e8 stato svolto eccome dagli esponenti di partito: \u00abQuella \u2014 spiega un ministro di peso \u2014 \u00e8 per\u00f2 <b>la normale dialettica politica<\/b>, chi attacca, chi contrattacca, come su ogni tema.  Ma noi ne restiamo fuori. <b>Non conviene in questo passaggio alzare i toni<\/b>\u00bb.<\/p>\n<p class=\"chapter-paragraph\">\u00a0Insomma, dal Quirinale ci si augura una <a href=\"https:\/\/www.corriere.it\/politica\/26_febbraio_05\/referendum-condizionato-dallo-spettro-del-non-voto-ec3c15fc-445e-4560-875c-0c703ffbfxlk.shtml\" title=\"Referendum condizionato dallo spettro del non voto\" rel=\"nofollow noopener\" target=\"_blank\">campagna elettorale i cui toni restino rispettosi<\/a>, senza alcuna guerra alla magistratura, ogni potere dello Stato deve essere tutelato e non essere trascinato nell\u2019agone di un voto che \u00e8 il pi\u00f9 importante prima delle Politiche. E potrebbe avere conseguenze, anche se in cdm ci sarebbe stato un certo ottimismo sull\u2019<a href=\"https:\/\/roma.corriere.it\/notizie\/cronaca\/26_febbraio_04\/il-sondaggio-referendum-sulla-giustizia-ora-e-testa-a-testa-5fda6a77-8ff8-4e11-a6f3-07e78a811xlk.shtml\" title=\"Il sondaggio: referendum sulla Giustizia, ora \u00e8 testa a testa\" rel=\"nofollow noopener\" target=\"_blank\">esito finale<\/a>: una vittoria del S\u00ec. Che comunque va costruita, passo dopo passo.<\/p>\n<p class=\"is-mr-t-20 is-mr-b-20\"><b><br \/>\n                    <a href=\"https:\/\/roma.corriere.it\/?intcmp=Notizielocali_nd_010623_corriere_ss_roma\" target=\"_blank\" rel=\"nofollow noopener\">Vai a tutte le notizie di Roma<\/a><br \/>\n            <\/b><\/p>\n<p class=\"chapter-paragraph\"><b><a href=\"https:\/\/www.corriere.it\/newsletter\/?theme=52&amp;intcmp=NL-artic_nd_050624_corriere_ss_roma\" target=\"_blank\" rel=\"nofollow noopener\">Iscriviti alla newsletter di Corriere Roma<\/a><\/b><\/p>\n<p class=\"is-last-update\" datetime=\"2026-02-07T22:00:47+01:00\">8 febbraio 2026<\/p>\n<p class=\"is-copyright\">\n            \u00a9 RIPRODUZIONE RISERVATA\n        <\/p>\n","protected":false},"excerpt":{"rendered":"di Paola Di Caro La contromossa della leader e il dialogo con il Quirinale Non ha avuto il&hellip;\n","protected":false},"author":3,"featured_media":343670,"comment_status":"","ping_status":"","sticky":false,"template":"","format":"standard","meta":{"footnotes":"","_share_on_mastodon":"0"},"categories":[79],"tags":[787,777,10294,20694,631,2336,2337,2338,14,93,94,80793,7881,166164,1368,200226,2582,184945,1346,125,126,2431,7378,1537,90,89,2504,2422,56,20322,4557,58,2908,48367,200227,7,15,68,135,179,168756,8863,2517,406,30054,2454,11,84,91,12,85,92],"class_list":["post-343669","post","type-post","status-publish","format-standard","has-post-thumbnail","category-italia","tag-attacchi","tag-capo","tag-cassazione","tag-cdm","tag-cinque","tag-corte","tag-corte-costituzionale","tag-costituzionale","tag-cronaca","tag-cronaca-italiana","tag-cronacaitaliana","tag-csm","tag-data","tag-data-referendum","tag-decisione","tag-decisione-cassazione","tag-decreto","tag-eccome","tag-fronte","tag-giorgia","tag-giorgia-meloni","tag-giudici","tag-insomma","tag-it","tag-italia","tag-italy","tag-libera","tag-magistrati","tag-magistratura","tag-mattarella","tag-mattina","tag-meloni","tag-ministri","tag-modificare","tag-modificare-testo","tag-news","tag-notizie","tag-passo","tag-presidente","tag-pubblico","tag-quesito","tag-quirinale","tag-referendum","tag-ricorso","tag-telefonata","tag-testo","tag-ultime-notizie","tag-ultime-notizie-e-news-di-oggi","tag-ultime-notizie-italia","tag-ultimenotizie","tag-ultimenotizieenewsdioggi","tag-ultimenotizieitalia"],"share_on_mastodon":{"url":"","error":"Validation failed: Text character limit of 500 exceeded"},"_links":{"self":[{"href":"https:\/\/www.europesays.com\/it\/wp-json\/wp\/v2\/posts\/343669","targetHints":{"allow":["GET"]}}],"collection":[{"href":"https:\/\/www.europesays.com\/it\/wp-json\/wp\/v2\/posts"}],"about":[{"href":"https:\/\/www.europesays.com\/it\/wp-json\/wp\/v2\/types\/post"}],"author":[{"embeddable":true,"href":"https:\/\/www.europesays.com\/it\/wp-json\/wp\/v2\/users\/3"}],"replies":[{"embeddable":true,"href":"https:\/\/www.europesays.com\/it\/wp-json\/wp\/v2\/comments?post=343669"}],"version-history":[{"count":0,"href":"https:\/\/www.europesays.com\/it\/wp-json\/wp\/v2\/posts\/343669\/revisions"}],"wp:featuredmedia":[{"embeddable":true,"href":"https:\/\/www.europesays.com\/it\/wp-json\/wp\/v2\/media\/343670"}],"wp:attachment":[{"href":"https:\/\/www.europesays.com\/it\/wp-json\/wp\/v2\/media?parent=343669"}],"wp:term":[{"taxonomy":"category","embeddable":true,"href":"https:\/\/www.europesays.com\/it\/wp-json\/wp\/v2\/categories?post=343669"},{"taxonomy":"post_tag","embeddable":true,"href":"https:\/\/www.europesays.com\/it\/wp-json\/wp\/v2\/tags?post=343669"}],"curies":[{"name":"wp","href":"https:\/\/api.w.org\/{rel}","templated":true}]}}