{"id":343700,"date":"2026-02-08T08:14:11","date_gmt":"2026-02-08T08:14:11","guid":{"rendered":"https:\/\/www.europesays.com\/it\/343700\/"},"modified":"2026-02-08T08:14:11","modified_gmt":"2026-02-08T08:14:11","slug":"sky-controrivoluzione-inter-contro-il-sassuolo-tornano-in-nove-avanti","status":"publish","type":"post","link":"https:\/\/www.europesays.com\/it\/343700\/","title":{"rendered":"Sky &#8211; Controrivoluzione Inter, contro il Sassuolo tornano in nove. Avanti&#8230;"},"content":{"rendered":"<p>Chi ci sar\u00e0 di sicuro contro i neroverdi \u00e8 Lautaro che \u00e8 ad un gol da Boninsegna al terzo posto del podio dei marcatori pi\u00f9 prolifici della storia nerazzurra con 171 gol <\/p>\n<p>Sar\u00e0 controrivoluzione. Contro il Sassuolo, <strong>l&#8217;Inter<\/strong> torna in campo con nove cambi rispetto alla formazione che ha affrontato in Coppa Italia il Torino. Tornano in campo i giocatori che hanno riposato nella partita giocata in settimana a Monza: da <strong>Sommer<\/strong> a <strong>Bisseck.<\/strong> E poi <strong>Akanji, Bastoni, Luis Henrique, Sucic, Dimarco e Lautaro<\/strong>. Restano solo <strong>Mkhitaryan<\/strong> e <strong>Thuram<\/strong> che comunque \u00e8 in vantaggio su <strong>Esposito<\/strong> per una maglia in attacco. Assenti <strong>Dumfries<\/strong>, <a href=\"https:\/\/www.fcinter1908.it\/news\/infortuni\/sky-inter-novita-sul-rientro-di-calhanoglu-ha-detto-ad-alcuni-tifosi-che-tornera-con\/\" rel=\"nofollow noopener\" target=\"_blank\"><strong>Calhanoglu<\/strong><\/a>e <strong>Barella<\/strong>. Il turco per\u00f2 punta la Juve.<\/p>\n<p>Chi ci sar\u00e0 sicuramente a Reggio Emilia \u00e8 il capitano: Lautaro Martinez che \u00e8 ad un gol da Boninsegna terzo, con 171 gol, nella classifica marcatori di tutti i tempi dell&#8217;Inter.<\/p>\n<p>&#8220;L&#8217;argentino sta scrivendo pagine importanti. In stagione &#8211; spiegano a Skysport &#8211; \u00e8 a quota 17 gol e 13 li ha segnati in campionato. 13 sono i precedenti contro i neroverdi: 7 vinte, 2 pari e 4 perse. Questa \u00e8 una partita imprevedibile. L&#8217;Inter contro la formazione emiliana ha perso il 43% delle sfide giocate contro i neroverdi in Serie A: 10 gare su 23, due delle ultime tre. Chivu dovr\u00e0 stare attento e per continuare la fuga servir\u00e0 la migliore formazione possibile&#8221;.\u00a0<\/p>\n<p>Sarebbe quindi questa la formazione titolare che <strong>Chivu<\/strong> potrebbe schierare contro la formazione di Fabio Grosso (pure lui ex Inter):<\/p>\n<p><strong>Sommer; Bisseck, Akanji, Bastoni; Luis Henrique, Sucic, Zielinski, Mkhitaryan, Dimarco; Thuram, Lautaro.\u00a0<\/strong><\/p>\n<p class=\"is-copyright\">\u00a9 RIPRODUZIONE RISERVATA<\/p>\n","protected":false},"excerpt":{"rendered":"Chi ci sar\u00e0 di sicuro contro i neroverdi \u00e8 Lautaro che \u00e8 ad un gol da Boninsegna al&hellip;\n","protected":false},"author":3,"featured_media":343701,"comment_status":"","ping_status":"","sticky":false,"template":"","format":"standard","meta":{"footnotes":"","_share_on_mastodon":"0"},"categories":[1452],"tags":[55649,171133,200248,765,19898,200249,200250,14753,171135,199040,26174,200251,721,921,2839,1740,1974,1976,350,1537,90,89,5826,155282,1739,245,244],"class_list":["post-343700","post","type-post","status-publish","format-standard","has-post-thumbnail","category-calcio","tag-akanji","tag-akanji-bastoni","tag-akanji-bastoni-luis","tag-attacco","tag-bastoni","tag-bastoni-luis","tag-bastoni-luis-henrique","tag-bisseck","tag-bisseck-akanji","tag-bisseck-akanji-bastoni","tag-boninsegna","tag-boninsegna-terzo","tag-calcio","tag-campo","tag-chivu","tag-football","tag-formazione","tag-gol","tag-inter","tag-it","tag-italia","tag-italy","tag-lautaro","tag-neroverdi","tag-soccer","tag-sport","tag-sports"],"share_on_mastodon":{"url":"https:\/\/pubeurope.com\/@it\/116034015284004609","error":""},"_links":{"self":[{"href":"https:\/\/www.europesays.com\/it\/wp-json\/wp\/v2\/posts\/343700","targetHints":{"allow":["GET"]}}],"collection":[{"href":"https:\/\/www.europesays.com\/it\/wp-json\/wp\/v2\/posts"}],"about":[{"href":"https:\/\/www.europesays.com\/it\/wp-json\/wp\/v2\/types\/post"}],"author":[{"embeddable":true,"href":"https:\/\/www.europesays.com\/it\/wp-json\/wp\/v2\/users\/3"}],"replies":[{"embeddable":true,"href":"https:\/\/www.europesays.com\/it\/wp-json\/wp\/v2\/comments?post=343700"}],"version-history":[{"count":0,"href":"https:\/\/www.europesays.com\/it\/wp-json\/wp\/v2\/posts\/343700\/revisions"}],"wp:featuredmedia":[{"embeddable":true,"href":"https:\/\/www.europesays.com\/it\/wp-json\/wp\/v2\/media\/343701"}],"wp:attachment":[{"href":"https:\/\/www.europesays.com\/it\/wp-json\/wp\/v2\/media?parent=343700"}],"wp:term":[{"taxonomy":"category","embeddable":true,"href":"https:\/\/www.europesays.com\/it\/wp-json\/wp\/v2\/categories?post=343700"},{"taxonomy":"post_tag","embeddable":true,"href":"https:\/\/www.europesays.com\/it\/wp-json\/wp\/v2\/tags?post=343700"}],"curies":[{"name":"wp","href":"https:\/\/api.w.org\/{rel}","templated":true}]}}