{"id":343828,"date":"2026-02-08T10:13:09","date_gmt":"2026-02-08T10:13:09","guid":{"rendered":"https:\/\/www.europesays.com\/it\/343828\/"},"modified":"2026-02-08T10:13:09","modified_gmt":"2026-02-08T10:13:09","slug":"auto-storiche-cosa-comprare-a-meno-di-30mila-euro","status":"publish","type":"post","link":"https:\/\/www.europesays.com\/it\/343828\/","title":{"rendered":"Auto storiche: cosa comprare a meno di 30mila euro"},"content":{"rendered":"<p class=\"paragraph\" spellcheck=\"true\">Se per lustrarsi gli occhi a R\u00e9tromobile, la rassegna parigina di auto storiche e da collezione, bastava passeggiare tra gli stand delle case d\u2019aste, dove supercar da sogno la facevano da padrone (la sola Gooding Christie\u2019s, partner ufficiale, proponeva su 86 lotti totali ben 16 Ferrari, tra i quali una 250 GT Passo corto del 1960 e una 288 Gto del 1984 con 1.500 km all\u2019attivo), bastava spostarsi di poco per imbattersi nell\u2019esposizione di vetture molto pi\u00f9 accessibili: 1.500 metri quadrati erano infatti consacrati alla vendita di oltre 100 esemplari accomunati da <b>un prezzo inferiore a 30 mila euro<\/b>. Auto un po\u2019 di tutti i generi, forse meno attraenti di quelle che si possono trovare in analoghe rassegne italiane, sovente di produzione francese (con \u201cpezzi\u201d inusuali dalle nostre parti, come Renault Fuego Turbo o Twingo Lecoq e Peugeot 203), ma non solamente. Tra le varie Bmw, Mercedes 190 e SL o Jaguar Xjs offerte, spiccavano alcuni esemplari rari perch\u00e9 di serie speciali, riservate al mercato transalpino, o perch\u00e9 meno facilmente reperibili sul nostro mercato. Curiosit\u00e0 qui selezionate da\u00a0Gazzetta Motori.<\/p>\n","protected":false},"excerpt":{"rendered":"Se per lustrarsi gli occhi a R\u00e9tromobile, la rassegna parigina di auto storiche e da collezione, bastava passeggiare&hellip;\n","protected":false},"author":3,"featured_media":343829,"comment_status":"","ping_status":"","sticky":false,"template":"","format":"standard","meta":{"footnotes":"","_share_on_mastodon":"0"},"categories":[172],"tags":[41371,55356,5072,10549,178,11234,15920,200344,2765,82396,37927,200345,200346,842,200347,14807,177,6099,200348,17723,445,28025,200340,36200,9427,10121,3858,200349,6709,58025,5115,50066,91200,200350,66849,3452,43535,17781,724,8903,228,3368,2618,200351,1537,90,4946,1599,89,4639,200352,200353,76252,11242,21295,1412,200354,200355,92774,1309,4628,6707,1890,21375,200356,1694,21264,200357,1289,68,200341,200342,200358,114089,3522,3792,3741,200359,28214,14384,33973,200360,7682,67292,200339,1270,134710,15372,11835,6730,200361,168969,1821,4885,140516,1886,17853,200343,2199,9280,3601,11546,10546],"class_list":["post-343828","post","type-post","status-publish","format-standard","has-post-thumbnail","category-affari","tag-abarth","tag-accessibili","tag-adozione","tag-aerodinamica","tag-affari","tag-alfa","tag-alfa-romeo","tag-apribile","tag-auto","tag-auto-storiche","tag-bastava","tag-beaute","tag-beniamina","tag-bianca","tag-bianchina","tag-blu","tag-business","tag-cambio","tag-capote","tag-caratterizzata","tag-chiusa","tag-coda","tag-coda-tronca","tag-collezionisti","tag-colori","tag-condizionatore","tag-condizioni","tag-condizioni-impeccabili","tag-cv","tag-dichiarata","tag-diverse","tag-dotata","tag-eden","tag-eden-roc","tag-edition","tag-epoca","tag-esemplare","tag-esemplari","tag-euro","tag-fiat","tag-foto","tag-francese","tag-giulia","tag-impeccabili","tag-it","tag-italia","tag-italiane","tag-italiano","tag-italy","tag-km","tag-km-percorrenza","tag-km-percorrenza-dichiarata","tag-listino","tag-litri","tag-manutenzione","tag-mercato","tag-mercato-francese","tag-mercato-transalpino","tag-montava","tag-motore","tag-motori","tag-nata","tag-occhi","tag-offerto","tag-offerto-euro","tag-origine","tag-osso","tag-osso-seppia","tag-parigi","tag-passo","tag-percorrenza","tag-percorrenza-dichiarata","tag-pianale","tag-pininfarina","tag-possono","tag-prezzi","tag-produzione","tag-proponeva","tag-proposto","tag-quarta","tag-quotazioni","tag-quotazioni-mercato","tag-rassegna","tag-restaurata","tag-retromobile","tag-rispetto","tag-roc","tag-romeo","tag-rosso","tag-salone","tag-salone-torino","tag-seppia","tag-serie","tag-spider","tag-storiche","tag-successo","tag-tetto","tag-tronca","tag-ultima","tag-vendita","tag-versione","tag-vettura","tag-vetture"],"share_on_mastodon":{"url":"","error":"Validation failed: Text character limit of 500 exceeded"},"_links":{"self":[{"href":"https:\/\/www.europesays.com\/it\/wp-json\/wp\/v2\/posts\/343828","targetHints":{"allow":["GET"]}}],"collection":[{"href":"https:\/\/www.europesays.com\/it\/wp-json\/wp\/v2\/posts"}],"about":[{"href":"https:\/\/www.europesays.com\/it\/wp-json\/wp\/v2\/types\/post"}],"author":[{"embeddable":true,"href":"https:\/\/www.europesays.com\/it\/wp-json\/wp\/v2\/users\/3"}],"replies":[{"embeddable":true,"href":"https:\/\/www.europesays.com\/it\/wp-json\/wp\/v2\/comments?post=343828"}],"version-history":[{"count":0,"href":"https:\/\/www.europesays.com\/it\/wp-json\/wp\/v2\/posts\/343828\/revisions"}],"wp:featuredmedia":[{"embeddable":true,"href":"https:\/\/www.europesays.com\/it\/wp-json\/wp\/v2\/media\/343829"}],"wp:attachment":[{"href":"https:\/\/www.europesays.com\/it\/wp-json\/wp\/v2\/media?parent=343828"}],"wp:term":[{"taxonomy":"category","embeddable":true,"href":"https:\/\/www.europesays.com\/it\/wp-json\/wp\/v2\/categories?post=343828"},{"taxonomy":"post_tag","embeddable":true,"href":"https:\/\/www.europesays.com\/it\/wp-json\/wp\/v2\/tags?post=343828"}],"curies":[{"name":"wp","href":"https:\/\/api.w.org\/{rel}","templated":true}]}}