{"id":343834,"date":"2026-02-08T10:16:09","date_gmt":"2026-02-08T10:16:09","guid":{"rendered":"https:\/\/www.europesays.com\/it\/343834\/"},"modified":"2026-02-08T10:16:09","modified_gmt":"2026-02-08T10:16:09","slug":"la-telecronaca-rai-alle-olimpiadi-e-un-caso-politico-pd-m5s-avs-e-iv-chiedono-la-rimozione-di-petrecca-sciatteria-in-tv","status":"publish","type":"post","link":"https:\/\/www.europesays.com\/it\/343834\/","title":{"rendered":"La telecronaca Rai alle Olimpiadi \u00e8 un caso politico. Pd, M5S, Avs e Iv chiedono la rimozione di Petrecca: \u00abSciatteria in tv\u00bb"},"content":{"rendered":"<p class=\"chapter-paragraph\">Dice la Rai (senza dirlo) che la migliore replica alle <a href=\"https:\/\/roma.corriere.it\/notizie\/cronaca\/26_febbraio_07\/rai-olimpiadi-polemiche-f73d3d87-47ed-4ad3-a72c-aacc857abxlk.shtml\" rel=\"nofollow noopener\" target=\"_blank\">polemiche sulla telecronaca<\/a> della cerimonia inaugurale dell&#8217;Olimpiade Milano Cortina, affidata al direttore della testata sportiva,<a href=\"https:\/\/www.corriere.it\/spettacoli\/26_febbraio_07\/paolo-petrecca-cerimonia-olimpiadi-76f98c54-8cfd-4024-805e-f54df41bcxlk.shtml\" rel=\"nofollow noopener\" target=\"_blank\"> Paolo Petrecca<\/a>, sono i <b>pi\u00f9 di nove milioni di spettatori <\/b>sintonizzati. Dice Petrecca (agli amici) che le accuse rivoltegli sono soltanto <b>frutto di un complotto dei media e di attacchi politi<\/b>ci alla Rai. Fatto sta, che ieri il commento della cerimonia del direttore di Rai Sport, subentrato all\u2019ultimo a <b>Auro Bulbarelli<\/b>, reo di aver rivelato la presenza del presidente Sergio Mattarella ai Giochi, \u00e8 stato <b>sommerso da giudizi negativi prima sui social e poi dalla politica<\/b>. Con l\u2019Usigrai all\u2019attacco e Pd, M5S, Avs e Iv a chiedere la rimozione di Petrecca.\u00a0<\/p>\n<p>    \u00abBenvenuti allo stadio Olimpico\u00bb e il silenzio su Ghali<\/p>\n<p class=\"chapter-paragraph\">I problemi iniziano dall\u2019esordio, con quel \u00abBenvenuti allo stadio Olimpico\u00bb anzich\u00e9 a San Siro. Ma la critica pi\u00f9 pesante riguarda il fatto che Petrecca non ha mai menzionato il <b>cantante Ghali<\/b> mentre cantava. Sui social alcuni spettatori appuntano che i pallavolisti tedofori Simone Giannelli, Anna Danesi e Carlotta Cambi non sono stati riconosciuti.\u00a0Ragion per cui, la squadra Numia Vero Volley di Milano (della capitana italiana Danesi) ieri ha chiesto le scuse ufficiali della Rai.\u00a0Qualcuno ha lamentato che Petrecca non abbia presentato i tanti capi di Stato e i reali ospitati in tribuna, tranne la premier Giorgia Meloni e pochi altri. E chi ha notato come abbia scambiato la presidente del Comitato olimpico, Kirsty Coventry, per la figlia di Mattarella. C\u2019\u00e8 chi ha sottolineato come siano passati sotto silenzio i fischi alla delegazione di Israele e al vicepresidente Usa,<b> JD Vance<\/b>. Bocciata la frase riferita alla delegazione carioca: \u00abI brasiliani hanno la musica nel sangue\u00bb. E la battuta sulle sagome di Gioacchino Rossini e Giuseppe Verdi, cui sarebbe mancata la compagnia di un Bianchini per fare un tricolore.\u00a0\u00abPetrecca conquista senza rivali la medaglia d\u2019oro della sciatteria televisiva. Una figuraccia olimpica. Come tutti sanno in azienda, sarebbe bastato non prepensionare Franco Bragagna per avere un commento all\u2019altezza dello spettacolo\u00bb, attacca il M5S in Vigilanza. Durissimo anche il<b> Pd, con il responsabile Informazione Sandro Ruotolo<\/b> e il <b>capogruppo in Vigilanza, Stefano Graziano<\/b>, secondo cui \u00able Olimpiadi sono un momento di massima responsabilit\u00e0 per il servizio pubblico.\u00a0E invece la Rai ha offerto la sua peggiore versione: quella che conosciamo fin troppo bene, TeleMeloni\u00bb.\u00a0    &#13;<br \/>\n&#13;<br \/>\n&#13;<br \/>\n&#13;<br \/>\n&#13;<br \/>\n&#13;<br \/>\n&#13;<br \/>\n&#13;<br \/>\n&#13;<br \/>\n&#13;<br \/>\n&#13;<br \/>\n&#13;<br \/>\n&#13;<br \/>\n&#13;<br \/>\n&#13;<br \/>\n&#13;<br \/>\n&#13;<br \/>\n&#13;<br \/>\n&#13;<br \/>\n&#13;<br \/>\n&#13;<br \/>\n&#13;<br \/>\n&#13;<br \/>\n&#13;<br \/>\n&#13;<br \/>\n&#13;<br \/>\n&#13;<br \/>\n&#13;<br \/>\n&#13;<br \/>\n&#13;<br \/>\n&#13;<br \/>\n&#13;<br \/>\n&#13;<br \/>\n&#13;<br \/>\n&#13;<br \/>\n&#13;<br \/>\n&#13;<br \/>\n&#13;<br \/>\n&#13;<br \/>\n&#13;<br \/>\n&#13;<br \/>\n&#13;<br \/>\n&#13;<br \/>\n&#13;<br \/>\n&#13;<br \/>\n&#13;<br \/>\n&#13;<br \/>\n&#13;<br \/>\n&#13;<br \/>\n&#13;<br \/>\n&#13;<br \/>\n&#13;<br \/>\n&#13;\n<\/p>\n<p>    Il caso potrebbe arrivare in Cda<\/p>\n<p class=\"chapter-paragraph\">Si tratta di un \u00abdisastro annunciato\u00bb per <b>Dafne Musolino (IV). Mentre Angelo Bonelli e Nicola Fratoianni (Avs) <\/b>denunciano censure e gaffe: \u00abSu quanto accaduto chiediamo chiarezza e assunzione di responsabilit\u00e0 ai vertici Rai\u00bb.\u00a0Usigrai ha domandato inutilmente alla Rai la messa in onda di un comunicato in cui, ricordando che <b>Petrecca \u00e8 stato sfiduciato dalla sua precedente testata ( RaiNews24 ) e per due volte da Rai Sport,<\/b> chiedeva all\u2019azienda di assumersi le proprie responsabilit\u00e0. Secondo indiscrezioni, i consiglieri di opposizione del consiglio di amministrazione Rai vorrebbero portare in cda il caso. Il consigliere <b>Roberto Natale<\/b> precisa: \u00abNessuno provi a \u201cbuttarla in politica\u201d. La valanga di critiche che si sta abbattendo sul direttore di Rai- Sport non deriva dal fatto che abbia simpatie di destra, ma dall\u2019incontestabile dimostrazione d\u2019inadeguatezza professionale offerta in quattro ore di telecronaca\u00bb.\u00a0A difesa di Petrecca i membri di FdI in Vigilanza scrivono che la cerimonia \u00ab\u00e8 stato un altro bellissimo biglietto da visita di cui la Rai \u00e8 stata vetrina e palcoscenico, e forse \u00e8 questo che non piace alle opposizioni\u00bb che attaccano con \u00abridicole polemiche strumentali sulla conduzione\u00bb.<\/p>\n<p class=\"is-last-update\" datetime=\"2026-02-08T09:12:12+01:00\">8 febbraio 2026 ( modifica il 8 febbraio 2026 | 09:12)<\/p>\n<p class=\"is-copyright\">\n            \u00a9 RIPRODUZIONE RISERVATA\n        <\/p>\n","protected":false},"excerpt":{"rendered":"Dice la Rai (senza dirlo) che la migliore replica alle polemiche sulla telecronaca della cerimonia inaugurale dell&#8217;Olimpiade Milano&hellip;\n","protected":false},"author":3,"featured_media":342229,"comment_status":"","ping_status":"","sticky":false,"template":"","format":"standard","meta":{"footnotes":"","_share_on_mastodon":"0"},"categories":[6],"tags":[23660,200363,4072,17702,200364,200365,1415,818,8914,14,13222,4540,1109,143334,199762,200366,200367,8289,8,1537,90,89,21541,20322,28,7,15,82,9,83,10,5917,20400,490,115717,200368,199488,15266,477,135,2848,146611,984,9759,200369,129341,835,1686,15856,245,81512,18148,13,11,80,84,12,81,85,93093],"class_list":["post-343834","post","type-post","status-publish","format-standard","has-post-thumbnail","category-ultime-notizie","tag-avs","tag-avs-iv","tag-azienda","tag-benvenuti","tag-benvenuti-stadio","tag-benvenuti-stadio-olimpico","tag-cda","tag-cerimonia","tag-commento","tag-cronaca","tag-danesi","tag-delegazione","tag-direttore","tag-direttore-rai","tag-direttore-rai-sport","tag-direttore-testata","tag-direttore-testata-sportiva","tag-ghali","tag-headlines","tag-it","tag-italia","tag-italy","tag-iv","tag-mattarella","tag-milano","tag-news","tag-notizie","tag-notizie-di-cronaca","tag-notizie-principali","tag-notiziedicronaca","tag-notizieprincipali","tag-olimpiadi","tag-olimpico","tag-pd","tag-pd-avs","tag-pd-avs-iv","tag-petrecca","tag-polemiche","tag-politica","tag-presidente","tag-rai","tag-rai-sport","tag-responsabilita","tag-rimozione","tag-rimozione-petrecca","tag-sciatteria","tag-silenzio","tag-social","tag-spettatori","tag-sport","tag-telecronaca","tag-testata","tag-titoli","tag-ultime-notizie","tag-ultime-notizie-di-cronaca","tag-ultime-notizie-e-news-di-oggi","tag-ultimenotizie","tag-ultimenotiziedicronaca","tag-ultimenotizieenewsdioggi","tag-vigilanza"],"share_on_mastodon":{"url":"","error":"Validation failed: Text character limit of 500 exceeded"},"_links":{"self":[{"href":"https:\/\/www.europesays.com\/it\/wp-json\/wp\/v2\/posts\/343834","targetHints":{"allow":["GET"]}}],"collection":[{"href":"https:\/\/www.europesays.com\/it\/wp-json\/wp\/v2\/posts"}],"about":[{"href":"https:\/\/www.europesays.com\/it\/wp-json\/wp\/v2\/types\/post"}],"author":[{"embeddable":true,"href":"https:\/\/www.europesays.com\/it\/wp-json\/wp\/v2\/users\/3"}],"replies":[{"embeddable":true,"href":"https:\/\/www.europesays.com\/it\/wp-json\/wp\/v2\/comments?post=343834"}],"version-history":[{"count":0,"href":"https:\/\/www.europesays.com\/it\/wp-json\/wp\/v2\/posts\/343834\/revisions"}],"wp:featuredmedia":[{"embeddable":true,"href":"https:\/\/www.europesays.com\/it\/wp-json\/wp\/v2\/media\/342229"}],"wp:attachment":[{"href":"https:\/\/www.europesays.com\/it\/wp-json\/wp\/v2\/media?parent=343834"}],"wp:term":[{"taxonomy":"category","embeddable":true,"href":"https:\/\/www.europesays.com\/it\/wp-json\/wp\/v2\/categories?post=343834"},{"taxonomy":"post_tag","embeddable":true,"href":"https:\/\/www.europesays.com\/it\/wp-json\/wp\/v2\/tags?post=343834"}],"curies":[{"name":"wp","href":"https:\/\/api.w.org\/{rel}","templated":true}]}}