{"id":343915,"date":"2026-02-08T11:32:11","date_gmt":"2026-02-08T11:32:11","guid":{"rendered":"https:\/\/www.europesays.com\/it\/343915\/"},"modified":"2026-02-08T11:32:11","modified_gmt":"2026-02-08T11:32:11","slug":"giulia-e-martina-albini-la-nostra-vita-in-simbiosi-da-gemelle-modelle-e-studentesse-alla-bocconi-al-campus-ci-chiedono-i-selfie","status":"publish","type":"post","link":"https:\/\/www.europesays.com\/it\/343915\/","title":{"rendered":"Giulia e Martina Albini: \u00abLa nostra vita in simbiosi da gemelle, modelle e studentesse alla Bocconi. Al campus ci chiedono i selfie\u00bb"},"content":{"rendered":"<p>    di<br \/>\n    Giovanna Maria Fagnani<\/p>\n<p class=\"summary-art is-line-h-12\">Hanno 23 anni e mezzo milione di follower, lavorano per un&#8217;agenzia di Manchester, una studia Giurisprudenza e l&#8217;altra un master in Corporate Finance (con una borsa di studio per merito): \u00abCos\u00ec riusciamo a pagarci l&#8217;affitto e la vita a Milano\u00bb<\/p>\n<p class=\"chapter-paragraph\"><b>La mattina a lezione. A esaminare bilanci<\/b>, analizzare criteri di valutazione degli investimenti o discutere di \u00abglobal administrative law\u00bb e diritto bancario. <b>In pausa pranzo, via di corsa per partecipare a un fitting di Victoria\u2019s Secret <\/b>o di un altro brand, scattare foto per una campagna pubblicitaria o incontrare un\u2019azienda che propone una collaborazione. <b>Poi il rientro in universit\u00e0, spesso con trucco e acconciatura nuovi. <\/b>E poi la palestra,  la cena e, dopo cena, di nuovo sui libri. \u00c8 frenetica l\u2019agenda di <b>Martina e Giulia Albini. Ventitr\u00e9 anni, sorelle gemelle, influencer<\/b> (mezzo milione di follower tra Instagram e TikTok dove sono \u00ab@legemels\u00bb), modelle per un\u2019agenzia di Manchester, frequentano la Bocconi. Originarie di Padenghe sul Garda, nel Bresciano, <b>tre anni fa si sono trasferite a Milano per studiare.\u00a0<\/b><\/p>\n<p class=\"chapter-paragraph\"><b>Martina<\/b>, che l\u2019anno scorso si \u00e8 laureata in economia e management, \u00e8 iscritta al <b>master in Corporate finance<\/b> (con una borsa di studio per merito). <b>Giulia<\/b>, dopo il primo anno in Cattolica, ha seguito la sorella in Bocconi e frequenta <b>Giurisprudenza<\/b>. L\u2019anno scorso si sono trasferite in Spagna per fare un master nell\u2019industria del lusso all\u2019universit\u00e0 di Les Roches. Un ateneo dove <b>il dress code elegante e formale \u00e8 obbligatorio.<\/b> Perfetto per due giovani che sui social mostrano come anche il mondo dell\u2019alta finanza o la giurisprudenza internazionale si possano coniugare con il glamour. \u00ab\u00c8 l\u2019unica cosa su cui dibattono i nostri follower sui social: c\u2019\u00e8 <b>chi ci commenta che andare all\u2019universit\u00e0 non \u00e8 andare a una sfilata di moda<\/b>, ma io sono convinta che non si possa andare a lezione vestiti in tuta. Vestirsi in una maniera professionale, adeguata all\u2019ambiente, <b>porta risvolti anche sulla produttivit\u00e0\u00bb<\/b> dice Martina.\u00a0    &#13;<br \/>\n&#13;<br \/>\n&#13;<br \/>\n&#13;<br \/>\n&#13;<br \/>\n&#13;<br \/>\n&#13;<br \/>\n&#13;<br \/>\n&#13;<br \/>\n&#13;<br \/>\n&#13;<br \/>\n&#13;<br \/>\n&#13;<br \/>\n&#13;<br \/>\n&#13;<br \/>\n&#13;<br \/>\n&#13;<br \/>\n&#13;<br \/>\n&#13;<br \/>\n&#13;<br \/>\n&#13;<br \/>\n&#13;<br \/>\n&#13;<br \/>\n&#13;<br \/>\n&#13;<br \/>\n&#13;<br \/>\n&#13;<br \/>\n&#13;<br \/>\n&#13;<br \/>\n&#13;<br \/>\n&#13;<br \/>\n&#13;<br \/>\n&#13;<br \/>\n&#13;<br \/>\n&#13;<br \/>\n&#13;<br \/>\n&#13;<br \/>\n&#13;<br \/>\n&#13;<br \/>\n&#13;<br \/>\n&#13;<br \/>\n&#13;<br \/>\n&#13;<br \/>\n&#13;<br \/>\n&#13;<br \/>\n&#13;<br \/>\n&#13;<br \/>\n&#13;<br \/>\n&#13;<br \/>\n&#13;<br \/>\n&#13;<br \/>\n&#13;<br \/>\n&#13;\n<\/p>\n<p class=\"chapter-paragraph\">In effetti, questo \u00e8 davvero l\u2019unico \u00abrimprovero\u00bb che i follower fanno sui social. A differenza dei profili di moltissime influencer, che lavorano con brand di moda, <b>il loro profilo non \u00e8 invaso da commenti sessisti,<\/b> proposte hot, critiche aspre e cos\u00ec via. Perch\u00e9 i contenuti sono diversi e anche la community. Si parla di moda, suggerimenti di look, certamente, ma  gli #adv non abbondano. Anzi, c\u2019\u00e8 perfino chi dice:<b> \u00abPerch\u00e9 non dicono mai le marche?\u00bb. <\/b>Anche al campus della Bocconi capita che qualcuno le fermi per un selfie. <b>O che qualcuno si faccia avanti per chiedere di uscire <\/b>\u00abma sempre in maniera gentile, mai avuto brutte esperienze\u00bb dicono.<\/p>\n<p class=\"chapter-paragraph\">Il successo sui social, che le ha portate al lavoro di modelle, \u00e8 arrivato per caso. \u00abLi usavamo come i nostri coetanei, ma all\u2019inizio la cerchia era ridotta ai nostri familiari ed amici. Noi siamo sempre state molto chiacchierone e <b>delle amiche ci hanno parlato un giorno di TikTok<\/b>, social che non conoscevamo. Abbiamo scaricato la app e dopo un paio di giorni passati a guardare i video degli altri, abbiamo deciso di esserne anche noi partecipi e abbiamo pubblicato <b>un video ironico sulla realt\u00e0 di avere una sorella gemella. \u00c8 andato virale<\/b>, ci scrivevano persone entusiaste, dicendo di rivedersi in noi. Da l\u00ec non ci siamo pi\u00f9 fermate. <b>Ci siamo rese conto nel tempo di avere un pubblico che ci ascoltava<\/b> e allora abbiamo pensato che sarebbe potuta diventare anche un\u2019occasione di lavoro\u00bb. Una prima agenzia le recluta come \u00abtalent\u00bb. Poi, la proposta di un\u2019agenzia di Manchester, che le recluta come fotomodelle. <b>\u00abNon possiamo sfilare in passerella, siamo troppo basse\u00bb,<\/b> scherzano. \u00abLavoriamo per brand di abiti, skincare, gioielli. Le campagne sono destinate ai mercati internazionali\u00bb.\u00a0<\/p>\n<p class=\"chapter-paragraph\">Ma, anche se ora, grazie a questi due lavori,<b> sono perfettamente in grado di pagarsi l\u2019affitto della casa e la vita a Milano<\/b> senza pi\u00f9 contare sull\u2019aiuto dei genitori, il successo sui social non le distrae dagli studi universitari. \u00abSui social ci raccontiamo in modo autentico. Mostriamo le nostre giornate per invogliare le ragazze, soprattutto quelle pi\u00f9 giovani di noi, a dare il meglio di s\u00e9, a studiare. <b>Noi puntiamo moltissimo sulla nostra formazione.<\/b> E condanniamo chi ha come modello il successo effimero di balletti su TikTok o peggio ancora le piattaforme di contenuti per adulti come Onlyfans. Collaboriamo solo con brand che condividono i nostri principi e valori. Preferiamo la qualit\u00e0 delle collaborazioni alla quantit\u00e0\u00bb.<\/p>\n<p class=\"chapter-paragraph\">La passione per la moda? Viene da mamma Lara, che insieme al pap\u00e0, Marco e ai nonni, sono i loro fan numero uno. <b>\u00abDa piccole mamma ci faceva vedere \u201cI love Shopping\u201d, \u00e8 il nostro film del cuore\u00bb<\/b>. Non vanno pazze, invece, per \u00abIl Diavolo veste Prada\u00bb. \u00abCerte storture e stereotipi che appaiono in quel film ora che lavoriamo nella moda le abbiamo viste davvero. Amici nell&#8217;ambiente? <b>Abbiamo amicizie molto solide fuori dai social e da quel mondo\u00bb<\/b>. Come scelgono i contratti? Giulia, che fa giurisprudenza, li esamina. Martina, invece, fa i calcoli. \u00abSono io la ragioniera della famiglia\u00bb dice. Dopo vari traslochi, vivono in porta Romana. \u00abI nostri genitori lavorano in campo immobiliare, ma abbiamo voluto fare tutto da sole. E conosciamo la fatica anche di altri nostri compagni di universit\u00e0 nel trovare un alloggio. <a href=\"https:\/\/milano.corriere.it\/notizie\/cronaca\/24_ottobre_26\/giannasi-il-pollo-allo-spiedo-dello-storico-chiosco-di-milano-spicca-il-volo-nella-grande-distribuzione-il-marchio-acquisito-da-finiper-80656cd2-f427-4581-88ad-755b19a6dxlk.shtml\" rel=\"nofollow noopener\" target=\"_blank\">Abitiamo vicino a Giannasi, che fa piatti buonissimi<\/a>, e ci spostiamo a piedi, amiamo camminare.<b> Resteremo a Milano anche finita l&#8217;universit\u00e0\u00bb.\u00a0<\/b><\/p>\n<p class=\"chapter-paragraph\"><b>Una vita in simbiosi, la loro. <\/b>\u00abAvere una sorella gemella \u00e8 come avere una migliore amica sempre con te\u00bb dicono. E dai video traspare l\u2019amore che le lega. <b>Non si separano quasi mai, a parte quando fanno le vacanze coi fidanzati <\/b>(ma \u00e8 un continuo mandarsi messaggi o video). \u00abStudiamo sempre insieme, nella stessa stanza. Se una ha un esame, l\u2019altra l\u2019accompagna. I traguardi li festeggiamo insieme\u00bb. <b>Non litigano (quasi) mai per i vestiti<\/b>: \u00abSe un brand sceglie due look diversi, ognuna sceglie quello che le piace meno, per lasciare il migliore all\u2019altra\u00bb. I loro video sono sempre spiritosi: pillole di vita di due sorelle impegnatissime.\u00a0<\/p>\n<p class=\"chapter-paragraph\">\u00abAnche da bambine volevamo fare sempre molte cose. Abbiamo studiato danza classica per anni e questo ci aiuta nel pilates\u00bb. A scuola Martina ha fatto il liceo scientifico e Giulia quello delle scienze umane nello stesso istituto: il Paola di Rosa a Lonato. \u00ab<b>Un liceo dove abbiamo avuto ottimi docenti,<\/b> abbiamo un bel ricordo di loro, in particolare del prof di filosofia\u00bb. Come tutte le nuove generazioni, hanno un\u2019attenzione alla sostenibilit\u00e0. Dai brand ricevono una marea di prodotti da provare. Ma ci\u00f2 che non serve viene ridistribuito. \u00abAd amici e familiari in primis, <b>anche se con pap\u00e0 \u00e8 pi\u00f9 difficile: al massimo per lui vanno bene dei profumi unisex. <\/b>Ma per fargli un regalo lo abbiamo portato allo stadio a vedere la Juve\u00bb. E a volte di questi regali ne beneficiano\u00a0anche i compagni di universit\u00e0. \u00abQualche giorno fa una di noi aveva un esame. Quando \u00e8 finito, l\u2019altra si \u00e8 presentata all\u2019uscita con una valigia piena di prodotti di bellezza, da regalare ai compagni. Cos\u00ec un momento di tensione si \u00e8 stemperato in allegria\u00bb.<\/p>\n<p class=\"is-mr-t-20 is-mr-b-20\"><b><br \/>\n                    <a href=\"https:\/\/milano.corriere.it\/?intcmp=Notizielocali_nd_010623_corriere_ss_milano\" target=\"_blank\" rel=\"nofollow noopener\">Vai a tutte le notizie di Milano<\/a><br \/>\n            <\/b><\/p>\n<p class=\"chapter-paragraph\"><b><a href=\"https:\/\/www.corriere.it\/newsletter\/?theme=41&amp;intcmp=IIIcolonna_NL_CorMilano\" target=\"_blank\" rel=\"nofollow noopener\">Iscriviti alla newsletter di Corriere Milano<\/a><\/b><\/p>\n<p class=\"is-last-update\" datetime=\"2025-12-11T12:28:37+01:00\">8 febbraio 2026<\/p>\n<p class=\"is-copyright\">\n            \u00a9 RIPRODUZIONE RISERVATA\n        <\/p>\n","protected":false},"excerpt":{"rendered":"di Giovanna Maria Fagnani Hanno 23 anni e mezzo milione di follower, lavorano per un&#8217;agenzia di Manchester, una&hellip;\n","protected":false},"author":3,"featured_media":343916,"comment_status":"","ping_status":"","sticky":false,"template":"","format":"standard","meta":{"footnotes":"","_share_on_mastodon":"0"},"categories":[174],"tags":[17909,200384,763,200383,106556,2537,4924,1266,32,30481,3733,4293,200385,12522,7049,14257,4021,200386,13583,30483,200387,200388,1278,11795,2391,203,5286,6055,454,105520,200389,200390,1685,200391,72505,57339,2753,1598,2618,36552,2734,204,1537,90,89,21304,49388,10324,15416,467,4002,5364,10582,11975,41364,200392,200393,10329,2051,28,14850,200394,3112,17135,690,98,3708,200395,50851,20975,120214,1686,10766,105601,12284,21672,2128,200396,1886,200397,3161,4316,2392],"class_list":["post-343915","post","type-post","status-publish","format-standard","has-post-thumbnail","category-intrattenimento","tag-affitto","tag-affitto-milano","tag-agenzia","tag-agenzia-manchester","tag-albini","tag-altra","tag-ambiente","tag-amici","tag-andare","tag-bocconi","tag-borsa","tag-borsa-studio","tag-borsa-studio-merito","tag-brand","tag-campus","tag-cena","tag-compagni","tag-compagni-universita","tag-contenuti","tag-corporate","tag-corporate-finance","tag-corporate-finance-borsa","tag-davvero","tag-dicono","tag-diversi","tag-entertainment","tag-esame","tag-familiari","tag-film","tag-finance","tag-finance-borsa","tag-finance-borsa-studio","tag-follower","tag-follower-social","tag-gemella","tag-gemelle","tag-genitori","tag-giovani","tag-giulia","tag-giurisprudenza","tag-influencer","tag-intrattenimento","tag-it","tag-italia","tag-italy","tag-lavorano","tag-lavoriamo","tag-lezione","tag-liceo","tag-look","tag-mamma","tag-manchester","tag-maniera","tag-martina","tag-master","tag-master-corporate","tag-master-corporate-finance","tag-merito","tag-migliore","tag-milano","tag-milione","tag-milione-follower","tag-moda","tag-modelle","tag-papa","tag-porta","tag-prodotti","tag-recluta","tag-sceglie","tag-selfie","tag-simbiosi","tag-social","tag-sorella","tag-sorella-gemella","tag-sorelle","tag-studiare","tag-studio","tag-studio-merito","tag-successo","tag-successo-social","tag-tiktok","tag-universita","tag-video"],"share_on_mastodon":{"url":"","error":"Validation failed: Text character limit of 500 exceeded"},"_links":{"self":[{"href":"https:\/\/www.europesays.com\/it\/wp-json\/wp\/v2\/posts\/343915","targetHints":{"allow":["GET"]}}],"collection":[{"href":"https:\/\/www.europesays.com\/it\/wp-json\/wp\/v2\/posts"}],"about":[{"href":"https:\/\/www.europesays.com\/it\/wp-json\/wp\/v2\/types\/post"}],"author":[{"embeddable":true,"href":"https:\/\/www.europesays.com\/it\/wp-json\/wp\/v2\/users\/3"}],"replies":[{"embeddable":true,"href":"https:\/\/www.europesays.com\/it\/wp-json\/wp\/v2\/comments?post=343915"}],"version-history":[{"count":0,"href":"https:\/\/www.europesays.com\/it\/wp-json\/wp\/v2\/posts\/343915\/revisions"}],"wp:featuredmedia":[{"embeddable":true,"href":"https:\/\/www.europesays.com\/it\/wp-json\/wp\/v2\/media\/343916"}],"wp:attachment":[{"href":"https:\/\/www.europesays.com\/it\/wp-json\/wp\/v2\/media?parent=343915"}],"wp:term":[{"taxonomy":"category","embeddable":true,"href":"https:\/\/www.europesays.com\/it\/wp-json\/wp\/v2\/categories?post=343915"},{"taxonomy":"post_tag","embeddable":true,"href":"https:\/\/www.europesays.com\/it\/wp-json\/wp\/v2\/tags?post=343915"}],"curies":[{"name":"wp","href":"https:\/\/api.w.org\/{rel}","templated":true}]}}