{"id":343977,"date":"2026-02-08T12:24:10","date_gmt":"2026-02-08T12:24:10","guid":{"rendered":"https:\/\/www.europesays.com\/it\/343977\/"},"modified":"2026-02-08T12:24:10","modified_gmt":"2026-02-08T12:24:10","slug":"sci-la-discesa-femminile-il-risultato-goggia-e-di-bronzo-oro-per-la-statunitense-johnson-argento-per-aicher-brignone-solo-decima-gara-segnata-dalla-drammatica-caduta-di-vonn","status":"publish","type":"post","link":"https:\/\/www.europesays.com\/it\/343977\/","title":{"rendered":"Sci, la discesa femminile, il risultato: Goggia \u00e8 di bronzo. Oro per la statunitense Johnson argento per Aicher. Brignone solo decima. Gara segnata dalla drammatica caduta di Vonn"},"content":{"rendered":"<p>\t\t\tTerza medaglia olimpica in discesa per Sofia<\/p>\n<p>Terza medaglia di fila all\u2019Olimpiade, la collezione \u00e8 completa. Aveva vinto l\u2019oro a Pyeongchang 2018, l\u2019argento a Pechino 2022 (al ritorno 23 giorni dopo un infortunio), qui a Cortina, nel posto del cuore, ha raccolto un bronzo importante a coronare una carriera stupenda. La medaglia \u00e8 arrivata nel giorno della grande paura di Lindsey Vonn, portata via in elicottero dopo aver affrontato la discesa con un legamento rotto. \u00c8 stata sbalzata via dopo un salto nel quale \u00e8 atterrata di traverso, la gara \u00e8 stata interrotta. Sofia doveva ancora scendere, non ha perso la concentrazione e ha dato il massimo per prendersi un podio in condizioni difficili. Il titolo era ingiocabile, l\u2019americana Breezy Johnson \u00e8 scesa come un fulmine sulla parte dell\u2019Olympia e dopo essersi presa l\u2019oro mondiale a Saalbach, lo scorso anno, si \u00e8 divorata anche quello a cinque cerchi. Argento alla giovane tedesca Emma Aicher, capace di passare con disinvoltura dalla velocit\u00e0 allo slalom. A 22 anni ha gi\u00e0 un curriculum stellare ed \u00e8 il futuro dello sci (fu argento anche a Pechino nella gare a squadre). Dietro Goggia invece non c\u2019\u00e8 molto: Laura Pirovano sesta, comunque ci ha provato. Indietro Nicol Delago di 1\u2019\u201955. Sorride Federica Brignone che meriterebbe una medaglia a parte soltanto per il fatto di averci provato: decima a 1\u2019\u201919 da Johnson: \u00abSono felice di come ho sciato, sono felice di tutto. Non sono quella dell\u2019anno scorso ma va bene cos\u00ec\u00bb. Ci mancherebbe.\u00a0<\/p>\n","protected":false},"excerpt":{"rendered":"Terza medaglia olimpica in discesa per Sofia Terza medaglia di fila all\u2019Olimpiade, la collezione \u00e8 completa. Aveva vinto&hellip;\n","protected":false},"author":3,"featured_media":343978,"comment_status":"","ping_status":"","sticky":false,"template":"","format":"standard","meta":{"footnotes":"","_share_on_mastodon":"0"},"categories":[176],"tags":[150962,200421,4717,75716,5928,200422,137603,6315,765,93167,200423,71037,9978,31080,150969,150970,87234,12921,24898,712,2770,200424,19478,83128,200425,2204,1902,17961,200426,925,3220,3155,17143,200427,1072,3858,34012,200413,192040,447,58327,150958,13227,200414,8189,1248,19634,151013,629,200407,15829,80281,200415,150959,52,2885,36277,1537,15505,90,89,12317,2324,22010,134133,2504,44003,150235,150236,5918,200408,1353,150965,55157,6673,20740,200416,3206,386,150960,3351,9892,200417,4696,150961,200409,200418,42644,2521,861,4849,80282,245,244,8093,3586,200410,200419,200411,410,39786,150240,200412,200420,155090,150990],"class_list":["post-343977","post","type-post","status-publish","format-standard","has-post-thumbnail","category-sport","tag-aicher","tag-aicher-attacco","tag-americana","tag-apripista","tag-argento","tag-argento-pechino","tag-ariane","tag-arrivata","tag-attacco","tag-atterrata","tag-atterrata-traverso","tag-austriaca","tag-aut","tag-blanc","tag-breezy","tag-breezy-johnson","tag-brignone","tag-bronzo","tag-brutta","tag-cade","tag-caduta","tag-caduta-vonn","tag-campionessa","tag-campionessa-mondiale","tag-campionessa-mondiale-carica","tag-carica","tag-carriera","tag-centesimi","tag-centesimi-radler","tag-centrale","tag-chiude","tag-classe","tag-colore","tag-colore-mancava","tag-completa","tag-condizioni","tag-contenta","tag-cornelia","tag-cornelia-huetter","tag-cortina","tag-decima","tag-delago","tag-discesa","tag-discesa-olimpica","tag-elicottero","tag-federica","tag-federica-brignone","tag-flury","tag-gara","tag-gara-interrotta","tag-ginocchio","tag-goggia","tag-goggia-terza","tag-huetter","tag-indietro","tag-infortunio","tag-interrotta","tag-it","tag-ita","tag-italia","tag-italy","tag-johnson","tag-laura","tag-laura-pirovano","tag-legamento","tag-libera","tag-lie","tag-lindsey","tag-lindsey-vonn","tag-medaglia","tag-medaglia-olimpica","tag-mondiale","tag-nicol-delago","tag-nicol","tag-olimpica","tag-olympia","tag-olympia-tofane","tag-oro","tag-pechino","tag-pirovano","tag-podio","tag-portata","tag-portata-elicottero","tag-prova","tag-puchner","tag-radler","tag-schmitt","tag-sci","tag-seconda","tag-settore","tag-sofia","tag-sofia-goggia","tag-sport","tag-sports","tag-svizzera","tag-terza","tag-terza-medaglia","tag-terza-medaglia-olimpica","tag-tofane","tag-usa","tag-vetta","tag-vonn","tag-vonn-portata","tag-vonn-portata-elicottero","tag-wiles","tag-winkelmann"],"share_on_mastodon":{"url":"","error":"Validation failed: Text character limit of 500 exceeded"},"_links":{"self":[{"href":"https:\/\/www.europesays.com\/it\/wp-json\/wp\/v2\/posts\/343977","targetHints":{"allow":["GET"]}}],"collection":[{"href":"https:\/\/www.europesays.com\/it\/wp-json\/wp\/v2\/posts"}],"about":[{"href":"https:\/\/www.europesays.com\/it\/wp-json\/wp\/v2\/types\/post"}],"author":[{"embeddable":true,"href":"https:\/\/www.europesays.com\/it\/wp-json\/wp\/v2\/users\/3"}],"replies":[{"embeddable":true,"href":"https:\/\/www.europesays.com\/it\/wp-json\/wp\/v2\/comments?post=343977"}],"version-history":[{"count":0,"href":"https:\/\/www.europesays.com\/it\/wp-json\/wp\/v2\/posts\/343977\/revisions"}],"wp:featuredmedia":[{"embeddable":true,"href":"https:\/\/www.europesays.com\/it\/wp-json\/wp\/v2\/media\/343978"}],"wp:attachment":[{"href":"https:\/\/www.europesays.com\/it\/wp-json\/wp\/v2\/media?parent=343977"}],"wp:term":[{"taxonomy":"category","embeddable":true,"href":"https:\/\/www.europesays.com\/it\/wp-json\/wp\/v2\/categories?post=343977"},{"taxonomy":"post_tag","embeddable":true,"href":"https:\/\/www.europesays.com\/it\/wp-json\/wp\/v2\/tags?post=343977"}],"curies":[{"name":"wp","href":"https:\/\/api.w.org\/{rel}","templated":true}]}}