{"id":344115,"date":"2026-02-08T14:32:09","date_gmt":"2026-02-08T14:32:09","guid":{"rendered":"https:\/\/www.europesays.com\/it\/344115\/"},"modified":"2026-02-08T14:32:09","modified_gmt":"2026-02-08T14:32:09","slug":"la-moviola-comuzzo-da-rosso-e-fallo-sul-pareggio-viola-colombo-divide","status":"publish","type":"post","link":"https:\/\/www.europesays.com\/it\/344115\/","title":{"rendered":"La moViola: Comuzzo da rosso e fallo sul pareggio viola? Colombo divide"},"content":{"rendered":"<p><strong>CORRIERE DELLO SPORT 6:<\/strong> Al 37\u2019 del primo tempo il Torino si lamenta per un tocco di braccio di Pongracic nell&#8217;area della Fiorentina. Non ci sono, per\u00f2, gli estremi per la punibilit\u00e0. Il pallone sbatte sul braccio del numero 5 viola dopo un colpo di testa del compagno Parisi, da distanza ravvicinata. \u00c8 assolutamente inaspettato e dunque fa bene Colombo a non assegnare il calcio di rigore e il Var ad avallare la decisione. Almeno un errore l&#8217;arbitro lo commette, invece, a livello disciplinare nella ripresa: al 19&#8242; \u00e8 eccessiva l&#8217;ammonizione per Maripan. Qualche dubbio resta anche sul provvedimento per Comuzzo, ammonito, per il fallo su Aboukhlal. Il difendente rischia qualcosa di pi\u00f9. Nel primo tempo l&#8217;arbitro aveva estratto due cartellini gialli: al 31\u2019 per punire correttamente la trattenuta plateale di Lazaro su Parisi e al 40\u2019 per le proteste di Dodo. Il giocatore della Fiorentina aveva sub\u00ecto fallo, ma non si era accorto che Colombo aveva dato il vantaggio. \u00c8 regolare il gol dello 0-1 segnato da Casadei, tenuto in gioco da Dodo. Sull&#8217;azione della rete dell&#8217;1-1 c&#8217;\u00e8 qualche lamentela dei giocatori del Torino per il recupero del pallone di Mandragora che, da dietro, arriva a contatto con Gineitis, colpendo col piede il pallone. Ci sta l&#8217;interpretazione, visto il metro tenuto, e il lasciar di conseguenza proseguire il gioco.<\/p>\n<p><strong>TUTTOSPORT 6,5<\/strong>: Qualche episodio dubbio per Colombo, che alla fine lascia scorrere via la partita senza grossi problemi.<\/p>\n<p class=\"is-copyright\">\u00a9 RIPRODUZIONE RISERVATA<\/p>\n","protected":false},"excerpt":{"rendered":"CORRIERE DELLO SPORT 6: Al 37\u2019 del primo tempo il Torino si lamenta per un tocco di braccio&hellip;\n","protected":false},"author":3,"featured_media":344116,"comment_status":"","ping_status":"","sticky":false,"template":"","format":"standard","meta":{"footnotes":"","_share_on_mastodon":"0"},"categories":[1452],"tags":[12147,13146,2482,588,200477,721,594,200478,34619,11075,57473,4864,8393,11504,1341,3174,2263,1740,629,1280,1281,3225,21057,2024,1975,1537,90,89,2735,82431,6111,1955,31692,90986,1739,245,244,2011,1641],"class_list":["post-344115","post","type-post","status-publish","format-standard","has-post-thumbnail","category-calcio","tag-aboukhlal","tag-arbitro","tag-azione","tag-braccio","tag-braccio-pongracic","tag-calcio","tag-colombo","tag-colombo-lascia","tag-comuzzo","tag-contatto","tag-correre","tag-corriere","tag-corriere-sport","tag-dodo","tag-dubbio","tag-fallo","tag-fiorentina","tag-football","tag-gara","tag-gazzetta","tag-gazzetta-sport","tag-giallo","tag-gineitis","tag-gioco","tag-giusto","tag-it","tag-italia","tag-italy","tag-lascia","tag-mandragora","tag-maripan","tag-pallone","tag-parisi","tag-pongracic","tag-soccer","tag-sport","tag-sports","tag-st","tag-torino"],"share_on_mastodon":{"url":"https:\/\/pubeurope.com\/@it\/116035501724305353","error":""},"_links":{"self":[{"href":"https:\/\/www.europesays.com\/it\/wp-json\/wp\/v2\/posts\/344115","targetHints":{"allow":["GET"]}}],"collection":[{"href":"https:\/\/www.europesays.com\/it\/wp-json\/wp\/v2\/posts"}],"about":[{"href":"https:\/\/www.europesays.com\/it\/wp-json\/wp\/v2\/types\/post"}],"author":[{"embeddable":true,"href":"https:\/\/www.europesays.com\/it\/wp-json\/wp\/v2\/users\/3"}],"replies":[{"embeddable":true,"href":"https:\/\/www.europesays.com\/it\/wp-json\/wp\/v2\/comments?post=344115"}],"version-history":[{"count":0,"href":"https:\/\/www.europesays.com\/it\/wp-json\/wp\/v2\/posts\/344115\/revisions"}],"wp:featuredmedia":[{"embeddable":true,"href":"https:\/\/www.europesays.com\/it\/wp-json\/wp\/v2\/media\/344116"}],"wp:attachment":[{"href":"https:\/\/www.europesays.com\/it\/wp-json\/wp\/v2\/media?parent=344115"}],"wp:term":[{"taxonomy":"category","embeddable":true,"href":"https:\/\/www.europesays.com\/it\/wp-json\/wp\/v2\/categories?post=344115"},{"taxonomy":"post_tag","embeddable":true,"href":"https:\/\/www.europesays.com\/it\/wp-json\/wp\/v2\/tags?post=344115"}],"curies":[{"name":"wp","href":"https:\/\/api.w.org\/{rel}","templated":true}]}}