{"id":344212,"date":"2026-02-08T16:02:11","date_gmt":"2026-02-08T16:02:11","guid":{"rendered":"https:\/\/www.europesays.com\/it\/344212\/"},"modified":"2026-02-08T16:02:11","modified_gmt":"2026-02-08T16:02:11","slug":"sabrina-impacciatore-alla-cerimonia-di-apertura-delle-olimpiadi-mi-sentivo-in-trance-pregavo-varie-entita","status":"publish","type":"post","link":"https:\/\/www.europesays.com\/it\/344212\/","title":{"rendered":"Sabrina Impacciatore: \u00abAlla cerimonia di apertura delle Olimpiadi mi sentivo in trance, pregavo varie entit\u00e0\u00bb"},"content":{"rendered":"<p>    di<br \/>\n    Chiara Maffioletti<\/p>\n<p class=\"summary-art is-line-h-12\">L&#8217;attrice ha conquistato tutti con la sua esibizione: \u00abUna sfida con il corpo, ma per fortuna c&#8217;era la mamma, una stella polare. Sono arrivata a Milano che non stavo neanche in piedi. Ero in fibrillazione\u00bb<\/p>\n<p class=\"chapter-paragraph\">Sabrina Impacciatore ha passato il giorno dopo la sua  sorprendente performance alla cerimonia d\u2019apertura delle Olimpiadi in aeroporto. Ed \u00e8 proprio in uno scalo tra un volo e l&#8217;altro, che risponde. \u00abNon so neanche dove mi trovo, sono in piedi per miracolo\u00bb, ammette. \u00abHo dormito credo un\u2019ora e dieci in tutto e non dormivo da una settimana. Sto tornando negli Stati Uniti con ancora con le trecce d\u2019oro e d\u2019argento tra i capelli, non sono riuscita a toglierle\u00bb.<\/p>\n<p class=\"chapter-paragraph\"><b>Che emozione \u00e8 stata esibirsi di fronte a tutta quella gente?<br \/><\/b>\u00abAncora sto cercando di elaborare, era come se fossi in trance. Non ho capito bene cosa sia successo. Il mio numero \u00e8 andato un po\u2019 in ritardo, perch\u00e9 la parata \u00e8 durata pi\u00f9 del previsto, quindi io ero nel mio camerino in fibrillazione. Avevo fatto il riscaldamento ormai un\u2019ora prima, avevo il terrore di stirarmi&#8230; quando poi \u00e8 arrivato il momento di uscire ricordo solo tutte le preghiere e tutti quelli a cui a cui le ho fatte, perch\u00e9 per sicurezza mi sono rivolta a varie entit\u00e0\u00bb.    &#13;<br \/>\n&#13;<br \/>\n&#13;<br \/>\n&#13;<br \/>\n&#13;<br \/>\n&#13;<br \/>\n&#13;<br \/>\n&#13;<br \/>\n&#13;<br \/>\n&#13;<br \/>\n&#13;<br \/>\n&#13;<br \/>\n&#13;<br \/>\n&#13;<br \/>\n&#13;<br \/>\n&#13;<br \/>\n&#13;<br \/>\n&#13;<br \/>\n&#13;<br \/>\n&#13;<br \/>\n&#13;<br \/>\n&#13;<br \/>\n&#13;<br \/>\n&#13;<br \/>\n&#13;<br \/>\n&#13;<br \/>\n&#13;<br \/>\n&#13;<br \/>\n&#13;<br \/>\n&#13;<br \/>\n&#13;<br \/>\n&#13;<br \/>\n&#13;<br \/>\n&#13;<br \/>\n&#13;<br \/>\n&#13;<br \/>\n&#13;<br \/>\n&#13;<br \/>\n&#13;<br \/>\n&#13;<br \/>\n&#13;<br \/>\n&#13;<br \/>\n&#13;<br \/>\n&#13;<br \/>\n&#13;<br \/>\n&#13;<br \/>\n&#13;<br \/>\n&#13;<br \/>\n&#13;<br \/>\n&#13;<br \/>\n&#13;<br \/>\n&#13;<br \/>\n&#13;\n<\/p>\n<p class=\"chapter-paragraph\"><b>Non ha solo interpretato un ruolo, sul palco ha corso, ha ballato&#8230;<br \/><\/b>\u00ab\u00c8 stata una sfida con il mio corpo. Tra l\u2019altro, mi ero infortunata sul set la scorsa settimana quindi ero ulteriormente in ansia. Dovevo girare una scena in cui ero a bordo campo a insultare un arbitro, invece, seguendo un istinto animale che purtroppo mi governa, ho fatto invasione di campo a freddo e ho giocato a calcio per mezz\u2019ora con i tacchi. Mi sono strappata tutta, poi sono caduta a quattro di bastoni e mi sono infortunata la schiena. Sono arrivata a Milano che non potevo neanche stare in piedi. Di conseguenza non dormivo la notte, ero agitatissima. La sensazione era quella di dover sfidare il mio corpo\u00bb.<\/p>\n<p class=\"chapter-paragraph\"><b>Sfida vinta, non crede?<br \/><\/b>\u00abL\u2019immagine di tutta quella gente era potentissima, il cuore ha iniziato a battermi cos\u00ec forte che ho detto: adesso uscir\u00e0 dal petto e si vedr\u00e0. Non sapevo come calmarmi. Prima di iniziare continuavo a muovermi per scaldare i muscoli, poi pregavo, poi mi mettevo il burro di cacao ossessivamente, poi facevo degli squat e pregavo ancora. \u00c8 una sensazione difficile da spiegare, in cui senti anche una solitudine assoluta, proprio l\u2019essenza della solitudine: hai a che fare con la tua pi\u00f9 grande paura che \u00e8 la paura di cadere, di fallire, di deludere, di non essere all\u2019altezza&#8230; e puoi contare solo su di te\u00bb.<\/p>\n<p class=\"chapter-paragraph\"><b>La voce si spezza. Si \u00e8 commossa?<br \/><\/b>\u00abS\u00ec, poi sono stanca e mi capita di pi\u00f9. Mi sono commossa perch\u00e9 in quel momento ho proprio sentito il calore dei 26 ballerini che erano in scena con me, ragazzi che ho amato perdutamente, con cui ho parlato tanto. Volevo comunicare loro l\u2019importanza di essere l\u00ec per veicolare un messaggio d\u2019amore di cui il mondo ha cos\u00ec tanto bisogno in questo momento\u00bb.<\/p>\n<p class=\"chapter-paragraph\"><b>Sul palco esprimeva emozione e molta gioia. Era cos\u00ec?<br \/><\/b>\u00abHo provato una gioia molto profonda per la possibilit\u00e0 di esprimere quello che sento, che \u00e8 legato al senso della vita, per me. Volevo raccontare un viaggio: il mio personaggio parte sola, non ha amici, \u00e8 isolata e insicura. Ma il viaggio la porta dalla solitudine all\u2019appartenenza, dall\u2019insicurezza all\u2019empowerment. \u00c8 un viaggio verso la libert\u00e0. Quando decido di prendere il controllo decido anche di essere libera, libera di essere me stessa e di accogliere anche gli altri\u00bb.<\/p>\n<p class=\"chapter-paragraph\"><b>Questo viaggio di una persona che si sente inadeguata ma che poi si prende dei rischi, dona il suo cuore, e conquista il mondo, sembra un po\u2019 anche la sua storia, no?<br \/><\/b>\u00ab\u00c8 vero, ma me ne sono resa conto solo molto dopo. Abbiamo lavorato molto in team e ho contribuito alla creazione della mia coreografia, attraverso un vero lavoro di squadra. Mi chiedevo se questo messaggio sarebbe arrivato e oggi sento che \u00e8 stato tutto miracoloso\u00bb.<\/p>\n<p class=\"chapter-paragraph\"><b>Ha voluto con lei sua mamma. Cosa le ha detto?<br \/><\/b>\u00abMia madre \u00e8 la mia stella polare: non la vedevo da un mese e mezzo, quindi incontrarci a Milano \u00e8 stata gi\u00e0 una grandissima emozione. Alle prove avevo un terrore che non si pu\u00f2 definire: pensavo che questa performance avrebbe segnato la fine del mio momento magico, immaginavo una caduta colossale, in mondovisione. Questo fino a quando ho visto mia madre che piangeva in maniera irrefrenabile, non riusciva neanche a parlare, salvo poi dire: Sabrina, \u00e8 bellissimo\u00bb.<\/p>\n<p class=\"chapter-paragraph\"><b>Una gioia nella gioia, no?<br \/><\/b>\u00abS\u00ec, anche perch\u00e9 lei \u00e8 molto obiettiva. \u00c8 stato divertente quando le ho fatto vedere una prova di trucco e parrucco e le ho chiesto di dirmi cosa ne pensasse: lei non voleva offendere nessuno, allora \u00e8 rimasta tipo statua di sale e ha  iniziato a emettere delle vocali. Ho capito che dovevamo cambiare\u00bb.<\/p>\n<p class=\"chapter-paragraph\"><b>Ha letto i commenti alla sua esibizione?<br \/><\/b>\u00abMi sono arrivati talmente tanti messaggi che non riuscir\u00f2 mai a rispondere a tutti. Mi hanno chiamato le mie agenti americane, solitamente molto serie e professionali. Ecco, urlavano. Dicevano: &#8220;Sabrina, qui \u00e8 esplosa una bomba! Adesso andremo a Broadway&#8221;. E i colleghi di The Paper (serie Sky di cui Impacciatore \u00e8 protagonista, ndr.), assieme alla troupe, hanno seguito assieme la cerimonia. Mi sento molto orgogliosa di essere italiana\u00bb.<\/p>\n<p class=\"chapter-paragraph\"><b>\u00c8 riuscita a vedere altri momenti della cerimonia?<br \/><\/b>\u00abTutta la prima parte, ed \u00e8 stato anche quello che mi ha dato lo slancio. Iniziare con i ballerini della Scala \u00e8 stata una scelta di rarissima eleganza. Poi ho amato Matilda De Angelis e l\u2019omaggio a Fellini, ma \u00e8 stato tutto veramente emozionante\u00bb.<\/p>\n<p class=\"chapter-paragraph\"><b>Quale \u00e8 la sua posizione su Ghali?<br \/><\/b>\u00abAvevo il camerino di fronte al suo. Posso solo dire che il mio cuore \u00e8 con Ghali, con la famiglia di Ghali e con quello che Ghali rappresenta. Sono solidale con lui e mi sento profondamente orgogliosa che sia cittadino italiano. Spero che come Ghali ce ne siano tanti altri, anzi, questo \u00e8 proprio un sogno che lancio nell\u2019universo perch\u00e9 per me noi siamo tutti i figli dello stesso Dio. Sogno un mondo cos\u00ec, perch\u00e9 con le differenze, le discriminazioni e la mancanza di rispetto, il nostro si sta ammalando in una maniera gravissima. Noi abbiamo il dovere di creare degli anticorpi: \u00e8 ci\u00f2 che d\u00e0 senso alla mia vita e anche alla mia arte\u00bb.<\/p>\n<p class=\"is-last-update\" datetime=\"2026-02-08T16:02:55+01:00\">8 febbraio 2026 ( modifica il 8 febbraio 2026 | 16:02)<\/p>\n<p class=\"is-copyright\">\n            \u00a9 RIPRODUZIONE RISERVATA\n        <\/p>\n","protected":false},"excerpt":{"rendered":"di Chiara Maffioletti L&#8217;attrice ha conquistato tutti con la sua esibizione: \u00abUna sfida con il corpo, ma per&hellip;\n","protected":false},"author":3,"featured_media":344213,"comment_status":"","ping_status":"","sticky":false,"template":"","format":"standard","meta":{"footnotes":"","_share_on_mastodon":"0"},"categories":[174],"tags":[5466,915,145615,6315,198838,3077,17039,2384,2770,45398,921,3079,818,39964,145620,172082,3591,6036,27683,181417,9067,203,750,12856,30455,1346,4965,8289,19143,61807,200576,10815,6990,204,1537,90,89,2504,4045,4002,10582,6411,28,14344,5917,77342,2298,5238,15418,41262,142051,2956,24530,38918,2986,17168,2677,27675,1821,989,3461,200577,2526,21318,5046,200578,1652],"class_list":["post-344212","post","type-post","status-publish","format-standard","has-post-thumbnail","category-intrattenimento","tag-amato","tag-apertura","tag-apertura-olimpiadi","tag-arrivata","tag-arrivata-milano","tag-arrivato","tag-assieme","tag-ballerini","tag-caduta","tag-camerino","tag-campo","tag-capito","tag-cerimonia","tag-cerimonia-apertura","tag-cerimonia-apertura-olimpiadi","tag-commossa","tag-corpo","tag-cuore","tag-decido","tag-dormivo","tag-emozione","tag-entertainment","tag-entita","tag-esibizione","tag-fibrillazione","tag-fronte","tag-gente","tag-ghali","tag-gioia","tag-impacciatore","tag-infortunata","tag-iniziare","tag-iniziato","tag-intrattenimento","tag-it","tag-italia","tag-italy","tag-libera","tag-madre","tag-mamma","tag-maniera","tag-messaggio","tag-milano","tag-neanche","tag-olimpiadi","tag-orgogliosa","tag-palco","tag-paura","tag-performance","tag-polare","tag-pregavo","tag-riuscita","tag-sabrina","tag-sabrina-impacciatore","tag-scena","tag-sensazione","tag-senso","tag-sento","tag-serie","tag-settimana","tag-sfida","tag-sfida-corpo","tag-sogno","tag-solitudine","tag-stella","tag-stella-polare","tag-viaggio"],"share_on_mastodon":{"url":"","error":"Validation failed: Text character limit of 500 exceeded"},"_links":{"self":[{"href":"https:\/\/www.europesays.com\/it\/wp-json\/wp\/v2\/posts\/344212","targetHints":{"allow":["GET"]}}],"collection":[{"href":"https:\/\/www.europesays.com\/it\/wp-json\/wp\/v2\/posts"}],"about":[{"href":"https:\/\/www.europesays.com\/it\/wp-json\/wp\/v2\/types\/post"}],"author":[{"embeddable":true,"href":"https:\/\/www.europesays.com\/it\/wp-json\/wp\/v2\/users\/3"}],"replies":[{"embeddable":true,"href":"https:\/\/www.europesays.com\/it\/wp-json\/wp\/v2\/comments?post=344212"}],"version-history":[{"count":0,"href":"https:\/\/www.europesays.com\/it\/wp-json\/wp\/v2\/posts\/344212\/revisions"}],"wp:featuredmedia":[{"embeddable":true,"href":"https:\/\/www.europesays.com\/it\/wp-json\/wp\/v2\/media\/344213"}],"wp:attachment":[{"href":"https:\/\/www.europesays.com\/it\/wp-json\/wp\/v2\/media?parent=344212"}],"wp:term":[{"taxonomy":"category","embeddable":true,"href":"https:\/\/www.europesays.com\/it\/wp-json\/wp\/v2\/categories?post=344212"},{"taxonomy":"post_tag","embeddable":true,"href":"https:\/\/www.europesays.com\/it\/wp-json\/wp\/v2\/tags?post=344212"}],"curies":[{"name":"wp","href":"https:\/\/api.w.org\/{rel}","templated":true}]}}