{"id":344510,"date":"2026-02-08T20:55:12","date_gmt":"2026-02-08T20:55:12","guid":{"rendered":"https:\/\/www.europesays.com\/it\/344510\/"},"modified":"2026-02-08T20:55:12","modified_gmt":"2026-02-08T20:55:12","slug":"morgan-demolisce-linno-di-laura-pausini-alle-olimpiadi-deformato-e-stile-disney","status":"publish","type":"post","link":"https:\/\/www.europesays.com\/it\/344510\/","title":{"rendered":"Morgan demolisce l&#8217;Inno di Laura Pausini alle Olimpiadi: \u201cDeformato e stile Disney\u201d"},"content":{"rendered":"<p>Solarolo (Ravenna), 8 febbraio 2026 \u2013 <strong><a rel=\"follow nofollow noopener\" href=\"https:\/\/www.ilrestodelcarlino.it\/ravenna\/cronaca\/laura-pausini-inno-italia-mameli-lk4yhc5j\" target=\"_blank\">\u201cInno d\u2019Italia <\/a><\/strong>alle olimpiadi. <strong>L\u2019opinione<\/strong> dell\u2019umile <strong>Morgan\u201d<\/strong>. Con questo post\u00a0il cantautore\u00a0ha pubblicato sul proprio profilo Instagram\u00a0un video di 3 minuti e 43 in cui snocciola una <strong>critica musicale<\/strong> dettagliata sull\u2019<a rel=\"follow nofollow noopener\" href=\"https:\/\/www.ilrestodelcarlino.it\/ravenna\/cultura\/laura-pausini-inno-italia-mameli-olimpiadi-hkc9bfi4\" target=\"_blank\"><strong>\u201cinno italiano di Mameli Novaro cantato dalla Pausini<\/strong><\/a> che ho visto poco fa\u201d.<\/p>\n<p>Approfondisci:<\/p>\n<p><a href=\"https:\/\/www.ilrestodelcarlino.it\/ravenna\/cultura\/figlia-laura-pausini-ndbuc5dh\" class=\"ArticleEmbed_article__embed__content__Jzqnz\" rel=\"nofollow noopener\" target=\"_blank\">La figlia di Laura Pausini compie 13 anni: \u201cPaola non aver paura, sono qui con te\u201d<img alt=\"La figlia di Laura Pausini compie 13 anni: \u201cPaola non aver paura, sono qui con te\u201d\" loading=\"lazy\" width=\"140\" height=\"78\" decoding=\"async\" data-nimg=\"1\" style=\"color:transparent\"  src=\"https:\/\/www.europesays.com\/it\/wp-content\/uploads\/2026\/02\/la-festa-del-tredicesimo-compleanno-della-figlia-paola-e-accanto-una-dolce-immagine-di-laura-pausini.webp\"\/><\/a><br \/>\n <img alt=\"Morgan demolisce l'Inno di Laura Pausini alle Olimpiadi: \u201cDeformato e stile Disney\u201d\" loading=\"lazy\" width=\"762\" height=\"429\" decoding=\"async\" data-nimg=\"1\" style=\"color:transparent\"  src=\"https:\/\/www.europesays.com\/it\/wp-content\/uploads\/2026\/02\/x9zibkw.jpeg\"\/><br \/>\n\u201cHa cantato molto bene, complimenti\u201d <\/p>\n<p>A poche ore dall\u2019esecuzione dell\u2019inno di Mameli da parte della cantante di Solarolo, che ha diviso il pubblico scatenando anche critiche feroci, Morgan non usa\u00a0mezzi termini, definendo l\u2019<strong>\u201cinterpretazione completamente sbagliata\u201d<\/strong>, poi precisa \u201cnon perch\u00e9 <strong><a rel=\"follow nofollow noopener\" href=\"https:\/\/www.ilrestodelcarlino.it\/ravenna\/cultura\/laura-pausini-inno-mameli-qg1im9nv\" target=\"_blank\">Laura Pausini <\/a><\/strong>abbia cantato male, tutt\u2019altro,<strong> l\u2019ha cantato molto bene<\/strong>, molto intonata, con il suo stile ha ben rappresentato la musicalit\u00e0 italiana odierna\u201d e per questo il cantautore fa i complimenti alla collega, \u201canche perch\u00e9 \u00e8 molto difficile davanti a un grande evento di questo tipo essere cos\u00ec impeccabili, ha dimostrato un grande livello, ma su questo non c\u2019\u00e8 alcun dubbio\u201d.<\/p>\n<p>Approfondisci:<\/p>\n<p><a href=\"https:\/\/www.ilrestodelcarlino.it\/ravenna\/cultura\/figlia-laura-pausini-ndbuc5dh\" class=\"ArticleEmbed_article__embed__content__Jzqnz\" rel=\"nofollow noopener\" target=\"_blank\">La figlia di Laura Pausini compie 13 anni: \u201cPaola non aver paura, sono qui con te\u201d<img alt=\"La figlia di Laura Pausini compie 13 anni: \u201cPaola non aver paura, sono qui con te\u201d\" loading=\"lazy\" width=\"140\" height=\"78\" decoding=\"async\" data-nimg=\"1\" style=\"color:transparent\"  src=\"https:\/\/www.europesays.com\/it\/wp-content\/uploads\/2026\/02\/la-festa-del-tredicesimo-compleanno-della-figlia-paola-e-accanto-una-dolce-immagine-di-laura-pausini.webp\"\/><\/a><br \/>\n&#8220;Brano trasformato\u201d, \u201cmusica adatta a un contesto Disney\u201d <\/p>\n<p>Il problema, per\u00f2, come precisa Morgan, \u00e8 \u201caver <strong>trasformato quel brano in qualcosa di assolutamente non italiano<\/strong>, averlo modificato a tal punto da renderlo<strong> irriconoscibile e deformato<\/strong> sembrava pi\u00f9 <strong>musica adatta a un contesto Disney<\/strong>\u201d.<\/p>\n<p> <img alt=\"Laura Pausini canta l'inno alla cerimonia di apertura di Milano-Cortina 2026\" loading=\"lazy\" width=\"1600\" height=\"900\" decoding=\"async\" data-nimg=\"1\" style=\"color:transparent;max-width:100%;height:auto\"   src=\"https:\/\/www.europesays.com\/it\/wp-content\/uploads\/2026\/02\/1770584112_788_laura-pausini-canta-l-inno-alla-cerimonia-di-apertura-di-milano-cortina-2026.webp.webp\"\/><\/p>\n<p>Laura Pausini canta l&#8217;inno alla cerimonia di apertura di Milano-Cortina 2026<\/p>\n<p>Una grande storia di musica italiana <\/p>\n<p>E ancora il cantautore ha sottolineato come<strong> \u201cnoi italiani abbiamo una grande storia di musica<\/strong>\u00a0che raggiunge il picco del suo successo con Giuseppe Verdi, Puccini, un po\u2019 prima con Donizetti. E\u2019 quello il momento che rappresenta l\u2019italianit\u00e0 nel mondo, quello che si chiama la musica occidentale tonale, l\u2019armonia tonale. In quello l\u2019Italia ha un importantissimo ruolo, tant\u2019\u00e8 vero che il grande musicista Roberto Schumann, nelle cento regole di vita musicale dice che <strong>qualsiasi musicista deve per forza conoscere i compositori italiani<\/strong>, perch\u00e9 \u00e8 uno dei fondamentali della storia della musica italiana che parte da molto lontano, dall\u2019invenzione della notazione musicale. Ed \u00e8 per questo che in tutto il mondo ha ancora la terminologia italiana\u201d.<\/p>\n<p>Approfondisci:<\/p>\n<p><a href=\"https:\/\/www.ilrestodelcarlino.it\/ravenna\/cronaca\/laura-pausini-inno-italia-mameli-lk4yhc5j\" class=\"ArticleEmbed_article__embed__content__Jzqnz\" rel=\"nofollow noopener\" target=\"_blank\">Il gorgheggio sull\u2019Inno d\u2019Italia e l\u2019accusa di alto tradimento a Mameli: ma cosa ha sbagliato Laura Pausini?<img alt=\"Il gorgheggio sull\u2019Inno d\u2019Italia e l\u2019accusa di alto tradimento a Mameli: ma cosa ha sbagliato Laura Pausini?\" loading=\"lazy\" width=\"140\" height=\"78\" decoding=\"async\" data-nimg=\"1\" style=\"color:transparent\"  src=\"https:\/\/www.europesays.com\/it\/wp-content\/uploads\/2026\/02\/1770584112_479_laura-pausini-alla-cerimonia-inaugurale-delle-olimpiadi.webp.webp\"\/><\/a><br \/>\n&#8220;Bisognerebbe appropriarsi dell\u2019italianit\u00e0\u201d <\/p>\n<p>Morgan precisa, dunque, che \u201cquando noi dobbiamo fare un inno con tutto il mondo che ci guarda, bisognerebbe <strong>appropriarsi dell\u2019italianit\u00e0 <\/strong>e <strong>non fare quelli senza carattere, senza personalit\u00e0<\/strong>, perch\u00e9 noi italiani siamo oggi in una condizione di sofferenza dal punto di vista musicale proprio perch\u00e9 non ci viene riconosciuto quel ruolo, altro che sovranit\u00e0\u201d.<\/p>\n<p>Rimodernare s\u00ec, ma nella logica dell\u2019essenza della musicalit\u00e0 italiana <\/p>\n<p>Il cantautore non esclude che si possa <strong>\u201crimodernare\u201d <\/strong>l\u2019inno, ma spiega che bisognerebbe \u201cfarlo <strong>nella logica dell\u2019essenza della musicalit\u00e0 italiana\u201d<\/strong>. E ancora: \u201cC\u2019\u00e8 un modo di orchestrare all\u2019italiana, che non \u00e8 quello alla Walt Disney, che non \u00e8 alla John Williams dei film di fantascienza. Al limite \u00e8 quello di Morricone\u201d.<\/p>\n<p>Infine, riassume: \u201cOggi secondo me \u00e8 stato\u00a0<strong>svuotato di italianit\u00e0 un simbolo dell\u2019Ottocento italiano che ha un arrangiamento e un\u2019armonia precisa.<\/strong> Reinventarlo l\u2019ha portato in una direzione del tutto non italiana. Quindi oggi non abbiamo affermato cosa significa essere italiani da un punto di vista musicale. Abbiamo scimmiottato una cosa che non ci appartiene\u201d.<\/p>\n","protected":false},"excerpt":{"rendered":"Solarolo (Ravenna), 8 febbraio 2026 \u2013 \u201cInno d\u2019Italia alle olimpiadi. L\u2019opinione dell\u2019umile Morgan\u201d. Con questo post\u00a0il cantautore\u00a0ha pubblicato&hellip;\n","protected":false},"author":3,"featured_media":344511,"comment_status":"","ping_status":"","sticky":false,"template":"","format":"standard","meta":{"footnotes":"","_share_on_mastodon":"0"},"categories":[1443],"tags":[200655,150121,9218,203,14340,204,1537,90,89,2324,3193,1538,1539,5917,20811],"class_list":["post-344510","post","type-post","status-publish","format-standard","has-post-thumbnail","category-musica","tag-deformato","tag-demolisce","tag-disney","tag-entertainment","tag-inno","tag-intrattenimento","tag-it","tag-italia","tag-italy","tag-laura","tag-morgan","tag-music","tag-musica","tag-olimpiadi","tag-pausini"],"share_on_mastodon":{"url":"https:\/\/pubeurope.com\/@it\/116037007921249281","error":""},"_links":{"self":[{"href":"https:\/\/www.europesays.com\/it\/wp-json\/wp\/v2\/posts\/344510","targetHints":{"allow":["GET"]}}],"collection":[{"href":"https:\/\/www.europesays.com\/it\/wp-json\/wp\/v2\/posts"}],"about":[{"href":"https:\/\/www.europesays.com\/it\/wp-json\/wp\/v2\/types\/post"}],"author":[{"embeddable":true,"href":"https:\/\/www.europesays.com\/it\/wp-json\/wp\/v2\/users\/3"}],"replies":[{"embeddable":true,"href":"https:\/\/www.europesays.com\/it\/wp-json\/wp\/v2\/comments?post=344510"}],"version-history":[{"count":0,"href":"https:\/\/www.europesays.com\/it\/wp-json\/wp\/v2\/posts\/344510\/revisions"}],"wp:featuredmedia":[{"embeddable":true,"href":"https:\/\/www.europesays.com\/it\/wp-json\/wp\/v2\/media\/344511"}],"wp:attachment":[{"href":"https:\/\/www.europesays.com\/it\/wp-json\/wp\/v2\/media?parent=344510"}],"wp:term":[{"taxonomy":"category","embeddable":true,"href":"https:\/\/www.europesays.com\/it\/wp-json\/wp\/v2\/categories?post=344510"},{"taxonomy":"post_tag","embeddable":true,"href":"https:\/\/www.europesays.com\/it\/wp-json\/wp\/v2\/tags?post=344510"}],"curies":[{"name":"wp","href":"https:\/\/api.w.org\/{rel}","templated":true}]}}