{"id":344524,"date":"2026-02-08T21:03:11","date_gmt":"2026-02-08T21:03:11","guid":{"rendered":"https:\/\/www.europesays.com\/it\/344524\/"},"modified":"2026-02-08T21:03:11","modified_gmt":"2026-02-08T21:03:11","slug":"scoppia-la-bufera-sulla-consigliera-di-fdi-ecco-il-video","status":"publish","type":"post","link":"https:\/\/www.europesays.com\/it\/344524\/","title":{"rendered":"scoppia la bufera sulla consigliera di FdI. Ecco il video"},"content":{"rendered":"<p>Calenzano (Firenze), 8 febbraio 2026 \u2013\u00a0Polemica sulla consigliera comunale di <strong>Fratelli d\u2019Italia<\/strong> a <strong>Calenzano<\/strong>, <strong>Monica Castro<\/strong>, che durante un suo intervento, commentando il patto di amicizia tra il paese della Piana e Jenin, in <strong>Palestina<\/strong>, ha definito i <strong>palestinesi <\/strong>\u201c<strong>storpi<\/strong>\u201d e \u201c<strong>senza casa<\/strong>\u201d. Un intervento surreale, in cui la consigliera si chiede \u2013\u00a0quasi in vernacolo \u2013\u00a0\u201cperch\u00e9 noi si debba andare dagli storpi, ridotti male, senza casa senza nulla\u201d salvo poi precisare che il suo era \u201cun discorso scherzoso\u201d che voleva \u201cironizzare\u201d perch\u00e9\u00a0\u201calle 8 di sera mi tocca ironizzare e so a malapena dov\u2019\u00e8\u201d, dopo aver spiegato che lei preferisce andare in posti meno deprimenti e pi\u00f9 ricchi perch\u00e9 \u00e8 \u201cquestione di sensibilit\u00e0 personale\u201d.<\/p>\n<p>\u201cLe parole pronunciate dalla consigliera di Fratelli d&#8217;Italia, Monica Castro, durante il consiglio comunale di <strong>Calenzano <\/strong>lo scorso 29 gennaio sono gravi, offensive e semplicemente inaccettabili. Dire, riferendosi al patto di amicizia tra Calenzano e Jenin, che &#8216;si poteva fare un gemellaggio con l&#8217;Austria, che \u00e8 ricca\u2019\u00a0e chiedere &#8216;perch\u00e9 dobbiamo andare da quelli storpi, ridotti male, senza casa\u2019\u00a0significa superare ogni limite del confronto politico e umano\u201d.<\/p>\n<p>Cos\u00ec sui social il <strong>Pd <\/strong>toscano che chiede a Castro di scusarsi e a FdI\u00a0\u201cdi prendere le distanze da dichiarazioni che alimentano disprezzo e disumanizzazione\u201d.<\/p>\n<p> <img alt=\"\u201cPalestinesi storpi, poveri e senza casa\u201d: scoppia la bufera sulla consigliera di FdI. Ecco il video\" loading=\"lazy\" width=\"762\" height=\"429\" decoding=\"async\" data-nimg=\"1\" style=\"color:transparent\"  src=\"https:\/\/www.europesays.com\/it\/wp-content\/uploads\/2026\/02\/x9zi5p0.jpeg\"\/> <\/p>\n<p>Per i Dem toscani le parole pronunciate dalla consigliera &#8220;non colpiscono solo una comunit\u00e0, ma offendono persone che vivono una condizione di sofferenza estrema, privandole persino della dignit\u00e0 del linguaggio. Deridere chi non ha casa, chi vive sotto occupazione e violenza, chi subisce ogni giorno le conseguenze di un conflitto drammatico, \u00e8 un atto di cinismo che nulla ha a che vedere con i valori delle istituzioni\u201d.<\/p>\n<p> <img alt=\"Monica Castro, consigliera FdI a Calenzano\" loading=\"lazy\" width=\"4000\" height=\"2664\" decoding=\"async\" data-nimg=\"1\" style=\"color:transparent;max-width:100%;height:auto\"   src=\"https:\/\/www.europesays.com\/it\/wp-content\/uploads\/2026\/02\/monica-castro-consigliera-fdi-a-calenzano.webp.webp\"\/><\/p>\n<p>Monica Castro, consigliera FdI a Calenzano<\/p>\n<p>La <strong>Toscana<\/strong>, conclude il Pd &#8220;\u00e8 terra di diritti, di accoglienza e di rispetto. Non permetteremo che venga trascinata in un linguaggio che nega i valori costituzionali, la solidariet\u00e0 e il senso stesso di comunit\u00e0\u201d.<\/p>\n","protected":false},"excerpt":{"rendered":"Calenzano (Firenze), 8 febbraio 2026 \u2013\u00a0Polemica sulla consigliera comunale di Fratelli d\u2019Italia a Calenzano, Monica Castro, che durante&hellip;\n","protected":false},"author":3,"featured_media":344525,"comment_status":"","ping_status":"","sticky":false,"template":"","format":"standard","meta":{"footnotes":"","_share_on_mastodon":"0"},"categories":[79],"tags":[26893,8281,14,93,94,1537,90,89,7,15,771,24923,21310,200682,11,84,91,12,85,92,2392],"class_list":["post-344524","post","type-post","status-publish","format-standard","has-post-thumbnail","category-italia","tag-bufera","tag-consigliera","tag-cronaca","tag-cronaca-italiana","tag-cronacaitaliana","tag-it","tag-italia","tag-italy","tag-news","tag-notizie","tag-palestinesi","tag-poveri","tag-scoppia","tag-storpi","tag-ultime-notizie","tag-ultime-notizie-e-news-di-oggi","tag-ultime-notizie-italia","tag-ultimenotizie","tag-ultimenotizieenewsdioggi","tag-ultimenotizieitalia","tag-video"],"share_on_mastodon":{"url":"https:\/\/pubeurope.com\/@it\/116037039366792096","error":""},"_links":{"self":[{"href":"https:\/\/www.europesays.com\/it\/wp-json\/wp\/v2\/posts\/344524","targetHints":{"allow":["GET"]}}],"collection":[{"href":"https:\/\/www.europesays.com\/it\/wp-json\/wp\/v2\/posts"}],"about":[{"href":"https:\/\/www.europesays.com\/it\/wp-json\/wp\/v2\/types\/post"}],"author":[{"embeddable":true,"href":"https:\/\/www.europesays.com\/it\/wp-json\/wp\/v2\/users\/3"}],"replies":[{"embeddable":true,"href":"https:\/\/www.europesays.com\/it\/wp-json\/wp\/v2\/comments?post=344524"}],"version-history":[{"count":0,"href":"https:\/\/www.europesays.com\/it\/wp-json\/wp\/v2\/posts\/344524\/revisions"}],"wp:featuredmedia":[{"embeddable":true,"href":"https:\/\/www.europesays.com\/it\/wp-json\/wp\/v2\/media\/344525"}],"wp:attachment":[{"href":"https:\/\/www.europesays.com\/it\/wp-json\/wp\/v2\/media?parent=344524"}],"wp:term":[{"taxonomy":"category","embeddable":true,"href":"https:\/\/www.europesays.com\/it\/wp-json\/wp\/v2\/categories?post=344524"},{"taxonomy":"post_tag","embeddable":true,"href":"https:\/\/www.europesays.com\/it\/wp-json\/wp\/v2\/tags?post=344524"}],"curies":[{"name":"wp","href":"https:\/\/api.w.org\/{rel}","templated":true}]}}