{"id":344677,"date":"2026-02-08T23:14:09","date_gmt":"2026-02-08T23:14:09","guid":{"rendered":"https:\/\/www.europesays.com\/it\/344677\/"},"modified":"2026-02-08T23:14:09","modified_gmt":"2026-02-08T23:14:09","slug":"clizia-incorvaia-a-verissimo-accusa-apertamente-sarcina-botte-tradimenti-e-ricatti","status":"publish","type":"post","link":"https:\/\/www.europesays.com\/it\/344677\/","title":{"rendered":"Clizia Incorvaia a Verissimo accusa apertamente Sarcina: &#8220;Botte, tradimenti e ricatti&#8221;"},"content":{"rendered":"<p>Continua la battaglia tra <strong>Clizia Incorvaia e Francesco Sarcina<\/strong>. L\u2019influencer \u00e8 tornata a<strong> Verissimo<\/strong> per svelare nuovi retroscena del suo matrimonio finito con il leader de <strong>Le Vibrazioni<\/strong>. E lanciando delle accuse pesantissime che non lasceranno di certo indifferente il cantante, con il quale i rapporti sono piuttosto freddi nonostante la <strong>figlia in comune Nina<\/strong>, nata dieci anni fa.\n<\/p>\n<p>Clizia Incorvaia a Verissimo, le accuse a Francesco Sarcina de Le Vibrazioni<\/p>\n<p>Tra ricordi, accuse e chiarimenti, <a href=\"https:\/\/dilei.it\/star-e-vip\/clizia-incorvaia\/\" data-doctype=\"\" rel=\"nofollow noopener\" target=\"_blank\">Clizia Incorvaia<\/a> ha rivissuto a Verissimo un percorso personale fatto di amore, separazione e battaglie giudiziarie.<\/p>\n<p>Il legame amoroso con <a href=\"https:\/\/dilei.it\/star-e-vip\/francesco-sarcina\/\" data-doctype=\"\" rel=\"nofollow noopener\" target=\"_blank\">Francesco Sarcina<\/a>, secondo le parole dell\u2019influencer, sarebbe stato <strong>\u201cun amore tossico, un matrimonio pesante\u201d.<\/strong> Dalla nascita della figlia Nina, la loro vita di coppia si sarebbe complicata fino a portare la questione davanti al tribunale.<\/p>\n<p>\u201cNon ho mai denunciato prima perch\u00e9 non volevo che Nina leggesse. Mi sentivo sola\u201d, ha confidato Clizia a <a href=\"https:\/\/dilei.it\/star-e-vip\/silvia-toffanin\/\" data-doctype=\"\" rel=\"nofollow noopener\" target=\"_blank\">Silvia Toffanin<\/a>. Ma poi ha chiarito: \u201c<strong>Non voglio pi\u00f9 avere paura<\/strong>, non voglio pi\u00f9 essere derisa\u201d.<\/p>\n<p>Ha dunque ricordato le voci sul suo presunto <strong>flirt con Riccardo Scamarcio<\/strong>, respingendole con forza: \u201cMi hanno chiamato in tutti i modi, ma lui mi ha tradito pi\u00f9 volte\u201d.<\/p>\n<p>La 45enne ha chiarito i prossimi passi legali: \u201cAd aprile rivedremo insieme le condizioni con Francesco.<strong> Nina deve avere un mantenimento degno e sostenibile<\/strong>. I rapporti con lui sono gelidi, soprattutto dopo ci\u00f2 che la sua nuova compagna ha scritto su di me. Cose terribili, non vere\u201d.<\/p>\n<p>Clizia Incorvaia non ha risparmiato parole dure verso la nuova compagna dell\u2019ex,<a href=\"https:\/\/dilei.it\/vip\/nayra-garibo-chi\/2099568\/\" data-doctype=\"\" rel=\"nofollow noopener\" target=\"_blank\"> Nayra Garibo<\/a>, che non ha esitato ad <a href=\"https:\/\/dilei.it\/vip\/francesco-sarcina-moglie-nayra-garibo-contro-clizia-incorvaia\/2099580\/\" data-doctype=\"\" rel=\"nofollow noopener\" target=\"_blank\">attaccarla sui social.<\/a> \u201cDonne che odiano le altre donne. Sono state dette cose terribili, io non la conosco, l\u2019avr\u00f2 vista 3 volte. Ha detto tutte cose inesatte: <strong>Nina vede regolarmente il pap\u00e0<\/strong>, non c\u2019\u00e8 nessun ricatto economico\u201d.<\/p>\n<p>\u201cSe loro continuano in questo modo io non ho problemi a denunciare tutto. \u2013 ha proseguito \u2013 Ho capito che nella vita bisogna essere coraggiosi, io non voglio avere pi\u00f9 paura, non voglio essere derisa da loro. Io non ho denunciato in passato per proteggere Nina\u201d.<\/p>\n<p>La Toffanin ha quindi chiesto esplicitamente alla sua ospite se ci fossero state anche <strong>botte e occhi neri<\/strong>. Senza pensarci, l\u2019Incorvaia ha replicato: \u201cS\u00ec\u201d.<\/p>\n<p>\u201cTante volte?\u201d, ha domandato Silvia. <strong>\u201cCi sono vari episodi\u201d,<\/strong> ha rimarcato Clizia, pronta ora a portare il caso in tribunale.<\/p>\n<p>E ancora: <strong>\u201cL\u2019Italia deve vedere le violenze che ho subito.<\/strong> Contenta che Nayra non le abbia subite, ma la mia verit\u00e0 \u00e8 ben diversa. I miei figli sono presenti nella mia vita social, come sempre, per me \u00e8 una cosa normale. Le sue accuse sono in malafede, io non sfrutto i miei figli. <strong>Ho vissuto mesi di ricatti, anche economici.<\/strong> Mi faceva spendere uno stipendio\u201d.<\/p>\n<p>Clizia Incorvaia \u00e8 felice della sua vita accanto a Paolo Ciavarro<\/p>\n<p>Nonostante la tensione, Clizia Incorvaia ha raccontato a Verissimo anche il lato positivo della sua vita attuale:\u00a0 dopo tanto dolore ha trovato finalmente la <strong>persona giusta<\/strong>: <a href=\"https:\/\/dilei.it\/star-e-vip\/paolo-ciavarro\/\" data-doctype=\"\" rel=\"nofollow noopener\" target=\"_blank\">Paolo Ciavarro<\/a>.<\/p>\n<blockquote>\n<p>\u201cIo sono felicissima della nuova vita che mi sono creata, sarei ancora pi\u00f9 felice se lo vedessi tranquillo, ma continua a gettarmi nell\u2019occhio del ciclone e della gogna mediatica. Lui vive in una continua competizione per misurare chi \u00e8 il genitore migliore\u201d.<\/p>\n<\/blockquote>\n<p>La nuora della compianta <a href=\"https:\/\/dilei.it\/star-e-vip\/eleonora-giorgi\/\" data-doctype=\"\" rel=\"nofollow noopener\" target=\"_blank\">Eleonora Giorgi<\/a> ha cos\u00ec sottolineato: \u201cIo voglio anche la loro felicit\u00e0, ma sono persone alla deriva, non voglio pi\u00f9 sopportare, non ho pi\u00f9 paura. <strong>Paolo mi sostiene e mi \u00e8 sempre vicino<\/strong>. Lui \u00e8 la persona pi\u00f9 buona e pura che esista\u201d.<\/p>\n<p class=\"tp04__text\">\n\t\t\t\tScopri i personaggi in trend, le storie del momento e molto altro.<br \/>Dove? Sul <a href=\"https:\/\/whatsapp.com\/channel\/0029Vb68mVyHVvTWezDm7d0R\" target=\"_blank\" rel=\"noopener nofollow\">canale WhatsApp di DiLei!<\/a>\n\t\t\t<\/p>\n<p>\t\t\t<a class=\"buttonCall\" href=\"https:\/\/whatsapp.com\/channel\/0029Vb68mVyHVvTWezDm7d0R\" target=\"_blank\" rel=\"noopener nofollow\" title=\"Seguici su WhatsApp\"><br \/>\n\t\t\t\tSeguici su WhatsApp<br \/>\n\t\t\t<\/a><\/p>\n","protected":false},"excerpt":{"rendered":"Continua la battaglia tra Clizia Incorvaia e Francesco Sarcina. L\u2019influencer \u00e8 tornata a Verissimo per svelare nuovi retroscena&hellip;\n","protected":false},"author":3,"featured_media":344678,"comment_status":"","ping_status":"","sticky":false,"template":"","format":"standard","meta":{"footnotes":"","_share_on_mastodon":"0"},"categories":[174],"tags":[41320,203,143295,204,1537,90,89,214,377,378],"class_list":["post-344677","post","type-post","status-publish","format-standard","has-post-thumbnail","category-intrattenimento","tag-clizia-incorvaia","tag-entertainment","tag-francesco-sarcina","tag-intrattenimento","tag-it","tag-italia","tag-italy","tag-spettacolo","tag-tradimenti","tag-vita-di-coppia"],"share_on_mastodon":{"url":"https:\/\/pubeurope.com\/@it\/116037554369897752","error":""},"_links":{"self":[{"href":"https:\/\/www.europesays.com\/it\/wp-json\/wp\/v2\/posts\/344677","targetHints":{"allow":["GET"]}}],"collection":[{"href":"https:\/\/www.europesays.com\/it\/wp-json\/wp\/v2\/posts"}],"about":[{"href":"https:\/\/www.europesays.com\/it\/wp-json\/wp\/v2\/types\/post"}],"author":[{"embeddable":true,"href":"https:\/\/www.europesays.com\/it\/wp-json\/wp\/v2\/users\/3"}],"replies":[{"embeddable":true,"href":"https:\/\/www.europesays.com\/it\/wp-json\/wp\/v2\/comments?post=344677"}],"version-history":[{"count":0,"href":"https:\/\/www.europesays.com\/it\/wp-json\/wp\/v2\/posts\/344677\/revisions"}],"wp:featuredmedia":[{"embeddable":true,"href":"https:\/\/www.europesays.com\/it\/wp-json\/wp\/v2\/media\/344678"}],"wp:attachment":[{"href":"https:\/\/www.europesays.com\/it\/wp-json\/wp\/v2\/media?parent=344677"}],"wp:term":[{"taxonomy":"category","embeddable":true,"href":"https:\/\/www.europesays.com\/it\/wp-json\/wp\/v2\/categories?post=344677"},{"taxonomy":"post_tag","embeddable":true,"href":"https:\/\/www.europesays.com\/it\/wp-json\/wp\/v2\/tags?post=344677"}],"curies":[{"name":"wp","href":"https:\/\/api.w.org\/{rel}","templated":true}]}}