{"id":344777,"date":"2026-02-09T00:40:22","date_gmt":"2026-02-09T00:40:22","guid":{"rendered":"https:\/\/www.europesays.com\/it\/344777\/"},"modified":"2026-02-09T00:40:22","modified_gmt":"2026-02-09T00:40:22","slug":"olimpiadi-milano-cortina-2026-i-risultati-e-gli-italiani-in-gara-oggi-8-febbraio","status":"publish","type":"post","link":"https:\/\/www.europesays.com\/it\/344777\/","title":{"rendered":"Olimpiadi Milano Cortina 2026, i risultati e gli italiani in gara oggi 8 febbraio"},"content":{"rendered":"<p>Nuova giornata di gare e altre medaglie per l&#8217;Italia alle Olimpiadi di Milano Cortina (<a href=\"\\&quot;https:\/\/tg24.sky.it\/sport\/approfondimenti\/medagliere-olimpiadi-milano-cortina-2026\\&quot;\" data-intcmp=\"\\&quot;skytg24_liveblog_interlink_text\\&quot;\">IL MEDAGLIERE DI MILANO CORTINA<\/a>). Bronzo per Sofia Goggia nella discesa libera, arrivata terza dopo l&#8217;americana Breezy Johnson e la tedesca Emma Aicher. \\&#8221;Tre Olimpiadi sempre a medaglia, \u00e8 qualcosa di grande\\&#8221;, dice la sciatrice delle Fiamme Gialle. Caduta shock per Lindsey Vonn, finita a terra dopo pochi secondi di gara: in zona d&#8217;arrivo \u00e8 calato il silenzio e si \u00e8 sentito un urlo e le grida di dolore dell&#8217;atleta americana. Ovazione per Federica Brignone che per\u00f2 finisce solo decima: \\&#8221;Sono comunque contenta della performance, visto come sono arrivata qui\\&#8221;, commenta l&#8217;azzurra.\u00a0\\n<\/p>\n<p>L&#8217;altro bronzo azzurro arriva per Lucia Dalmasso, che nel derby tutto italiano nel gigante parallelo femminile di snowboard \u00a0ha sconfitto Elisa Caffon. Medaglia d&#8217;argento poi per la staffetta mista del biathlon. Il quartetto azzurro composto da Tommaso Giacomel, Lukas Hofer, Dorothea Wierer e Lisa Vittozzi ha chiuso al secondo posto nella 4X6 km alle spalle della Francia.<\/p>\n<p>\\n<\/p>\n<p>Riccardo Lorello, 23enne milanese, \u00e8 arrivato terzo nei 5.000 metri di pattinaggio di velocit\u00e0. L&#8217;azzurro Dominik Fischnaller \u00e8 bronzo nello slittino: \u00e8 l&#8217;ottava medaglia per l&#8217;Italia.<\/p>\n<p>\\n<\/p>\n<p>L&#8217;Italia conquista il bronzo anche nel team event del pattinaggio di figura: dopo le prove delle coppie di danza (Charlene Guignard-Marco Fabbri), di artistico (Sara Conti-Niccol\u00f2 Macci) e del singolo femminile (Lara Gutmann) e maschile (Matteo Rizzo) la squadra ha chiuso al terzo posto alle spalle degli Usa e del Giappone.<\/p>\n<p>\\n\\n<\/p>\n<p><strong>Gli approfondimenti:<\/strong><\/p>\n<p>\\n\\n<\/p>\n<p><strong>Per ricevere le notizie di Sky TG24:<\/strong><\/p>\n<p>\\n<\/p>\n<ul>\\n  <\/p>\n<li>Il canale Whatsapp di Sky TG24 (<a href=\"\\&quot;https:\/\/whatsapp.com\/channel\/0029VaDyGIp90x2wDXgUnV2j\\&quot;\" data-intcmp-qp=\"\\&quot;skytg24_liveblog_interlink_text\\&quot;\">clicca qui<\/a>)<\/li>\n<p>\\n  <\/p>\n<li>Le notizie audio con i titoli del tg (<a href=\"\\&quot;https:\/\/tg24.sky.it\/cronaca\/approfondimenti\/audio-news-sky-tg24.html\\&quot;\" data-intcmp=\"\\&quot;skytg24_liveblog_interlink_text\\&quot;\">clicca qui<\/a>)<\/li>\n<p>\\n<\/ul>\n<p>&#8220;,&#8221;postId&#8221;:&#8221;2cb04697-ab0d-47fd-82ca-f5dfc8ca1bb0&#8243;,&#8221;postLink&#8221;:{&#8220;title&#8221;:&#8221;&#8221;,&#8221;url&#8221;:&#8221;&#8221;,&#8221;imageSrc&#8221;:&#8221;&#8221;}}],&#8221;posts&#8221;:[{&#8220;timestamp&#8221;:&#8221;2026-02-08T22:58:00.964Z&#8221;,&#8221;timestampUtcIt&#8221;:&#8221;2026-02-08T23:58:00+0100&#8243;,&#8221;altBackground&#8221;:false,&#8221;title&#8221;:&#8221;Questo liveblog termina qui&#8221;,&#8221;content&#8221;:&#8221;<\/p>\n<p>Segui tutti gli aggiornamenti attraverso <a href=\"\\&quot;https:\/\/tg24.sky.it\/diretta\\&quot;\" data-intcmp=\"\\&quot;skytg24_liveblog_interlink_text\\&quot;\"><strong>le news di Sky TG24.<\/strong><\/a><\/p>\n<p>&#8220;,&#8221;postId&#8221;:&#8221;9688b8be-120e-498c-8fd6-ea1310cb4dfb&#8221;,&#8221;postLink&#8221;:{&#8220;title&#8221;:&#8221;&#8221;,&#8221;url&#8221;:&#8221;&#8221;,&#8221;imageSrc&#8221;:&#8221;&#8221;}},{&#8220;timestamp&#8221;:&#8221;2026-02-08T22:45:23.345Z&#8221;,&#8221;timestampUtcIt&#8221;:&#8221;2026-02-08T23:45:23+0100&#8243;,&#8221;altBackground&#8221;:false,&#8221;title&#8221;:&#8221;Abodi: \\&#8221;Una domenica indimenticabile\\&#8221;&#8221;,&#8221;content&#8221;:&#8221;<\/p>\n<p>\\&#8221;Una domenica indimenticabile con la sesta medaglia e adesso siamo a 9! Il bronzo nel Team Event di pattinaggio di figura vale un bel 10 ed \u00e8 la sintesi di armonia, eleganza, potenza e leggerezza, interpretate in una colonna sonora di note ed emozioni, in una competizione che unisce discipline diverse in un&#8217;unica arte\\&#8221;. Cos\u00ec, su X, il ministro dello Sport Andrea Abodi. \\&#8221;Ha vinto la squadra, dove ogni atleta \u00e8 stato prezioso. Un&#8217;Italia che anno dopo anno \u00e8 cresciuta, lavorando in silenzio, con passione, dedizione e consapevolezza del proprio talento. Domani \u00e8 un altro giorno!\\&#8221;, si legge ancora sul profilo social del ministro<\/p>\n<p>&#8220;,&#8221;postId&#8221;:&#8221;ad53f21c-72ec-4de5-b575-b1634ad222a6&#8243;,&#8221;postLink&#8221;:{&#8220;title&#8221;:&#8221;&#8221;,&#8221;url&#8221;:&#8221;&#8221;,&#8221;imageSrc&#8221;:&#8221;&#8221;}},{&#8220;timestamp&#8221;:&#8221;2026-02-08T22:45:00.448Z&#8221;,&#8221;timestampUtcIt&#8221;:&#8221;2026-02-08T23:45:00+0100&#8243;,&#8221;altBackground&#8221;:false,&#8221;content&#8221;:&#8221;<\/p>\n<p><strong>Per ricevere le notizie di Sky TG24:<\/strong><\/p>\n<p>\\n<\/p>\n<ul>\\n  <\/p>\n<li>Il canale Whatsapp di Sky TG24 (<a href=\"\\&quot;https:\/\/whatsapp.com\/channel\/0029VaDyGIp90x2wDXgUnV2j\\&quot;\" data-intcmp-qp=\"\\&quot;skytg24_liveblog_interlink_text\\&quot;\">clicca qui<\/a>)<\/li>\n<p>\\n  <\/p>\n<li>Le notizie audio con i titoli del tg (<a href=\"\\&quot;https:\/\/tg24.sky.it\/cronaca\/approfondimenti\/audio-news-sky-tg24.html\\&quot;\" data-intcmp=\"\\&quot;skytg24_liveblog_interlink_text\\&quot;\">clicca qui<\/a>)<\/li>\n<p>\\n<\/ul>\n<p>&#8220;,&#8221;postId&#8221;:&#8221;4ec5a76c-a0ef-416e-bb97-1e86b00e4cb2&#8243;,&#8221;postLink&#8221;:{&#8220;title&#8221;:&#8221;&#8221;,&#8221;url&#8221;:&#8221;&#8221;,&#8221;imageSrc&#8221;:&#8221;&#8221;}},{&#8220;timestamp&#8221;:&#8221;2026-02-08T22:32:00.883Z&#8221;,&#8221;timestampUtcIt&#8221;:&#8221;2026-02-08T23:32:00+0100&#8243;,&#8221;altBackground&#8221;:false,&#8221;title&#8221;:&#8221;Cerchi olimpici, cosa rappresentano e perch\u00e9 sono di 5 colori diversi&#8221;,&#8221;content&#8221;:&#8221;<\/p>\n<p>Disposti su due linee, gli anelli sono il simbolo delle Olimpiadi e anche una delle immagini pi\u00f9 riconoscibili al mondo. I cerchi hanno un significato preciso: rappresentano l&#8217;unione e l&#8217;incontro fra tutti i popoli della Terra. I loro colori &#8211; blu, nero, rosso, giallo e verde &#8211; sono quelli pi\u00f9 utilizzati nelle bandiere degli Stati di tutto il mondo, con l\u2019idea quindi di rappresentare tutti.<\/p>\n<p>&#8220;,&#8221;postId&#8221;:&#8221;296e933a-3aec-4dc8-a52c-4b87ab18c1bf&#8221;,&#8221;postLink&#8221;:{&#8220;title&#8221;:&#8221;Cerchi olimpici, cosa rappresentano e perch\u00e9 sono di 5 colori diversi&#8221;,&#8221;url&#8221;:&#8221;https:\/\/tg24.sky.it\/sport\/approfondimenti\/colori-cerchi-olimpici-significato&#8221;,&#8221;imageSrc&#8221;:&#8221;https:\/\/tg24.sky.it\/assets\/images\/91960975b37b4a14cc3dcb41d9e014f1ef7fce32\/skytg24\/it\/sport\/approfondimenti\/colori-cerchi-olimpici-significato\/cerchi_olimpiadi_getty.jpg?im=Resize,width=1218&#8243;}},{&#8220;timestamp&#8221;:&#8221;2026-02-08T22:11:00.715Z&#8221;,&#8221;timestampUtcIt&#8221;:&#8221;2026-02-08T23:11:00+0100&#8243;,&#8221;altBackground&#8221;:false,&#8221;title&#8221;:&#8221;Olimpiadi Milano Cortina 2026, cerimonia d&#8217;apertura a San Siro. FOTO&#8221;,&#8221;content&#8221;:&#8221;<\/p>\n<p>Lo stadio ha aperto le porte all\u2019inaugurazione dei Giochi invernali, che hanno preso ufficialmente il via. Un evento \\&#8221;diffuso\\&#8221; fra il capoluogo lombardo, la localit\u00e0 ampezzana, Livigno e Predazzo. Sul palco star italiane e internazionali, da Laura Pausini ad Andrea Bocelli, da Ghali a Mariah Carey.<\/p>\n<p>&#8220;,&#8221;postId&#8221;:&#8221;dbda9509-516d-4923-9e11-ae8959f2372e&#8221;,&#8221;postLink&#8221;:{&#8220;title&#8221;:&#8221;Olimpiadi Milano Cortina 2026, cerimonia d&#8217;apertura a San Siro. FOTO&#8221;,&#8221;url&#8221;:&#8221;https:\/\/tg24.sky.it\/sport\/2026\/02\/06\/olimpiadi-milano-cortina-2026-cerimonia-apertura&#8221;,&#8221;imageSrc&#8221;:&#8221;https:\/\/tg24.sky.it\/assets\/images\/3dd755163a0e91ee98da24bb3a2b4330db7868f9\/skytg24\/it\/sport\/2026\/02\/06\/olimpiadi-milano-cortina-2026-cerimonia-apertura\/olimpiadi_hero_getty_123.jpg?im=Resize,width=1218&#8243;}},{&#8220;timestamp&#8221;:&#8221;2026-02-08T21:38:00.564Z&#8221;,&#8221;timestampUtcIt&#8221;:&#8221;2026-02-08T22:38:00+0100&#8243;,&#8221;altBackground&#8221;:false,&#8221;title&#8221;:&#8221;Sulla neve di Cortina, i luoghi pi\u00f9 trendy della Regina delle Dolomiti&#8221;,&#8221;content&#8221;:&#8221;<\/p>\n<p>Dallo storico Hotel de la Poste, dove ha soggiornato anche Hemingway, al rinnovato Ancora che spegne proprio quest&#8217;anno le sue prime 200 candeline. E poi il cocktail bar pi\u00f9 pop della zona al piano terra dell&#8217;Hotel Ambra e il recentissimo The Roof in cima all&#8217;iconica Cooperativa. Con l\u2019aiuto di Veneto Secrets,\u00a0la prima guida al turismo esperienziale nella Regione, abbiamo individuato i locali imperdibili per chi si trova nella celeberrima localit\u00e0 montana durante le Olimpiadi invernali<\/p>\n<p>&#8220;,&#8221;postId&#8221;:&#8221;70de188d-4e80-44d8-81b7-27cbe0a1c205&#8243;,&#8221;postLink&#8221;:{&#8220;title&#8221;:&#8221;Sulla neve di Cortina, i luoghi pi\u00f9 trendy della Regina delle Dolomiti&#8221;,&#8221;url&#8221;:&#8221;https:\/\/tg24.sky.it\/lifestyle\/2026\/02\/06\/cortina-hotel-ristoranti&#8221;,&#8221;imageSrc&#8221;:&#8221;https:\/\/tg24.sky.it\/assets\/images\/eb2f233472e92a3a2492f0366278494cc30c6da7\/skytg24\/it\/lifestyle\/2026\/02\/06\/cortina-hotel-ristoranti\/cover_cortina_ok.jpg?im=Resize,width=1218&#8243;}},{&#8220;timestamp&#8221;:&#8221;2026-02-08T21:33:57.215Z&#8221;,&#8221;timestampUtcIt&#8221;:&#8221;2026-02-08T22:33:57+0100&#8243;,&#8221;altBackground&#8221;:false,&#8221;title&#8221;:&#8221;Pattinaggio di figura, bronzo Italia&#8221;,&#8221;content&#8221;:&#8221;<\/p>\n<p>L&#8217;Italia conquista il bronzo nel team event del pattinaggio di figura ai Giochi Olimpici di Milano Cortina. Dopo le prove delle coppie di danza (Charlene Guignard-Marco Fabbri), di artistico (Sara Conti-Niccol\u00f2 Macci) e del singolo femminile (Lara Gutmann) e maschile (Matteo Rizzo) la squadra ha chiuso al terzo posto alle spalle degli Usa di Ilia Malinin e il Giappone.<\/p>\n<p>&#8220;,&#8221;postId&#8221;:&#8221;d20e560a-f156-40ef-816e-5a1d04bb3b8a&#8221;,&#8221;postLink&#8221;:{&#8220;title&#8221;:&#8221;&#8221;,&#8221;url&#8221;:&#8221;&#8221;,&#8221;imageSrc&#8221;:&#8221;&#8221;}},{&#8220;timestamp&#8221;:&#8221;2026-02-08T21:03:00.022Z&#8221;,&#8221;timestampUtcIt&#8221;:&#8221;2026-02-08T22:03:00+0100&#8243;,&#8221;altBackground&#8221;:false,&#8221;title&#8221;:&#8221;Meloni: \\&#8221;Chi manifesta contro le Olimpiadi nemico dell&#8217;Italia\\&#8221;&#8221;,&#8221;content&#8221;:&#8221;<\/p>\n<p>\\&#8221;Solidariet\u00e0, ancora una volta, alle Forze dell&#8217;ordine, alla citt\u00e0 di Milano, e a tutti coloro che vedranno il loro lavoro vanificato da queste bande di delinquenti\\&#8221;, ha scritto sui social la premier in merito agli scontri ieri alla manifestazione di Milano contro le Olimpiadi.<\/p>\n<p>&#8220;,&#8221;postId&#8221;:&#8221;1fee8cc4-5598-4bb5-9c21-45e0dbcfbd22&#8243;,&#8221;postLink&#8221;:{&#8220;title&#8221;:&#8221;Meloni: &#8216;Chi manifesta contro le Olimpiadi nemico dell&#8217;Italia&#8217;&#8221;,&#8221;url&#8221;:&#8221;https:\/\/tg24.sky.it\/cronaca\/2026\/02\/08\/meloni-olimpiadi-cortei&#8221;,&#8221;imageSrc&#8221;:&#8221;https:\/\/tg24.sky.it\/assets\/images\/58bb461d70bbcecb73219cbb768b602defdf7ab8\/skytg24\/it\/cronaca\/2026\/02\/08\/meloni-olimpiadi-cortei\/SKYPAOLINI_20260208093958388_ec4722994fe65c37ecff0314b0b3d826.jpg?im=Resize,width=1218&#8243;}},{&#8220;timestamp&#8221;:&#8221;2026-02-08T20:51:00.690Z&#8221;,&#8221;timestampUtcIt&#8221;:&#8221;2026-02-08T21:51:00+0100&#8243;,&#8221;altBackground&#8221;:false,&#8221;title&#8221;:&#8221;Pattinaggio di figura team event, Italia terza ma la Georgia si avvicina&#8221;,&#8221;content&#8221;:&#8221;<\/p>\n<p>L&#8217;Italia resiste in zona medaglia nel team event del pattinaggio di figura ai Giochi Olimpici di Milano-Cortina. Lara Naki Gutmann, che si \u00e8 esibita sulle note della colonna sonora di \\&#8221;Lo Squalo\\&#8221;, ha infatti chiuso al quarto posto il singolo femminile, dietro la giapponese Sakamoto, la georgiana Gubanova e la statunitense Glenn. Nella classifica del team event, l&#8217;Italia \u00e8 ancora terza con 52 punti, ma ha visto la Georgia accorciare portandosi a solo due lunghezze di distanza (50 punti) e, in caso di arrivo a pari punti, i georgiani chiuderebbero davanti, mentre Giappone e Usa si giocheranno la medaglia d&#8217;oro visto che entrambe hanno 59 punti. La gara a squadre si concluder\u00e0 ora con il singolo maschile, dove l&#8217;Italia sar\u00e0 rappresentata da Matteo Rizzo.\u00a0<\/p>\n<p>&#8220;,&#8221;postId&#8221;:&#8221;4b94b270-9490-4e78-bee7-21f6a1d11a79&#8243;,&#8221;postLink&#8221;:{&#8220;title&#8221;:&#8221;&#8221;,&#8221;url&#8221;:&#8221;&#8221;,&#8221;imageSrc&#8221;:&#8221;&#8221;}},{&#8220;timestamp&#8221;:&#8221;2026-02-08T20:37:00.107Z&#8221;,&#8221;timestampUtcIt&#8221;:&#8221;2026-02-08T21:37:00+0100&#8243;,&#8221;altBackground&#8221;:false,&#8221;title&#8221;:&#8221;Milano Cortina, brutta caduta per Vonn nella libera: cosa \u00e8 successo&#8221;,&#8221;content&#8221;:&#8221;<\/p>\n<p>La campionessa olimpica di Vancouver gareggiava con il crociato anteriore sinistro rotto dopo l&#8217;infortunio di Crans Montana. I suoi Giochi sono durati poco pi\u00f9 di 10 secondi. Trasportata in ospedale con l&#8217;elicottero, le sue condizioni saranno da valutare.<\/p>\n<p>&#8220;,&#8221;postId&#8221;:&#8221;2d5a6c75-c04b-49f6-9a40-ba21c59fb0d6&#8243;,&#8221;postLink&#8221;:{&#8220;title&#8221;:&#8221;Milano Cortina, brutta caduta per Vonn nella libera: cosa \u00e8 successo&#8221;,&#8221;url&#8221;:&#8221;https:\/\/tg24.sky.it\/sport\/2026\/02\/08\/milano-cortina-2026-lindsey-vonn-caduta&#8221;,&#8221;imageSrc&#8221;:&#8221;https:\/\/tg24.sky.it\/assets\/images\/335a012c050803dd69d3015fa82b0d18a9232bdd\/skytg24\/it\/sport\/2026\/02\/08\/milano-cortina-2026-lindsey-vonn-caduta\/lindsey-vonn-caduta-cortina-GettyImages-2259959739.jpg?im=Resize,width=1218&#8243;}},{&#8220;timestamp&#8221;:&#8221;2026-02-08T20:28:08.386Z&#8221;,&#8221;timestampUtcIt&#8221;:&#8221;2026-02-08T21:28:08+0100&#8243;,&#8221;altBackground&#8221;:false,&#8221;title&#8221;:&#8221;Milano Cortina, gli azzurri in gara domani&#8221;,&#8221;content&#8221;:&#8221;<\/p>\n<p>Azzurri in gara domani, 9 febbraio, ai Giochi olimpici di Milano Cortina: &#8211; Curling: Doppio misto, Italia-Stati Uniti (STEFANIA CONSTANTINI e AMOS MOSANER), ore 10:05; &#8211; Sci Alpino: Combinata a squadre uomini &#8211; Discesa, MATTIA CASSE, GIOVANNI FRANZONI, DOMINIK PARIS, FLORIAN SCHIEDER, ore 10:30; &#8211; Hockey su ghiacciodonne, Giappone-Italia (AURORA ENRICA ABATANGELO, ELEONORA BONAFINI, ANNA CAUMO, KRISTIN DELLA ROVERE, GABRIELLA FRANCES DURANTE, MATILDE FANTIN, MARTINA FEDEL, LAURA MICHELE FORTINO, KRISTEN GUERRIERO, MANUELA HEIDENBERGER, SARA KANEPPELE, LAURA LOBIS, NADIA MATTIVI, MARTA MAZZOCCHI, GRETA NICCOLAI, MARGHERITA OSTONI, JACQUELINE MALCA PIERRI, JUSTINE REYES, REBECCA ROCCELLA, CAROLA SALETTA, FRANZISKA STOCKER, KAYLA TUTINO, AMIE FIELDING VARANO), ore 12:10; &#8211; Freestyle:Slopestyle donne, finale, MARIA GASSLITTER, ore 12:30; &#8211; Sci Alpino: Combinata a squadre uomini &#8211; Slalom, TOBIAS KASTLUNGER, TOMMASO SACCARDI, TOMMASO SALA, ALEX VINATZER, ore 14:00; &#8211; Slittino: Singolo donne, Heat 1 e Heat 2, VERENA HOFER, SANDRA ROBATSCHER, ore 17:00 e 18:35; &#8211; Pattinaggio di velocit\u00e0: 1000 metri donne, MAYBRITT VIGL, ore 17:30; &#8211; Curling: Doppio misto, semifinale (STEFANIA CONSTANTINI e AMOS MOSANER), ore 18:05; &#8211; Salto con gli sci:Trampolino NH individuale uomini, GIOVANNI BRESADOLA, FRANCESCO CECON, ALEX INSAM, ore 19:00; &#8211; Pattinaggio di figura: Corto Coppie Danza, MARCO FABBRI e CHARL\u00c8NE GUIGNARD, ore 19:20.<\/p>\n<p>&#8220;,&#8221;postId&#8221;:&#8221;4d5483e3-cf62-4d0c-b533-ee40cec94dc1&#8243;,&#8221;postLink&#8221;:{&#8220;title&#8221;:&#8221;&#8221;,&#8221;url&#8221;:&#8221;&#8221;,&#8221;imageSrc&#8221;:&#8221;&#8221;}},{&#8220;timestamp&#8221;:&#8221;2026-02-08T20:11:00.772Z&#8221;,&#8221;timestampUtcIt&#8221;:&#8221;2026-02-08T21:11:00+0100&#8243;,&#8221;altBackground&#8221;:false,&#8221;title&#8221;:&#8221;Curling, Constantini-Mosaner battuti da Gb 6-9: domani gli Usa&#8221;,&#8221;content&#8221;:&#8221;<\/p>\n<p>Stefania Constantini e Amos Mosaner non superano lo scoglio della coppia scozzese Bruce Mouat e Jennifer Dodds, primi in tabellone, e perdono 6-9 contro i big del curling che finora hanno inanellato sette vittorie e una sola sconfitta. Domani la coppia azzurra, oro a Pechino 2022, affronter\u00e0 gli Usa per il passaggio di turno.\u00a0<\/p>\n<p>&#8220;,&#8221;postId&#8221;:&#8221;51e3aced-d745-4399-a6d4-d83ace8cf813&#8243;,&#8221;postLink&#8221;:{&#8220;title&#8221;:&#8221;&#8221;,&#8221;url&#8221;:&#8221;&#8221;,&#8221;imageSrc&#8221;:&#8221;&#8221;}},{&#8220;timestamp&#8221;:&#8221;2026-02-08T20:02:00.453Z&#8221;,&#8221;timestampUtcIt&#8221;:&#8221;2026-02-08T21:02:00+0100&#8243;,&#8221;altBackground&#8221;:false,&#8221;title&#8221;:&#8221;Milano-Cortina, Trump contro lo sciatore Hess: \\&#8221;Lasci la squadra\\&#8221;&#8221;,&#8221;content&#8221;:&#8221;<\/p>\n<p>Il presidente americano si \u00e8 scagliato contro l&#8217;atleta 27enne che, in Italia per i Giochi di Milano Cortina, in un&#8217;intervista dei giorni scorsi ha confessato che \\&#8221;rappresentare gli Stati Uniti in questo momento suscita emozioni contrastanti. E&#8217; un po&#8217; difficile. Stanno succedendo molte cose che non mi piacciono\\&#8221;.<\/p>\n<p>&#8220;,&#8221;postId&#8221;:&#8221;84186c55-c78a-4ecd-bad2-4b9bc78a8c7a&#8221;,&#8221;postLink&#8221;:{&#8220;title&#8221;:&#8221;Milano-Cortina, Trump contro lo sciatore Hess: &#8216;Lasci la squadra&#8217;&#8221;,&#8221;url&#8221;:&#8221;https:\/\/tg24.sky.it\/sport\/2026\/02\/08\/milano-cortina-trump-hess-usa&#8221;,&#8221;imageSrc&#8221;:&#8221;https:\/\/tg24.sky.it\/assets\/images\/ca17a8656c5fac36215b623cb1c808a907dd6d76\/skytg24\/it\/sport\/2026\/02\/08\/milano-cortina-trump-hess-usa\/trump_hess_ansa_insta.jpg?im=Resize,width=1218&#8243;}},{&#8220;timestamp&#8221;:&#8221;2026-02-08T19:58:36.883Z&#8221;,&#8221;timestampUtcIt&#8221;:&#8221;2026-02-08T20:58:36+0100&#8243;,&#8221;altBackground&#8221;:false,&#8221;title&#8221;:&#8221;Festa a Livigno, Casa Italia celebra il bronzo di Dalmasso&#8221;,&#8221;content&#8221;:&#8221;<\/p>\n<p>Il tricolore illumina il cielo di Livigno. Da Casa Italia parte infatti un fascio di luce rosso, bianco e verde, un campanaccio suona mentre Lucia Dalmasso varca il cancella del centro &#8216;Aquagranda&#8217; con il bronzo in mano. \u00c9 il primo alloro azzurro vinto nella &#8216;Piccola Tibet&#8217; e come tale va festeggiato al meglio. Dalmasso non abbandona mai la medaglia, la tiene all&#8217;interno della giaccia e rivela che per due volte la medaglia si \u00e9 sfilata dal laccetto. \\&#8221;La dedica va a mio nonno che mi ha trasmesso la passione per la neve\\&#8221;. Le lacrime si sono appena asciugate sulle guance dopo un pomeriggio dalle forti emozioni: \\&#8221;Mi dispiace per i ragazzi, ho sperato per Fischnaller fino alla fine. Mia dispiace per aver dovuto battere due mie compagne di squadra ma la mia emozione \u00e8 enorme, non la so nemmeno descrivere. Non sono ancora ben consapevole di cosa \u00e9 successo. Quando ho abbracciato mia mamma dopo il traguardo non mi ricordo nemmeno cosa mi abbia detto\\&#8221;. Ad accompagnarla i genitori con il padre che suona un campanaccio in segno di giubilo.<\/p>\n<p>&#8220;,&#8221;postId&#8221;:&#8221;76b5e20e-e0e5-4a42-8f82-1da92b7fb935&#8243;,&#8221;postLink&#8221;:{&#8220;title&#8221;:&#8221;&#8221;,&#8221;url&#8221;:&#8221;&#8221;,&#8221;imageSrc&#8221;:&#8221;&#8221;}},{&#8220;timestamp&#8221;:&#8221;2026-02-08T19:36:00.544Z&#8221;,&#8221;timestampUtcIt&#8221;:&#8221;2026-02-08T20:36:00+0100&#8243;,&#8221;altBackground&#8221;:false,&#8221;title&#8221;:&#8221;Milano-Cortina 2026, il programma con tutte le gare in calendario&#8221;,&#8221;content&#8221;:&#8221;<\/p>\n<p>I<strong>\u00a0XXV Giochi olimpici invernali di\u00a0Milano-Cortina 2026<\/strong> sono entrati nel vivo. Le competizioni sono in programma fino al 22 febbraio\u00a02026. Oltre che a Milano e a Cortina d&#8217;Ampezzo, le gare si svolgeranno anche a\u00a0Rho,\u00a0Assago,\u00a0Bormio,\u00a0Livigno,\u00a0Predazzo,\u00a0Rasun-Anterselva e Tesero.\u00a0 Si tratta della<strong> terza edizione olimpica invernale<\/strong> ospitata in Italia dopo che il nostro Paese ha ospitato, sempre a Cortina d&#8217;Ampezzo, l&#8217;edizione del 1956\u00a0e a Torino quella del 2006. Sar\u00e0 anche la quarta in assoluta considerando quella estiva di\u00a0Roma 1960. Oltre ad essere la<strong> prima edizione con due citt\u00e0 ospitanti,<\/strong> sar\u00e0 anche la seconda in cui le cerimonie di apertura e di chiusura si terranno in due sedi differenti, ovvero Milano (Stadio San Siro) e Verona (Arena).<\/p>\n<p>&#8220;,&#8221;postId&#8221;:&#8221;89444282-91d8-4cdd-bdfa-70ae8891e015&#8243;,&#8221;postLink&#8221;:{&#8220;title&#8221;:&#8221;Milano-Cortina 2026, il programma con tutte le gare in calendario&#8221;,&#8221;url&#8221;:&#8221;https:\/\/tg24.sky.it\/sport\/approfondimenti\/programma-olimpiadi-milano-cortina-2026&#8243;,&#8221;imageSrc&#8221;:&#8221;https:\/\/tg24.sky.it\/assets\/images\/f77d8436dc6fd893f1f8014069cbb0264e94ac73\/skytg24\/it\/sport\/2026\/01\/16\/programma-olimpiadi-milano-cortina-2026\/milano_cortina_getty.jpg?im=Resize,width=1218&#8243;}},{&#8220;timestamp&#8221;:&#8221;2026-02-08T19:01:00.821Z&#8221;,&#8221;timestampUtcIt&#8221;:&#8221;2026-02-08T20:01:00+0100&#8243;,&#8221;altBackground&#8221;:false,&#8221;title&#8221;:&#8221;Olimpiadi, il medagliere di Milano Cortina 2026: Italia a quota 8&#8243;,&#8221;content&#8221;:&#8221;<\/p>\n<p>I giochi invernali ospitati dal nostro Paese &#8211; iniziati ufficialmente con la cerimonia d&#8217;apertura del 6 febbraio\u00a0e l&#8217;accensione dei bracieri &#8211; si chiuderanno il 22 febbraio. Gli Azzurri puntano a un obiettivo storico: battere il record dei sette ori vinti nel 1994 a Lillehammer. Sono pi\u00f9 di 3.500 gli atleti provenienti da 93 Paesi che si contendono le 195 medaglie in 16 discipline olimpiche e sei sport paralimpici, con la novit\u00e0 del debutto dello sci alpinismo.<\/p>\n<p>&#8220;,&#8221;postId&#8221;:&#8221;8411a8e6-12c0-4cd5-a7e0-ebd065171d0e&#8221;,&#8221;postLink&#8221;:{&#8220;title&#8221;:&#8221;Olimpiadi, il medagliere di Milano Cortina 2026: Italia a quota 8&#8243;,&#8221;url&#8221;:&#8221;https:\/\/tg24.sky.it\/sport\/approfondimenti\/medagliere-olimpiadi-milano-cortina-2026&#8243;,&#8221;imageSrc&#8221;:&#8221;https:\/\/tg24.sky.it\/assets\/images\/23f5b8b0ccee1bdd830726cd0799d3b2b3c1adf5\/skytg24\/it\/sport\/approfondimenti\/medagliere-olimpiadi-milano-cortina-2026\/medaglie_milano_cortina_getty.jpg?im=Resize,width=1218&#8243;}},{&#8220;timestamp&#8221;:&#8221;2026-02-08T18:29:00.497Z&#8221;,&#8221;timestampUtcIt&#8221;:&#8221;2026-02-08T19:29:00+0100&#8243;,&#8221;altBackground&#8221;:false,&#8221;title&#8221;:&#8221;Lorello: \\&#8221;Dedico il bronzo a pap\u00e0 Adriano\\&#8221;&#8221;,&#8221;content&#8221;:&#8221;<\/p>\n<p>Riccardo Lorello debutta alle Olimpiadi di Milano Cortina col botto: bronzo nei 5mila dello speed skating, ha preceduto uno dei favoriti della vigilia, Davide Ghiotto, nella sua Milano. \\&#8221;Davanti alla mia famiglia e ai miei amici c&#8217;\u00e8 ancora pi\u00f9 gusto\\&#8221; sorride Riccardo, che \u00e8 cresciuto sulle rotelle con lo Skating Rho allenato da pap\u00e0 Adriano. Il sindaco di Rho Andrea Orlandi e Alessandra Borghetti, assessore allo sport, lo avevano promesso: \\&#8221;saremo tutti a tifare in arancione\\&#8221; i colori del club e della citt\u00e0. E in effetti la Milano Ice Skating Arena era tinta di arancione. \\&#8221;Purtroppo sarebbe stato un po&#8217; proibitivo far venire tutti, per\u00f2 fortunatamente c&#8217;\u00e8 il tifo olandese che riempie molto i nostri palazzetti ultimamente\\&#8221;, scherza Riccardo e dedica la medaglia a pap\u00e0. \\&#8221;Pap\u00e0 Adriano mi ha avvicinato al mondo dello sport e mi ha seguito fin quando non ho fatto lo switch dalle rotelle al ghiaccio. E per seguirmi sempre pi\u00f9 da vicino si \u00e8 messo a fare il giudice da quattro anni\\&#8221;. Adriano Lorello era in centro pista ad arbitrare lo scambio di corsia degli atleti e per rispettare il suo ruolo non si \u00e8 concesso nemmeno un abbraccio ed \u00e8 rimasto in incognito fino all&#8217;ultimo.\u00a0<\/p>\n<p>&#8220;,&#8221;postId&#8221;:&#8221;fd1cab8e-8c26-4d59-a9b0-524fe948ec66&#8243;,&#8221;postLink&#8221;:{&#8220;title&#8221;:&#8221;&#8221;,&#8221;url&#8221;:&#8221;&#8221;,&#8221;imageSrc&#8221;:&#8221;&#8221;}},{&#8220;timestamp&#8221;:&#8221;2026-02-08T18:24:32.423Z&#8221;,&#8221;timestampUtcIt&#8221;:&#8221;2026-02-08T19:24:32+0100&#8243;,&#8221;altBackground&#8221;:false,&#8221;title&#8221;:&#8221;Coni: \\&#8221;E&#8217; gi\u00e0 record, mai ai Giochi invernali pi\u00f9 di tre medaglie in un giorno\\&#8221;&#8221;,&#8221;content&#8221;:&#8221;<\/p>\n<p>\\&#8221;Una giornata da record. Milano Cortina 2026 entra nella storia a cinque cerchi invernale dell\u2019Italia Team. Mai, prima di oggi, gli azzurri erano riusciti a vincere pi\u00f9 di tre medaglie nella stessa giornata di gare\\&#8221;. Lo scrive il Coni. \\&#8221;Il primato \u00e8 stato migliorato grazie all\u2019argento della staffetta mista di biathlon, composta da Tommaso Giacomel, Lukas Hofer, Dorothea Wierer e Lisa Vittozzi, e ai bronzi conquistati da Sofia Goggia nella discesa libera di sci alpino, da Lucia Dalmasso nello slalom gigante parallelo di snowboard, da Riccardo Lorello nei 5000 metri di pattinaggio velocit\u00e0 e da Dominik Fischnaller nel singolo maschile di slittino\\&#8221;.\u00a0<\/p>\n<p>\\n<\/p>\n<p>\\&#8221;Precedentemente l\u2019Italia Team aveva toccato quota tre podi nello stesso giorno in tre edizioni olimpiche: Albertville 1992, Lillehammer 1994 e Salt Lake 2002. Nel 1992 con gli ori di Alberto Tomba nel gigante di sci alpino e di Deborah Compagnoni nel super-G, e l\u2019argento della 4&#215;10 km di sci di fondo, formata da Marco Albarello, Silvio Fauner, Giorgio Vanzetta e Giuseppe Puli\u00e8. Nel 1994 i tre podi erano arrivati tutti dallo sci di fondo, in virt\u00f9 dell\u2019argento di Manuela Di Centa nella 10 km a inseguimento a tecnica libera, e dei bronzi di Stefania Belmondo, nella stessa gara, e di Marco Albarello nella 10 km tecnica classica. A Salt Lake 2002 le tre medaglie erano state firmate da Daniela Ceccarelli, oro nel Super G, da Karen Putzer bronzo nella stessa gara, e dalla staffetta maschile 4&#215;10 km di sci di fondo, composta da Fabio Maj, Giorgio Di Centa, Pietro Piller Cottrer e Cristian Zorzi. Milano Cortina 2026 \u00e8 gi\u00e0 nella leggenda a cinque cerchi tricolore\\&#8221;.<\/p>\n<p>\\n&#8221;,&#8221;postId&#8221;:&#8221;72afec94-66f7-4057-bace-8b14aa49f66b&#8221;,&#8221;postLink&#8221;:{&#8220;title&#8221;:&#8221;&#8221;,&#8221;url&#8221;:&#8221;&#8221;,&#8221;imageSrc&#8221;:&#8221;&#8221;}},{&#8220;timestamp&#8221;:&#8221;2026-02-08T18:13:51.032Z&#8221;,&#8221;timestampUtcIt&#8221;:&#8221;2026-02-08T19:13:51+0100&#8243;,&#8221;altBackground&#8221;:false,&#8221;title&#8221;:&#8221;Milano-Cortina, slittino: Fischnaller medaglia di bronzo&#8221;,&#8221;content&#8221;:&#8221;<\/p>\n<p>L&#8217;Italia dello slittino \u00e8 sul podio ai Giochi di Milano Cortina. L&#8217;azzurro Dominik Fischnaller \u00e8 bronzo dopo le quattro manche della gara individuale delle Olimpiadi. L&#8217;oro \u00e8 andato al tedesco Max Langenhan, davanti all&#8217;austriaco Jonas Mueller. Ottava medaglia per l&#8217;Italia.\u00a0<\/p>\n<p>&#8220;,&#8221;postId&#8221;:&#8221;1036506d-7ed3-4b82-a71e-afc98b172607&#8243;,&#8221;postLink&#8221;:{&#8220;title&#8221;:&#8221;&#8221;,&#8221;url&#8221;:&#8221;&#8221;,&#8221;imageSrc&#8221;:&#8221;&#8221;}},{&#8220;timestamp&#8221;:&#8221;2026-02-08T17:47:10.002Z&#8221;,&#8221;timestampUtcIt&#8221;:&#8221;2026-02-08T18:47:10+0100&#8243;,&#8221;altBackground&#8221;:false,&#8221;title&#8221;:&#8221;Goggia si autocelebra: \\&#8221;Tre Olimpiadi sul podio, tanta roba\\&#8221;&#8221;,&#8221;content&#8221;:&#8221;<\/p>\n<p>Le chiedono cosa ci fosse in quella lacrimuccia scappata a fine gara: \\&#8221;Lo schuss delle Tofane, la terza medaglia, quell&#8217;attesa in partenza passata col paraocchi\\&#8221;. \u00c8 il mix di emozioni che accompagna l&#8217;ennesima giornata di gloria di Sofia Goggia, forse una delle pi\u00f9 difficili della carriera. Per l&#8217;attesa infinita al cancelletto durante i soccorsi a Lindsey Vonn, \\&#8221;sono molto contenta di come ho gestito tutto a livello emotivo\\&#8221;. Per le aspettative che c&#8217;erano su di lei, \\&#8221;l&#8217;oro in questa disciplina in tanti me l&#8217;hanno chiesto in questi quattro anni\\&#8221;. Per la sfida di confermarsi alla terza Olimpiade filata contro un parco partenti che guarda a lei come alla donna da battere, \\&#8221;ero l&#8217;ultima del primo gruppo, quindi tutte sanno che comunque c&#8217;\u00e8 la Goggia in partenza\\&#8221;. Lass\u00f9, al cancelletto di partenza, tra il caldo e l&#8217;attesa infinita per Vonn, \\&#8221;non si era messa proprio bene la situazione, quindi probabilmente avrei firmato per questo bronzo\\&#8221;. Anche perch\u00e9 sono \\&#8221;tre gare di discesa libera in tre Olimpiadi e tre podi, top, tanta roba\\&#8221;. Poi certo, c&#8217;\u00e8 lo schuss delle Tofane. Ovvero, il punto in cui Goggia ha sbagliato concedendo a Breezy Johnson un vantaggio di oltre mezzo secondo. \\&#8221;Sono abbastanza felice, sono un po&#8217; combattuta perch\u00e9 sono molto competitiva\\&#8221;, ammette la bergamasca. Resta che tre medaglie in discesa libera non le ha nessuno. Incontra Alberto Tomba, scambiano due battute. Che cosa le ha detto? \\&#8221;Fammi toccare il bronzo, io ho solo oro\\&#8221;. Ma ci sono tante cose in questo 8 febbraio, tra cui l&#8217;anniversario della morte di Elena Fanchini: \\&#8221;Oggi, quando sono tornata da colazione, ho scritto un messaggio a Nadia (la sorella, ndr) dicendo che sarebbe stata una giornata speciale e sapevamo entrambe i motivi. In qualche modo magari mi ha aiutata anche lei\\&#8221;.<\/p>\n<p>&#8220;,&#8221;postId&#8221;:&#8221;123a427e-d533-42cb-84ef-e36bcac97557&#8243;,&#8221;postLink&#8221;:{&#8220;title&#8221;:&#8221;&#8221;,&#8221;url&#8221;:&#8221;&#8221;,&#8221;imageSrc&#8221;:&#8221;&#8221;}},{&#8220;timestamp&#8221;:&#8221;2026-02-08T17:36:00.443Z&#8221;,&#8221;timestampUtcIt&#8221;:&#8221;2026-02-08T18:36:00+0100&#8243;,&#8221;altBackground&#8221;:false,&#8221;title&#8221;:&#8221;Malag\u00f2: \\&#8221;Rammarico per qualche medaglia? Compensato da altre inaspettate\\&#8221;&#8221;,&#8221;content&#8221;:&#8221;<\/p>\n<p>\\&#8221;Medaglie? Ne vinci alcune che non immagini e ne prendi altre che onestamente avevi pronosticato, l&#8217;importante \u00e8 avere pi\u00f9 persone che possono vincerle, per questo va benissimo quello che stiamo facendo. Se mi dispiace per una medaglia? Il rammarico c&#8217;\u00e8 comunque su qualcuna ma compensata da qualcuna inaspettata\\&#8221;. Lo ha detto il presidente della Fondazione Milano-Cortina Giovanni Malago&#8217; a margine dell\u2019evento \u201cItalian Sport Industry &amp; Business Connections\u201d presso la Cortina Dolomiti Lounge. L&#8217;ex presidente del Coni era sull&#8217;Olympia delle Tofane per premiare le atlete della discesa libera con Sofia Goggia che ha vinto la medaglia di bronzo.<\/p>\n<p>\\n&#8221;,&#8221;postId&#8221;:&#8221;53744b75-6d2d-42e1-89cb-51a07862b8b3&#8243;,&#8221;postLink&#8221;:{&#8220;title&#8221;:&#8221;&#8221;,&#8221;url&#8221;:&#8221;&#8221;,&#8221;imageSrc&#8221;:&#8221;&#8221;}},{&#8220;timestamp&#8221;:&#8221;2026-02-08T17:29:00.466Z&#8221;,&#8221;timestampUtcIt&#8221;:&#8221;2026-02-08T18:29:00+0100&#8243;,&#8221;altBackground&#8221;:false,&#8221;title&#8221;:&#8221;Frattura alla gamba sinistra, Vonn operata &#8220;,&#8221;content&#8221;:&#8221;<\/p>\n<p>Lindsey Vonn, dopo la brutta caduta a Cortina, \u00e8 stata operata all&#8217;ospedale Ca&#8217; Foncello di Treviso per la stabilizzazione di una frattura alla gamba sinistra. Lo rende noto la direzione dell&#8217;Ulss 2 di Treviso. L&#8217;americana \u00e8 stata soccorsa dal personale del Medical Service regionale per i giochi olimpici e immediatamente trasferita in elicottero al Policlinico Codivilla di Cortina, gestito dall&#8217;Ulss 1 dove sono stati effettuati tutti gli accertamenti diagnostici, e quindi trasferita al Ca&#8217; Foncello. Domani alle 12.00 \u00e8 previsto un nuovo bollettino medico.\u00a0<\/p>\n<p>&#8220;,&#8221;postId&#8221;:&#8221;8ce32347-9167-4a30-b9c0-9e6654d166b6&#8243;,&#8221;postLink&#8221;:{&#8220;title&#8221;:&#8221;&#8221;,&#8221;url&#8221;:&#8221;&#8221;,&#8221;imageSrc&#8221;:&#8221;&#8221;}},{&#8220;timestamp&#8221;:&#8221;2026-02-08T17:24:00.265Z&#8221;,&#8221;timestampUtcIt&#8221;:&#8221;2026-02-08T18:24:00+0100&#8243;,&#8221;image&#8221;:{&#8220;imgSrc&#8221;:&#8221;https:\/\/www.europesays.com\/it\/wp-content\/uploads\/2026\/02\/lorello_ansa.jpg&#8221;,&#8221;imgAlt&#8221;:&#8221;Lorello &#8220;,&#8221;imgCredits&#8221;:&#8221;\u00a9Ansa&#8221;,&#8221;imgCaption&#8221;:null},&#8221;altBackground&#8221;:true,&#8221;title&#8221;:&#8221;Lorello bronzo a 10 minuti da casa: \\&#8221;Bello pattinare con i nonni in tribuna\\&#8221;&#8221;,&#8221;content&#8221;:&#8221;<\/p>\n<p>Milanese, un passato da pattinatore a rotelle, Riccardo Lorello &#8211; il 23enne che oggi pomeriggio ha vinto la medaglia di bronzo nei 5.000 metri di speed skating &#8211; ha corso in casa. \\&#8221;Abito veramente a dieci minuti da qui. E&#8217; stato bello perch\u00e9 ho tutta la famiglia, i miei amici, gli avversari delle rotelle e soprattutto sono contento perch\u00e9 ci sono tutti i miei nonni che sono riusciti a venire tutti a vedere la mia gara olimpica. Penso che rimarr\u00e0 nel loro cuore\\&#8221;, ha detto dopo la sua prestazione, prima di essere certo di aver conquistato una medaglia.<\/p>\n<p>\\n<\/p>\n<p>L&#8217;esordio sui pattini a rotelle, disciplina di famiglia. \\&#8221;Pap\u00e0 era un atleta, \u00e8 stato il mio allenatore finch\u00e9 non ho cambiato dalle rotelle al ghiaccio e sono passato nelle mani di Maurizio Marchetto\\&#8221;, ha spiegato. Nel squadra italiana di pattinaggio di velocit\u00e0, che conta gi\u00e0 due medaglie dopo l&#8217;oro di ieri di Francesca Lollobrigida, il 23enne atleta dell&#8217;esercito ha trovato \\&#8221;un gruppo stupendo, siamo una famiglia. Anzi, passiamo durante l&#8217;anno pi\u00f9 giorni assieme tra noi che con i parenti. Sono diventati anche loro la mia famiglia\\&#8221;.<\/p>\n<p>\\n<\/p>\n<p>Studente di Scienze dei Servizi giuridici, \\&#8221;quest&#8217;anno ho messo in pausa gli studi\\&#8221; per dedicarmi allo sport. Scelta che ha premiato. In pista \\&#8221;oltre alla performance fisica, la cosa che bisogna pi\u00f9 affinare \u00e8 la testa: sei da solo, sei te e la tua sofferenza durante la gara. Mentre sei l\u00ec che gareggi e pattini \u00e8 difficile sentire il tifo, quello che senti prima \u00e8 la fatica delle gambe e i tuoi allenatori a bordo pista\\&#8221;, confessa dopo la sua prestazione, di cui \\&#8221;non ricordo nulla\\&#8221;.<\/p>\n<p>&#8220;,&#8221;postId&#8221;:&#8221;6124da1e-598d-46de-a128-463882dc142b&#8221;,&#8221;postLink&#8221;:{&#8220;title&#8221;:&#8221;&#8221;,&#8221;url&#8221;:&#8221;&#8221;,&#8221;imageSrc&#8221;:&#8221;&#8221;}},{&#8220;timestamp&#8221;:&#8221;2026-02-08T17:19:05.756Z&#8221;,&#8221;timestampUtcIt&#8221;:&#8221;2026-02-08T18:19:05+0100&#8243;,&#8221;altBackground&#8221;:false,&#8221;title&#8221;:&#8221;Milano-Cortina, record Italia: mai 4 medaglie in un solo giorno&#8221;,&#8221;content&#8221;:&#8221;<\/p>\n<p>Record di medaglie in un solo giorno per l&#8217;Italia ai Giochi olimpici invernali. Sono gi\u00e0 quattro le medaglie conquistate oggi dagli azzurri &#8211; un argento nel biathlon con la staffetta mista e tre bronzi nella discesa libera femminile con Sofia Goggia, nel nel gigante parallelo femminile di snowboard con Lucia Dalmasso e nel pattinaggio di velocit\u00e0 con Riccardo Lorello &#8211; e il bottino potrebbe ancora aumentare. Un esordio fortunato per il presidente del Coni, Luciano Buonfiglio, alla sua prima Olimpiade alla guida del Comitato olimpico nazionale. L&#8217;Italia non era infatti mai andata oltre le tre medaglie in un solo giorno; era successo due volte, entrambe il 17 febbraio, a Lillehammer e Salt Lake.\u00a0<\/p>\n<p>&#8220;,&#8221;postId&#8221;:&#8221;4e0d89be-e670-4c9e-b7c4-0f24444e018c&#8221;,&#8221;postLink&#8221;:{&#8220;title&#8221;:&#8221;&#8221;,&#8221;url&#8221;:&#8221;&#8221;,&#8221;imageSrc&#8221;:&#8221;&#8221;}},{&#8220;timestamp&#8221;:&#8221;2026-02-08T17:13:41.937Z&#8221;,&#8221;timestampUtcIt&#8221;:&#8221;2026-02-08T18:13:41+0100&#8243;,&#8221;altBackground&#8221;:false,&#8221;title&#8221;:&#8221;Slittino, Fischnaller resta in linea col podio anche dopo la terza run&#8221;,&#8221;content&#8221;:&#8221;<\/p>\n<p>Dominik Fischnaller si mantiene sul terzo gradino del podio anche nella terza e penultima run del singolo maschile olimpico di slittino: quando al termine della sfida manca solo la quarta discesa in programma alle 18:34, l\u2019altoatesino occupa la terza piazza con un gap di 0\u2033542 nei confronti del tedesco Max Langenhan, pronto a confermarsi leader della classifica con un nuovo primato del tracciato. Il fuoriclasse germanico \u00e8 in vetta alla graduatoria con il tempo provvisorio di 2\u201938\u2033531, seguito a 294 millesimi di distanza dall\u2019austriaco Jonas M\u00fcller.<\/p>\n<p>\\n<\/p>\n<p>Fischnaller nella discesa finale prover\u00e0 a centrare una nuova medaglia dopo il bronzo di Pechino 2022: alle sue spalle, pi\u00f9 staccato, \u00e8 quarto il lettone Aparjods (+1\u2033011) con l\u2019altro austriaco Nico Gleirscher quinto a 1\u2033207 davanti all\u2019altro azzurro Leon Felderer che scivola indietro di una posizione ed \u00e8 sesto a 1\u2033281. Nella discesa finale ci sar\u00e0 spazio anche per Alex Gufler, sedicesimo a 2\u2033928.<\/p>\n<p>&#8220;,&#8221;postId&#8221;:&#8221;39ae8ed5-d479-4a8f-a13c-e57b453c611a&#8221;,&#8221;postLink&#8221;:{&#8220;title&#8221;:&#8221;&#8221;,&#8221;url&#8221;:&#8221;&#8221;,&#8221;imageSrc&#8221;:&#8221;&#8221;}},{&#8220;timestamp&#8221;:&#8221;2026-02-08T17:04:33.112Z&#8221;,&#8221;timestampUtcIt&#8221;:&#8221;2026-02-08T18:04:33+0100&#8243;,&#8221;altBackground&#8221;:false,&#8221;title&#8221;:&#8221;Malag\u00f2: \\&#8221;Dobbiamo continuare a spingere, Giochi traino formidabile\\&#8221;&#8221;,&#8221;content&#8221;:&#8221;<\/p>\n<p>\\&#8221;Grazie al ministro Urso. Abbiamo bisogno di questa risonanza se non continuiamo a spingere altri metto in piedi iniziative, c&#8217;\u00e8 grande competizione. Queste manifestazioni sono un traino formidabile e danno accelerazione agli investimenti. Costi olimpiadi 6-7 miliardi? Magari. Si confondono investimenti sui territori e i miglioramenti infrastrutturali anche dal punto di vista dei diversamente abili\\&#8221;. Lo ha detto il presidente della Fondazione Milano-Cortina Giovanni Malago&#8217; nel corso dell\u2019evento \u201cItalian Sport Industry &amp; Business Connections\u201d presso la Cortina Dolomiti Lounge.\u00a0<\/p>\n<p>\\n<\/p>\n<p>\\&#8221;Per Olimpiadi stanno lavorando 36mila persone. Questa fondazione \u00e8 atipica e&#8217; una startup ma gi\u00e0 sai che chiudi come uno yogurt che scade\\&#8221;, ha aggiunto Malago&#8217; che ha ringraziato i 18mila volontari su 165mil richieste. \\&#8221;Mi sono arrivati grandi complimenti su di loro e questo mi rende orgoglioso. Dei sacrifici si stanno facendo ma i benefici saranno formidabili\\&#8221;, ha proseguito il membro Cio che tornando sulla cerimonia inaugurale ha detto che \\&#8221;c&#8217;\u00e8 stato il 55% share in totale tra rai e altri broadcaster con 2,5 mld di persone che hanno seguito in tv la cerimonia e con il 67% tra i 15 e i 24 anni\\&#8221;.\u00a0<\/p>\n<p>\\n&#8221;,&#8221;postId&#8221;:&#8221;070523da-e4e8-47ea-9195-bfa40756d177&#8243;,&#8221;postLink&#8221;:{&#8220;title&#8221;:&#8221;&#8221;,&#8221;url&#8221;:&#8221;&#8221;,&#8221;imageSrc&#8221;:&#8221;&#8221;}},{&#8220;timestamp&#8221;:&#8221;2026-02-08T16:54:35.168Z&#8221;,&#8221;timestampUtcIt&#8221;:&#8221;2026-02-08T17:54:35+0100&#8243;,&#8221;altBackground&#8221;:false,&#8221;title&#8221;:&#8221;Un altro bronzo per l&#8217;Italia! &#8220;,&#8221;social&#8221;:{&#8220;socialType&#8221;:&#8221;twitter&#8221;,&#8221;src&#8221;:&#8221;https:\/\/twitter.com\/ItaliaTeam_it\/status\/2020539936919728596&#8243;,&#8221;cookieAllowed&#8221;:true},&#8221;postId&#8221;:&#8221;a54dd7e7-baeb-419e-9c0c-ed410afecbd8&#8243;,&#8221;postLink&#8221;:{&#8220;title&#8221;:&#8221;&#8221;,&#8221;url&#8221;:&#8221;&#8221;,&#8221;imageSrc&#8221;:&#8221;&#8221;}},{&#8220;timestamp&#8221;:&#8221;2026-02-08T16:49:28.081Z&#8221;,&#8221;timestampUtcIt&#8221;:&#8221;2026-02-08T17:49:28+0100&#8243;,&#8221;altBackground&#8221;:false,&#8221;title&#8221;:&#8221;Lorello bronzo nei 5.000 velocit\u00e0 all&#8217;esordio olimpico&#8221;,&#8221;content&#8221;:&#8221;<\/p>\n<p>Un esordio olimpico da medaglia per Riccardo Lorello, 23enne milanese, terzo nei 5.000 metri di pattinaggio di velocit\u00e0. Dietro di lui, ai piedi del podio, Davide Ghiotto, l&#8217;azzurro record del mondo nel 10.000. Medaglia d&#8217;oro per il norvegese Sander Eitrem, che con il tempo di 6.03.95 sulla pista di Rho Fieramilano ha battuto il record olimpico. Secondo il ceco Metodej Jilek. E&#8217; la seconda medaglia azzurra alla Milano Speed Skating Stadium, dopo l&#8217;oro di ieri di Francesca Lollobrigida nei 3.000.<\/p>\n<p>\\n<\/p>\n<p>\\&#8221;Ho cercato di fare il mio esordio al meglio che potevo. Durante la gara non pensavo a niente. L&#8217;unica cosa che ricordo \u00e8 che negli ultimi due giri ho ragionato che avrei potuto battere il record olimpico ed ero abbastanza gasato. E&#8217; andata com&#8217;\u00e8 andata e sono veramente felice\\&#8221;, ha detto Lorello ai giornalisti, a gara ancora in corso.<\/p>\n<p>\\n&#8221;,&#8221;postId&#8221;:&#8221;01c5a828-471a-4fed-83f0-19415bb2e4d2&#8243;,&#8221;postLink&#8221;:{&#8220;title&#8221;:&#8221;&#8221;,&#8221;url&#8221;:&#8221;&#8221;,&#8221;imageSrc&#8221;:&#8221;&#8221;}},{&#8220;timestamp&#8221;:&#8221;2026-02-08T16:43:56.356Z&#8221;,&#8221;timestampUtcIt&#8221;:&#8221;2026-02-08T17:43:56+0100&#8243;,&#8221;altBackground&#8221;:false,&#8221;title&#8221;:&#8221;Lindsey Vonn \\&#8221;stabile\\&#8221;: l&#8217;aggiornamento delle condizioni&#8221;,&#8221;content&#8221;:&#8221;<\/p>\n<p>Aggiornamento dalla Federazione Usa di sci: \\&#8221;Lindsey Vonn \u00e8 in condizioni stabili e in buone mani, assistita da un team medico americano e italiano\\&#8221;.<\/p>\n<p>&#8220;,&#8221;social&#8221;:{&#8220;socialType&#8221;:&#8221;twitter&#8221;,&#8221;src&#8221;:&#8221;https:\/\/twitter.com\/usskiteam\/status\/2020529377797447746&#8243;,&#8221;cookieAllowed&#8221;:true},&#8221;postId&#8221;:&#8221;8ecdec2e-abbe-468e-98c7-6584dd258e32&#8243;,&#8221;postLink&#8221;:{&#8220;title&#8221;:&#8221;&#8221;,&#8221;url&#8221;:&#8221;&#8221;,&#8221;imageSrc&#8221;:&#8221;&#8221;}},{&#8220;timestamp&#8221;:&#8221;2026-02-08T16:27:18.676Z&#8221;,&#8221;timestampUtcIt&#8221;:&#8221;2026-02-08T17:27:18+0100&#8243;,&#8221;altBackground&#8221;:false,&#8221;title&#8221;:&#8221;Schlein: \\&#8221;Non parteciper\u00f2 agli eventi delle Olimpiadi di Milano Cortina\\&#8221;&#8221;,&#8221;content&#8221;:&#8221;<\/p>\n<p>\\&#8221;Non andr\u00f2 a nessun evento olimpico, ho fatto i miei auguri chiaramente a tutte le persone che sono coinvolte a partire dagli atleti e dal sindaco Beppe Sala, a Milano, a Cortina, a tutti coloro che sono impegnati, e soprattutto ho ringraziato alla Direzione nazionale dell&#8217;altro giorno il Presidente Mattarella. Va ringraziato per come ci ha rappresentato anche in questa apertura dei Giochi Olimpici, richiamando i valori di pace e di solidariet\u00e0, e la necessit\u00e0 di rispetto della tregua olimpica\\&#8221;. A dirlo la segretaria del Partito Democratico Elly Shlein, a Padova per la seconda tappa della campagna per il No al referendum.<\/p>\n<p>&#8220;,&#8221;postId&#8221;:&#8221;d2cf80b7-19b9-4838-bec0-9bd714709add&#8221;,&#8221;postLink&#8221;:{&#8220;title&#8221;:&#8221;&#8221;,&#8221;url&#8221;:&#8221;&#8221;,&#8221;imageSrc&#8221;:&#8221;&#8221;}},{&#8220;timestamp&#8221;:&#8221;2026-02-08T16:22:00.935Z&#8221;,&#8221;timestampUtcIt&#8221;:&#8221;2026-02-08T17:22:00+0100&#8243;,&#8221;altBackground&#8221;:false,&#8221;title&#8221;:&#8221;Klaebo re del fondo al 6\/o oro, delude Pellegrino&#8221;,&#8221;content&#8221;:&#8221;<\/p>\n<p>L&#8217;\\&#8221;uomo razzo\\&#8221; ha cominciato il suo assalto alla \\&#8221;luna\\&#8221; dei sei ori olimpici in una singola edizione dei Giochi e al primato del connazionale Bj\u203arn Daehlie, che di titoli a cinque cerchi ne ha vinti otto. Il norvegese Johannes Klaebo si \u00e8 aggiudicato per la prima volta la prova di skiathlon e allo stadio del fondo di Lago di Tesero, in val di Fiemme, si \u00e8 messo al collo la sua medaglia numero uno (la sesta in assoluto per lui) di questa edizione. \\&#8221;Adesso sono sollevato. E felice\\&#8221;, ha sintetizzato a fine gara. \\&#8221;L&#8217;Olimpiade d\u00e0 sempre un&#8217;emozione in pi\u00f9\\&#8221;, ha aggiunto il pi\u00f9 giovane vincitore di un oro a cinque cerchi nello sci nordico maschile. La gara \u00e8 stata quasi una passerella: sempre con i primi, Klaebo ha regolato gli avversari &#8211; il connazionale Martin Nyenget (terzo), i francesi Mathis Desloges (secondo) e Hugo Lapalus (quinto) e il russo \\&#8221;neutrale\\&#8221; Saveliy Korostelev (quarto) &#8211; semplicemente quando ha deciso di farlo. A 500 metri dall&#8217;arrivo ha ingranato il turbo e ha lasciato sul posto i compagni di fuga, guadagnando terreno con impressionante facilit\u00e0 nella salita prima del traguardo.\u00a0<\/p>\n<p>\\n<\/p>\n<p>L&#8217;Italia non \u00e8 andata a medaglia, ma Davide Graz si \u00e8 regalato una prova da incorniciare, ottavo: \\&#8221;\u00c8 la mia miglior gara &#8211; sorride &#8211; Esordire cos\u00ec alle Olimpiadi \u00e8 un&#8217;esperienza davvero unica. Ma c&#8217;\u00e8 ancora del lavoro da fare e lo far\u00f2\\&#8221;. Deluso, invece, Elia Barp (14\/o): \\&#8221;Abbiamo avuto qualche problema con gli sci nella tecnica classica, non so se si sia notato &#8211; spiega &#8211; Non abbiamo sfruttato l&#8217;occasione, che era buona perch\u00e9 ragazzi che di solito vanno come me sono andati a medaglia\\&#8221;. \\&#8221;Bellissimo il pubblico che spingeva &#8211; dice Federico Pellegrino (20\/o) &#8211; ma gi\u00e0 dopo il primo giro non siamo pi\u00f9 riusciti a stare con gli altri\\&#8221;. Pi\u00f9 contento l&#8217;esordiente Martino Carollo (23\/o): \\&#8221;Quello di oggi \u00e8 un giorno particolare, qualcosa che mi ricorder\u00f2 per sempre &#8211; confessa &#8211; \u00e8 un esordio olimpico qui a Lago di Tesero, in Italia: quando passava una tuta azzurra il tifo era doppio\\&#8221;.<\/p>\n<p>&#8220;,&#8221;postId&#8221;:&#8221;be0dccdf-0c9b-495d-ab7e-d71f63222fe0&#8243;,&#8221;postLink&#8221;:{&#8220;title&#8221;:&#8221;&#8221;,&#8221;url&#8221;:&#8221;&#8221;,&#8221;imageSrc&#8221;:&#8221;&#8221;}},{&#8220;timestamp&#8221;:&#8221;2026-02-08T16:16:30.923Z&#8221;,&#8221;timestampUtcIt&#8221;:&#8221;2026-02-08T17:16:30+0100&#8243;,&#8221;altBackground&#8221;:false,&#8221;title&#8221;:&#8221;Vance allo speed skating per la sfida Ghiotto-Dawson&#8221;,&#8221;content&#8221;:&#8221;<\/p>\n<p>Sulle strofe di Take Me Home, Country Roads, durante la pausa che prelude la ripresa della 5.000 di speed skating, e l&#8217;attesa per la sfida tra l&#8217;azzurro Davide Ghiotto e l&#8217;americano Casey Dawson, in tribuna d&#8217;onore \u00e8 arrivato il vicepresidente degli Stati Uniti JD Vance, accompagnato dalla famiglia, con in braccio la piccola Maribel. Il pubblico, coinvolto dagli speaker in una coreografia a luci spente e telefonini accesi, ha continuato a cantare senza accorgersi del loro arrivo.\u00a0<\/p>\n<p>&#8220;,&#8221;postId&#8221;:&#8221;65a69643-90e7-4d2e-841b-dd82fff9af59&#8243;,&#8221;postLink&#8221;:{&#8220;title&#8221;:&#8221;&#8221;,&#8221;url&#8221;:&#8221;&#8221;,&#8221;imageSrc&#8221;:&#8221;&#8221;}},{&#8220;timestamp&#8221;:&#8221;2026-02-08T16:03:20.247Z&#8221;,&#8221;timestampUtcIt&#8221;:&#8221;2026-02-08T17:03:20+0100&#8243;,&#8221;altBackground&#8221;:false,&#8221;title&#8221;:&#8221;Trump contro lo sciatore Hess: \\&#8221;Non rappresenta gli Usa? Lasci la squadra\\&#8221;&#8221;,&#8221;content&#8221;:&#8221;<\/p>\n<p>\\&#8221;Lo sciatore olimpico americano Hunter Hess, un vero perdente, afferma di non rappresentare il suo Paese alle attuali Olimpiadi invernali\\&#8221;: \u00e8 l&#8217;attacco di Donald Trump contro l&#8217;atleta 27enne che, in Italia per i Giochi di Milano Cortina, in un&#8217;intervista dei giorni scorsi ha confessato che \\&#8221;rappresentare gli Stati Uniti in questo momento suscita emozioni contrastanti. E&#8217; un po&#8217; difficile. Stanno succedendo molte cose che non mi piacciono\\&#8221;. \\&#8221;Se \u00e8 cos\u00ec &#8211; ha incalzato il presidente &#8211; non avrebbe dovuto nemmeno candidarsi per la squadra, \u00e8 un peccato che ne faccia parte. \u00c8 davvero difficile fare il tifo per una persona del genere\\&#8221;.\u00a0<\/p>\n<p>&#8220;,&#8221;postId&#8221;:&#8221;8dc03651-4932-4465-ad0e-073c44d3c2b2&#8243;,&#8221;postLink&#8221;:{&#8220;title&#8221;:&#8221;&#8221;,&#8221;url&#8221;:&#8221;&#8221;,&#8221;imageSrc&#8221;:&#8221;&#8221;}},{&#8220;timestamp&#8221;:&#8221;2026-02-08T15:58:00.354Z&#8221;,&#8221;timestampUtcIt&#8221;:&#8221;2026-02-08T16:58:00+0100&#8243;,&#8221;altBackground&#8221;:false,&#8221;title&#8221;:&#8221;Abodi: \\&#8221;Argento staffetta del biathlon, giorno olimpico che sembra non finire\\&#8221;&#8221;,&#8221;content&#8221;:&#8221;<\/p>\n<p>\\&#8221;Argento vivo per la nostra staffetta mista del biathlon !! Secondo giorno di Milano-Cortina 2026 che sembra non finire mai, con il medagliere degli Azzurri che arriva a 6! Un secondo posto frutto dell\u2019impresa di Tommaso Giacomel, Lukas Hofer, Dorothea Wierer e Lisa Vittozzi che nell\u2019ultima frazione mette un punto esclamativo italiano sul podio, incorniciando il lavoro fatto dai compagni di squadra. Che bella questa disciplina dove il cuore batte veloce nella sciata e deve rallentare al momento del tiro, dove il controllo e la concentrazione sono fondamentali e l\u2019Italia \u00e8 esempio ed eccellenza. Complimenti a una squadra che regala emozioni!\\&#8221;. Lo scrive sui social il ministro per lo Sport e i giovani, Andrea Abodi.\u00a0<\/p>\n<p>\\n&#8221;,&#8221;postId&#8221;:&#8221;b6c644df-cbd7-4d59-8fc3-745db579f58b&#8221;,&#8221;postLink&#8221;:{&#8220;title&#8221;:&#8221;&#8221;,&#8221;url&#8221;:&#8221;&#8221;,&#8221;imageSrc&#8221;:&#8221;&#8221;}},{&#8220;timestamp&#8221;:&#8221;2026-02-08T15:48:00.108Z&#8221;,&#8221;timestampUtcIt&#8221;:&#8221;2026-02-08T16:48:00+0100&#8243;,&#8221;altBackground&#8221;:false,&#8221;title&#8221;:&#8221;Milano Cortina, brutta caduta per Vonn nella libera: cosa \u00e8 successo&#8221;,&#8221;content&#8221;:&#8221;<\/p>\n<p>La campionessa olimpica di Vancouver gareggiava con il crociato anteriore sinistro rotto dopo l&#8217;infortunio di Crans Montana. I suoi Giochi sono durati poco pi\u00f9 di 10 secondi. Trasportata in ospedale con l&#8217;elicottero, le sue condizioni saranno da valutare.<\/p>\n<p>&#8220;,&#8221;postId&#8221;:&#8221;a0db5ba5-4dac-4c0d-a8c6-aae2efe6f02a&#8221;,&#8221;postLink&#8221;:{&#8220;title&#8221;:&#8221;Milano Cortina, brutta caduta per Vonn nella libera: cosa \u00e8 successo&#8221;,&#8221;url&#8221;:&#8221;https:\/\/tg24.sky.it\/sport\/2026\/02\/08\/milano-cortina-2026-lindsey-vonn-caduta&#8221;,&#8221;imageSrc&#8221;:&#8221;https:\/\/tg24.sky.it\/assets\/images\/335a012c050803dd69d3015fa82b0d18a9232bdd\/skytg24\/it\/sport\/2026\/02\/08\/milano-cortina-2026-lindsey-vonn-caduta\/lindsey-vonn-caduta-cortina-GettyImages-2259959739.jpg?im=Resize,width=1218&#8243;}},{&#8220;timestamp&#8221;:&#8221;2026-02-08T15:42:00.556Z&#8221;,&#8221;timestampUtcIt&#8221;:&#8221;2026-02-08T16:42:00+0100&#8243;,&#8221;altBackground&#8221;:false,&#8221;title&#8221;:&#8221;Dalmasso: \\&#8221;Non smetto di piangere, continuo a toccare la medaglia\\&#8221;&#8221;,&#8221;content&#8221;:&#8221;<\/p>\n<p>\\&#8221;Non ho ancora smesso di piangere. Continuo a toccare la medaglia di bronzo perch\u00e9 ancora non ci credo\\&#8221;. Lucia Dalmasso ha ancora gli occhi lucidi in conferenza stampa dopo il bronzo conquistato alle Olimpiadi di Milano Cortina nello slalom gigante parallelo, dopo aver battuto nella finale per il terzo posto la compagna di squadra Elisa Caffont. \\&#8221;Mi ha fatto i complimenti. Questa medaglia dimostra che bisogna continuare a crederci e sognare\\&#8221;. Dalmasso si riferisce al suo terribile infortunio avuto a 18 anni, quando era una promessa dello sci alpino: la rottura del legamento crociato di entrambe le ginocchia.\u00a0<\/p>\n<p>&#8220;,&#8221;postId&#8221;:&#8221;1975f135-c02f-4fdf-b2d2-279c0c7c7a60&#8243;,&#8221;postLink&#8221;:{&#8220;title&#8221;:&#8221;&#8221;,&#8221;url&#8221;:&#8221;&#8221;,&#8221;imageSrc&#8221;:&#8221;&#8221;}},{&#8220;timestamp&#8221;:&#8221;2026-02-08T15:36:53.380Z&#8221;,&#8221;timestampUtcIt&#8221;:&#8221;2026-02-08T16:36:53+0100&#8243;,&#8221;altBackground&#8221;:false,&#8221;title&#8221;:&#8221;Da Franzoni-Vinatzer a Paris-Sala, ufficializzate le formazioni azzurre per la combinata a squadre&#8221;,&#8221;content&#8221;:&#8221;<\/p>\n<p>Sono state ufficializzate le formazioni azzurre per la combinata a squadre di domani a Bormio. Questi gli accoppiamenti decisi dall&#8217;Italia Team dopo la riunione tecnica di oggi: Giovanni Franzoni &#8211; Alex Vinatzer, Dominik Paris &#8211; Tommaso Sala, Mattia Casse &#8211; Tommaso Saccardi e Florian Schieder- Tobias Kastlunger.\u00a0<\/p>\n<p>\\n<\/p>\n<p>La combinata a squadre prevede una gara a coppie, \u00a0per nazioni, con un atleta impegnato in discesa libera e l&#8217;altro \u00a0nello slalom. Per definire la classifica e assegnare le medaglie, si sommeranno i tempi delle due prove.<\/p>\n<p>&#8220;,&#8221;postId&#8221;:&#8221;ef00f51e-a4d2-448b-a547-7464f778578a&#8221;,&#8221;postLink&#8221;:{&#8220;title&#8221;:&#8221;&#8221;,&#8221;url&#8221;:&#8221;&#8221;,&#8221;imageSrc&#8221;:&#8221;&#8221;}},{&#8220;timestamp&#8221;:&#8221;2026-02-08T15:29:00.487Z&#8221;,&#8221;timestampUtcIt&#8221;:&#8221;2026-02-08T16:29:00+0100&#8243;,&#8221;altBackground&#8221;:false,&#8221;title&#8221;:&#8221;Curling, il Tas respinge il ricorso di Romei per il reintegro in squadra&#8221;,&#8221;content&#8221;:&#8221;<\/p>\n<p>Il Tribunale Arbitrale dello Sport (Tas) ha respinto i due ricorsi presentati dall&#8217;atleta di curling Angela Romei contro la Federazione Italiana Sport del Ghiaccio (Fisg) e la World Curling (WCF) in merito ai criteri della selezione azzurra per i Giochi Olimpici di Milano-Cortina 2026. La 28enne Romei, atleta di punta del curling italiano, era stata esclusa dalla lista dei convocati per i Giochi Invernali ufficializzata dalla Fisg lo scorso 20 gennaio. Lista che invece includeva la giovane Rebecca Mariani, figlia del dt della Nazionale, una scelta considerata dalla pugliese non basata sulla meritocrazia ma esempio di nepotismo. Da qui la decisione di ricorrere al Tas per chiedere l&#8217;annullamento della scelta compiuta dalla Fisg e il reintegro nella squadra olimpica, che invece resta invariata dopo il pronunciamento del Tas.\u00a0<\/p>\n<p>&#8220;,&#8221;postId&#8221;:&#8221;e34e0251-3329-4754-bf0a-a8eabd4fc8b6&#8243;,&#8221;postLink&#8221;:{&#8220;title&#8221;:&#8221;&#8221;,&#8221;url&#8221;:&#8221;&#8221;,&#8221;imageSrc&#8221;:&#8221;&#8221;}},{&#8220;timestamp&#8221;:&#8221;2026-02-08T15:24:45.414Z&#8221;,&#8221;timestampUtcIt&#8221;:&#8221;2026-02-08T16:24:45+0100&#8243;,&#8221;altBackground&#8221;:false,&#8221;title&#8221;:&#8221;Johnson: \\&#8221;So che Vonn tifava per me dall&#8217;elicottero\\&#8221;&#8221;,&#8221;content&#8221;:&#8221;<\/p>\n<p>\\&#8221;Non ho altre informazioni, se non che il suo allenatore ha detto che lei mi stava tifando dall&#8217;elicottero. Quindi spero che tutto vada per il meglio per lei. Spero che non sia troppo grave e mi dispiace davvero per lei. A volte questo sport \u00e8 davvero brutale\\&#8221;. La neo campionessa olimpica di discesa libera, Breezy Johnson, parla cos\u00ec in conferenza stampa, dopo la vittoria a Cortina d&#8217;Ampezzo, della compagna di squadra statunitense Lindsey Vonn caduta durante la discesa e soccorsa in pista con l&#8217;elicottero.\u00a0<\/p>\n<p>&#8220;,&#8221;postId&#8221;:&#8221;66c9e19c-2894-4a13-8c80-84b7a36581f7&#8243;,&#8221;postLink&#8221;:{&#8220;title&#8221;:&#8221;&#8221;,&#8221;url&#8221;:&#8221;&#8221;,&#8221;imageSrc&#8221;:&#8221;&#8221;}},{&#8220;timestamp&#8221;:&#8221;2026-02-08T15:19:00.812Z&#8221;,&#8221;timestampUtcIt&#8221;:&#8221;2026-02-08T16:19:00+0100&#8243;,&#8221;altBackground&#8221;:false,&#8221;title&#8221;:&#8221;Milano-Cortina, l&#8217;argento della squadra italiana di biathlon&#8221;,&#8221;social&#8221;:{&#8220;socialType&#8221;:&#8221;twitter&#8221;,&#8221;src&#8221;:&#8221;https:\/\/twitter.com\/ItaliaTeam_it\/status\/2020504250443592180&#8243;,&#8221;cookieAllowed&#8221;:true},&#8221;postId&#8221;:&#8221;86dd6e0f-b524-490e-b863-c7ad1c9b3ff8&#8243;,&#8221;postLink&#8221;:{&#8220;title&#8221;:&#8221;&#8221;,&#8221;url&#8221;:&#8221;&#8221;,&#8221;imageSrc&#8221;:&#8221;&#8221;}},{&#8220;timestamp&#8221;:&#8221;2026-02-08T15:14:00.189Z&#8221;,&#8221;timestampUtcIt&#8221;:&#8221;2026-02-08T16:14:00+0100&#8243;,&#8221;altBackground&#8221;:false,&#8221;title&#8221;:&#8221;Curling, quinta vittoria per Constantini-Mosaner: Repubblica Ceca battuta 8-2&#8243;,&#8221;content&#8221;:&#8221;<\/p>\n<p>Stefania Constantini e Amos Mosaner incassano la quinta vittoria su 7 match nel curling olimpico di Milano-Cortina. La coppia azzurra, oro a Pechino nel doppio, allunga la striscia di risultati utili per approdare alle semifinali battendo la repubblica Ceca con il punteggio di 8-2. Pochissimi gli errori del duo azzurro che sembra essere tornato ai livelli dell&#8217;oro del 2022.\u00a0<\/p>\n<p>&#8220;,&#8221;postId&#8221;:&#8221;9ab33198-d005-4f02-a1c7-d5550851b11e&#8221;,&#8221;postLink&#8221;:{&#8220;title&#8221;:&#8221;&#8221;,&#8221;url&#8221;:&#8221;&#8221;,&#8221;imageSrc&#8221;:&#8221;&#8221;}},{&#8220;timestamp&#8221;:&#8221;2026-02-08T15:09:00.463Z&#8221;,&#8221;timestampUtcIt&#8221;:&#8221;2026-02-08T16:09:00+0100&#8243;,&#8221;image&#8221;:{&#8220;imgSrc&#8221;:&#8221;https:\/\/www.europesays.com\/it\/wp-content\/uploads\/2026\/02\/dalmasso1_ansa.jpg&#8221;,&#8221;imgAlt&#8221;:&#8221;Lucia Dalmasso&#8221;,&#8221;imgCredits&#8221;:&#8221;\u00a9Ansa&#8221;,&#8221;imgCaption&#8221;:null},&#8221;altBackground&#8221;:true,&#8221;title&#8221;:&#8221;Milano-Cortina, Dalmasso: \\&#8221;Medaglia bellissima\\&#8221;&#8221;,&#8221;content&#8221;:&#8221;<\/p>\n<p>Raggiante Lucia Dalmasso, dopo aver battuto la connazionale Elisa Caffont e aver vinto il bronzo ai Giochi di Milano-Cortina, a Livigno, nello slalom parallelo gigante femminile di snowboard. \\&#8221;Ho fatto quello che potevo e ho cercato di spingere il pi\u00f9 possibile, va bene cos\u00ec. Medaglia bellissima\\&#8221;, ha detto l&#8217;azzurra, ai microfoni di RaiSport. Per lei lacrime e sorrisi prima e dopo il podio.\u00a0<\/p>\n<p>&#8220;,&#8221;postId&#8221;:&#8221;ca75f74e-d840-4a60-8f53-cd17b524df03&#8243;,&#8221;postLink&#8221;:{&#8220;title&#8221;:&#8221;&#8221;,&#8221;url&#8221;:&#8221;&#8221;,&#8221;imageSrc&#8221;:&#8221;&#8221;}},{&#8220;timestamp&#8221;:&#8221;2026-02-08T15:04:00.675Z&#8221;,&#8221;timestampUtcIt&#8221;:&#8221;2026-02-08T16:04:00+0100&#8243;,&#8221;altBackground&#8221;:false,&#8221;title&#8221;:&#8221;Goggia: \\&#8221;Tre medaglie in discesa in tre edizioni dei Giochi \u00e8 speciale e unico\\&#8221;&#8221;,&#8221;content&#8221;:&#8221;<\/p>\n<p>\\&#8221;Io so che tutti da me si aspettavano che vincessi l&#8217;oro qui a Cortina in discesa libera, perch\u00e9 tutti mi hanno fatto domande da anni sulla gara che abbiamo disputato oggi sulle Tofane a Cortina, ma portare a casa una medaglia, indipendentemente dal colore, e riuscire ad essere in tre edizioni di Olimpiadi invernali consecutive sul podio in discesa libera \u00e8 qualcosa di speciale, di unico ed estremamente raro. E&#8217; chiaro che di questo sono molto contenta. Della mia prestazione, guardando solo la sciata, sicuramente posso dire che ci sono state tante imperfezioni\\&#8221;. Lo ha detto l&#8217;azzurra Sofia Goggia dopo il bronzo conquistato in discesa libera ai Giochi di Milano-Cortina, la terza medaglia olimpica della campionessa bergamasca in tre edizione dei Giochi. \u00a0<\/p>\n<p>\\n&#8221;,&#8221;postId&#8221;:&#8221;e7d2acdf-d3c3-4c56-be77-7a463ccc0734&#8243;,&#8221;postLink&#8221;:{&#8220;title&#8221;:&#8221;&#8221;,&#8221;url&#8221;:&#8221;&#8221;,&#8221;imageSrc&#8221;:&#8221;&#8221;}},{&#8220;timestamp&#8221;:&#8221;2026-02-08T14:59:00.419Z&#8221;,&#8221;timestampUtcIt&#8221;:&#8221;2026-02-08T15:59:00+0100&#8243;,&#8221;altBackground&#8221;:false,&#8221;title&#8221;:&#8221;Lindsey Vonn trasferita all&#8217;ospedale di Cortina&#8221;,&#8221;content&#8221;:&#8221;<\/p>\n<p>Lindsey Vonn \u00e8 stata trasportata all&#8217;ospedale Codivilla di Cortina D&#8217;Ampezzo dopo la rovinosa caduta nella discesa libera sulla pista Olympia. Sul posto \u00e8 intervenuto l&#8217;elicottero Falco 2 del Soccorso Alpino, per il suo recupero. Come da protocollo, il tecnico di elisoccorso \u00e8 stato calato con un verricello di 90 metri sulla pista Caprioli, sotto il Rifugio Pomedes, dove l&#8217;atleta era gi\u00e0 stata imbarellata dal personale del Soccorso sanitario. Vonn \u00e8 stata issata a bordo e trasportata al Punto medico avanzato e da l\u00ec, dopo i controlli, trasferita nell&#8217;ambulanza diretta all&#8217;ospedale di Cortina.\u00a0<\/p>\n<p>&#8220;,&#8221;postId&#8221;:&#8221;2cd4f386-2366-4fc1-9095-7f34989b1b73&#8243;,&#8221;postLink&#8221;:{&#8220;title&#8221;:&#8221;&#8221;,&#8221;url&#8221;:&#8221;&#8221;,&#8221;imageSrc&#8221;:&#8221;&#8221;}},{&#8220;timestamp&#8221;:&#8221;2026-02-08T14:54:00.109Z&#8221;,&#8221;timestampUtcIt&#8221;:&#8221;2026-02-08T15:54:00+0100&#8243;,&#8221;altBackground&#8221;:false,&#8221;title&#8221;:&#8221;Fischnaller amaro: \\&#8221;Le Olimpiadi bestia pi\u00f9 forte di me\\&#8221;&#8221;,&#8221;content&#8221;:&#8221;<\/p>\n<p>\\&#8221;Le Olimpiadi sono una bestia pi\u00f9 forte di me\\&#8221;. Roland Fischnaller non \u00e8 \\&#8221;deluso\\&#8221; o \\&#8221;arrabbiato\\&#8221; dopo l&#8217;eliminazione ai quarti di finale dello slalom gigante parallelo di snowboard sulle nevi del Mottolino di Livigno. La medaglia olimpica, per lui che ha disputato sette edizioni dei Giochi, resta maledetta. \\&#8221;Sono molto grato per essere qui, per aver partecipato. Ci ho provato ma \u00e8 difficile. Ho dimostrato tanto altre volte, ma nelle Olimpiadi proprio non ce l&#8217;ho\\&#8221;. Una debacle per tutta la squadra azzurra maschile, che guarda invece il bronzo di Lucia Dalmasso. \\&#8221;Non sappiamo gestire i grandi eventi &#8211; l&#8217;amara considerazione sulla pressione -, ci manca continuit\u00e0. Purtroppo \u00e8 cos\u00ec ma non so il perch\u00e9. L&#8217;obiettivo \u00e8 di arrivare l\u00ec, ma non abbiamo la mentalit\u00e0 di arrivare a vincere. Quello ci manca e mi mancano un po&#8217; le parole\\&#8221;.\u00a0<\/p>\n<p>&#8220;,&#8221;postId&#8221;:&#8221;bf7b6327-bc88-4f3a-af60-2b3bc3a99146&#8243;,&#8221;postLink&#8221;:{&#8220;title&#8221;:&#8221;&#8221;,&#8221;url&#8221;:&#8221;&#8221;,&#8221;imageSrc&#8221;:&#8221;&#8221;}},{&#8220;timestamp&#8221;:&#8221;2026-02-08T14:49:37.040Z&#8221;,&#8221;timestampUtcIt&#8221;:&#8221;2026-02-08T15:49:37+0100&#8243;,&#8221;image&#8221;:{&#8220;imgSrc&#8221;:&#8221;https:\/\/www.europesays.com\/it\/wp-content\/uploads\/2026\/02\/goggia_ansa.jpg&#8221;,&#8221;imgAlt&#8221;:&#8221;Goggia&#8221;,&#8221;imgCredits&#8221;:&#8221;\u00a9Ansa&#8221;,&#8221;imgCaption&#8221;:null},&#8221;altBackground&#8221;:true,&#8221;title&#8221;:&#8221;Goggia: \\&#8221;Giornata speciale, ho pensato a Elena Fanchini  che mi ha aiutato da lass\u00f9\\&#8221;&#8221;,&#8221;content&#8221;:&#8221;<\/p>\n<p>\\&#8221;Bronzo? Alla fine devo solo star zitta che ho fatto un&#8217;altra medaglia in una Olimpiade e basta, visto che non sai mai come vanno queste gare. Quindi ringraziamo. Poi tra l&#8217;altro oggi \u00e8 l&#8217;8 febbraio, una giornata speciale, non solo per quello che \u00e8 stata la gara d&#8217;apertura a questi giochi olimpici qui a Cortina, ma anche perch\u00e9 l&#8217;8 febbraio del 2023 ci lasciava Elena Fanchini e oggi quando sono tornata da colazione ho scritto un messaggio alla sorella Nadia dicendo che sarebbe stata una giornata speciale e sapevamo entrambi i motivi, quindi in qualche modo magari mi ha aiutato anche lei\\&#8221;. Lo ha detto l&#8217;azzurra Sofia Goggia dopo il bronzo nella discesa libera ai Giochi di Milano-Cortina, ricordando che l&#8217;8 febbraio del 2023 \u00e8 scomparsa la compagna di squadra Elena Fanchini. \u00a0\u00a0<\/p>\n<p>&#8220;,&#8221;postId&#8221;:&#8221;e75c0770-9e6b-49f3-bfc0-95f6dfc9cd72&#8243;,&#8221;postLink&#8221;:{&#8220;title&#8221;:&#8221;&#8221;,&#8221;url&#8221;:&#8221;&#8221;,&#8221;imageSrc&#8221;:&#8221;&#8221;}},{&#8220;timestamp&#8221;:&#8221;2026-02-08T14:39:15.320Z&#8221;,&#8221;timestampUtcIt&#8221;:&#8221;2026-02-08T15:39:15+0100&#8243;,&#8221;altBackground&#8221;:false,&#8221;title&#8221;:&#8221;La madre di Franzoni commossa: \\&#8221;Rosari e preghiere prima della gara, ora pu\u00f2 divertirsi\\&#8221;&#8221;,&#8221;content&#8221;:&#8221;<\/p>\n<p>\u201cLe emozioni sono sempre fortissime, dal primo podio in Val Gardena non ho capito pi\u00f9 niente. Sono in un ciclone di emozioni, nell&#8217;occhio del ciclone. \u00c8 una cosa che mi stravolge, mi travolge. Da un mese e mezzo non dormo pi\u00f9 la notte. Da mamma, so ci\u00f2 che vale mio figlio\\&#8221;. Mamma Irene Franzoni risponde all\u2019Adnkronos e si commuove. Il giorno dopo la medaglia d\u2019argento di suo figlio Giovanni, nella discesa olimpica a Bormio, per\u00f2 non c\u2019\u00e8 pericolo. Nessun sogno, \u00e8 tutto vero: \u201cLa notte prima della gara ero andata a dormire alle 21 e mi sono svegliata alle 2. Da l\u00ec ho recitato tutti i rosari e le preghiere possibili e immaginabili. Pi\u00f9 che altro, speravo che arrivasse in fondo sano e salvo\\&#8221;.\u00a0<\/p>\n<p>\\n<\/p>\n<p>Mamma Irene racconta l\u2019incontro con Giovanni dopo la vittoria e non trattiene le lacrime: \u201cL&#8217;ho aspettato fino all&#8217;ultimo \u2013 spiega &#8211; perch\u00e9 tra conferenze e altre cose \u00e8 stata un\u2019attesa lunghissima\u201d. Poi, \u00e8 bastato uno sguardo: \u201cEro l\u00e0 e non capivo pi\u00f9 nulla, volevo solo abbracciare mio figlio. Era impossibile. Ci siamo visti, mi ha guardata e mi ha detto \u2018Mamma\u2019, mostrandomi la medaglia. E niente, l\u2019ho abbracciato\u201d.\u00a0<\/p>\n<p>\\n<\/p>\n<p>Mamma Irene guarder\u00e0 adesso alle prossime gare (forse) con un po\u2019 di tranquillit\u00e0 in pi\u00f9: \u201cPenso che Giovanni sia ormai diventato grande. Riesce a capire tutta la situazione e a gestirla, insieme a tutte queste emozioni. Non perdere il focus \u00e8 tanta roba\\&#8221;. A Milano Cortina, non \u00e8 finita: \u201cOra che ha messo la prima medaglia al collo si pu\u00f2 divertire. Chiss\u00e0&#8230; \\&#8221;.\u00a0<\/p>\n<p>&#8220;,&#8221;postId&#8221;:&#8221;7d8ecddb-a47a-4092-81b2-f31ea0dc1ba7&#8243;,&#8221;postLink&#8221;:{&#8220;title&#8221;:&#8221;&#8221;,&#8221;url&#8221;:&#8221;&#8221;,&#8221;imageSrc&#8221;:&#8221;&#8221;}},{&#8220;timestamp&#8221;:&#8221;2026-02-08T14:32:41.833Z&#8221;,&#8221;timestampUtcIt&#8221;:&#8221;2026-02-08T15:32:41+0100&#8243;,&#8221;altBackground&#8221;:false,&#8221;title&#8221;:&#8221;Prima gara oggi per Ghiotto, recordman azzurro di pattinaggio velocit\u00e0&#8221;,&#8221;content&#8221;:&#8221;<\/p>\n<p>I primi pattini avevano le rotelle, poi la conversione al ghiaccio. Un amore che, proprio come la compagna di squadra Francesca Lollobrigida, oro ieri nei 3.000 metri, nasce guardando le Olimpiadi di Torino 2006. Vent&#8217;anni dopo, con i Giochi invernali nuovamente in Italia, Davide Ghiotto \u00e8 una delle punte di diamante della squadra azzurra del pattinaggio di velocit\u00e0.<\/p>\n<p>\\n<\/p>\n<p>Tre volte campione del mondo e bronzo olimpico a Pechino 2022 sui 10.000 metri, sulla distanza pi\u00f9 lunga detiene anche il primato di 12:25.692, fatto segnare in Coppa del Mondo a Calgary nel gennaio 2025. Per il campione di Altavilla Vicentina l&#8217;anno pre-olimpico, iniziato con il record del mondo sui 10.000 metri, \u00e8 stato puntellato di successi: ai Mondiali di Hamar, in Norvegia, si \u00e8 portato a casa oltre al terzo oro consecutivo sui 10.000, anche un argento nell&#8217;inseguimento a squadre. E&#8217; rimasto appena ai piedi del podio invece sui 5.000 metri. Su questa distanza \u00e8 fresco di un bronzo agli Europei del gennaio 2026, quando ha vinto anche l&#8217;inseguimento a squadre.<\/p>\n<p>\\n<\/p>\n<p>Trentadue anni compiuti a dicembre, atleta delle Fiamme Gialle e padre di due figli, Ghiotto \u00e8 alla terza partecipazione olimpica, dopo Pyeongchang 2018 e Pechino 2022. Se dalla Cina \u00e8 tornato a casa con un bronzo al collo, ai Giochi in casa prover\u00e0 a superarsi. In attesa dell&#8217;inseguimento a squadre in programma il 17 febbraio e dei suoi amati 10.000 venerd\u00ec 13, l&#8217;Olimpiade di Davide Ghiotto inizia oggi, con la gara dei 5.000 metri. L&#8217;appuntamento \u00e8 alle 16 al Milano Speed Skating Studium di Rho, dove ieri Francesca Lollobrigida ha conquistato il primo oro italiano dei Giochi di Milano-Cortina. In pista questo pomeriggio anche il pattinatore milanese Riccardo Lorello, argento su questa distanza agli ultimi Europei, e il trentino Michele Malfatti, altro veterano della squadra azzurra.\u00a0<\/p>\n<p>&#8220;,&#8221;postId&#8221;:&#8221;61ef8d0f-aa1b-42f7-a703-12b1d3f03133&#8243;,&#8221;postLink&#8221;:{&#8220;title&#8221;:&#8221;&#8221;,&#8221;url&#8221;:&#8221;&#8221;,&#8221;imageSrc&#8221;:&#8221;&#8221;}},{&#8220;timestamp&#8221;:&#8221;2026-02-08T14:27:43.060Z&#8221;,&#8221;timestampUtcIt&#8221;:&#8221;2026-02-08T15:27:43+0100&#8243;,&#8221;altBackground&#8221;:false,&#8221;title&#8221;:&#8221;Caduta sulle Tofane nel 2022, per Johnson oro e lacrime&#8221;,&#8221;content&#8221;:&#8221;<\/p>\n<p>Un oro olimpico arrivato con un percorso a ostacoli. Breezy Johnson non ha nascosto l&#8217;emozione sul podio della discesa, vinta sulle Tofane, sulla stessa pista che l&#8217;aveva vista protagonista di una caduta in prova nel 2022 e che la costrinse a saltare i Giochi di Pechino. La caduta dell&#8217;americana avvenne in prova, nella stessa tappa in cui, qualche giorno dopo, Sofia Goggia cadde in Super G e si infortun\u00f2, per poi effettuare un recupero record e conquistare l&#8217;argento in Cina. L&#8217;americana ha anche saltato l&#8217;intera stagione 2023-24 per una squalifica di 14 mesi, per aver saltato tre volte i controlli antidoping. Un fatto per il quale, ha raccontato, aveva pensato al ritiro.\u00a0<\/p>\n<p>&#8220;,&#8221;postId&#8221;:&#8221;7aca8517-a3f6-40d1-8516-e7e4d5a8b60f&#8221;,&#8221;postLink&#8221;:{&#8220;title&#8221;:&#8221;&#8221;,&#8221;url&#8221;:&#8221;&#8221;,&#8221;imageSrc&#8221;:&#8221;&#8221;}},{&#8220;timestamp&#8221;:&#8221;2026-02-08T14:12:50.854Z&#8221;,&#8221;timestampUtcIt&#8221;:&#8221;2026-02-08T15:12:50+0100&#8243;,&#8221;image&#8221;:{&#8220;imgSrc&#8221;:&#8221;https:\/\/www.europesays.com\/it\/wp-content\/uploads\/2026\/02\/biathlon_ansa.jpg&#8221;,&#8221;imgAlt&#8221;:&#8221;Biathlon&#8221;,&#8221;imgCredits&#8221;:&#8221;\u00a9Ansa&#8221;,&#8221;imgCaption&#8221;:null},&#8221;altBackground&#8221;:true,&#8221;title&#8221;:&#8221;Milano Cortina, biathlon: Italia d&#8217;argento nella staffetta mista&#8221;,&#8221;content&#8221;:&#8221;<\/p>\n<p>Medaglia d&#8217;argento per la staffetta mista del biathlon. Il quartetto azzurro composto da Tommaso Giacomel, Lukas Hofer, Dorothea Wierer e Lisa Vittozzi hanno chiuso al secondo posto nella 4X6 km alle spalle della Francia.\u00a0<\/p>\n<p>&#8220;,&#8221;postId&#8221;:&#8221;42311f85-40ea-4c86-8d99-e748c31b0cfd&#8221;,&#8221;postLink&#8221;:{&#8220;title&#8221;:&#8221;&#8221;,&#8221;url&#8221;:&#8221;&#8221;,&#8221;imageSrc&#8221;:&#8221;&#8221;}},{&#8220;timestamp&#8221;:&#8221;2026-02-08T14:06:48.636Z&#8221;,&#8221;timestampUtcIt&#8221;:&#8221;2026-02-08T15:06:48+0100&#8243;,&#8221;altBackground&#8221;:false,&#8221;title&#8221;:&#8221;Calderoli: \\&#8221;Goggia? &#8216;Mola&#8217; mia&#8217;. \u00c8 l&#8217;Atalanta delle nevi\\&#8221;&#8221;,&#8221;content&#8221;:&#8221;<\/p>\n<p>Sofia Goggia? Una &#8216;Dea&#8217;, intesa in senso\\ncalcistico, il che per un bergamasco e&#8217; comunque il massimo. E cosi&#8217;\\nRoberto Calderoli saluta i successi della sciatrice azzurra spiegando che\\n\\&#8221;tutta Bergamo e&#8217; orgogliosa di Sofia, la nostra Atalanta delle nevi, la\\nnostra &#8216;Dea&#8217; della velocita&#8217;\\&#8221;. \\&#8221;Nessuno come lei, con una carriera appunto\\ndi grandi successi e gravi infortuni, costruita sul suo carattere, sulla\\nsua tenacia, sulla sua forza d&#8217;animo, sul cuore prima che sui muscoli,\\nrappresenta al meglio il nostro motto, &#8216;mola&#8217; mia&#8217;, che abbiamo ripetuto\\nsei anni fa nei mesi terribili del Covid e ripetiamo sempre ogni volta che\\nsiamo in difficolta&#8217;\\&#8221;, riprende il ministro e storico esponente della\\nLega. \\&#8221;Immensa Sofia, grazie Sofia\\&#8221;, dice allora Calderoli che \\&#8221;da\\nconcittadino bergamasco e da italiano rivolgo i miei complimenti alla\\nnostra Sofia Goggia, autentico monumento dello sport nazionale capace di\\nvincere tre medaglie consecutive nella discesa libera in tre Olimpiadi,\\nsalendo su tutti i gradini del podio, prima nel 2018, seconda nel 2022 e\\nsplendida terza oggi a Cortina, nei Giochi di casa nostra. Il tutto -\\nsottolinea &#8211; tornando da una serie di gravissimi infortuni, operazioni\\nchirurgiche e riabilitazioni che avrebbero costretto chiunque ad\\narrendersi\\&#8221;.<\/p>\n<p>&#8220;,&#8221;postId&#8221;:&#8221;ac112589-1cc8-41d1-a12a-7fc42a53d9ec&#8221;,&#8221;postLink&#8221;:{&#8220;title&#8221;:&#8221;&#8221;,&#8221;url&#8221;:&#8221;&#8221;,&#8221;imageSrc&#8221;:&#8221;&#8221;}},{&#8220;timestamp&#8221;:&#8221;2026-02-08T14:02:18.003Z&#8221;,&#8221;timestampUtcIt&#8221;:&#8221;2026-02-08T15:02:18+0100&#8243;,&#8221;altBackground&#8221;:false,&#8221;title&#8221;:&#8221;Milano Cortina, Ducrey (Cio): \\&#8221;Futuro combinata nordica? Useremo dati Giochi per decidere\\&#8221;&#8221;,&#8221;content&#8221;:&#8221;<\/p>\n<p>\\&#8221;Il futuro olimpico della combinata nordica? Il nostro impegno \u00e8 sempre \u00a0stato quello di valutare la situazione per uomini e donne dopo questi \u00a0Giochi. Lo abbiamo comunicato tramite il nostro Comitato Esecutivo e \u00a0utilizzeremo i dati per valutare il livello di popolarit\u00e0 di questi \u00a0Giochi. Prenderemo quindi una decisione per (Alpi Francesi) 2030. Per \u00a0quanto riguarda la combinata nordica, questi Giochi ci forniranno molte \u00a0informazioni. Quando valutiamo lo sport, qualsiasi sport, non solo la \u00a0combinata nordica, cerchiamo l&#8217;universalit\u00e0 e una diffusione \u00a0dell&#8217;eccellenza ai vertici. E consideriamo se lo sport viene seguito sia \u00a0durante che fuori dai Giochi\\&#8221;. Lo ha spiegato Pierre Ducrey, direttore \u00a0sportivo del Cio. \\&#8221;Ci sono molti elementi e applichiamo esattamente gli \u00a0stessi criteri a qualsiasi sport. Questa particolare disciplina ha \u00a0dovuto affrontare delle sfide in passato, quindi vogliamo assicurarci di \u00a0analizzare i dettagli e di valutare i progressi compiuti da quando \u00a0abbiamo deciso di includerla nel 2026\\&#8221;.<\/p>\n<p>&#8220;,&#8221;postId&#8221;:&#8221;02e62b03-c1c3-4c94-9fbf-51c4bd2ac6a9&#8243;,&#8221;postLink&#8221;:{&#8220;title&#8221;:&#8221;&#8221;,&#8221;url&#8221;:&#8221;&#8221;,&#8221;imageSrc&#8221;:&#8221;&#8221;}},{&#8220;timestamp&#8221;:&#8221;2026-02-08T13:46:19.786Z&#8221;,&#8221;timestampUtcIt&#8221;:&#8221;2026-02-08T14:46:19+0100&#8243;,&#8221;altBackground&#8221;:false,&#8221;title&#8221;:&#8221;Milano Cortina, Lancellotta (Fdi): \\&#8221;Criminali anti Italia vanno fermati\\&#8221;&#8221;,&#8221;content&#8221;:&#8221;<\/p>\n<p>\\&#8221;Mentre tutta l&#8217;Italia festeggiava la prima medaglia d&#8217;oro conquistata dalla nostra nazione alle Olimpiadi, i soliti criminali ammantati dalla veste di manifestanti hanno colto l&#8217;occasione per devastare Milano offrendo uno spettacolo vergognoso. Chi parla ancora di legittimo diritto di manifestare dissenso \u00e8 corresponsabile di questa vergogna che \u00e8 arrivato il momento di fermare. Basta ambiguit\u00e0. Arrivi condanna ferma da parte di tutti\\&#8221;. Cos\u00ec il deputato di Fratelli d&#8217;Italia Elisabetta Lancellotta, \u00a0Consigliere Nazionale del Coni.<\/p>\n<p>&#8220;,&#8221;postId&#8221;:&#8221;58763d16-9a64-4915-b856-e566b7b13251&#8243;,&#8221;postLink&#8221;:{&#8220;title&#8221;:&#8221;&#8221;,&#8221;url&#8221;:&#8221;&#8221;,&#8221;imageSrc&#8221;:&#8221;&#8221;}},{&#8220;timestamp&#8221;:&#8221;2026-02-08T13:45:26.507Z&#8221;,&#8221;timestampUtcIt&#8221;:&#8221;2026-02-08T14:45:26+0100&#8243;,&#8221;altBackground&#8221;:false,&#8221;title&#8221;:&#8221;Abodi: \\&#8221;Meravigliosa Goggia e forza Vonn\\&#8221;&#8221;,&#8221;content&#8221;:&#8221;<\/p>\n<p>\\&#8221;Secondo giorno e siamo a 4! Una meravigliosa Sofia\\nGoggia conquista la sua terza medaglia in tre edizioni dei Giochi. Il\\ncielo azzurro di Cortina si riflette nel bronzo di una straordinaria Sofia\\nche in discesa libera incide ancora una volta il suo nome sul libro delle\\nLeggende olimpiche. Un applauso va anche a Laura Pirovano, a Nicole Delago\\ne uno straspeciale a Federica che ha dimostrato che la volonta&#8217; a volte\\nbatte la scienza. E forza Lindsey Vonn\\&#8221;. Lo scrive su X il ministro dello\\nsport Andrea Abodi.<\/p>\n<p>&#8220;,&#8221;postId&#8221;:&#8221;956b0440-daa8-472f-aef6-b7b15a7122b9&#8243;,&#8221;postLink&#8221;:{&#8220;title&#8221;:&#8221;&#8221;,&#8221;url&#8221;:&#8221;&#8221;,&#8221;imageSrc&#8221;:&#8221;&#8221;}},{&#8220;timestamp&#8221;:&#8221;2026-02-08T13:41:16.113Z&#8221;,&#8221;timestampUtcIt&#8221;:&#8221;2026-02-08T14:41:16+0100&#8243;,&#8221;altBackground&#8221;:false,&#8221;title&#8221;:&#8221;Milano Cortina: Klaebo vince lo skiathlon, \u00e8 il sesto oro olimpico&#8221;,&#8221;content&#8221;:&#8221;<\/p>\n<p>La sfida franco norvegese della prova maschile di skiathlon (10 km a tecnica classica con cambio di sci per gli altri a tecnica libera) in valle di Fiemme, seconda gara sugli sci stretti dell&#8217;olimpiade invernale MilanoCortina, \u00e8 stata risolta a proprio favore da Johannes Klaebo. Secondo pronostico il norvegese l&#8217;ha spuntata conquistando il suo sesto oro a cinque cerchi, il primo di questa edizione per inseguire il record di 8. Klaebo \u00e8 sempre stato fra i primi, ma a mezzo chilometro dell&#8217;arrivo \u00e8 scattato facendo il vuoto alle sue spalle.\\n\u00a0\u00a0\u00a0\u00a0La volata per la piazza d&#8217;onore \u00e8 stata vinta dal francese Mathis Desloges, che ha preceduto un altro norvegese, Martin Nyenget. Il giovane russo \\&#8221;neutrale\\&#8221; Saveliy Korostelev ha chiuso ai piedi del podio.\\n\u00a0\u00a0\u00a0\u00a0Eccellente la prova di Davide Graz, 8\/o a 49&#8221; e primo degli azzurri. Poi Elia Barp, 17\/o a 1:11.5, Federico Pellegrino 20\/o a 1:51.5 e Martino Carollo 23\/o a 2:16.5.<\/p>\n<p>&#8220;,&#8221;postId&#8221;:&#8221;216c8ae5-4883-44b3-8ed0-2e2b14d33689&#8243;,&#8221;postLink&#8221;:{&#8220;title&#8221;:&#8221;&#8221;,&#8221;url&#8221;:&#8221;&#8221;,&#8221;imageSrc&#8221;:&#8221;&#8221;}},{&#8220;timestamp&#8221;:&#8221;2026-02-08T13:32:49.268Z&#8221;,&#8221;timestampUtcIt&#8221;:&#8221;2026-02-08T14:32:49+0100&#8243;,&#8221;image&#8221;:{&#8220;imgSrc&#8221;:&#8221;https:\/\/www.europesays.com\/it\/wp-content\/uploads\/2026\/02\/dalmasso_ansa.jpg&#8221;,&#8221;imgAlt&#8221;:&#8221;Dalmasso&#8221;,&#8221;imgCredits&#8221;:&#8221;\u00a9Ansa&#8221;,&#8221;imgCaption&#8221;:null},&#8221;altBackground&#8221;:true,&#8221;title&#8221;:&#8221;Dalmasso medaglia di Bronzo nello Snowboard&#8221;,&#8221;content&#8221;:&#8221;<\/p>\n<p>Lucia Dalmasso bronzo nel gigante parallelo femminile di snowboard. Nel derby tutto italiano per la medaglia, ha sconfitto Elisa Caffon. Il gigante parallelo femminile di snowboard \u00e8 stato vinto dalla ceca Zuzana Maderova, che ha conquistato l&#8217;oro battendo l&#8217;austriaca Helge Payer, medaglia d&#8217;argento.<\/p>\n<p>&#8220;,&#8221;postId&#8221;:&#8221;57f07d22-4b67-4121-bf75-cc94c9c13d8f&#8221;,&#8221;postLink&#8221;:{&#8220;title&#8221;:&#8221;&#8221;,&#8221;url&#8221;:&#8221;&#8221;,&#8221;imageSrc&#8221;:&#8221;&#8221;}},{&#8220;timestamp&#8221;:&#8221;2026-02-08T13:29:20.105Z&#8221;,&#8221;timestampUtcIt&#8221;:&#8221;2026-02-08T14:29:20+0100&#8243;,&#8221;altBackground&#8221;:false,&#8221;title&#8221;:&#8221; Goggia: \\&#8221;Sono stata imprecisa ma ha influenzato caduta Vonn\\&#8221;&#8221;,&#8221;content&#8221;:&#8221;<\/p>\n<p>\\&#8221;So di essere stata imprecisa nella gara di oggi ma dopo la caduta della Vonn e quell&#8217;attesa di 40 minuti, sono molto contenta di come ho gestito tutto a livello emotivo. Non si era messa proprio bene la situazione, quindi probabilmente avrei firmato per questo bronzo\\&#8221;. Cos\u00ec Sofia Goggia commenta il risultato nella discesa libera di Cortina ai microfoni di Rai Sport.\u00a0\u00a0\u00a0\\&#8221;Sono abbastanza felice, sono un po&#8217; combattuta perch\u00e9 sono molto competitiva, l&#8217;oro in questa disciplina in tanti me l&#8217;hanno chiesto in questi quattro anni &#8211; aggiunge -. Un po&#8217; di dispacere c&#8217;\u00e8 per quel salto dello schuss per come l&#8217;ho affrontato, ma va bene cos\u00ec comunque \u00e8 solo la prima di quattro frecce da scagliare in questa Olimpiade. Io marted\u00ec ci sar\u00f2 alla combinata, sicuramente la faccio\\&#8221;.\u00a0\u00a0\u00a0\u00a0Goggia sottolinea poi come \\&#8221;nella visione generale delle cose, nel 2018 prima Olimpiade oro, a Pechino argento e qui inizio questa Olimpiade con un bronzo, quindi tre gare di discesa libera in tre Olimpiadi e tre podi, top, tanta roba\\&#8221;, conclude.<\/p>\n<p>&#8220;,&#8221;postId&#8221;:&#8221;1f650c78-8bc3-4029-9d6f-1e8d978bcc59&#8243;,&#8221;postLink&#8221;:{&#8220;title&#8221;:&#8221;&#8221;,&#8221;url&#8221;:&#8221;&#8221;,&#8221;imageSrc&#8221;:&#8221;&#8221;}},{&#8220;timestamp&#8221;:&#8221;2026-02-08T13:25:15.765Z&#8221;,&#8221;timestampUtcIt&#8221;:&#8221;2026-02-08T14:25:15+0100&#8243;,&#8221;altBackground&#8221;:false,&#8221;title&#8221;:&#8221;Snowboard: medaglia sicura Italia, finale bronzo slalom gigante parallelo Caffont-Dalmasso&#8221;,&#8221;content&#8221;:&#8221;<\/p>\n<p>E&#8217; bronzo per l&#8217;Italia nel gigante parallelo femminile di snowboard. A contenderselo, in un derby tutto azzurro, saranno Lucia Dalmasso e Elisa Caffon, sconfitte in semifinale rispettivamente dall&#8217;austriaca Helge Payer e dalla ceca Zuzana Maderova.<\/p>\n<p>&#8220;,&#8221;postId&#8221;:&#8221;9d2c2387-7c34-4029-b1df-4f511f696c54&#8243;,&#8221;postLink&#8221;:{&#8220;title&#8221;:&#8221;&#8221;,&#8221;url&#8221;:&#8221;&#8221;,&#8221;imageSrc&#8221;:&#8221;&#8221;}},{&#8220;timestamp&#8221;:&#8221;2026-02-08T13:19:17.204Z&#8221;,&#8221;timestampUtcIt&#8221;:&#8221;2026-02-08T14:19:17+0100&#8243;,&#8221;altBackground&#8221;:false,&#8221;title&#8221;:&#8221;Rai, M5s: gravissimo censurare Usigrai su figuraccia Olimpica&#8221;,&#8221;content&#8221;:&#8221;<\/p>\n<p>\\&#8221;Alla disastrosa telecronaca Rai della cerimonia di\\napertura delle Olimpiadi di Milano Cortina, condita da Paolo Petrecca con\\nerrori e gaffe in serie, si aggiunge la gravissima censura del comunicato\\nin cui Usigrai denuncia l&#8217;imbarazzante telecronaca del direttore di\\nRaisport che ha colpito la credibilita&#8217; dell&#8217;azienda di servizio pubblico\\ne di chi ci lavora\\&#8221;, dicono i 5 Stelle in Vigilanza Rai. \\&#8221;Usigrai -\\nprosegue una nota &#8211; scrive anche che il vertice aziendale, ancora in\\nsilenzio dopo tre voti di sfiducia al direttore, non puo&#8217; fare finta di\\nnulla e deve assumersi fino in fondo le responsabilita&#8217; delle sue scelte.\\nAlla Rai ormai siamo alle politiche di regime per provare a nascondere ai\\ncittadini quello che hanno gia&#8217; visto con sconcerto in diretta\\ntelevisiva\\&#8221;. \\&#8221;Ormai i buoi sono scappati dalla stalla e la condotta della\\nRai in queste ore, se possibile, aggiunge danni al disastro gia&#8217; compiuto.\\nSolleveremo la gravita&#8217; di questo atto antisindacale in tutte le sedi\\nistituzionali opportune\\&#8221;, dicono ancora gli esponenti M5s.<\/p>\n<p>&#8220;,&#8221;postId&#8221;:&#8221;5c8921bb-84e0-4d72-86ee-6bae465bf5d6&#8243;,&#8221;postLink&#8221;:{&#8220;title&#8221;:&#8221;&#8221;,&#8221;url&#8221;:&#8221;&#8221;,&#8221;imageSrc&#8221;:&#8221;&#8221;}},{&#8220;timestamp&#8221;:&#8221;2026-02-08T13:15:38.564Z&#8221;,&#8221;timestampUtcIt&#8221;:&#8221;2026-02-08T14:15:38+0100&#8243;,&#8221;altBackground&#8221;:false,&#8221;title&#8221;:&#8221;Milano Cortina, quote: ora tocca a Fontana: caccia all&#8217;oro nello short track&#8221;,&#8221;content&#8221;:&#8221;<\/p>\n<p>Arianna Fontana, la storia vivente degli sport invernali italiani, \u00e8 \u00a0pronta a graffiare nuovamente il ghiaccio dello short track. La prima \u00a0sfida che la vedr\u00e0 protagonista \u00e8 la staffetta mista di marted\u00ec 10 \u00a0febbraio, dove l&#8217;Italia recita il ruolo della mina vagante: l&#8217;oro \u00a0azzurro, come riporta Agipronews, si gioca a 11 su Goldbet e Better. \u00a0Stessa quota per la sua gara regina, i 500 metri femminili: nonostante \u00a0Arianna sia la campionessa olimpica in carica da due edizioni \u00a0consecutive, il tris \u00e8 offerto ancora a 11. Pi\u00f9 in salita la strada nei \u00a01000 metri, dove il successo vale 16 volte la posta, mentre gli occhi di \u00a0tutti sono puntati sulla staffetta femminile, distanza che le ha \u00a0regalato tre podi ma mai il metallo pi\u00f9 prezioso: l\u2019oro mancante \u00e8 a \u00a06,50.<\/p>\n<p>&#8220;,&#8221;postId&#8221;:&#8221;0d6e2536-0d94-447e-bd42-6c51602997ec&#8221;,&#8221;postLink&#8221;:{&#8220;title&#8221;:&#8221;&#8221;,&#8221;url&#8221;:&#8221;&#8221;,&#8221;imageSrc&#8221;:&#8221;&#8221;}},{&#8220;timestamp&#8221;:&#8221;2026-02-08T13:10:51.825Z&#8221;,&#8221;timestampUtcIt&#8221;:&#8221;2026-02-08T14:10:51+0100&#8243;,&#8221;altBackground&#8221;:false,&#8221;title&#8221;:&#8221;Snoboard. due azzurre in semifinale, medaglia sicura&#8221;,&#8221;content&#8221;:&#8221;<\/p>\n<p>Medaglia sicura per l&#8217;Italia nello\\nsnowboard femminile. Lucia Dalmasso ed Elisa Caffont, infatti, si sono\\nqualificate per la semifinale dello slalom parallelo gigante femminile di\\nsnowboard, in corso a Livigno. Dalmasso ha battuto la polacca Krol-Walas\\ndi 26 centesimi, Caffont ha vinto contro la giapponese Miki di 2\\ncentesimi. Alle 14.12 le semifinali rispettivamente contro Payer e\\nMaderova.<\/p>\n<p>&#8220;,&#8221;postId&#8221;:&#8221;944f91ae-0977-4f9d-b35b-1c1be591c375&#8243;,&#8221;postLink&#8221;:{&#8220;title&#8221;:&#8221;&#8221;,&#8221;url&#8221;:&#8221;&#8221;,&#8221;imageSrc&#8221;:&#8221;&#8221;}},{&#8220;timestamp&#8221;:&#8221;2026-02-08T13:09:04.112Z&#8221;,&#8221;timestampUtcIt&#8221;:&#8221;2026-02-08T14:09:04+0100&#8243;,&#8221;altBackground&#8221;:false,&#8221;title&#8221;:&#8221;Milano Cortina, paura per Vonn: caduta e dramma ai Giochi&#8221;,&#8221;content&#8221;:&#8221;<\/p>\n<p>Il dramma di Lindsey Vonn scuote i Giochi di Milano\\nCortina: la 41enne campionessa statunitense, attesissima dopo la decisione\\ndi gareggiare malgrado la lesione del legamento crociato, e&#8217; caduta\\nrovinosamente all&#8217;inizio della prova di discesa libera. La sciatrice del\\nMinnesota e&#8217; stata subito soccorsa con il toboga tra straziante urla di\\ndolore e disperazione (udite anche in tv) e portata in elicottero\\nall&#8217;ospedale Codivilla Putti di Cortina. In attesa del responso dei\\nmedici, e&#8217; immaginabile che la terribile caduta segnera&#8217; la fine di una\\ncarriera favolosa che avrebbe voluto chiudere sul podio di una pista, Le\\nTofane, in cui aveva trionfato 12 volte. L&#8217;incidente si e&#8217; verificato sul\\nmuro della parte alta, quando la Vonn ha inforcato col braccio una porta\\nsu un dosso sbilanciandosi mentre era in aria. Cadendo ha appoggiato male\\nil ginocchio destro, quello con la protesi, e ha subito la compressione\\nmentre rotolando nella neve per parecchi metri. L&#8217;americana e&#8217; rimasta\\nferma sulla pista in una posizione innaturale e faceva fatica a muoversi.\\nLa gara e&#8217; stata sospesa per una ventina di minuti e tra il pubblico di\\nCortina e&#8217; sceso un gelo, ben al di sotto del -1 segnato dal termometro.\\nIn tribuna c&#8217;erano anche i parenti e il rapper americano Snoop Dogg. Ai\\npiedi della pista si e&#8217; messa le mani nei capelli la compagna di squadra\\nBreezy Johnson, reduce dalla prova che le sarebbe valsa l&#8217;oro. Tutti erano\\nconsapevoli che la Vonn stava affrontando una sfida titanica: una gara\\nolimpica con il ginocchio destro con protesi parziale e il sinistro con\\nlegamento crociato rotto, forse nella caduta di Crans Montana. Sperava\\nnella sua seconda medaglia olimpica dopo Vancouver 2010 e la prova della\\nvigilia, chiusa al terzo posto, era stata incoraggiante.<\/p>\n<p>&#8220;,&#8221;postId&#8221;:&#8221;3ac1748d-8ca6-4d70-8df3-b3b710628e51&#8243;,&#8221;postLink&#8221;:{&#8220;title&#8221;:&#8221;&#8221;,&#8221;url&#8221;:&#8221;&#8221;,&#8221;imageSrc&#8221;:&#8221;&#8221;}},{&#8220;timestamp&#8221;:&#8221;2026-02-08T12:50:29.173Z&#8221;,&#8221;timestampUtcIt&#8221;:&#8221;2026-02-08T13:50:29+0100&#8243;,&#8221;altBackground&#8221;:false,&#8221;title&#8221;:&#8221; Ministro Giuli, &#8216;nessuno spazio a chi fomenta odio'&#8221;,&#8221;content&#8221;:&#8221;<\/p>\n<p>\u201cDura condanna per quanto accaduto a Bologna e piena solidariet\u00e0 e vicinanza alle forze dell&#8217;ordine per gli scontri avvenuti a Milano. Questi avvenimenti, a poche ore dalla cerimonia di inaugurazione di Milano-Cortina, rischiano di offuscare il lavoro di quanti, con dedizione, professionalit\u00e0 e amore per la patria, hanno reso e continueranno a rendere grande l&#8217;Italia agli occhi del mondo. La recrudescenza di un clima di violenza che pensavamo appartenesse al passato evidenzia come la scelta del Governo di tutelare maggiormente i cittadini e le forze dell\u2019ordine, attraverso il nuovo decreto sicurezza fosse necessaria e urgente. Nessuno spazio a chi fomenta odio\u201d. Lo dichiara il Ministro della Cultura, Alessandro Giuli.<\/p>\n<p>&#8220;,&#8221;postId&#8221;:&#8221;93a14270-366d-46e3-9633-fa9f3457aae6&#8243;,&#8221;postLink&#8221;:{&#8220;title&#8221;:&#8221;&#8221;,&#8221;url&#8221;:&#8221;&#8221;,&#8221;imageSrc&#8221;:&#8221;&#8221;}},{&#8220;timestamp&#8221;:&#8221;2026-02-08T12:42:21.933Z&#8221;,&#8221;timestampUtcIt&#8221;:&#8221;2026-02-08T13:42:21+0100&#8243;,&#8221;altBackground&#8221;:false,&#8221;title&#8221;:&#8221;Salvini in tribuna per discesa libera con bronzo Goggia&#8221;,&#8221;content&#8221;:&#8221;<\/p>\n<p>C&#8217;\u00e8 anche il ministro dei trasporti Matteo Salvini a Cortina per la discesa libera femminile dei Giochi di Milano-Cortina. Il ministro dopo aver assistito alla doppia medaglia nella discesa libera maschile a Bormio ha seguito anche il bronzo conquistato da Sofia Goggia sulla Olympia delle Tofane.\u00a0<\/p>\n<p>&#8220;,&#8221;postId&#8221;:&#8221;e59d4cd6-756b-4ac8-9bf7-ac09347bbeb7&#8243;,&#8221;postLink&#8221;:{&#8220;title&#8221;:&#8221;&#8221;,&#8221;url&#8221;:&#8221;&#8221;,&#8221;imageSrc&#8221;:&#8221;&#8221;}},{&#8220;timestamp&#8221;:&#8221;2026-02-08T12:29:03.933Z&#8221;,&#8221;timestampUtcIt&#8221;:&#8221;2026-02-08T13:29:03+0100&#8243;,&#8221;altBackground&#8221;:false,&#8221;title&#8221;:&#8221;Sofia Goggia \u00e8 bronzo nella discesa libera&#8221;,&#8221;content&#8221;:&#8221;<\/p>\n<p>Sofia Goggia ha vinto la medaglia di bronzo nella discesa libera di Milano Cortina. L&#8217;olimpionica azzurra ha chiuso al terzo posto scendendo in pista dopo l&#8217;interruzione per la caduta choc di Lindsay Vonn, prova olimpica condizionata anche da altri incidenti che hanno causato diversi stop. Oro all&#8217;americana Breezy Johnson, argento alla tedesca Emma Aicher.<\/p>\n<p>&#8220;,&#8221;postId&#8221;:&#8221;98589f40-846d-45ae-9904-8dcac127a6bc&#8221;,&#8221;postLink&#8221;:{&#8220;title&#8221;:&#8221;&#8221;,&#8221;url&#8221;:&#8221;&#8221;,&#8221;imageSrc&#8221;:&#8221;&#8221;}},{&#8220;timestamp&#8221;:&#8221;2026-02-08T12:26:00.607Z&#8221;,&#8221;timestampUtcIt&#8221;:&#8221;2026-02-08T13:26:00+0100&#8243;,&#8221;altBackground&#8221;:false,&#8221;title&#8221;:&#8221;Goggia, tre Olimpiadi sempre a medaglia \u00e8 qualcosa di grande&#8221;,&#8221;content&#8221;:&#8221;<\/p>\n<p>\\&#8221;L&#8217;ultimo colore che mi mancava. Sono un po&#8217; dispiaciuta, ho sbagliato sullo Schuss delle Tofane, sono arrivata al Duca d&#8217;Aosta che sentivo che non andavo avanti. Anche l&#8217;attesa per la caduta della Vonn non ha aiutato\\&#8221;. Sofia Goggia commenta cos\u00ec alle tv la sua prestazione nella discesa libera di Cortina. \\&#8221;Vediamo le cose pi\u00f9 da un punto di vista generale, sono tre olimpiadi sempre a medaglia. \u00c8 qualcosa di grande\\&#8221;, aggiunge la sciatrice delle Fiamme Gialle che a Pyeongchang 2018 aveva vinto l&#8217;oro e a Pechino 2022 la medaglia d&#8217;argento.<\/p>\n<p>&#8220;,&#8221;postId&#8221;:&#8221;0a403e94-d074-478a-84f4-604d9967ad4a&#8221;,&#8221;postLink&#8221;:{&#8220;title&#8221;:&#8221;&#8221;,&#8221;url&#8221;:&#8221;&#8221;,&#8221;imageSrc&#8221;:&#8221;&#8221;}},{&#8220;timestamp&#8221;:&#8221;2026-02-08T12:22:50.985Z&#8221;,&#8221;timestampUtcIt&#8221;:&#8221;2026-02-08T13:22:50+0100&#8243;,&#8221;altBackground&#8221;:false,&#8221;title&#8221;:&#8221;Goggia, &#8216;bronzo? Unico colore che mi manca in discesa ai giochi'&#8221;,&#8221;content&#8221;:&#8221;<\/p>\n<p>Bronzo? Mi manca l&#8217;ultimo colore alle Olimpiadi, la gara deve ancora finire ma sono dispiaciuta perch\u00e9 l&#8217;attesa non \u00e8 stata di semplice gestione. Sono rimasta focalizzata su quello che dovevo fare, avevo gli incubi della prima traversa che oggi mi \u00e8 riuscita bene mentre ho sbagliato alle Tofane. Peccato, ma se la gara finisce cos\u00ec sono comunque tre medaglie in queste disciplina\\&#8221;. Cosi Sofia Goggia alla Rai dopo la sua prova nella discesa libera alle Olimpiadi di Milano Cortina, dove \u00e8 ora attualmente terza.\u00a0<\/p>\n<p>&#8220;,&#8221;postId&#8221;:&#8221;8d107a1d-d053-4110-8c61-216b624992e5&#8243;,&#8221;postLink&#8221;:{&#8220;title&#8221;:&#8221;&#8221;,&#8221;url&#8221;:&#8221;&#8221;,&#8221;imageSrc&#8221;:&#8221;&#8221;}},{&#8220;timestamp&#8221;:&#8221;2026-02-08T12:20:00.812Z&#8221;,&#8221;timestampUtcIt&#8221;:&#8221;2026-02-08T13:20:00+0100&#8243;,&#8221;altBackground&#8221;:false,&#8221;title&#8221;:&#8221;Discesa libera senza pace, gara riprende dopo diverse cadute&#8221;,&#8221;content&#8221;:&#8221;<\/p>\n<p>Dopo la caduta di Lindsey Vonn, la discesa olimpica \u00e8 stata interrotta nuovamente a causa della caduta dell&#8217;andorrana Cande Moreno. La discesista, scesa col pettorale 26, \u00e8 rimasta a terra ed \u00e8 stata portata via con l&#8217;elicottero. Caduta anche per l&#8217;austriaca Nina Ortlieb, che si \u00e8 rialzata senza conseguenze.\u00a0<\/p>\n<p>&#8220;,&#8221;postId&#8221;:&#8221;a915a77e-a49c-45a2-8dde-750adf6b3bde&#8221;,&#8221;postLink&#8221;:{&#8220;title&#8221;:&#8221;&#8221;,&#8221;url&#8221;:&#8221;&#8221;,&#8221;imageSrc&#8221;:&#8221;&#8221;}},{&#8220;timestamp&#8221;:&#8221;2026-02-08T12:15:00.701Z&#8221;,&#8221;timestampUtcIt&#8221;:&#8221;2026-02-08T13:15:00+0100&#8243;,&#8221;altBackground&#8221;:false,&#8221;title&#8221;:&#8221;Sci, inchino al pubblico di Laura Pirovano dopo discesa&#8221;,&#8221;content&#8221;:&#8221;<\/p>\n<p>Ottima gara di Laura Pirovano che scesa con il pettorale numero 8 ha chiuso in seconda posizione dietro la statunitense Breezy Johnson a +0.94. L&#8217;azzurra prima si \u00e8 sdraiata a terra dopo aver superato il traguardo e poi ha fatto un inchino al pubblico festante per la prestazione. \u00a0<\/p>\n<p>&#8220;,&#8221;postId&#8221;:&#8221;dc6d0a1d-a523-42a6-9b50-d0bd4134084b&#8221;,&#8221;postLink&#8221;:{&#8220;title&#8221;:&#8221;&#8221;,&#8221;url&#8221;:&#8221;&#8221;,&#8221;imageSrc&#8221;:&#8221;&#8221;}},{&#8220;timestamp&#8221;:&#8221;2026-02-08T12:09:51.705Z&#8221;,&#8221;timestampUtcIt&#8221;:&#8221;2026-02-08T13:09:51+0100&#8243;,&#8221;altBackground&#8221;:false,&#8221;title&#8221;:&#8221;Nel Villaggio a Milano anche i preservativi &#8216;olimpici'&#8221;,&#8221;content&#8221;:&#8221;<\/p>\n<p>Nel Villaggio olimpico ci sono anche preservativi e assorbenti a tema. A svelarlo \u00e8 stata la pattinatrice sul ghiaccio Olivia Smart, portabandiera della Spagna alla cerimonia inaugurale di Milano Cortina allo stadio San Siro. \\&#8221;Per chiunque si stia chiedendo dei preservativi olimpici, io li ho trovati\\&#8221; ha detto l&#8217;atleta in un video postato sui social, inquadrando poi gli assorbenti e i preservativi &#8216;brandizzati&#8217; dai Giochi e con il logo della Regione Lombardia. Il suo video \u00e8 stato rilanciato sui social anche dal presidente della Lombardia Attilio Fontana: \\&#8221;S\u00ec, nel Villaggio Olimpico forniamo gratuitamente profilattici agli atleti. Se a qualcuno sembra strano, non \u00e8 consapevole della prassi olimpica consolidata. Inizi\u00f2 a Seul 1988 per sensibilizzare atleti e giovani nella prevenzione verso malattie sessualmente trasmissibili, un tema che non deve creare imbarazzo\\&#8221;, ha ricordato il governatore, sottolineando che la Regione, dal punto di vista sanitario, \u00e8 \\&#8221;in campo a 360 gradi per garantire ad atleti e team internazionali la massima assistenza in queste settimane. Un&#8217;azione &#8211; ha concluso &#8211; che fa parte dell&#8217;organizzazione olimpica, grazie alle quali abbiamo realizzato diverse opere dal Niguarda di Milano alla Valtellina, che restano ai lombardi dopo il grande evento che stiamo ospitando. La salute prima di tutto: prevenzione concreta e buon senso\\&#8221;.<\/p>\n<p>&#8220;,&#8221;postId&#8221;:&#8221;8e3f8687-6fa2-4192-8e07-0640c93575ef&#8221;,&#8221;postLink&#8221;:{&#8220;title&#8221;:&#8221;&#8221;,&#8221;url&#8221;:&#8221;&#8221;,&#8221;imageSrc&#8221;:&#8221;&#8221;}},{&#8220;timestamp&#8221;:&#8221;2026-02-08T12:00:53.813Z&#8221;,&#8221;timestampUtcIt&#8221;:&#8221;2026-02-08T13:00:53+0100&#8243;,&#8221;altBackground&#8221;:false,&#8221;title&#8221;:&#8221;Milano, Gelmini (Nm): \\&#8221;Ancora scontri. Condanna unanime, no alibi\\&#8221;&#8221;,&#8221;content&#8221;:&#8221;<\/p>\n<p>\\&#8221;Petardi, bottiglie e persino un blocco di cemento\\nlanciato contro le forze dell&#8217;ordine, a cui va tutta la mia solidarieta&#8217;.\\nQuanto accaduto ieri sera nel quartiere Corvetto di Milano e&#8217; gravissimo e\\ninaccettabile. Ancora scontri, ancora tensione tra antagonisti e agenti in\\ndivisa. Immagini violente che nulla hanno a che fare con le Olimpiadi e\\ncon lo spirito olimpico\\&#8221;. Cosi&#8217; Mariastella Gelmini. La senatrice di Noi\\nModerati aggiunge: \\&#8221;La condanna sia ferma e soprattutto unanime. A\\nMilano-Cortina non c&#8217;e&#8217; spazio per la violenza e il tentativo di questi\\ncriminali di macchiare la credibilita&#8217; e l&#8217;immagine di una citta&#8217; e\\ndell&#8217;Italia va contrastato con ogni mezzo. Nessuna giustificazione. Nessun\\nalibi\\&#8221;.<\/p>\n<p>&#8220;,&#8221;postId&#8221;:&#8221;6410dcb0-f69f-461b-aec9-54a51d3c7ee6&#8243;,&#8221;postLink&#8221;:{&#8220;title&#8221;:&#8221;&#8221;,&#8221;url&#8221;:&#8221;&#8221;,&#8221;imageSrc&#8221;:&#8221;&#8221;}},{&#8220;timestamp&#8221;:&#8221;2026-02-08T11:56:14.295Z&#8221;,&#8221;timestampUtcIt&#8221;:&#8221;2026-02-08T12:56:14+0100&#8243;,&#8221;altBackground&#8221;:false,&#8221;title&#8221;:&#8221;Brignone: \\&#8221;Contenta della performance, bello stare in gara\\&#8221;&#8221;,&#8221;content&#8221;:&#8221;<\/p>\n<p>\\&#8221;Sono contenta della mia performance,\\nvisto come sono arrivata qui: non sono quella dell&#8217;anno scorso, con stessi\\nchilometri e fiducia, pero&#8217; sono contenta. Se penso solo a come stavo la\\nsettimana scorsa, e&#8217; tanta roba\\&#8221;. Federica Brignone commenta cosi&#8217; a\\nRaisport la sua discesa olimpica a Cortina, un appuntamento che sembrava a\\nrischio fino a qualche giorno fa per via del suo calvario dopo il brutto\\ninfortunio e che invece l&#8217;ha vista tra le protagoniste in gara. \\&#8221;Ora ho\\nbisogno di calmarmi un attimo &#8211; spiega la 35enne carabiniera valdostana,\\nottava al momento dello stop per la caduta di Lindsey Vonn &#8211; Salti e\\natterraggi sono stati potenti, devo darmi un po&#8217; di sollievo ma sono\\nsoddisfatta. Fossi arrivata qui l&#8217;anno scorso sarebbe stato diverso, ma\\nsolo stare in gara oggi e&#8217; stato speciale\\&#8221;<\/p>\n<p>&#8220;,&#8221;postId&#8221;:&#8221;f7cc81ff-3698-4f8e-b41c-425b902a52af&#8221;,&#8221;postLink&#8221;:{&#8220;title&#8221;:&#8221;&#8221;,&#8221;url&#8221;:&#8221;&#8221;,&#8221;imageSrc&#8221;:&#8221;&#8221;}},{&#8220;timestamp&#8221;:&#8221;2026-02-08T11:52:28.084Z&#8221;,&#8221;timestampUtcIt&#8221;:&#8221;2026-02-08T12:52:28+0100&#8243;,&#8221;altBackground&#8221;:false,&#8221;title&#8221;:&#8221;Milano Cortina, brutta caduta per Vonn nella libera: cosa \u00e8 successo&#8221;,&#8221;content&#8221;:&#8221;<\/p>\n<p>\u00c8 durato pochi secondi il sogno della quarta medaglia olimpica in carriera, a 41 anni, per Lindsey Vonn. La sciatrice americana, che aveva scelto di gareggiare a <a href=\"\\&quot;https:\/\/tg24.sky.it\/sport\/olimpiadi\\&quot;\" data-intcmp=\"\\&quot;skytg24_liveblog_interlink_text\\&quot;\">Milano Cortina 2026<\/a>nonostante la rottura del crociato anteriore del ginocchio sinistro rimediata a Crans Montana in Coppa del Mondo a poche settimane dai Giochi, \u00e8 caduta rovinosamente dopo poco pi\u00f9 di 10 secondi dall\u2019inizio della discesa libera, prima gara del programma olimpico dello sci alpino femminile.<\/p>\n<p>&#8220;,&#8221;postId&#8221;:&#8221;19ac3085-1c24-4323-a87c-c93dd53a15cd&#8221;,&#8221;postLink&#8221;:{&#8220;title&#8221;:&#8221;Milano Cortina, brutta caduta per Vonn nella libera: cosa \u00e8 successo&#8221;,&#8221;url&#8221;:&#8221;https:\/\/tg24.sky.it\/sport\/2026\/02\/08\/milano-cortina-2026-lindsey-vonn-caduta&#8221;,&#8221;imageSrc&#8221;:&#8221;https:\/\/tg24.sky.it\/assets\/images\/335a012c050803dd69d3015fa82b0d18a9232bdd\/skytg24\/it\/sport\/2026\/02\/08\/milano-cortina-2026-lindsey-vonn-caduta\/lindsey-vonn-caduta-cortina-GettyImages-2259959739.jpg?im=Resize,width=1218&#8243;}},{&#8220;timestamp&#8221;:&#8221;2026-02-08T11:52:00.614Z&#8221;,&#8221;timestampUtcIt&#8221;:&#8221;2026-02-08T12:52:00+0100&#8243;,&#8221;altBackground&#8221;:false,&#8221;title&#8221;:&#8221;Caduta per Cande Moreno&#8221;,&#8221;content&#8221;:&#8221;<\/p>\n<p>Cande Moreno (Andorra) cade e si fa male al ginocchio. Soccorsi in azione e gara interrotta.<\/p>\n<p>\\n&#8221;,&#8221;postId&#8221;:&#8221;5883daac-98bb-48b5-97a1-ff688889dd50&#8243;,&#8221;postLink&#8221;:{&#8220;title&#8221;:&#8221;&#8221;,&#8221;url&#8221;:&#8221;&#8221;,&#8221;imageSrc&#8221;:&#8221;&#8221;}},{&#8220;timestamp&#8221;:&#8221;2026-02-08T11:49:36.953Z&#8221;,&#8221;timestampUtcIt&#8221;:&#8221;2026-02-08T12:49:36+0100&#8243;,&#8221;altBackground&#8221;:false,&#8221;title&#8221;:&#8221;Discesa femminile, classifica provvisoria&#8221;,&#8221;content&#8221;:&#8221;\\n<\/p>\n<ul>\\n  <\/p>\n<li>1. Breezy Johnson (Usa) 1.36.10<\/li>\n<p>\\n  <\/p>\n<li>2. Emma Aicher (Ger) +0.04<\/li>\n<p>\\n  <\/p>\n<li><strong>3. Sofia Goggia (Ita) <\/strong>+0.59<\/li>\n<p>\\n  <\/p>\n<li>4. Jacqueline Wiles (Usa) +0.86<\/li>\n<p>\\n  <\/p>\n<li>4. Cornelia Huetter (Aut) +0.86<\/li>\n<p>\\n  <\/p>\n<li><strong>6. Laura Pirovano (Ita) <\/strong>+0.94<\/li>\n<p>\\n  <\/p>\n<li><strong>10.<\/strong> <strong>Federica Brignone (Ita<\/strong>) +1.19<\/li>\n<p>\\n  <\/p>\n<li><strong>11. Nicol Delago (Ita)<\/strong> +1.55<\/li>\n<p>\\n<\/ul>\n<p>&#8220;,&#8221;postId&#8221;:&#8221;e71f85d5-23ca-4a79-8c7b-feb709f08903&#8243;,&#8221;postLink&#8221;:{&#8220;title&#8221;:&#8221;&#8221;,&#8221;url&#8221;:&#8221;&#8221;,&#8221;imageSrc&#8221;:&#8221;&#8221;}},{&#8220;timestamp&#8221;:&#8221;2026-02-08T11:48:28.931Z&#8221;,&#8221;timestampUtcIt&#8221;:&#8221;2026-02-08T12:48:28+0100&#8243;,&#8221;altBackground&#8221;:false,&#8221;title&#8221;:&#8221;Milano Cortina: \u00e8 &#8216;pin mania&#8217;, code per accaparrarsi le spillette&#8221;,&#8221;content&#8221;:&#8221;<\/p>\n<p>La pin-mania \u00e8 scoppiata anche a Milano, dentro e fuori il Villaggio Olimpico. Code infinite sui marciapiedi, numeri contingentati e una &#8216;caccia al tesoro&#8217; partita il primo giorno dei Giochi: alle 8 di mattina sull&#8217;account YesMilano viene pubblicato l&#8217;esatto punto di distribuzione e le spille possono essere richieste solo a partire dalle 12 di quel giorno. Anche \u00a0Warner Bros. Discovery (WBD) ha aperto un Official Olympics Pin Trading Center, uno spazio celebrativo che attira anche i pi\u00f9 piccoli grazie alla collezione dedicata ai Looney Tunes e dove i grandi collezionisti hanno una zona riservata di scambio e vendita.\\n\u00a0\u00a0\u00a0\u00a0C&#8217;\u00e8 chi \u00e8 alla sua sedicesima Olimpiade e ha &#8216;apparecchiato&#8217; un poncho dove appendere tutti i piccoli trofei (e qualcuno doppio o triplo lo regala ai bambini che incontra per strada); c&#8217;\u00e8 l&#8217;atleta canadese che corre ad abbracciare la giapponese, non \u00e8 una reunion, non si conoscono ma da lontano ha visto una pin che ancora non c&#8217;\u00e8 nella sua collezione.\\n\u00a0\u00a0\u00a0\u00a0YesMilano, l&#8217;agenzia di promozione ufficiale della citt\u00e0, ha realizzato in collaborazione con Fondazione Milano Cortina 2026 una collezione che comprende 12 spillette olimpiche e paralimpiche, 5 dedicate ai simboli di Milano, Duomo, Castello Sforzesco, Torre Velasca, San Siro e il Panettone e 7 dedicate ai quartieri da Brera ai Navigli, da Sarpi (la Chinatown milanese) e NoLo (la periferia che strizza l&#8217;occhio a Soho e segna la sua rigenerazione).<\/p>\n<p>&#8220;,&#8221;postId&#8221;:&#8221;2d6cb2fc-142a-42d5-a9d4-e70976b0bd98&#8243;,&#8221;postLink&#8221;:{&#8220;title&#8221;:&#8221;&#8221;,&#8221;url&#8221;:&#8221;&#8221;,&#8221;imageSrc&#8221;:&#8221;&#8221;}},{&#8220;timestamp&#8221;:&#8221;2026-02-08T11:48:00.249Z&#8221;,&#8221;timestampUtcIt&#8221;:&#8221;2026-02-08T12:48:00+0100&#8243;,&#8221;altBackground&#8221;:false,&#8221;title&#8221;:&#8221;Milano Cortina, Cio: \\&#8221;Nessun impatto dei droni sugli atleti\\&#8221;&#8221;,&#8221;content&#8221;:&#8221;<\/p>\n<p>I droni che vengono utilizzati a Milano Cortina 2026 per le riprese televisive delle gare \\&#8221;non risulta che abbiano un impatto significativo. Ma dobbiamo comunque essere certi che non siano un ostacolo alla migliore performance\\&#8221;. Lo ha detto in conferenza stampa Pierre Ducrey, direttore sportivo del Cio.\\n\u00a0\u00a0\u00a0\u00a0Per la direttrice sportiva di Milano Cortina, Anna Riccardi \\&#8221;abbiamo valutato sentendo la comunit\u00e0 degli atleti, le situazioni diverse da atleta ad atleta e la loro sensibilit\u00e0. Al momento non ci risulta nessuna lamentela da dissuadere all&#8217;utilizzo dei droni\\&#8221;, ha concluso.<\/p>\n<p>&#8220;,&#8221;postId&#8221;:&#8221;fe4b0cf0-e226-44ee-b33b-0c17109d6d89&#8243;,&#8221;postLink&#8221;:{&#8220;title&#8221;:&#8221;&#8221;,&#8221;url&#8221;:&#8221;&#8221;,&#8221;imageSrc&#8221;:&#8221;&#8221;}},{&#8220;timestamp&#8221;:&#8221;2026-02-08T11:46:37.503Z&#8221;,&#8221;timestampUtcIt&#8221;:&#8221;2026-02-08T12:46:37+0100&#8243;,&#8221;altBackground&#8221;:false,&#8221;title&#8221;:&#8221;Milano-Cortina, funzionari polizia: \\&#8221;Protesta \u00e8 legittima la violenza no\\&#8221; &#8220;,&#8221;content&#8221;:&#8221;<\/p>\n<p>\\&#8221;In occasione del corteo contro le Olimpiadi\\ninvernali Milano-Cortina, ancora una volta, condotte violente e\\norganizzate &#8211; travisamenti, lanci di petardi, bottiglie e fumogeni,\\ntentativi di forzare i dispositivi di sicurezza e di raggiungere\\ninfrastrutture strategiche &#8211; hanno finito per offuscare e svilire le\\nragioni di una manifestazione che avrebbe potuto e dovuto concludersi in\\nmodo pacifico, nel pieno rispetto del diritto costituzionale di\\nmanifestare\\&#8221;. Ad affermarlo e&#8217; Enzo Letizia, segretario dell&#8217;associazione.\\n\\&#8221;E&#8217; necessario ribadirlo con chiarezza &#8211; continua Letizia -: la protesta\\ne&#8217; legittima, la violenza no. Quando una minoranza sceglie deliberatamente\\nlo scontro, mette a rischio l&#8217;incolumita&#8217; dei cittadini, dei manifestanti\\nstessi e degli operatori di polizia, e costringe lo Stato ad attivare\\nstrumenti di contenimento indispensabili per tutelare la sicurezza\\ncollettiva. L&#8217;Anfp evidenzia come la professionalita&#8217;, l&#8217;equilibrio e il\\nsenso di responsabilita&#8217; dimostrati, anche in questo, dal personale di\\npolizia, in un contesto operativo ad alta tensione, caratterizzato da\\nvariabili complesse e da un elevato rischio di degenerazione, abbia\\nevitato l&#8217;ulteriore degenerazione degli scontri con le forze dell&#8217;ordine\\&#8221;.\\n\\&#8221;In questo quadro &#8211; conclude il leader sindacale &#8211; l&#8217;associazione apprezza\\ne ringrazia la presidente del Consiglio, Giorgia Meloni, per aver ancora\\nuna volta espresso solidarieta&#8217; alle forze di polizia impegnate a\\ngarantire l&#8217;ordine pubblico e la sicurezza dei cittadini. Un segnale\\nistituzionale importante, che riconosce il valore e la delicatezza del\\nlavoro svolto quotidianamente da chi opera in prima linea per la tutela\\ndelle liberta&#8217; democratiche. Garantire il diritto di manifestare e, al\\ntempo stesso, prevenire e contrastare le violenze e&#8217; il cuore stesso di\\nuno Stato democratico\\&#8221;.<\/p>\n<p>&#8220;,&#8221;postId&#8221;:&#8221;5c1aecc9-4742-4a95-b9a6-ebbe44328515&#8243;,&#8221;postLink&#8221;:{&#8220;title&#8221;:&#8221;&#8221;,&#8221;url&#8221;:&#8221;&#8221;,&#8221;imageSrc&#8221;:&#8221;&#8221;}},{&#8220;timestamp&#8221;:&#8221;2026-02-08T11:45:49.476Z&#8221;,&#8221;timestampUtcIt&#8221;:&#8221;2026-02-08T12:45:49+0100&#8243;,&#8221;altBackground&#8221;:false,&#8221;title&#8221;:&#8221;Milano Cortina, M5s: \\&#8221;Condanna violenze ma c.destra non nasconda flop\\&#8221;&#8221;,&#8221;content&#8221;:&#8221;<\/p>\n<p>\\&#8221;Anche sulle violenze che hanno macchiato la\\nmanifestazione pacifica di ieri a Milano, cosi&#8217; come e&#8217; avvenuto per i\\nfatti di Torino, e&#8217; doverosa la ferma condanna delle forze politiche. Il\\nM5s lo fa anche in questa circostanza: chi ieri ha strumentalizzato la\\nmanifestazione di Milano per scopi che nulla hanno a che vedere con\\nl&#8217;espressione del dissenso ha violato la legge e la civilta&#8217; e deve essere\\ncondannato di conseguenza. Ai solerti esponenti del centrodestra che\\nquesta mattina stanno recitando il solito coretto organizzato in cui\\nsollecitano altri esponenti politici a dissociarsi da comportamenti a cui\\nloro li associano in modo strumentale, ricordiamo che queste sceneggiate\\nnon copriranno le loro responsabilita&#8217; sul mancato presidio della\\nsicurezza. In Italia in troppi possono fare quello che gli pare perche&#8217; le\\npolitiche del governo hanno fallito in modo dirompente. Se pensano di\\ncavarsela con raffiche di comunicati stampa e varando ogni volta norme\\ninutili, grottesche o liberticide per inseguire la cronaca, vuol dire che\\nintendono portare il loro fallimento alle estreme conseguenze. Noi in\\nquesti giorni non abbiamo chiesto dimissioni al ministro responsabile\\ndella sicurezza, il centrodestra all&#8217;opposizione lo fece quando a\\ndevastare erano i neofascisti contro la sede di un sindacato o i no vax:\\nma capiamo che serieta&#8217;, lucidita&#8217; e coerenza non albergano nell&#8217;attuale\\ngoverno\\&#8221;. Lo affermano i parlamentari lombardi del M5S Valentina Barzotti,\\nAntonio Ferrara, Bruno Marton e Elena Sironi.<\/p>\n<p>&#8220;,&#8221;postId&#8221;:&#8221;ab60e653-e7a4-4051-b278-57bc1a759b62&#8243;,&#8221;postLink&#8221;:{&#8220;title&#8221;:&#8221;&#8221;,&#8221;url&#8221;:&#8221;&#8221;,&#8221;imageSrc&#8221;:&#8221;&#8221;}},{&#8220;timestamp&#8221;:&#8221;2026-02-08T11:42:08.736Z&#8221;,&#8221;timestampUtcIt&#8221;:&#8221;2026-02-08T12:42:08+0100&#8243;,&#8221;altBackground&#8221;:false,&#8221;title&#8221;:&#8221;Milano Cortina, Sighel: \\&#8221;Prezzi dei biglietti limitanti, non invogliano\\&#8221;&#8221;,&#8221;content&#8221;:&#8221;<\/p>\n<p>\\&#8221;La polemica sui biglietti? La federazione ha messo un po&#8217; una pezza, nel senso che ha comprato un biglietto a testa per ogni atleta che partecipa alle gare. \u00c8 un po&#8217; limitante per gli italiani il fatto di venire a vedere i nostri eventi, soprattutto considerando che noi facciamo sei giornate nella prima fascia a quel prezzo\\&#8221;. Lo ha detto il pattinatore italiano Pietro Sighel, rispondendo a una domanda sul tema dei prezzi dei biglietti per i Giochi Olimpici invernali di Milano-Cortina 2026.\u00a0\u00a0\u00a0\u00a0\\&#8221;Io non l&#8217;ho mai detto per polemizzare, ma per raccontare una realt\u00e0, proprio perch\u00e9 siamo uno sport minore. Speravo che almeno la prima fascia fosse un po&#8217; pi\u00f9 economica, per far s\u00ec che pi\u00f9 persone, soprattutto quelle titubanti o indecise, potessero invogliarsi a venire a vedere una gara che magari non hanno mai visto. Spendere 150 euro per vedere una giornata su sei fa riflettere, soprattutto oggi, per quanto costa la vita in Italia e per tutti i problemi economici che ci sono. Mi \u00e8 dispiaciuto per questo\\&#8221;.<\/p>\n<p>&#8220;,&#8221;postId&#8221;:&#8221;37849fc6-15d7-4d1d-8e17-7e0b9851247c&#8221;,&#8221;postLink&#8221;:{&#8220;title&#8221;:&#8221;&#8221;,&#8221;url&#8221;:&#8221;&#8221;,&#8221;imageSrc&#8221;:&#8221;&#8221;}},{&#8220;timestamp&#8221;:&#8221;2026-02-08T11:41:10.263Z&#8221;,&#8221;timestampUtcIt&#8221;:&#8221;2026-02-08T12:41:10+0100&#8243;,&#8221;altBackground&#8221;:false,&#8221;title&#8221;:&#8221;Milano Cortina, Sighel: \\&#8221;L&#8217;oro sarebbe la chiusura del cerchio\\&#8221;&#8221;,&#8221;content&#8221;:&#8221;<\/p>\n<p>\\&#8221;Cosa faccio se vinco l&#8217;oro? Mi ritiro (ride, ndr). Nei miei sogni ci sarebbe vincere l&#8217;oro e ritirarmi. Non lo far\u00f2, per una serie di cose, ma semplicemente riuscirei a chiudere un cerchio per l&#8217;obiettivo che ho in questa fase della mia vita. Se ce la far\u00f2, bene. Se non ce la far\u00f2, pazienza, ci riprover\u00f2 fra quattro anni e quello che succeder\u00e0 succeder\u00e0. Penso sia l&#8217;Olimpiade che casca nei miei anni migliori, arrivo pi\u00f9 pronto\\&#8221;. Lo ha detto il pattinatore italiano Pietro Sighel, pronto all&#8217;esordio marted\u00ec ai Giochi Olimpici di Milano-Cortina 2026 dopo le due medaglie vinte a Pechino 2022 nello short track.\\n\u00a0\u00a0\u00a0\u00a0\\&#8221;Il livello \u00e8 molto alto, per\u00f2 penso che anche noi siamo migliorati e siamo sicuramente pi\u00f9 forti &#8211; ha aggiunto il 26enne trentino -. Quest&#8217;anno con la mista abbiamo faticato, in realt\u00e0 come quattro anni fa, quindi ovviamente il mio auspicio \u00e8 quello di riuscire a indovinare la gara al momento giusto, che \u00e8 la cosa che conta di pi\u00f9. Le carte per fare bene le abbiamo, per\u00f2 non sar\u00e0 semplice perch\u00e9 il livello \u00e8 veramente alto. Le rivali pi\u00f9 pericolose? Direi Olanda e Canada: nella staffetta mista sono quelle pi\u00f9 competitive\\&#8221;.<\/p>\n<p>&#8220;,&#8221;postId&#8221;:&#8221;c9ad94ba-46d6-46c9-9467-1ed0bc8e040c&#8221;,&#8221;postLink&#8221;:{&#8220;title&#8221;:&#8221;&#8221;,&#8221;url&#8221;:&#8221;&#8221;,&#8221;imageSrc&#8221;:&#8221;&#8221;}},{&#8220;timestamp&#8221;:&#8221;2026-02-08T11:32:07.411Z&#8221;,&#8221;timestampUtcIt&#8221;:&#8221;2026-02-08T12:32:07+0100&#8243;,&#8221;altBackground&#8221;:false,&#8221;title&#8221;:&#8221;Discesa femminile, classifica provvisoria&#8221;,&#8221;content&#8221;:&#8221;\\n<\/p>\n<ul>\\n  <\/p>\n<li>1.Breezy Johnson (Usa) 1.36.10<\/li>\n<p>\\n  <\/p>\n<li>2.Emma Aicher (Ger) +0.04<\/li>\n<p>\\n  <\/p>\n<li><strong>3. Sofia Goggia (Ita) <\/strong>+0.59<\/li>\n<p>\\n  <\/p>\n<li>4.Cornelia Huetter (Aut) +0.86<\/li>\n<p>\\n  <\/p>\n<li><strong>5.Laura Pirovano (Ita) <\/strong>+0.94<\/li>\n<p>\\n  <\/p>\n<li>9. <strong>Federica Brignone (Ita<\/strong>) +1.19<\/li>\n<p>\\n  <\/p>\n<li>10. <strong>Nicol Delago (Ita)<\/strong> +1.55<\/li>\n<p>\\n<\/ul>\n<p>&#8220;,&#8221;postId&#8221;:&#8221;db101a1d-6dce-49d6-b91e-d86e86b216e3&#8243;,&#8221;postLink&#8221;:{&#8220;title&#8221;:&#8221;&#8221;,&#8221;url&#8221;:&#8221;&#8221;,&#8221;imageSrc&#8221;:&#8221;&#8221;}},{&#8220;timestamp&#8221;:&#8221;2026-02-08T11:27:28.602Z&#8221;,&#8221;timestampUtcIt&#8221;:&#8221;2026-02-08T12:27:28+0100&#8243;,&#8221;image&#8221;:{&#8220;imgSrc&#8221;:&#8221;https:\/\/www.europesays.com\/it\/wp-content\/uploads\/2026\/02\/goggia_asna.JPG&#8221;,&#8221;imgAlt&#8221;:&#8221;Goggia&#8221;,&#8221;imgCredits&#8221;:&#8221;\u00a9Ansa&#8221;,&#8221;imgCaption&#8221;:null},&#8221;altBackground&#8221;:true,&#8221;title&#8221;:&#8221;Terzo tempo per Sofia Goggia&#8221;,&#8221;content&#8221;:&#8221;<\/p>\n<p>Sofia Goggia \u00e8 terza quando sono scese le prime 17 atlete della discesa libera. L&#8217;azzurra paga 59 centesimi all&#8217;americana Breezy Johnson, che ne ha 4 di vantaggio sulla tedesca Emma Aicher.<\/p>\n<p>&#8220;,&#8221;postId&#8221;:&#8221;bf2b73b1-728b-4540-b6f5-685809f15879&#8243;,&#8221;postLink&#8221;:{&#8220;title&#8221;:&#8221;&#8221;,&#8221;url&#8221;:&#8221;&#8221;,&#8221;imageSrc&#8221;:&#8221;&#8221;}},{&#8220;timestamp&#8221;:&#8221;2026-02-08T11:26:00.530Z&#8221;,&#8221;timestampUtcIt&#8221;:&#8221;2026-02-08T12:26:00+0100&#8243;,&#8221;altBackground&#8221;:false,&#8221;title&#8221;:&#8221;Milano Cortina: Vonn portata via in elicottero, gara riprende&#8221;,&#8221;content&#8221;:&#8221;<\/p>\n<p>Lindsey Vonn \u00e8 stata caricata sull&#8217;elicottero con un verricello e portata via in direzione del punto di primo soccorso, dove verranno fatti i primi accertamenti e verr\u00e0 deciso se sar\u00e0 indirizzata all&#8217;ospedale olimpico Codivilla a Cortina d&#8217;Ampezzo. Possibile il trasferimento agli ospedali di Belluno o Treviso. Quando l&#8217;elicottero \u00e8 passato, dalla tribuna si \u00e8 levato un applauso. La gara riprende dopo un&#8217;interruzione di venti minuti.<\/p>\n<p>&#8220;,&#8221;postId&#8221;:&#8221;0c693933-70c8-4daa-b92c-8da52d9694ce&#8221;,&#8221;postLink&#8221;:{&#8220;title&#8221;:&#8221;&#8221;,&#8221;url&#8221;:&#8221;&#8221;,&#8221;imageSrc&#8221;:&#8221;&#8221;}},{&#8220;timestamp&#8221;:&#8221;2026-02-08T11:25:25.485Z&#8221;,&#8221;timestampUtcIt&#8221;:&#8221;2026-02-08T12:25:25+0100&#8243;,&#8221;altBackground&#8221;:false,&#8221;title&#8221;:&#8221;Milano Cortina, Brignone: \\&#8221;Contenta, ma lo scorso anno sarebbe stato diverso\\&#8221;&#8221;,&#8221;content&#8221;:&#8221;<\/p>\n<p>\\&#8221;Sono contenta della mia performance, visto come sono arrivata qui. So che se fossi arrivata qua l&#8217;anno scorso sarebbe stato diverso\\&#8221;. Federica Brignone commenta cos\u00ec, ai microfoni di Rai Sport, la discesa di Cortina. \\&#8221;Chiaramente non sono quella dell&#8217;anno scorso, non ho gli stessi chilometri, non ho la stessa fiducia, non ho quello che avevo l&#8217;anno scorso, per cui sono molto molto contenta di quello che ho fatto oggi &#8211; ha aggiunto -. Per me fare comunque una prestazione del genere, per come stavo anche solo la settimana scorsa, \u00e8 tanta roba ed \u00e8 la prima tappa di un percorso olimpico ancora molto lungo\\&#8221;.\u00a0\u00a0\u00a0\u00a0\\&#8221;Adesso ho bisogno di calmarmi un attimo. Tutti questi salti, queste cose sono state abbastanza potenti, soprattutto tutti gli atterraggi, per cui dovr\u00f2 dare un po&#8217; di sollievo a tibia e tutto. Ripeto, sono soddisfatta &#8211; ha concluso -, gi\u00e0 solo essere in gara oggi per me \u00e8 stato veramente speciale, quindi sono contenta. Non mi vedrete nella team combined di domani\\&#8221;.<\/p>\n<p>&#8220;,&#8221;postId&#8221;:&#8221;b74c12c8-7fff-486f-afed-f73ff17e7d27&#8243;,&#8221;postLink&#8221;:{&#8220;title&#8221;:&#8221;&#8221;,&#8221;url&#8221;:&#8221;&#8221;,&#8221;imageSrc&#8221;:&#8221;&#8221;}},{&#8220;timestamp&#8221;:&#8221;2026-02-08T11:20:56.447Z&#8221;,&#8221;timestampUtcIt&#8221;:&#8221;2026-02-08T12:20:56+0100&#8243;,&#8221;altBackground&#8221;:false,&#8221;title&#8221;:&#8221;Milano Cortina: elicottero in volo per soccorrere Vonn, gara interrotta&#8221;,&#8221;content&#8221;:&#8221;<\/p>\n<p>Un elicottero sta volando sull&#8217;Olimpia delle Tofane, in direzione del luogo in cui sono in corso i soccorsi a Lindsey Vonn. La sciatrice americana non si \u00e8 rialzata dalla caduta e la gara \u00e8 stata interrotta. Le immagini mostrano chiaramente entrambe le gambe in torsione nel corso della caduta spaventosa e, quando \u00e8 calato il silenzio, si sono sentite le urla dell&#8217;atleta.<\/p>\n<p>&#8220;,&#8221;postId&#8221;:&#8221;a40e97ae-f1f3-4456-adba-60e769c67eb6&#8243;,&#8221;postLink&#8221;:{&#8220;title&#8221;:&#8221;&#8221;,&#8221;url&#8221;:&#8221;&#8221;,&#8221;imageSrc&#8221;:&#8221;&#8221;}},{&#8220;timestamp&#8221;:&#8221;2026-02-08T11:12:46.714Z&#8221;,&#8221;timestampUtcIt&#8221;:&#8221;2026-02-08T12:12:46+0100&#8243;,&#8221;altBackground&#8221;:false,&#8221;title&#8221;:&#8221;Ministro Lollobrigida: \\&#8221;Atleti Milano Cortina da record come il made in Italy\\&#8221;&#8221;,&#8221;content&#8221;:&#8221;<\/p>\n<p>Quello italiano \u00e8 \\&#8221;un sistema legato all&#8217;agroalimentare che tocca un record di 73 miliardi di export, straordinario. Con una crescita del valore delle filiere che porta il reddito agli agricoltori mediamente a crescere, in Italia, del 12,5%. Ora abbiamo davanti tanti record anche nelle competizioni sportive\\&#8221;. Lo evidenzia il ministro dell&#8217;Agricoltura, Francesco Lollobrigida, in un videomessaggio diffuso durante un evento Coldiretti a Bormio, in occasione delle Olimpiadi di Milano Cortina.\u00a0\u00a0\u00a0\u00a0Lollobrigida \u00e8 convinto che i promotori del Made in Italy e gli atleti azzurri impegnati ai Giochi \\&#8221;rappresentino la pi\u00f9 bella nazione del mondo\\&#8221;. \\&#8221;Abbiamo necessit\u00e0 di raggiungere tanti obiettivi &#8211; aggiunge Lollobrigida &#8211; e lavorato raccontando al mondo che c&#8217;erano pericoli dalla standardizzazione del cibo, abbiamo lavorato per proibire la carne sintetica. Con l&#8217;Italia prima nazione a farlo, seguita di tanti altri. Abbiamo lavorato per raggiungere il record di investimenti sull&#8217;agricoltura rispetto a qualsiasi altro governo che ci abbia preceduto, cambiando le scelte sul Pnrr, moltiplicando per tre i contributi previsti per il mondo agricolo, proibendo i pannelli a terra che tolgono terreno alla produzione di cibo, ma riuscendo lo stesso insieme agli imprenditori agricoli a garantire una produzione di energia verde utilizzando le stalle, le pertinenze delle aziende agricole. Abbiamo lavorato per garantire che la cucina italiana divenisse la prima cucina al mondo ad essere riconosciuta come patrimonio immateriale dell&#8217;Unesco\\&#8221;.<\/p>\n<p>&#8220;,&#8221;postId&#8221;:&#8221;8844eac5-6a7b-4f3c-b382-ce29d2f5b749&#8243;,&#8221;postLink&#8221;:{&#8220;title&#8221;:&#8221;&#8221;,&#8221;url&#8221;:&#8221;&#8221;,&#8221;imageSrc&#8221;:&#8221;&#8221;}},{&#8220;timestamp&#8221;:&#8221;2026-02-08T11:07:44.045Z&#8221;,&#8221;timestampUtcIt&#8221;:&#8221;2026-02-08T12:07:44+0100&#8243;,&#8221;altBackground&#8221;:false,&#8221;title&#8221;:&#8221;Milano Cortina, standing ovation per Brignone: ma \u00e8 fuori dal podio&#8221;,&#8221;content&#8221;:&#8221;<\/p>\n<p>Il pubblico di Cortina ha accolto con una standing ovation l&#8217;immagine sui maxi schermi di Federica Brignone al cancelletto di partenza della discesa libera. L&#8217;azzurra, scesa col pettorale n.3 e arrivata al traguardo seconda provvisoria, ha salutato gli spettatori soddisfatta, ma chiude in 1&#8217;37\\&#8221;29 ed \u00e8 gi\u00e0 fuori dal podio.\\n\u00a0\u00a0\u00a0\u00a0Tra il pubblico anche il presidente del Coni Luciano Buonfiglio, il presidente della Fondazione Milano Cortina Giovanni Malag\u00f2, il presidente onorario del Cio Thomas Bach e l&#8217;ex nuotatrice Federica Pellegrini.<\/p>\n<p>&#8220;,&#8221;postId&#8221;:&#8221;762e19c9-f6e8-4a3e-938c-9d864eda0300&#8243;,&#8221;postLink&#8221;:{&#8220;title&#8221;:&#8221;&#8221;,&#8221;url&#8221;:&#8221;&#8221;,&#8221;imageSrc&#8221;:&#8221;&#8221;}},{&#8220;timestamp&#8221;:&#8221;2026-02-08T11:06:01.888Z&#8221;,&#8221;timestampUtcIt&#8221;:&#8221;2026-02-08T12:06:01+0100&#8243;,&#8221;altBackground&#8221;:false,&#8221;title&#8221;:&#8221;Milano Cortina, Cio: \\&#8221;Contenti dei rapporti con l&#8217;amministrazione Usa\\&#8221;&#8221;,&#8221;content&#8221;:&#8221;<\/p>\n<p>\\&#8221;Siamo molto contenti del rapporto che abbiamo con l&#8217;amministrazione americana, soprattutto in vista dei Giochi di Los Angeles. Bisogna che ci sia un rapporto di reciproca fiducia e stima\\&#8221;. Lo ha affermato il portavoce del Comitato olimpico internazionale, Mark Adams, in conferenza stampa a Milano.\u00a0\u00a0\u00a0\u00a0Alla richiesta di dettagli sul dialogo tra la presidente del Cio Christine Coventry con Marco Rubio e JD Vance, Adams ha detto di non aver dettagli, \\&#8221;per\u00f2 voglio garantire sin d&#8217;ora \u00a0che la nostra presidente far\u00e0 in modo che ci sia la possibilit\u00e0 che Los Angeles sia un successo\\&#8221;.\u00a0\u00a0\u00a0\u00a0Il portavoce del Cio ha risposto anche su alcune contestazioni del pubblico ai politici Usa, attraverso cartelli di protesta e \\&#8221;scuse\\&#8221;: \\&#8221;Nei biglietti &#8211; ha ricordato &#8211; ci sono delle indicazioni. Vogliamo che le persone si godano l&#8217;esperienza senza essere assillate da altre questioni. Ci possono essere sempre infrazioni &#8216;minori&#8217; al regolamento. Lo gestiremo localmente. Non conosco il caso specifico ma se c&#8217;\u00e8 una problematica la gestiremo\\&#8221;, ha concluso.<\/p>\n<p>&#8220;,&#8221;postId&#8221;:&#8221;675fb527-423d-4327-96b7-7aba34e196e4&#8243;,&#8221;postLink&#8221;:{&#8220;title&#8221;:&#8221;&#8221;,&#8221;url&#8221;:&#8221;&#8221;,&#8221;imageSrc&#8221;:&#8221;&#8221;}},{&#8220;timestamp&#8221;:&#8221;2026-02-08T11:03:51.180Z&#8221;,&#8221;timestampUtcIt&#8221;:&#8221;2026-02-08T12:03:51+0100&#8243;,&#8221;altBackground&#8221;:false,&#8221;title&#8221;:&#8221;Milano Cortina: caduta choc per Vonn, l&#8217;americana grida per il dolore&#8221;,&#8221;content&#8221;:&#8221;<\/p>\n<p>Caduta choc per Lindsey Vonn durante la discesa libera di Milano Cortina. L&#8217;americana, una delle favorite della discesa di oggi, \u00e8 finita a terra dopo pochi secondi di gara, prima del primo intermedio. In zona d&#8217;arrivo \u00e8 calato il silenzio e si \u00e8 sentito un urlo e le grida di dolore della sciatrice.<\/p>\n<p>&#8220;,&#8221;postId&#8221;:&#8221;40a61748-9ddf-49d1-a049-19b62b9add70&#8243;,&#8221;postLink&#8221;:{&#8220;title&#8221;:&#8221;&#8221;,&#8221;url&#8221;:&#8221;&#8221;,&#8221;imageSrc&#8221;:&#8221;&#8221;}},{&#8220;timestamp&#8221;:&#8221;2026-02-08T11:00:50.350Z&#8221;,&#8221;timestampUtcIt&#8221;:&#8221;2026-02-08T12:00:50+0100&#8243;,&#8221;altBackground&#8221;:false,&#8221;title&#8221;:&#8221;Milano Cortina: entusiasmo ad Anterselva, Biathlon Arena sold out&#8221;,&#8221;content&#8221;:&#8221;<\/p>\n<p>Tanti tifosi ed entusiasmo ad Anterselva, nella tranquilla valle tra le vette innevate della cresta di confine. Per la prima gara di Milano Cortina, che vede gli azzurri tra i favoriti, la Biathlon Arena registra subito il tutto esaurito. 19.000 spettatori stanno raggiungendo lo stadio, in largo anticipo in vista del via alla mixed alle ore 14.05. Per l&#8217;Italia parte per primo Tommaso Giacomel, seguito da Lukas Hofer, mentre a Dorothea Wierer e Lisa Vittozzi spetta il finale.\\n\u00a0\u00a0\u00a0\u00a0\u00a0Alla Biathlon Arena si arriva solo con i bus navetta, che partono dalla stazione ferroviaria di Valdaora oppure dai parcheggi di Rasun e Anterselva di Mezzo. La Provincia di Bolzano ha disposto un servizio rafforzato di 60 pullman che garantiscono un afflusso senza intoppi, grazie anche a 1.000 volontari.\\n\u00a0\u00a0\u00a0\u00a0Non mancano tifosi con travestimenti eccentrici. \\&#8221;Il biathlon \u00e8 da sempre sport nazionale nei Paesi scandinavi\\&#8221;, spiega Hannes Kroess, media manager delle gare olimpiche ad Antherselva. Anche le gare di Coppa del mondo attirano migliaia e migliaia di tifosi di questo sport, nel quale un errore al poligono pu\u00f2 travolgere all&#8217;ultimo la classifica. \\&#8221;Il biathlon \u00e8 molto seguito anche in Francia e in Germania, anche se negli ultimi anni sempre pi\u00f9 italiani si sono appassionati a questo sport, grazie ai successi degli azzurri\\&#8221;, spiega. Nel frattempo un gruppo samba dagli spalti scalda la folla<\/p>\n<p>&#8220;,&#8221;postId&#8221;:&#8221;cbe50a36-f245-49e1-b59d-2ade5aec9ff7&#8243;,&#8221;postLink&#8221;:{&#8220;title&#8221;:&#8221;&#8221;,&#8221;url&#8221;:&#8221;&#8221;,&#8221;imageSrc&#8221;:&#8221;&#8221;}},{&#8220;timestamp&#8221;:&#8221;2026-02-08T10:59:28.671Z&#8221;,&#8221;timestampUtcIt&#8221;:&#8221;2026-02-08T11:59:28+0100&#8243;,&#8221;altBackground&#8221;:false,&#8221;title&#8221;:&#8221;Cio: \\&#8221;A Milano non sono presenti agenti Ice\\&#8221;&#8221;,&#8221;content&#8221;:&#8221;<\/p>\n<p>\u00a0\\&#8221;Voglio dire a chiare lettere che qui a Milano\\nnon ci sono agenti dell&#8217;Ice. Era stato detto subito che non sarebbero\\nstati presenti qui a Milano come alcuni manifestanti hanno affermato\\&#8221;. E&#8217;\\nquanto precisato dal portavoce e direttore della comunicazione del\\nComitato Olimpico Internazionale, Mark Adams, in merito della presunta\\npresenza di agenti Ice a Milano in occasione dei Giochi olimpici.<\/p>\n<p>&#8220;,&#8221;postId&#8221;:&#8221;9d9bb03a-9643-4f9b-b85d-497c9bba6a86&#8243;,&#8221;postLink&#8221;:{&#8220;title&#8221;:&#8221;&#8221;,&#8221;url&#8221;:&#8221;&#8221;,&#8221;imageSrc&#8221;:&#8221;&#8221;}},{&#8220;timestamp&#8221;:&#8221;2026-02-08T10:58:24.827Z&#8221;,&#8221;timestampUtcIt&#8221;:&#8221;2026-02-08T11:58:24+0100&#8243;,&#8221;altBackground&#8221;:false,&#8221;title&#8221;:&#8221;Discesa femminile, classifica provvisoria&#8221;,&#8221;content&#8221;:&#8221;\\n<\/p>\n<ol>\\n  <\/p>\n<li>Breezy Johnson (Usa) 1.36.10<\/li>\n<p>\\n  <\/p>\n<li>Emma Aicher (Ger) +0.04<\/li>\n<p>\\n  <\/p>\n<li><strong>Laura Pirovano (Ita) <\/strong>+0.94<\/li>\n<p>\\n  <\/p>\n<li>Kajsa Vickhoff Lie (Nor) +0.98<\/li>\n<p>\\n  <\/p>\n<li>Ariane Raedler (Aut)+1.10<\/li>\n<p>\\n  <\/p>\n<li><strong>Federica Brignone (Ita) <\/strong>+1.19<\/li>\n<p>\\n  <\/p>\n<li><strong>Nicol Delago (Ita) <\/strong>+1.55<\/li>\n<p>\\n<\/ol>\n<p>&#8220;,&#8221;postId&#8221;:&#8221;aef9367b-c7c3-4db3-8ffb-8ea97b6a628b&#8221;,&#8221;postLink&#8221;:{&#8220;title&#8221;:&#8221;&#8221;,&#8221;url&#8221;:&#8221;&#8221;,&#8221;imageSrc&#8221;:&#8221;&#8221;}},{&#8220;timestamp&#8221;:&#8221;2026-02-08T10:55:46.048Z&#8221;,&#8221;timestampUtcIt&#8221;:&#8221;2026-02-08T11:55:46+0100&#8243;,&#8221;image&#8221;:{&#8220;imgSrc&#8221;:&#8221;https:\/\/www.europesays.com\/it\/wp-content\/uploads\/2026\/02\/pirovano_getty.jpg&#8221;,&#8221;imgAlt&#8221;:&#8221;Pirovano&#8221;,&#8221;imgCredits&#8221;:&#8221;\u00a9Getty&#8221;,&#8221;imgCaption&#8221;:null},&#8221;altBackground&#8221;:true,&#8221;title&#8221;:&#8221;Milano Cortina, sci: inchino al pubblico di Laura Pirovano&#8221;,&#8221;content&#8221;:&#8221;<\/p>\n<p>Ottima gara di Laura Pirovano che scesa con il pettorale numero 8 ha \u00a0chiuso in seconda posizione dietro la statunitense Breezy Johnson a \u00a0+0.94. L&#8217;azzurra prima si \u00e8 sdraiata a terra dopo aver superato il \u00a0traguardo e poi ha fatto un inchino al pubblico festante per la \u00a0prestazione.<\/p>\n<p>&#8220;,&#8221;postId&#8221;:&#8221;3be4878e-36ad-4075-96d7-e2c2bfa1674f&#8221;,&#8221;postLink&#8221;:{&#8220;title&#8221;:&#8221;&#8221;,&#8221;url&#8221;:&#8221;&#8221;,&#8221;imageSrc&#8221;:&#8221;&#8221;}},{&#8220;timestamp&#8221;:&#8221;2026-02-08T10:50:39.929Z&#8221;,&#8221;timestampUtcIt&#8221;:&#8221;2026-02-08T11:50:39+0100&#8243;,&#8221;altBackground&#8221;:false,&#8221;title&#8221;:&#8221;Code tifosi ad Anterselva e Cortina per biathlon e sci&#8221;,&#8221;content&#8221;:&#8221;<\/p>\n<p>&#8216;Big Sunday&#8217; all&#8217;insegna del solleone\\nai Giochi olimpici di Milano Cortina 2026. Migliaia di spettatori stanno\\nraggiungendo le tribune della pista Olympia delle Tofane per assistere\\nalla discesa libera femminile appena iniziata. Continua e&#8217; la spola delle\\nnavette dal centro di Cortina d&#8217;Ampezzo. Una lunghissima coda di persone\\nsi e&#8217; formata ad Anterselva dove oggi si aprira&#8217; il programma del biathlon\\ncon la staffetta mista.<\/p>\n<p>&#8220;,&#8221;postId&#8221;:&#8221;3ef423d4-d09b-404b-893a-783cce87af74&#8243;,&#8221;postLink&#8221;:{&#8220;title&#8221;:&#8221;&#8221;,&#8221;url&#8221;:&#8221;&#8221;,&#8221;imageSrc&#8221;:&#8221;&#8221;}},{&#8220;timestamp&#8221;:&#8221;2026-02-08T10:49:49.279Z&#8221;,&#8221;timestampUtcIt&#8221;:&#8221;2026-02-08T11:49:49+0100&#8243;,&#8221;altBackground&#8221;:false,&#8221;title&#8221;:&#8221;Milano Cortina, Cio: \\&#8221;Proteste politiche legittime ma lasciar fuori la violenza\\&#8221;&#8221;,&#8221;content&#8221;:&#8221;<\/p>\n<p>\\&#8221;Le proteste politiche sono legittime, e avvengono in molti Paesi in tutto il mondo, ma bisogna tracciare una linea: lasciar fuori la violenza che non ha nessun ruolo nei Giochi olimpici\\&#8221;. Lo ha detto stamani in conferenza stampa Mark Adams, portavoce del Cio, a proposito dei disordini avvenuti ieri a Milano.\u00a0\u00a0\u00a0\u00a0Sul fatto che le proteste siano contro il Governo italiano, Adams ha precisato di \\&#8221;non poter rispondere sul contesto politico italiano attuale\\&#8221;, ma \\&#8221;a parte tutto questo, credo che sia necessario semplicemente continuare con i Giochi, che possono diffondere il messaggio di unit\u00e0 e pace in tutto il mondo\\&#8221;.\u00a0\u00a0\u00a0\u00a0A proposito della presunta presenza di agenti Ice, Adams ha infine ribadito \\&#8221;a chiare lettere che non vi sono a Milano agenti dell&#8217;Ice. Sono a Roma, si occupano di altre questioni. Non voglio assolutamente che questa questione sia esagerata, \u00e8 stato detto subito che non vi sarebbero stati agenti Ice a Milano, come invece i manifestanti hanno affermato\\&#8221;, ha concluso.<\/p>\n<p>&#8220;,&#8221;postId&#8221;:&#8221;85b19ac3-798e-473a-851c-00fa92328212&#8243;,&#8221;postLink&#8221;:{&#8220;title&#8221;:&#8221;&#8221;,&#8221;url&#8221;:&#8221;&#8221;,&#8221;imageSrc&#8221;:&#8221;&#8221;}},{&#8220;timestamp&#8221;:&#8221;2026-02-08T10:47:49.740Z&#8221;,&#8221;timestampUtcIt&#8221;:&#8221;2026-02-08T11:47:49+0100&#8243;,&#8221;altBackground&#8221;:false,&#8221;title&#8221;:&#8221;Milano Cortina: snowboard parallelo con sette azzurri avanti, Fischnaller leader&#8221;,&#8221;content&#8221;:&#8221;<\/p>\n<p>Sette azzurri avanzano nel gigante parallelo dello snowboard con l&#8217;altoatesino Roland Fischnaller che segna il miglior tempo tra gli uomini (1:25.13) tallonato da Aaron March (1:26.08). \\&#8221;Giochiamo in casa, devo dire che su questa pista \u00e8 stato fatto un grande lavoro. Apprezzo tantissimo che posso essere ancora qua a 45 anni e mi diverto un sacco, certamente ho tanta esperienza e mi godo questa giornata fantastica\\&#8221; commenta a caldo il veterano degli Azzurri.\\n\u00a0\u00a0\u00a0\u00a0Si qualificano per gli ottavi di finale anche Mirko Felicetti (1:27.37) e Maurizio Bormolini (1:27.47). Tra le donne la ceca Ester Ledecka (1:30.79) \u00e8 in testa, seguita dalla compagna di squadra Zuzana Maderova (1::31.48) e dalla giapponese Tsubaki Miki (1:32.87) con Lucia Dalmasso (1:33.06) che se la gioca con il quarto tempo. Passa anche Elisa Caffon (1:33.38) e Jasmin Coratti (1:35.00) mentre la tagliola delle qualificazioni lascia fuori Sofia Valle (1:40.61).<\/p>\n<p>&#8220;,&#8221;postId&#8221;:&#8221;a62f9a85-f871-41b1-b353-c31c16c5ab42&#8243;,&#8221;postLink&#8221;:{&#8220;title&#8221;:&#8221;&#8221;,&#8221;url&#8221;:&#8221;&#8221;,&#8221;imageSrc&#8221;:&#8221;&#8221;}},{&#8220;timestamp&#8221;:&#8221;2026-02-08T10:47:10.645Z&#8221;,&#8221;timestampUtcIt&#8221;:&#8221;2026-02-08T11:47:10+0100&#8243;,&#8221;altBackground&#8221;:false,&#8221;title&#8221;:&#8221;Fondazione Milano Cortina: \\&#8221;Sport \u00e8 dialogo, la violenza non vi appartiene\\&#8221;&#8221;,&#8221;content&#8221;:&#8221;<\/p>\n<p>\\&#8221;Riteniamo che, esattamente come i valori del Cio, lo sport sia un \u00a0ambito di dialogo e di confronto. Il tutto per\u00f2 deve sempre avvenire \u00a0all&#8217;interno di un perimetro di rispetto e di confronto positivo. Tutto \u00a0ci\u00f2 che eccede e finisce nella violenza, o in manifestazioni che non \u00a0rientrano nel comune dialogo, non appartengono a questo mondo\\&#8221;. Lo ha \u00a0sottolineato stamani in conferenza stampa Luca Casassa, direttore della \u00a0comunicazione di Fondazione Milano Cortina 2026, rispondendo ai \u00a0giornalisti sulle proteste violente avvenute ieri a Milano. \\&#8221;Un \u00a0ringraziamento &#8211; ha aggiunto &#8211; va alle forze dell&#8217;ordine, con cui c&#8217;\u00e8 un \u00a0dialogo continuo e perenne, e a cui fa capo il comparto di sicurezza\\&#8221;.<\/p>\n<p>&#8220;,&#8221;postId&#8221;:&#8221;213e4b6a-f74b-404c-9e24-4e64168263a2&#8243;,&#8221;postLink&#8221;:{&#8220;title&#8221;:&#8221;&#8221;,&#8221;url&#8221;:&#8221;&#8221;,&#8221;imageSrc&#8221;:&#8221;&#8221;}},{&#8220;timestamp&#8221;:&#8221;2026-02-08T10:44:59.693Z&#8221;,&#8221;timestampUtcIt&#8221;:&#8221;2026-02-08T11:44:59+0100&#8243;,&#8221;image&#8221;:{&#8220;imgSrc&#8221;:&#8221;https:\/\/www.europesays.com\/it\/wp-content\/uploads\/2026\/02\/brignoneansa.JPG&#8221;,&#8221;imgAlt&#8221;:&#8221;Brignone&#8221;,&#8221;imgCredits&#8221;:&#8221;\u00a9Ansa&#8221;,&#8221;imgCaption&#8221;:null},&#8221;altBackground&#8221;:true,&#8221;title&#8221;:&#8221;Applausi per Federica Brignone all&#8217;arrivo dopo la discesa&#8221;,&#8221;content&#8221;:&#8221;<\/p>\n<p>Grandi applausi per Federica Brignone che, scesa con il pettorale numero \u00a0tre, ha chiuso al secondo posto a +0.09 dalla Raedler, tra i cori dei \u00a0tifosi italiani. La campionessa azzurra \u00e8 sembrata comunque soddisfatta \u00a0all&#8217;arrivo della sua prestazione.<\/p>\n<p>&#8220;,&#8221;postId&#8221;:&#8221;a5deff7e-e821-42ed-bf79-2405330651e7&#8243;,&#8221;postLink&#8221;:{&#8220;title&#8221;:&#8221;&#8221;,&#8221;url&#8221;:&#8221;&#8221;,&#8221;imageSrc&#8221;:&#8221;&#8221;}},{&#8220;timestamp&#8221;:&#8221;2026-02-08T10:33:38.446Z&#8221;,&#8221;timestampUtcIt&#8221;:&#8221;2026-02-08T11:33:38+0100&#8243;,&#8221;altBackground&#8221;:false,&#8221;title&#8221;:&#8221;Milano Cortina, sci: lunghe file di spettatori per la discesa femminile &#8220;,&#8221;content&#8221;:&#8221;<\/p>\n<p>Tanti spettatori e lunghe file per arrivare alla pista Olympia delle \u00a0Tofane con navette e bus che fanno la spola sfiorandosi sui tornanti che \u00a0dal centro salgono fino ai piedi della pista di Cortina. Sotto il sole \u00a0alle 11.30 partir\u00e0 la discesa libera femminile con le tribune che devono \u00a0ancora riempirsi. In corsa per una medaglia le azzurre Sofia Goggia e \u00a0Federica Brignone con Lindsey Vonn.<\/p>\n<p>&#8220;,&#8221;postId&#8221;:&#8221;90bb06f2-5c7a-4dad-ab88-69c2885a6bf2&#8243;,&#8221;postLink&#8221;:{&#8220;title&#8221;:&#8221;&#8221;,&#8221;url&#8221;:&#8221;&#8221;,&#8221;imageSrc&#8221;:&#8221;&#8221;}},{&#8220;timestamp&#8221;:&#8221;2026-02-08T10:29:49.396Z&#8221;,&#8221;timestampUtcIt&#8221;:&#8221;2026-02-08T11:29:49+0100&#8243;,&#8221;altBackground&#8221;:false,&#8221;title&#8221;:&#8221;Milano Cortina, Scalfarotto (Iv): \\&#8221;Condanna netta delle violenze\\&#8221;&#8221;,&#8221;content&#8221;:&#8221;<\/p>\n<p>\\&#8221;Le violenze avvenute ieri a Milano che hanno\\nlambito il villaggio olimpico vanno condannate. Una manifestazione contro\\ni giochi si e&#8217; trasformata nell&#8217;ennesimo pretesto per attaccare le forze\\ndell&#8217;ordine, cui va tutta la nostra vicinanza e tutto il nostro\\nringraziamento per quanto fanno per la nostra sicurezza. I disordini non\\nsono tollerabili, chi lancia sassi, petardi, perfino pezzi di cemento\\ncontro gli agenti e&#8217; un criminale e come tale va trattato\\&#8221;. Lo dice il\\nsenatore Ivan Scalfarotto, presidente di Italia Viva Milano metropolitana.\\n\\&#8221;Gia&#8217; protestare contro Milano-Cortina e&#8217; surreale, le emozioni che ci\\nregalano i giochi non hanno paragoni, basti pensare all&#8217;impresa storica di\\nFrancesca Lollobrigida. Quando poi le proteste sfociano in violenze e\\nscontri, la condanna delle istituzioni democratiche non puo&#8217; che essere\\nnetta e inequivocabile\\&#8221;, aggiunge Scalfarotto.<\/p>\n<p>&#8220;,&#8221;postId&#8221;:&#8221;34158ffe-5869-4072-bdfa-7303b5428f1b&#8221;,&#8221;postLink&#8221;:{&#8220;title&#8221;:&#8221;&#8221;,&#8221;url&#8221;:&#8221;&#8221;,&#8221;imageSrc&#8221;:&#8221;&#8221;}},{&#8220;timestamp&#8221;:&#8221;2026-02-08T10:27:38.583Z&#8221;,&#8221;timestampUtcIt&#8221;:&#8221;2026-02-08T11:27:38+0100&#8243;,&#8221;altBackground&#8221;:false,&#8221;title&#8221;:&#8221;Milano Cortina, Usigrai: \\&#8221;Sostretti al silenzio? Troppo tardi, i cittadini gi\u00e0 sanno\\&#8221;&#8221;,&#8221;content&#8221;:&#8221;<\/p>\n<p>\\&#8221;La rassegna stampa di oggi \u00e8 impietosa. Ironia diffusa, polemiche, amarezza degli atleti con tanto di richiesta ufficiale di scuse. La telecronaca della Cerimonia di apertura dei Giochi, del tutto inadeguata, ha scontentato tutti. Ma i vertici aziendali restano trincerati dietro un imbarazzante silenzio. Quello che si prova ad imporre anche all&#8217;Usigrai negando la lettura di un comunicato che difende l&#8217;immagine delle giornaliste e dei giornalisti Rai.\u00a0\u00a0Una difesa che il vertice aziendale non pu\u00f2 fare, perch\u00e9 sa bene che \u00e8 principalmente sua la colpa di questa figuraccia\\&#8221;. Cos\u00ec in una nota l&#8217;esecutivo Usigrai torna sull&#8217;indisponibilit\u00e0 della Rai a pubblicare il comunicato dell&#8217;organismo sindacale che chiede ai vertici dell&#8217;azienda di assumersi la responsabilit\u00e0 di quanto accaduto con la telecronaca della serata di apertura dei giochi olimpici.\u00a0\u00a0\u00a0\\&#8221;Sostenere che non sia &#8216;materia sindacale&#8217; difendere la dignit\u00e0 di chi orgogliosamente lavora in Rai \u00e8 un&#8217;offesa alla reputazione dei suoi dipendenti, oltre che una violazione dei diritti\\&#8221; protesta il sindacato che aggiunge: \\&#8221;\u00e8 ingenuo pensare di nascondere la ripetuta difesa dell&#8217;azienda nei confronti del Direttore, in risposta a tre voti di sfiducia espressi in appena tre mesi verso Petrecca da parte di giornaliste e giornalisti di due testate del Servizio Pubblico\\&#8221;. \\&#8221; Non servir\u00e0\\&#8221; ripete l&#8217;Usigrai che conclude: \\&#8221;A quanti hanno paura che i cittadini sappiano di chi \u00e8 la responsabilit\u00e0 di questo duro colpo inferto alla reputazione della Rai, noi diciamo: \u00e8 troppo tardi. Perch\u00e9 i cittadini lo hanno gi\u00e0 capito\\&#8221;.<\/p>\n<p>&#8220;,&#8221;postId&#8221;:&#8221;89437dcf-f617-45b1-af40-6ff8643f7ede&#8221;,&#8221;postLink&#8221;:{&#8220;title&#8221;:&#8221;&#8221;,&#8221;url&#8221;:&#8221;&#8221;,&#8221;imageSrc&#8221;:&#8221;&#8221;}},{&#8220;timestamp&#8221;:&#8221;2026-02-08T10:26:46.456Z&#8221;,&#8221;timestampUtcIt&#8221;:&#8221;2026-02-08T11:26:46+0100&#8243;,&#8221;altBackground&#8221;:false,&#8221;title&#8221;:&#8221;Lupi: \\&#8221;Scontri e sabotaggi non riusciranno a rovinare le Olimpiadi\\&#8221;&#8221;,&#8221;content&#8221;:&#8221;<\/p>\n<p>\\&#8221;Scontri e sabotaggi non riusciranno a rovinare le Olimpiadi ne&#8217; ad offuscare l&#8217;immagine dell&#8217;Italia nel mondo ma utilizzare la violenza durante le Olimpiadi e&#8217; una grave dimostrazione di irresponsabilit\u00e0 e di ignoranza abissale. Un atto contro il valore universale del messaggio olimpico che tutte le forze politiche devono condannare senza distinzioni. La violenza organizzata ed ideologica va espulsa dalla scena pubblica senza esitazione per il bene delle istituzioni democratiche\\&#8221;. Lo afferma il leader di Noi Moderati, Maurizio Lupi.<\/p>\n<p>&#8220;,&#8221;postId&#8221;:&#8221;95daaf37-46d0-423f-b715-0e8fd095112f&#8221;,&#8221;postLink&#8221;:{&#8220;title&#8221;:&#8221;&#8221;,&#8221;url&#8221;:&#8221;&#8221;,&#8221;imageSrc&#8221;:&#8221;&#8221;}},{&#8220;timestamp&#8221;:&#8221;2026-02-08T10:18:59.253Z&#8221;,&#8221;timestampUtcIt&#8221;:&#8221;2026-02-08T11:18:59+0100&#8243;,&#8221;altBackground&#8221;:false,&#8221;title&#8221;:&#8221;Milano Cortina, Malan (FdI): \\&#8221;Basta distinguo. Sinistra condanni violenze\\&#8221;&#8221;,&#8221;content&#8221;:&#8221;<\/p>\n<p>\\&#8221;Ancora immagini di violenze, di centri sociali che\\nassaltano citta&#8217; e Forze dell&#8217;Ordine. Non paghi di quanto fatto a Torino\\nla scorsa settimana sono tornati alla loro violenta opera, ma stavolta a\\nMilano che intanto e&#8217; impegnata nel rendere orgogliosa la nostra Nazione\\ncon i Giochi olimpici invernali. Un evento che tutto il mondo in questi\\ngiorni ci sta invidiando per organizzazione e bellezza. Una vittoria\\ndell&#8217;intera Italia offuscata dai soliti violenti, coccolati, tollerati o\\nsolo ambiguamente condannati dalla sinistra. Fratelli d&#8217;Italia dice basta.\\nLo abbiamo detto con le misure approvate qualche giorno fa a difesa della\\nliberta&#8217; di chi vuole manifestare pacificamente e di chi non vuole avere\\nla guerriglia davanti a casa. Lo ribadiamo oggi dopo le ennesime violenze.\\nE torniamo a chiedere a tutte le forze politiche, e in particolare alla\\nsinistra, di dissociarsi, di smetterla con i distinguo e di condannare\\nqueste violenze isolando chi fa della violenza il proprio credo e\\nriferimento ideologico. A maggior ragione ora che emergono video della\\nmanifestazione di Torino dove gli incappucciati di Askatasuna ricevono\\novazioni dai partecipanti &#8216;pacifici&#8217;, mentre i Giovani Democratici di\\nBergamo mantengono online il cartello &#8216;Meglio maiale che sionista&#8217;\\&#8221;. Lo\\ndice il presidente dei senatori di Fratelli d&#8217;Italia, Lucio Malan.<\/p>\n<p>&#8220;,&#8221;postId&#8221;:&#8221;85abe15e-27f1-47f0-a152-d107227f59db&#8221;,&#8221;postLink&#8221;:{&#8220;title&#8221;:&#8221;&#8221;,&#8221;url&#8221;:&#8221;&#8221;,&#8221;imageSrc&#8221;:&#8221;&#8221;}},{&#8220;timestamp&#8221;:&#8221;2026-02-08T10:18:14.402Z&#8221;,&#8221;timestampUtcIt&#8221;:&#8221;2026-02-08T11:18:14+0100&#8243;,&#8221;altBackground&#8221;:false,&#8221;title&#8221;:&#8221;Milano Cortina: Bassino e Palmisano all&#8217;arrivo, tifo super per la discesa donne&#8221;,&#8221;content&#8221;:&#8221;<\/p>\n<p>In attesa della partenza della discesa libera femminile di Cortina d&#8217;Ampezzo ci sono la sciatrice azzurra Marta Bassino e la marciatrice tarantina Antonella Palmisano. Bassino, una delle pi\u00f9 forti sciatrici italiane degli ultimi anni, salta le Olimpiadi a causa di un infortunio, ma \u00e8 venuta a sostenere le sue compagne. Palmisano \u00e8 campionessa olimpica della 20 km di marcia, titolo conquistato a Tokyo nel 2021.\u00a0<\/p>\n<p>&#8220;,&#8221;postId&#8221;:&#8221;b4ee5e61-63c5-4d71-a1fe-1961644177ce&#8221;,&#8221;postLink&#8221;:{&#8220;title&#8221;:&#8221;&#8221;,&#8221;url&#8221;:&#8221;&#8221;,&#8221;imageSrc&#8221;:&#8221;&#8221;}},{&#8220;timestamp&#8221;:&#8221;2026-02-08T10:17:09.375Z&#8221;,&#8221;timestampUtcIt&#8221;:&#8221;2026-02-08T11:17:09+0100&#8243;,&#8221;altBackground&#8221;:false,&#8221;title&#8221;:&#8221;Milano Cortina: torta con glassa e foto dei campioni, festa per Franzoni-Paris&#8221;,&#8221;content&#8221;:&#8221;<\/p>\n<p>Pi\u00f9 riposo che celebrazioni per Giovanni Franzoni e Dominik Paris, festeggiati in hotel con due torte glassate con le immagini di una loro foto. I due medagliati nella discesa libera delle Olimpiadi di Milano Cortina hanno infatti preferito risparmiare energie e mantenere la concentrazione in vista dei prossimi impegni. Una festa, quindi, semplice, con i propri cari: un brindisi con i rispettivi fan club, la squadra e le famiglie, tanti cori e applausi. Sono arrivati i complimenti anche dal direttore tecnico del team, Massimo Carca: \\&#8221;Due podi nella stessa discesa olimpica non era mai successo. \u00c8 stata quindi una giornata storica. Complimenti al vecchio e al giovane\\&#8221;.\u00a0\u00a0\u00a0\u00a0Oggi i due azzurri faranno terapie e attenderanno la riunione tecnica di questa sera in cui verranno decisi gli accoppiamenti per la combinata a squadra di domani.<\/p>\n<p>&#8220;,&#8221;postId&#8221;:&#8221;0bfadc12-1b35-431d-885b-3459e38a7340&#8243;,&#8221;postLink&#8221;:{&#8220;title&#8221;:&#8221;&#8221;,&#8221;url&#8221;:&#8221;&#8221;,&#8221;imageSrc&#8221;:&#8221;&#8221;}},{&#8220;timestamp&#8221;:&#8221;2026-02-08T10:13:24.061Z&#8221;,&#8221;timestampUtcIt&#8221;:&#8221;2026-02-08T11:13:24+0100&#8243;,&#8221;altBackground&#8221;:false,&#8221;title&#8221;:&#8221;Milano Cortina: ieri 2,8 milioni di spettatori su Rai 2 per la libera maschile&#8221;,&#8221;content&#8221;:&#8221;<\/p>\n<p>Ottimi risultati di ascolto per Rai 2 che raggiunge traguardi \\&#8221;olimpionici\\&#8221; su molte delle discipline sportive trasmesse in giornata. In particolare, la \\&#8221;Discesa libera maschile di sci\\&#8221; \u00e8 stata seguita da 2 milioni 851mila spettatori, mettendo a segno il 30,4% di share tra le 11.27 e le 12.54. Anche nella prima serata Rai, le Olimpiadi hanno raccolto consensi: \\&#8221;Curling e Pattinaggio artistico\\&#8221; sono stati seguiti da 2 milioni 35mila spettatori con l&#8217;11,3% di share; in particolare 1.989.000 spettatori pari al 10.7% con il Curling dalle 21:01 alle 22:03 e 2.088.000 spettatori pari al 12% con il Pattinaggio Artistico dalle 22:06 alle 23.\u00a0\u00a0In generale la Rai ha battuto in ascolti Mediaset nell&#8217;intera giornata, mettendo a segno una media di quasi 4 milioni di spettatori (3,937 milioni) e quasi il 44% di share (43,97%) rispetto ai canali Mediaset che hanno raccolto una media di 3 milioni 142mila spettatori con uno share del 35,1%. In prima serata le reti della Rai hanno nel complesso fatto il 41,93% di share con una media di 7, 7 milioni di spettatori rispetto al 37,79% di Mediaset con meno di 7 milioni di spettatori medi (6,940)<\/p>\n<p>&#8220;,&#8221;postId&#8221;:&#8221;1539fc54-e1f7-49fe-9c69-9fc632eca549&#8243;,&#8221;postLink&#8221;:{&#8220;title&#8221;:&#8221;&#8221;,&#8221;url&#8221;:&#8221;&#8221;,&#8221;imageSrc&#8221;:&#8221;&#8221;}},{&#8220;timestamp&#8221;:&#8221;2026-02-08T10:11:21.906Z&#8221;,&#8221;timestampUtcIt&#8221;:&#8221;2026-02-08T11:11:21+0100&#8243;,&#8221;altBackground&#8221;:false,&#8221;title&#8221;:&#8221;Milano Cortina, Anfp: \\&#8221;Violenze feriscono il diritto a manifestare\\&#8221; &#8220;,&#8221;content&#8221;:&#8221;<\/p>\n<p>\\&#8221;In occasione del corteo contro le Olimpiadi invernali Milano-Cortina, \u00a0ancora una volta, condotte violente e organizzate come lanci di petardi, \u00a0bottiglie e fumogeni, tentativi di forzare i dispositivi di sicurezza e \u00a0di raggiungere infrastrutture strategiche, hanno finito per offuscare e \u00a0svilire le ragioni di una manifestazione che avrebbe potuto e dovuto \u00a0concludersi in modo pacifico, nel pieno rispetto del diritto \u00a0costituzionale di manifestare. \u00c8 necessario ribadirlo con chiarezza: la \u00a0protesta \u00e8 legittima, la violenza no. Quando una minoranza sceglie \u00a0deliberatamente lo scontro, mette a rischio l\u2019incolumit\u00e0 dei cittadini, \u00a0dei manifestanti stessi e degli operatori di polizia, e costringe lo \u00a0Stato ad attivare strumenti di contenimento indispensabili per tutelare \u00a0la sicurezza collettiva\\&#8221;. Cos\u00ec in una nota Enzo Letizia, segretario \u00a0dell&#8217;Anfp, associazione nazionale funzionari di polizia.\\n\\&#8221;L\u2019Anfp \u00a0evidenzia come la professionalit\u00e0, l\u2019equilibrio e il senso di \u00a0responsabilit\u00e0 dimostrati, anche in questo, dal personale di polizia, in \u00a0un contesto operativo ad alta tensione, caratterizzato da variabili \u00a0complesse e da un elevato rischio di degenerazione, abbia evitato \u00a0l&#8217;ulteriore degenerazione degli scontri con le forze dell&#8217;ordine. In \u00a0questo quadro &#8211; prosegue &#8211; l\u2019Associazione apprezza e ringrazia la \u00a0Presidente del Consiglio, Giorgia Meloni, per aver ancora una volta \u00a0espresso solidariet\u00e0 alle Forze di polizia impegnate a garantire \u00a0l\u2019ordine pubblico e la sicurezza dei cittadini. Un segnale istituzionale \u00a0importante, che riconosce il valore e la delicatezza del lavoro svolto \u00a0quotidianamente da chi opera in prima linea per la tutela delle libert\u00e0 \u00a0democratiche. Garantire il diritto di manifestare e, al tempo stesso, \u00a0prevenire e contrastare le violenze \u00e8 il cuore stesso di uno Stato \u00a0democratico\\&#8221;.<\/p>\n<p>&#8220;,&#8221;postId&#8221;:&#8221;f60fe05a-64c9-4f25-a9f9-8ab54a4ee7ee&#8221;,&#8221;postLink&#8221;:{&#8220;title&#8221;:&#8221;&#8221;,&#8221;url&#8221;:&#8221;&#8221;,&#8221;imageSrc&#8221;:&#8221;&#8221;}},{&#8220;timestamp&#8221;:&#8221;2026-02-08T10:00:44.456Z&#8221;,&#8221;timestampUtcIt&#8221;:&#8221;2026-02-08T11:00:44+0100&#8243;,&#8221;altBackground&#8221;:false,&#8221;title&#8221;:&#8221;Milano Cortina, La Russa: \\&#8221;Delinquenti provano a screditare nostra immagine\\&#8221;&#8221;,&#8221;content&#8221;:&#8221;<\/p>\n<p>\\&#8221;Mentre il mondo rende ancora omaggio all&#8217;Italia per la bellissima cerimonia di apertura dei Giochi Olimpici di Milano-Cortina 2026, delinquenti e violenti provano a sabotare linee ferroviarie e scendono in piazza per creare disordini. \u00c8 totale e ferma la mia condanna per queste azioni che mirano a screditare la Nazione e a portare il Paese nel caos. Rivolgo agli organizzatori e ai volontari che lavorano per dare lustro all&#8217;Italia, e alle Forze dell&#8217;ordine, sempre in prima linea a tutela dei cittadini, la mia sincera solidariet\u00e0 e la mia profonda gratitudine\\&#8221;. Lo dichiara Ignazio La Russa, presidente del Senato della Repubblica.<\/p>\n<p>&#8220;,&#8221;postId&#8221;:&#8221;7efadefe-8a54-4c0d-9d68-6a26def1833a&#8221;,&#8221;postLink&#8221;:{&#8220;title&#8221;:&#8221;&#8221;,&#8221;url&#8221;:&#8221;&#8221;,&#8221;imageSrc&#8221;:&#8221;&#8221;}},{&#8220;timestamp&#8221;:&#8221;2026-02-08T09:58:08.653Z&#8221;,&#8221;timestampUtcIt&#8221;:&#8221;2026-02-08T10:58:08+0100&#8243;,&#8221;altBackground&#8221;:false,&#8221;title&#8221;:&#8221;MI-CO, Crosetto: \\&#8221;Agenti presi a calci da violenti e &#8216;Stato&#8217;\\&#8221;&#8221;,&#8221;content&#8221;:&#8221;<\/p>\n<p>Il governo vuole \\&#8221;evitare che i servitori dello\\nStato siano presi a calci un giorno dai manifestanti e poi dallo stato\\n(scritto in minuscolo apposta) stesso nelle settimane successive\\&#8221;: lo\\nscrive il ministro della Difesa, Guido Crosetto, in un post su X in cui\\ncommenta le polemiche politiche sul pacchetto sicurezza e allude alle\\nrecenti decisioni dei giudici sui responsabili di violenze in piazza. \\&#8221;Non\\nsono pericolosi delinquenti\\&#8221;, ironizza Crosetto, \\&#8221;quelli che hanno\\ntagliati i cavi per non far partire i treni ed hanno manifestato con\\nviolenza contro le Olimpiadi. No. E&#8217; il governo piuttosto che vuole\\ncercare il pretesto per? Per cosa? Per poter evitare che i gentili ragazzi\\nche manifestavano a Torino la loro liberta&#8217;, cercando di accarezzare con\\nun &#8216;martelletto&#8217; un pericoloso omaccione vestito con una divisa, siano\\nmessi in liberta&#8217; dopo 3 giorni in tempo magari per essere a Milano a fare\\nle stesse cose? Per poter evitare che i servitori dello Stato siano presi\\na calci un giorno dai manifestanti e poi dallo stato (scritto in minuscolo\\napposta) stesso nelle settimane successive? Per dare piu&#8217; mezzi a chi\\ndifende cittadini, leggi, democrazia, rispetto a chi vuole abbatterla?\\&#8221;.<\/p>\n<p>&#8220;,&#8221;postId&#8221;:&#8221;94026d3e-3924-45dd-b335-4c981026ad2f&#8221;,&#8221;postLink&#8221;:{&#8220;title&#8221;:&#8221;&#8221;,&#8221;url&#8221;:&#8221;&#8221;,&#8221;imageSrc&#8221;:&#8221;&#8221;}},{&#8220;timestamp&#8221;:&#8221;2026-02-08T09:43:32.465Z&#8221;,&#8221;timestampUtcIt&#8221;:&#8221;2026-02-08T10:43:32+0100&#8243;,&#8221;altBackground&#8221;:false,&#8221;title&#8221;:&#8221;Milano Cortina: Lollobrigida torta in famiglia, poi sul ghiaccio ad allenarsi&#8221;,&#8221;content&#8221;:&#8221;<\/p>\n<p>Doppia festa, con torta improvvisata, per la neo campionessa olimpica del pattinaggio di velocit\u00e0. Francesca Lollobrigida dopo il successo nei 3.000 metri ai Giochi di Milano Cortina e l&#8217;abbraccio al piccolo Tommaso che ha fatto il giro del mondo, si \u00e8 concessa una piccola festicciola in famiglia al Villaggio atleti, visto che era anche il suo compleanno.\\n\u00a0\u00a0\u00a0\u00a0In via eccezionale i genitori della pattinatrice romana, il marito, il figlio, la sorella e il mental coach sono entrati con la torta e l&#8217;hanno festeggiata in una sala della missione azzurra. Quando la famiglia ha lasciato il villaggio, l&#8217;azzurra \u00e8 stata accolta da un&#8217;ovazione nella mensa degli atleti dove c&#8217;erano i suoi tecnici. Stamattina Lollobrigida \u00e8 tornata subito in pista per allenarsi in vista delle prossime gare olimpiche.<\/p>\n<p>&#8220;,&#8221;postId&#8221;:&#8221;c3b4a9a1-8b7a-462d-be58-e29e4699f15a&#8221;,&#8221;postLink&#8221;:{&#8220;title&#8221;:&#8221;&#8221;,&#8221;url&#8221;:&#8221;&#8221;,&#8221;imageSrc&#8221;:&#8221;&#8221;}},{&#8220;timestamp&#8221;:&#8221;2026-02-08T09:25:41.761Z&#8221;,&#8221;timestampUtcIt&#8221;:&#8221;2026-02-08T10:25:41+0100&#8243;,&#8221;altBackground&#8221;:false,&#8221;title&#8221;:&#8221;Milano Cortina, Pregliasco: \\&#8221;Letrozolo rilevante doping, agisce su ormoni\\&#8221; &#8220;,&#8221;content&#8221;:&#8221;<\/p>\n<p>\\&#8221;In ambito antidoping il letrozolo e&#8217; rilevante\\nperche&#8217; puo&#8217; interferire con l&#8217;equilibrio ormonale, riducendo la\\nconversione del testosterone in estrogeni\\&#8221;: in una nota Fabrizio\\nPregliasco, direttore della scuola di specializzazione in igiene e\\nmedicina preventiva Universita&#8217; Statale di Milano, commenta la decisione\\ndi Rebecca Passler di fare ricorso al Tribunale Arbitrale Sportivo (TAS)\\ndopo la squalifica provvisoria che le e&#8217; stata comminata a seguito di un\\ncontrollo antidoping positivo. L&#8217;udienza e&#8217; stata fissata per martedi&#8217;.\\n\\&#8221;Il letrozolo e&#8217; un farmaco vero e proprio\\&#8221;, sottolinea Pregliasco, \\&#8221;un\\ninibitore dell&#8217;aromatasi, utilizzato soprattutto in oncologia, in\\nparticolare nel tumore della mammella, e talvolta anche off-label in\\nambito endocrinologico. Proprio perche&#8217; si tratta di un medicinale\\nspecifico, non rientra tra le sostanze che piu&#8217; frequentemente vengono\\nassociate a contaminazioni accidentali tipiche di alcuni integratori, come\\npuo&#8217; avvenire per stimolanti o pro-ormoni\\&#8221;. \\&#8221;In ambito antidoping il\\nletrozolo e&#8217; rilevante perche&#8217; puo&#8217; interferire con l&#8217;equilibrio ormonale,\\nriducendo la conversione del testosterone in estrogeni\\&#8221;, osserva\\nPregliasco, \\&#8221;per questo la WADA (World Anti-Doping Agency) lo inserisce\\nnella categoria S4, tra i modulatori ormonali e metabolici. L&#8217;ipotesi di\\ncontaminazione non puo&#8217; essere esclusa a priori, ma in genere e&#8217;\\ncompatibile solo con scenari particolari, come contaminazioni crociate in\\nfase di produzione, errori di confezionamento o scambi involontari di\\nfarmaci\\&#8221;. \\&#8221;In questi casi\\&#8221;, prosegue il direttore della scuola di\\nspecializzazione in igiene e medicina preventiva della Statale di Milano,\\n\\&#8221;per rendere credibile la ricostruzione, e&#8217; fondamentale disporre di\\nelementi oggettivi: analisi del prodotto sospetto e del lotto,\\ndocumentazione tracciabile e dati quantitativi del controllo antidoping.\\nAnche i livelli riscontrati e il profilo metabolico possono essere\\ndeterminanti, perche&#8217; aiutano a distinguere tra una possibile esposizione\\nminima accidentale e una assunzione piu&#8217; significativa. Solo mettendo\\ninsieme tutti questi elementi, clinici e analitici, e&#8217; possibile formulare\\nuna valutazione tecnica solida senza arrivare a conclusioni affrettate\\&#8221;.<\/p>\n<p>&#8220;,&#8221;postId&#8221;:&#8221;c0db8729-caf6-4689-a660-eb833ac5aff3&#8243;,&#8221;postLink&#8221;:{&#8220;title&#8221;:&#8221;&#8221;,&#8221;url&#8221;:&#8221;&#8221;,&#8221;imageSrc&#8221;:&#8221;&#8221;}},{&#8220;timestamp&#8221;:&#8221;2026-02-08T09:24:05.292Z&#8221;,&#8221;timestampUtcIt&#8221;:&#8221;2026-02-08T10:24:05+0100&#8243;,&#8221;altBackground&#8221;:false,&#8221;title&#8221;:&#8221;Milano Cortina, Crosetto: \\&#8221;Tollerare protagonisti scontri indebolisce Italia, non Meloni\\&#8221;&#8221;,&#8221;content&#8221;:&#8221;<\/p>\n<p>\\&#8221;Non sono pericolosi delinquenti quelli che hanno tagliati i cavi per \u00a0non far partire i treni ed hanno manifestato con violenza contro le \u00a0Olimpiadi. No. \u00c9 il Governo piuttosto che vuole cercare il pretesto \u00a0per\u2026.? Per cosa? Per poter evitare che i gentili ragazzi che \u00a0manifestavano a Torino la loro libert\u00e0, cercando di accarezzare con un \u00a0&#8216;martelletto&#8217; un pericoloso omaccione vestito con una divisa, siano \u00a0messi in libert\u00e0 dopo 3 giorni in tempo magari per essere a Milano a \u00a0fare le stesse cose? Per poter evitare che i servitori dello Stato sia \u00a0presi a calci un giorno dai manifestanti e poi dallo stato (scritto in \u00a0minuscolo apposta) stesso nelle settimane successive? Per dare pi\u00f9 mezzi \u00a0a chi difende cittadini, leggi, democrazia, rispetto a chi vuole \u00a0abbatterla? Perch\u00e9 non riusciamo ad essere compatti almeno quando \u00e9 \u00a0giusto esserlo, nel condannare dei delinquenti violenti e nel difendere \u00a0la legalit\u00e0? Perch\u00e9 persino un ex capo della Polizia cerca di \u00a0polemizzare? Tra l\u2019altro dimenticando la sua stessa cultura politica, \u00a0che \u00e9 uguale alla mia, e la sua stessa storia perch\u00e9 ricordo benissimo \u00a0la &#8216;circolare Gabrielli&#8217; il giorno successivo i fatti di Piazza San \u00a0Carlo, giustamente durissima. Perch\u00e9 non \u00e8 possibile essere comunit\u00e0 \u00a0quando sarebbe doveroso esserlo? Chi si comporta come ieri a Milano o la \u00a0settimana scorsa a Torino non lo fa contro il Governo pro tempore, lo \u00a0fa contro lo Stato, la Repubblica, l\u2019Italia. Tollerarlo significa \u00a0indebolire l\u2019Italia non la Meloni\\&#8221;. Cos\u00ec, su X, il Ministro della Difesa \u00a0Guido Crosetto.<\/p>\n<p>&#8220;,&#8221;postId&#8221;:&#8221;303401bc-df62-426d-8bdb-5bf7159b6e7e&#8221;,&#8221;postLink&#8221;:{&#8220;title&#8221;:&#8221;&#8221;,&#8221;url&#8221;:&#8221;&#8221;,&#8221;imageSrc&#8221;:&#8221;&#8221;}},{&#8220;timestamp&#8221;:&#8221;2026-02-08T09:22:45.438Z&#8221;,&#8221;timestampUtcIt&#8221;:&#8221;2026-02-08T10:22:45+0100&#8243;,&#8221;altBackground&#8221;:false,&#8221;title&#8221;:&#8221;Olimpiadi 2026, risultati di oggi: attesa per discesa libera femminile&#8221;,&#8221;content&#8221;:&#8221;<\/p>\n<p>Dopo lo splendido oro di Francesca Lollobrigida nel pattinaggio di \u00a0velocit\u00e0 e l\u2019argento e il bronzo di Giovanni Franzoni e Dominik Paris in \u00a0discesa libera, oggi altra giornata di gare per gli azzurri. Attenzione \u00a0puntata sulla discesa libera delle donne a Cortina. Ecco le gare \u00a0principali della giornata.<\/p>\n<p>&#8220;,&#8221;postId&#8221;:&#8221;b264ef5b-92e7-4d81-919c-385dbf330886&#8243;,&#8221;postLink&#8221;:{&#8220;title&#8221;:&#8221;Olimpiadi 2026, risultati di oggi: attesa per discesa libera femminile&#8221;,&#8221;url&#8221;:&#8221;https:\/\/tg24.sky.it\/sport\/2026\/02\/08\/olimpiadi-milano-cortina-2026-risultati-oggi-8-febbraio&#8221;,&#8221;imageSrc&#8221;:&#8221;https:\/\/tg24.sky.it\/assets\/images\/09ab0ddd837a58baa19989450529960064381610\/skytg24\/it\/sport\/2026\/02\/08\/olimpiadi-milano-cortina-2026-risultati-oggi-8-febbraio\/cortina_getty.jpg?im=Resize,width=1218&#8243;}},{&#8220;timestamp&#8221;:&#8221;2026-02-08T09:19:45.256Z&#8221;,&#8221;timestampUtcIt&#8221;:&#8221;2026-02-08T10:19:45+0100&#8243;,&#8221;altBackground&#8221;:false,&#8221;title&#8221;:&#8221;Milano Cortina: De Carlo (FdI), \\&#8221;Da partito del no solo linguaggio violenza\\&#8221;&#8221;,&#8221;content&#8221;:&#8221;<\/p>\n<p>\\&#8221;C&#8217;e&#8217; chi dice no, e per fortuna verrebbe da dire\\nin un normale confronto di idee; ma come sempre in Italia il partito del\\n&#8217;no a tutto&#8217; non conosce linguaggio diverso da quello della violenza, e\\nquesto non e&#8217; accettabile. In questi giorni l&#8217;eccellenza italiana e&#8217; sotto\\ngli occhi del mondo: le bellezze naturali, la capacita&#8217; del saper fare,\\nl&#8217;accoglienza, E di fronte a tutto questo c&#8217;e&#8217; il solito gruppo -\\nriconoscibile sempre in una chiara politica &#8211; di contestatori a\\nprescindere, di estremisti senza proposte, che sceglie la strada della\\nviolenza, del sabotaggio, dell&#8217;attacco. Se non si hanno idee, e&#8217;\\nimpossibile esprimerle e falle valere; la loro devastazione e la loro\\nviolenza sono il linguaggio dei nemici dell&#8217;Italia\\&#8221;, dice il senatore\\nbellunese di Fratelli d&#8217;Italia Luca De Carlo, presidente della commissione\\nAgricoltura al Senato.<\/p>\n<p>&#8220;,&#8221;postId&#8221;:&#8221;39544b6e-2aa5-4402-b790-46b8146753cb&#8221;,&#8221;postLink&#8221;:{&#8220;title&#8221;:&#8221;&#8221;,&#8221;url&#8221;:&#8221;&#8221;,&#8221;imageSrc&#8221;:&#8221;&#8221;}},{&#8220;timestamp&#8221;:&#8221;2026-02-08T09:08:59.620Z&#8221;,&#8221;timestampUtcIt&#8221;:&#8221;2026-02-08T10:08:59+0100&#8243;,&#8221;altBackground&#8221;:false,&#8221;title&#8221;:&#8221;Olimpiadi trascinano il turismo invernale: mete e alloggi pi\u00f9 cercati&#8221;,&#8221;content&#8221;:&#8221;<\/p>\n<p>I <a href=\"\\&quot;https:\/\/tg24.sky.it\/sport\/olimpiadi\\&quot;\" target=\"\\&quot;_self\\&quot;\" rel=\"\\&quot;follow\\&quot;\" data-intcmp=\"\\&quot;skytg24_liveblog_interlink_text\\&quot;\">Giochi olimpici invernali in corso in Italia<\/a> sono un prestigioso appuntamento sportivo ma anche un&#8217;opportunit\u00e0 per \u00a0aumentare la visibilit\u00e0 globale del Paese e rafforzarne l&#8217;attrattivit\u00e0 \u00a0turistica nel medio-lungo periodo. I primi risultati economici si vedono \u00a0gi\u00e0 sulle settimane bianche. Secondo l&#8217;Osservatorio di Confturismo \u00a0Confcommercio in collaborazione con Swg sono quasi 9 milioni gli \u00a0italiani che si concederanno una vacanza sulla neve\u00a0nel primo trimestre \u00a0del 2026, in lieve aumento rispetto allo scorso anno, e l&#8217;Italia resta \u00a0la scelta principale.<\/p>\n<p>&#8220;,&#8221;postId&#8221;:&#8221;17cd3fc3-81d6-4b3b-a07f-27e5fb57a02b&#8221;,&#8221;postLink&#8221;:{&#8220;title&#8221;:&#8221;Olimpiadi trascinano il turismo invernale: mete e alloggi pi\u00f9 cercati&#8221;,&#8221;url&#8221;:&#8221;https:\/\/tg24.sky.it\/economia\/2026\/02\/08\/olimpiadi-vacanze-montagna-scambio-casa&#8221;,&#8221;imageSrc&#8221;:&#8221;https:\/\/tg24.sky.it\/assets\/images\/d3ca8272e5e8192bf58192c8568db4933ebd9285\/skytg24\/it\/economia\/2024\/12\/24\/settimana-bianca-prezzi-aumento\/01_ipa_settimana_bianca_aumenti.jpg?im=Resize,width=1218&#8243;}},{&#8220;timestamp&#8221;:&#8221;2026-02-08T09:02:37.683Z&#8221;,&#8221;timestampUtcIt&#8221;:&#8221;2026-02-08T10:02:37+0100&#8243;,&#8221;altBackground&#8221;:false,&#8221;title&#8221;:&#8221;Respinto ricorso Gb, niente super casco per lo skeleton&#8221;,&#8221;content&#8221;:&#8221;<\/p>\n<p>Niente super casco per la Gran Bretagna nelle gare\\ndi skeleton di Milano Cortina. Il Tas ha respinto il ricorso della British\\nBobsleigh &amp; Skeleton Association contro il divieto imposto perche&#8217; la sua\\nforma non e&#8217; in linea con il Regolamento IBSF e con le nuove regole sulla\\nsicurezza che verranno introdotte dalla stagione 2026\/2027. Il casco,\\nrealizzato grazie a un finanziamento di 7 milioni di euro della\\nfederazione che ha attinto ai proventi di una lotteria, e&#8217; stato decisivo\\nper consentire a Matt Weston e Marcus Wyatt di vincere sette prove di\\ncoppa del Mondo in questa stagione. Gli arbitri del Tribunale di Arbitrato\\nSportivo di Losanna, riuniti a Milano nella speciale sessione olimpica,\\nhanno confermato pero&#8217; la decisione della federazione internazionale\\n(IBSF) di vietarlo, annunciata il 29 gennaio. La federazione britannica\\n(Bbsa) sosteneva che il casco fosse conforme al regolamento e persino\\nmigliore per la salute e la sicurezza degli atleti rispetto a qualsiasi\\naltro modello utilizzato nello skeleton, la gara di velocita&#8217; su pista di\\nghiaccio in cui l&#8217;atleta scende su una slitta minimale, a pancia in giu&#8217; e\\na testa avanti. Secondo il Tas, pero&#8217;, il casco e&#8217; difforme dal modello\\nstandard perche&#8217; disegnato per migliore l&#8217;aerodinamicita&#8217; con la parte\\nposteriore sporgente. Il rivoluzionario casco fa parte di un ambizioso\\npiano di investimenti sullo skeleton lanciato dalla federazione\\nbritannica, sulla falsariga di quanto fatto da Londra a fine anni &#8217;90 per\\ndiventare una potenza del ciclismo su pista. E in effetti la forma del\\ncasco da skeleton ricorda proprio quella usata in quello sport. Delusione\\ne&#8217; stata espressa dal direttore per la performance della federazione\\nbritannica, Natalie Dunman: \\&#8221;Il nostro ricorso aveva basi solide, ma\\nquesta decisione non inficia la nostra preparazione finale, ne&#8217; tocca la\\nconcentrazione degli atleti e il nostro ottimismo in vista delle gare\\&#8221;.\\nOra quindi gli atleti britannici dovranno usare i caschi della scorsa ma\\nil vincitore della Coppa del mondo, Matt Weston, resta il grande favorito\\nper l&#8217;oro nelle gare che prenderanno il via giovedi&#8217; prossimo, con Marcus\\nWyatt possibile medaglia.<\/p>\n<p>&#8220;,&#8221;postId&#8221;:&#8221;f2abb908-456f-4213-b771-0b33f6de64c7&#8243;,&#8221;postLink&#8221;:{&#8220;title&#8221;:&#8221;&#8221;,&#8221;url&#8221;:&#8221;&#8221;,&#8221;imageSrc&#8221;:&#8221;&#8221;}},{&#8220;timestamp&#8221;:&#8221;2026-02-08T08:46:59.875Z&#8221;,&#8221;timestampUtcIt&#8221;:&#8221;2026-02-08T09:46:59+0100&#8243;,&#8221;image&#8221;:{&#8220;imgSrc&#8221;:&#8221;https:\/\/www.europesays.com\/it\/wp-content\/uploads\/2026\/02\/rossi_mattarella.jpg&#8221;,&#8221;imgAlt&#8221;:&#8221;Mattarella-Rossi&#8221;,&#8221;imgCredits&#8221;:&#8221;\u00a9Ansa&#8221;,&#8221;imgCaption&#8221;:null},&#8221;altBackground&#8221;:true,&#8221;title&#8221;:&#8221;Valentino Rossi: \\&#8221;L&#8217;incontro con Mattarella speciale, non lo dimenticher\u00f2\\&#8221;&#8221;,&#8221;content&#8221;:&#8221;<\/p>\n<p>\\&#8221;La scena \u00e8 durata pochi minuti ma sono stati davvero intensi, memorabili. Il momento in cui il presidente si avvicina, mi tende la mano, mi ringrazia di averlo trasportato sino a San Siro, \u00e8 stato davvero speciale\\&#8221;. Cos\u00ec Valentino Rossi, raccontando l&#8217;incontro con il presidente Mattarella per girare il filmato che ha aperto le Olimpiadi di Milano-Cortina, intervistato dai quotidiani Corriere della sera e Repubblica.\u00a0\u00a0\u00a0Quando il Capo dello Stato \\&#8221;\u00e8 arrivato \u00e8 stato bellissimo. Lo capisci subito che gli vogliono tutti bene. C&#8217;\u00e8 gente che, appena la vedi, e non importa se siano persone importanti o meno, ti trasmette subito una emozione. \u00c8 come se ne sentissi tutta la carica, il peso. Un&#8217;atmosfera speciale\\&#8221; ha aggiunto Rossi.\u00a0\u00a0\u00a0\\&#8221;La verit\u00e0 &#8211; ha proseguito &#8211; \u00e8 che ero un po&#8217; in soggezione. Lui si \u00e8 avvicinato con un sorriso. E mi sono subito sentito bene. Tra una pausa e l&#8217;altra, quando si doveva rifare una scena, abbiamo parlato. Mi ha fatto un po&#8217; di domande\\&#8221;. Soprattutto, ha specificato, \\&#8221;cose di motori. Come va il Motomondiale. Era curioso di sapere di Bagnaia: lo aveva incontrato al Quirinale, credo quattro anni fa, c&#8217;eravamo anche io e Tony Cairoli, con una delegazione di piloti\\&#8221;. Infine, Rossi ha detto di essere un appassionato di snowboard. \\&#8221;Prendo la tavola appena \u00e8 possibile. Ho appena visto la discesa libera, abbiamo preso due belle medaglie con Giovanni Franzoni e Dominik Paris, bravissimi\\&#8221; e poi, \\&#8221;il trionfo di Francesca Lollobrigida nel pattinaggio con il record olimpico\\&#8221;.<\/p>\n<p>&#8220;,&#8221;postId&#8221;:&#8221;ffe8fb56-332e-4727-9738-063a182314e9&#8243;,&#8221;postLink&#8221;:{&#8220;title&#8221;:&#8221;&#8221;,&#8221;url&#8221;:&#8221;&#8221;,&#8221;imageSrc&#8221;:&#8221;&#8221;}},{&#8220;timestamp&#8221;:&#8221;2026-02-08T08:26:44.687Z&#8221;,&#8221;timestampUtcIt&#8221;:&#8221;2026-02-08T09:26:44+0100&#8243;,&#8221;altBackground&#8221;:false,&#8221;title&#8221;:&#8221;Milano Cortina, Deidda: \\&#8221;A rafforzare la sicurezza ferroviaria ci sar\u00e0 l&#8217;Ia\\&#8221;&#8221;,&#8221;content&#8221;:&#8221;<\/p>\n<p>\\&#8221;Si tratta con certezza di atti dolosi e in base ai primi riscontri \u00a0anche da parte dei tecnici di Rfi\\&#8221; che \\&#8221;sono stati fatti per creare il \u00a0massimo disagio. Per adesso non c&#8217;\u00e8 una prova diretta che si possa \u00a0trattare di azioni legate ai Giochi Olimpici, cos\u00ec come avvenuto sulle \u00a0rete ferroviaria francese in occasione della cerimonia per le Olimpiadi \u00a0del 2024. Va detto per\u00f2 che ci sono dei precedenti italiani perch\u00e9, per \u00a0esempio, nel 2014 a Bologna c&#8217;era stato un attentato con dei \u00a0danneggiamenti per mano degli anarchici\\&#8221;. Cos\u00ec Salvatore Deidda, \u00a0deputato di Fratelli d&#8217;Italia e presidente della commissione Trasporti \u00a0alla Camera, in un&#8217;intervista al &#8216;Corriere della Sera&#8217; che, commentando \u00a0quanto avvenuto ieri su alcuni \u00a0binari ferroviari, afferma: \\&#8221;Quello che \u00a0ci spaventa \u00e8 un&#8217;azione nel giorno dell&#8217;avvio dei Giochi Olimpici, un \u00a0fatto che segue un generalizzato aumento delle tensioni e degli scontri \u00a0in occasione di manifestazioni\\&#8221;.\u00a0\\nLa \u00a0rete ferroviaria pu\u00f2 essere protetta meglio? \\&#8221;In campo ferroviario \u00a0potr\u00e0 dare un grosso contributo l&#8217;intelligenza artificiale, la stessa \u00a0Rfi sta introducendo una nuova tecnologia per monitorare la rete. Un \u00a0potenziamento della sorveglianza \u00e8 necessario sia per ragioni di \u00a0sicurezza sia per scongiurare furti di rame o altri materiali, cos\u00ec come \u00a0le invasioni dei binari da parte di estranei. A Milano Rogoredo il \u00a0sistema \u00e8 gi\u00e0 attivo e uno dei prossimi interventi riguarda proprio \u00a0Bologna. Un ulteriore intervento, questo di natura politica, \u00e8 stata la \u00a0decisione di cui sono promotore di aggiornare e aumentare la sanzioni \u00a0per chi, per esempio, invade i binari, tira il freno di emergenza a \u00a0bordo dei treni senza motivo. Fino ad oggi per questo tipo di violazioni \u00a0le multe erano ancora quelle previste in lire, per questo le abbiamo \u00a0aggiornate per destinare pi\u00f9 fondi alla sicurezza delle ferrovie, che \u00a0sempre di pi\u00f9 sembrano essere diventate un obiettivo sensibile\\&#8221;.\u00a0\\nDeidda \u00a0ricorda inoltre che nell&#8217;ambito del Decreto Sicurezza \\&#8221;abbiamo previsto \u00a0anche un fondo con uno stanziamento da 50 milioni di euro per accordi, \u00a0operazioni e interventi coordinati tra Rfi, ministero dell&#8217;Interno e \u00a0ministero delle Infrastrutture e dei Trasporti che hanno l&#8217;obiettivo di \u00a0mettere in sicurezza le stazioni e la rete ferroviaria\\&#8221;.<\/p>\n<p>&#8220;,&#8221;postId&#8221;:&#8221;4f81158d-37e0-425a-a758-29387ca874fd&#8221;,&#8221;postLink&#8221;:{&#8220;title&#8221;:&#8221;&#8221;,&#8221;url&#8221;:&#8221;&#8221;,&#8221;imageSrc&#8221;:&#8221;&#8221;}},{&#8220;timestamp&#8221;:&#8221;2026-02-08T08:12:21.632Z&#8221;,&#8221;timestampUtcIt&#8221;:&#8221;2026-02-08T09:12:21+0100&#8243;,&#8221;altBackground&#8221;:false,&#8221;title&#8221;:&#8221;Tina Maze: \\&#8221;Vedo Goggia favorita per la libera, poi Vonn\\&#8221;&#8221;,&#8221;content&#8221;:&#8221;<\/p>\n<p>\\&#8221;Ecco il mio podio: Sofia, Lindsey e Breeze\\&#8221;,\\novvero Goggia, Vonn e Johnson: e&#8217; il pronostico di Tina Maze per la\\ndiscesa libera olimpica di oggi in programma alle 11,30 sulla pista delle\\nTofane, a Cortina. La 42enne ex sciatrice slovena in un&#8217;intervista a La\\nStampa, campionessa olimpica nella discesa libera e nello slalom gigante a\\nSoci 2014, ha spiegato quali sono i due punti decisivi del tracciato: \\&#8221;Il\\nprimo e&#8217; la lunga traversa subito dopo il via, non devi perdere troppa\\nvelocita&#8217; perche&#8217; se capita non la recuperi piu&#8217;\\&#8221;. E poi \\&#8221;prima del\\nfinale. Li&#8217; dove vorresti far correre gli sci e invece ci sono i dossi che\\nti rallentano. Devi lavorare e lasciare andare, lasciare andare e\\nlavorare, questo e&#8217; il trucco\\&#8221;. In questo, ha osservato, e&#8217; una maestra\\n\\&#8221;la Vonn piu&#8217; di tutte\\&#8221;: Quella e&#8217; una qualita&#8217; che o hai oppure non te la\\ninventi, e Lindsey ce l&#8217;ha. Noi la chiamiamo &#8216;gliding&#8217;, letteralmente la\\ncapacita&#8217; di planare. Se arriva bene in quella parte di pista puo&#8217;\\nvincere\\&#8221;. A duo avviso l&#8217;americana e&#8217; tra le favorite malgrado il\\nlegamento rotto: \\&#8221;La discesa sotto questo aspetto e per quell&#8217;infortunio\\ne&#8217; meno traumatica del gigante\\&#8221;. Federica Brignone in gara: \\&#8221;Si e&#8217; presa\\ndel tempo e ha deciso lei con il suo staff\\&#8221;, ha osservato Maze, \\&#8221;ha fatto\\nbene. Poi, ripeto, per quel tipo di infortunio la libera puo&#8217; essere\\npersino un ottimo test in vista del gigante che e&#8217; molto piu&#8217; probante\\&#8221;.\\nGoggia ha vinto due medaglie olimpiche, puo&#8217; essere un vantaggio\\nnell&#8217;affrontare la gara? \\&#8221;No, la storia non si ripete mai. Ogni volta devi\\nripartire da zero. E se lo fai, cresci\\&#8221;.<\/p>\n<p>&#8220;,&#8221;postId&#8221;:&#8221;54aa6149-82b1-49b0-b79e-5b4df5a91025&#8243;,&#8221;postLink&#8221;:{&#8220;title&#8221;:&#8221;&#8221;,&#8221;url&#8221;:&#8221;&#8221;,&#8221;imageSrc&#8221;:&#8221;&#8221;}},{&#8220;timestamp&#8221;:&#8221;2026-02-08T07:56:32.119Z&#8221;,&#8221;timestampUtcIt&#8221;:&#8221;2026-02-08T08:56:32+0100&#8243;,&#8221;altBackground&#8221;:false,&#8221;title&#8221;:&#8221;Fontana: \\&#8221;Scontri di Milano sono immagini che nessuno vorrebbe vedere\\&#8221;&#8221;,&#8221;content&#8221;:&#8221;<\/p>\n<p>\\&#8221;Esprimo la mia vicinanza e solidariet\u00e0 alle Forze dell&#8217;Ordine che, ancora una volta, si ritrovano ad affrontare scontri e aggressioni da parte di alcuni manifestanti. Addirittura, contro le Olimpiadi di Milano-Cortina. Immagini che nessuno vorrebbe vedere, gesti violenti da condannare senza se e senza ma. Un abbraccio a chi si adopera per la riuscita dei Giochi e deve affrontare anche queste situazioni assurde\\&#8221;. Lo scrive su facebook il presidente della Camera, Lorenzo Fontana.<\/p>\n<p>&#8220;,&#8221;postId&#8221;:&#8221;678bb96d-cb05-4c47-a71c-2144b9b04c77&#8243;,&#8221;postLink&#8221;:{&#8220;title&#8221;:&#8221;&#8221;,&#8221;url&#8221;:&#8221;&#8221;,&#8221;imageSrc&#8221;:&#8221;&#8221;}},{&#8220;timestamp&#8221;:&#8221;2026-02-08T07:39:12.098Z&#8221;,&#8221;timestampUtcIt&#8221;:&#8221;2026-02-08T08:39:12+0100&#8243;,&#8221;altBackground&#8221;:false,&#8221;title&#8221;:&#8221;Meloni: &#8216;Chi manifesta contro le Olimpiadi nemico dell&#8217;Italia&#8217;&#8221;,&#8221;content&#8221;:&#8221;<\/p>\n<p>\\&#8221;Solidariet\u00e0, ancora una volta, alle Forze dell&#8217;ordine, alla citt\u00e0 di \u00a0Milano, e a tutti coloro che vedranno il loro lavoro vanificato da \u00a0queste bande di delinquenti\\&#8221;, ha scritto sui social la premier in merito \u00a0agli scontri ieri alla manifestazione di Milano contro le Olimpiadi.<\/p>\n<p>&#8220;,&#8221;postId&#8221;:&#8221;0f3f4867-ef79-4f08-b93e-324a1bb16d60&#8243;,&#8221;postLink&#8221;:{&#8220;title&#8221;:&#8221;Meloni: &#8216;Chi manifesta contro le Olimpiadi nemico dell&#8217;Italia&#8217;&#8221;,&#8221;url&#8221;:&#8221;https:\/\/tg24.sky.it\/cronaca\/2026\/02\/08\/meloni-olimpiadi-cortei&#8221;,&#8221;imageSrc&#8221;:&#8221;https:\/\/tg24.sky.it\/assets\/images\/76f1d3cc031cd4b82e9d5fb06af5d2af8399f9d1\/skytg24\/it\/politica\/video\/2026\/02\/06\/1072348_1770382195451_thumb_494.0000001_1770382383817.jpg?im=Resize,width=1218&#8243;}},{&#8220;timestamp&#8221;:&#8221;2026-02-08T07:17:56.231Z&#8221;,&#8221;timestampUtcIt&#8221;:&#8221;2026-02-08T08:17:56+0100&#8243;,&#8221;altBackground&#8221;:false,&#8221;title&#8221;:&#8221;Meloni: \\&#8221;Chi manifesta contro le Olimpiadi nemico dell&#8217;Italia\\&#8221;&#8221;,&#8221;content&#8221;:&#8221;<\/p>\n<p>\\&#8221;Migliaia e migliaia di italiani in queste ore lavorano perch\u00e9 tutto funzioni durante le Olimpiadi. Tantissimi lo fanno da volontari, perch\u00e9 vogliono che la loro Nazione faccia bella figura, che sia ammirata e rispettata.\u00a0\u00a0Poi ci sono loro: i nemici dell&#8217;Italia e degli italiani, che manifestano \\&#8221;contro le Olimpiadi\\&#8221;, facendo finire queste immagini sulle televisioni di mezzo mondo. Dopo che altri hanno tranciato i cavi della ferrovia per impedire ai treni di partire.\u00a0\u00a0Solidariet\u00e0, ancora una volta, alle Forze dell&#8217;ordine, alla citt\u00e0 di Milano, e a tutti coloro che vedranno il loro lavoro vanificato da queste bande di delinquenti\\&#8221;. Lo scrive sui social la premier Giorgia Meloni in merito agli scontri ieri alla manifestazione di Milano contro le Olimpiadi.<\/p>\n<p>&#8220;,&#8221;postId&#8221;:&#8221;55cbe149-d644-4852-94a7-10730b849690&#8243;,&#8221;postLink&#8221;:{&#8220;title&#8221;:&#8221;&#8221;,&#8221;url&#8221;:&#8221;&#8221;,&#8221;imageSrc&#8221;:&#8221;&#8221;}},{&#8220;timestamp&#8221;:&#8221;2026-02-08T06:34:04.909Z&#8221;,&#8221;timestampUtcIt&#8221;:&#8221;2026-02-08T07:34:04+0100&#8243;,&#8221;altBackground&#8221;:false,&#8221;title&#8221;:&#8221;Olimpiadi, ancora fischi contro JD Vance. Trump: &#8216;Strano, lui piace'&#8221;,&#8221;content&#8221;:&#8221;<\/p>\n<p>Il giorno dopo la cerimonia di inaugurazione, diventano un caso politico \u00a0internazionale i fischi al vice presidente americano, che ieri era in \u00a0tribuna d&#8217;onore a San Siro con gli altri rappresentanti istituzionali. E \u00a0anche oggi sono arrivati dei &#8216;buuu, buuuu&#8217; ripetuti pi\u00f9 volte, che si \u00a0sono sentiti nettamente all&#8217;Hockey Arena di Milano Rho dov&#8217;era per \u00a0assistere a una partita di Team Usa donne.<\/p>\n<p>&#8220;,&#8221;postId&#8221;:&#8221;0c66bdc2-725c-41c9-ae20-43a570855568&#8243;,&#8221;postLink&#8221;:{&#8220;title&#8221;:&#8221;Olimpiadi, ancora fischi contro JD Vance. Trump: &#8216;Strano, lui piace'&#8221;,&#8221;url&#8221;:&#8221;https:\/\/tg24.sky.it\/sport\/2026\/02\/07\/olimpiadi-milano-cortina-fischi-vance&#8221;,&#8221;imageSrc&#8221;:&#8221;https:\/\/tg24.sky.it\/assets\/images\/74f141f0e3b909d7663e72bdbcd885aaee8b9b70\/skytg24\/it\/sport\/2026\/02\/07\/olimpiadi-milano-cortina-fischi-vance\/GettyImages-2260400881.jpg?im=Resize,width=1218&#8243;}},{&#8220;timestamp&#8221;:&#8221;2026-02-08T06:24:04.309Z&#8221;,&#8221;timestampUtcIt&#8221;:&#8221;2026-02-08T07:24:04+0100&#8243;,&#8221;altBackground&#8221;:false,&#8221;title&#8221;:&#8221;Olimpiadi, il medagliere di Milano Cortina 2026: Italia a quota 3&#8243;,&#8221;content&#8221;:&#8221;<\/p>\n<p>I giochi invernali ospitati dal nostro Paese &#8211; <a href=\"\\&quot;https:\/\/tg24.sky.it\/sport\/2026\/02\/06\/olimpiadi-milano-cortina-2026-cerimonia-apertura\\&quot;\" target=\"\\&quot;_self\\&quot;\" rel=\"\\&quot;follow\\&quot;\" data-intcmp=\"\\&quot;skytg24_liveblog_interlink_text\\&quot;\">iniziati ufficialmente con la cerimonia d&#8217;apertura del 6 febbraio<\/a>\u00a0e <a href=\"\\&quot;https:\/\/tg24.sky.it\/sport\/2026\/02\/06\/tedofori-oggi-milano-cortina\\&quot;\" target=\"\\&quot;_self\\&quot;\" rel=\"\\&quot;follow\\&quot;\" data-intcmp=\"\\&quot;skytg24_liveblog_interlink_text\\&quot;\">l&#8217;accensione dei bracieri<\/a> &#8211; si chiuderanno il 22 febbraio. Gli Azzurri puntano a un obiettivo \u00a0storico: battere il record dei sette ori vinti nel 1994 a Lillehammer. \u00a0Sono pi\u00f9 di 3.500 gli atleti provenienti da 93 Paesi che si contendono \u00a0le 195 medaglie in 16 discipline olimpiche e sei sport paralimpici, con \u00a0la novit\u00e0 del debutto dello sci alpinismo.<\/p>\n<p>&#8220;,&#8221;postId&#8221;:&#8221;7a4d7023-4075-421e-a1a5-ff701e8cb969&#8243;,&#8221;postLink&#8221;:{&#8220;title&#8221;:&#8221;Olimpiadi, il medagliere di Milano Cortina 2026: Italia a quota 3&#8243;,&#8221;url&#8221;:&#8221;https:\/\/tg24.sky.it\/sport\/approfondimenti\/medagliere-olimpiadi-milano-cortina-2026&#8243;,&#8221;imageSrc&#8221;:&#8221;https:\/\/tg24.sky.it\/assets\/images\/23f5b8b0ccee1bdd830726cd0799d3b2b3c1adf5\/skytg24\/it\/sport\/approfondimenti\/medagliere-olimpiadi-milano-cortina-2026\/medaglie_milano_cortina_getty.jpg?im=Resize,width=1218&#8243;}},{&#8220;timestamp&#8221;:&#8221;2026-02-08T05:54:02.970Z&#8221;,&#8221;timestampUtcIt&#8221;:&#8221;2026-02-08T06:54:02+0100&#8243;,&#8221;altBackground&#8221;:false,&#8221;title&#8221;:&#8221;Lollobrigida mamma olimpica &#8216;un sogno, ora un altro figlio'&#8221;,&#8221;content&#8221;:&#8221;<\/p>\n<p>Francesca Lollobrigida capisce subito che pu\u00f2 essere un giorno speciale, gi\u00e0 quando sono ancora in corso le ultime due batterie. E non solo perch\u00e9 \u00e8 il suo compleanno ed \u00e8 in gara ai Giochi Olimpici, dove ha appena ottenuto il record olimpico nei 3000 metri di pattinaggio velocit\u00e0. Cos\u00ec si sbraccia, chiama a gran voce la sorella in tribuna, \\&#8221;Giulia, mi porti Tommy?\\&#8221;. Tommy \u00e8 Tommaso, il bimbo di due anni e mezzo che \u00e8 nato dopo la doppia medaglia vinta dalla madre a Pechino 2022 (argento nei 3000 metri e bronzo nella mass start). E quando l&#8217;oro, il primo della spedizione italiana ai Giochi Olimpici di Milano-Cortina 2026, diventa ufficiale, la 35enne di Frascati si traveste da centometrista e, nei corridoi, corre per andare a recuperare il figlio. Che salta in braccio e ride, chiama la mamma, facendo sorridere anche il presidente del Coni Luciano Buonfiglio che era arrivato per congratularsi. Perch\u00e9 la medaglia d&#8217;oro era inaspettata, e forse anche per questo ancora pi\u00f9 carica di valore, proprio nel giorno del suo 35esimo compleanno. \\&#8221;E&#8217; il giorno pi\u00f9 bello di sempre, un giorno perfetto. Prima di tutto perch\u00e9 mio figlio, mio marito e la mia famiglia erano qui a guardarmi &#8211; ha detto -. \u00c8 incredibile, perch\u00e9 siamo in Italia. Le Olimpiadi sono in Italia. Questo \u00e8 il sogno dei miei sogni\\&#8221;. Anche perch\u00e9 nel 2022 decise di fermarsi, dopo le medaglie di Pechino, per diventare mamma. \\&#8221;Il messaggio che volevo trasmettere \u00e8 che non ho scelto tra il pattinaggio e l&#8217;essere mamma. Puoi essere una mamma e anche essere pi\u00f9 forte. Mi sono fermata dopo le medaglie a Pechino, ero in cima al mondo. Sono davvero orgogliosa di me stessa per essere tornata dopo aver partorito &#8211; ha proseguito -. Non \u00e8 stato facile, anche perch\u00e9 non \u00e8 facile essere una pattinatrice di velocit\u00e0 italiana, ma non l&#8217;ho fatto da sola. Questo \u00e8 un lavoro di squadra. Da sola non avrei potuto fare nulla. \u00c8 anche per loro. Spero che mio figlio possa goderselo tra dieci anni, quando sar\u00e0 un po&#8217; pi\u00f9 grande e guarder\u00e0 la gara\\&#8221;. \\&#8221;Voglio un altro figlio, non voglio lasciare da solo Tommaso, certo prima penso a finire la stagione ma poi vorrei avere un altro bimbo. Sono una moglie, sono una mamma e voglio pensare alla mia famiglia\\&#8221;.<\/p>\n<p>&#8220;,&#8221;postId&#8221;:&#8221;ffb454a6-3329-4ea7-8120-ad90668ea934&#8243;,&#8221;postLink&#8221;:{&#8220;title&#8221;:&#8221;&#8221;,&#8221;url&#8221;:&#8221;&#8221;,&#8221;imageSrc&#8221;:&#8221;&#8221;}},{&#8220;timestamp&#8221;:&#8221;2026-02-08T05:51:15.302Z&#8221;,&#8221;timestampUtcIt&#8221;:&#8221;2026-02-08T06:51:15+0100&#8243;,&#8221;altBackground&#8221;:false,&#8221;title&#8221;:&#8221;Milano Cortina: l&#8217;Italcurling soffre ma supera la Norvegia 6-5 in rimonta&#8221;,&#8221;content&#8221;:&#8221;<\/p>\n<p>Stefania Constantini e Amos Mosaner hanno sconfitto la Norvegia 6-5 nella quinta partita del girone di curling doppio misto. La vittoria \u00e8 stata molto sofferta. L&#8217;Italcurling, sotto 5-3, ha raggiunto il pareggio solo alla settima mano. All&#8217;ottava e ultima mano la Norvegia godeva dell&#8217;ultimo tiro e del power play (la possibilit\u00e0 di disporre le pietre in modo offensivo), ma la coppia azzurra \u00e8 riuscita a rubare il punto e a portare a casa una vittoria che ne rilancia le ambizioni. Negli stessi minuti. il Canada \u00e8 stato sconfitto dall&#8217;Estonia, permettendo all&#8217;Italia di superare i nordamericani che godono del vantaggio nello scontro diretto. Gli azzurri, che nonostante la nuova battuta d&#8217;arresto contro la Svezia sono secondi in classifica vista la doppia sconfitta degli Stati Uniti contro Regno Unito e Corea del Sud, oggi incontreranno Repubblica Ceca e britannici, gli unici ancora a percorso netto.<\/p>\n<p>&#8220;,&#8221;postId&#8221;:&#8221;8fa80869-6313-41bf-b34d-47434cab4959&#8243;,&#8221;postLink&#8221;:{&#8220;title&#8221;:&#8221;&#8221;,&#8221;url&#8221;:&#8221;&#8221;,&#8221;imageSrc&#8221;:&#8221;&#8221;}},{&#8220;timestamp&#8221;:&#8221;2026-02-08T05:49:46.963Z&#8221;,&#8221;timestampUtcIt&#8221;:&#8221;2026-02-08T06:49:46+0100&#8243;,&#8221;altBackground&#8221;:false,&#8221;postId&#8221;:&#8221;d7327da5-f0d4-4d5f-b6d3-ac22eee1eb40&#8243;,&#8221;postLink&#8221;:{&#8220;title&#8221;:&#8221;Corteo contro Olimpiadi a Milano, scontri tra manifestanti e polizia&#8221;,&#8221;url&#8221;:&#8221;https:\/\/tg24.sky.it\/cronaca\/2026\/02\/07\/milano-corteo-contro-ice-olimpiadi&#8221;,&#8221;imageSrc&#8221;:&#8221;https:\/\/tg24.sky.it\/assets\/images\/583b77a2954fc784f6c1150da0702b4b5b109fb2\/skytg24\/it\/cronaca\/2026\/02\/07\/milano-corteo-contro-ice-olimpiadi\/01_getty_scontri_milano_corteo_olimpiadi.jpg?im=Resize,width=1218&#8243;}}]}&#8221; query='{&#8220;configurationName&#8221;:&#8221;LIVEBLOG_CONTAINER_WIDGET&#8221;,&#8221;liveblogId&#8221;:&#8221;85632dbf-0d7f-4c95-9e9b-d7138381d05f&#8221;,&#8221;tenant&#8221;:&#8221;tg24&#8243;,&#8221;limit&#8221;:800}&#8217; config='{&#8220;live&#8221;:true,&#8221;isWebView&#8221;:false,&#8221;postsPerPageMobile&#8221;:10,&#8221;postsPerPageDesktop&#8221;:10}&#8217;&gt;<\/p>\n<p>Nuova giornata di gare e altre medaglie per l&#8217;Italia alle Olimpiadi di Milano Cortina (<a href=\"https:\/\/tg24.sky.it\/sport\/approfondimenti\/medagliere-olimpiadi-milano-cortina-2026\" data-intcmp=\"skytg24_liveblog_interlink_text\" rel=\"nofollow noopener\" target=\"_blank\">IL MEDAGLIERE DI MILANO CORTINA<\/a>). Bronzo per Sofia Goggia nella discesa libera, arrivata terza dopo l&#8217;americana Breezy Johnson e la tedesca Emma Aicher. &#8220;Tre Olimpiadi sempre a medaglia, \u00e8 qualcosa di grande&#8221;, dice la sciatrice delle Fiamme Gialle. Caduta shock per Lindsey Vonn, finita a terra dopo pochi secondi di gara: in zona d&#8217;arrivo \u00e8 calato il silenzio e si \u00e8 sentito un urlo e le grida di dolore dell&#8217;atleta americana. Ovazione per Federica Brignone che per\u00f2 finisce solo decima: &#8220;Sono comunque contenta della performance, visto come sono arrivata qui&#8221;, commenta l&#8217;azzurra.\u00a0<\/p>\n<p>L&#8217;altro bronzo azzurro arriva per Lucia Dalmasso, che nel derby tutto italiano nel gigante parallelo femminile di snowboard \u00a0ha sconfitto Elisa Caffon. Medaglia d&#8217;argento poi per la staffetta mista del biathlon. Il quartetto azzurro composto da Tommaso Giacomel, Lukas Hofer, Dorothea Wierer e Lisa Vittozzi ha chiuso al secondo posto nella 4X6 km alle spalle della Francia.<\/p>\n<p>Riccardo Lorello, 23enne milanese, \u00e8 arrivato terzo nei 5.000 metri di pattinaggio di velocit\u00e0. L&#8217;azzurro Dominik Fischnaller \u00e8 bronzo nello slittino: \u00e8 l&#8217;ottava medaglia per l&#8217;Italia.<\/p>\n<p>L&#8217;Italia conquista il bronzo anche nel team event del pattinaggio di figura: dopo le prove delle coppie di danza (Charlene Guignard-Marco Fabbri), di artistico (Sara Conti-Niccol\u00f2 Macci) e del singolo femminile (Lara Gutmann) e maschile (Matteo Rizzo) la squadra ha chiuso al terzo posto alle spalle degli Usa e del Giappone.<\/p>\n<p><strong>Gli approfondimenti:<\/strong><\/p>\n<p><strong>Per ricevere le notizie di Sky TG24:<\/strong><\/p>\n<p>Leggi di pi\u00f9 <\/p>\n<p>2 minuti fa<\/p>\n<p>Questo liveblog termina qui<\/p>\n<p>14 minuti fa<\/p>\n<p>Abodi: &#8220;Una domenica indimenticabile&#8221;<\/p>\n<p>&#8220;Una domenica indimenticabile con la sesta medaglia e adesso siamo a 9! Il bronzo nel Team Event di pattinaggio di figura vale un bel 10 ed \u00e8 la sintesi di armonia, eleganza, potenza e leggerezza, interpretate in una colonna sonora di note ed emozioni, in una competizione che unisce discipline diverse in un&#8217;unica arte&#8221;. Cos\u00ec, su X, il ministro dello Sport Andrea Abodi. &#8220;Ha vinto la squadra, dove ogni atleta \u00e8 stato prezioso. Un&#8217;Italia che anno dopo anno \u00e8 cresciuta, lavorando in silenzio, con passione, dedizione e consapevolezza del proprio talento. Domani \u00e8 un altro giorno!&#8221;, si legge ancora sul profilo social del ministro<\/p>\n<p>Leggi di pi\u00f9 <\/p>\n<p>15 minuti fa<\/p>\n<p><strong>Per ricevere le notizie di Sky TG24:<\/strong><\/p>\n<p>28 minuti fa<\/p>\n<p>Cerchi olimpici, cosa rappresentano e perch\u00e9 sono di 5 colori diversi<\/p>\n<p>Disposti su due linee, gli anelli sono il simbolo delle Olimpiadi e anche una delle immagini pi\u00f9 riconoscibili al mondo. I cerchi hanno un significato preciso: rappresentano l&#8217;unione e l&#8217;incontro fra tutti i popoli della Terra. I loro colori &#8211; blu, nero, rosso, giallo e verde &#8211; sono quelli pi\u00f9 utilizzati nelle bandiere degli Stati di tutto il mondo, con l\u2019idea quindi di rappresentare tutti.<\/p>\n<p><a href=\"https:\/\/tg24.sky.it\/sport\/approfondimenti\/colori-cerchi-olimpici-significato\" title=\"Cerchi olimpici, cosa rappresentano e perch\u00e9 sono di 5 colori diversi\" class=\"lvbg-post-link\" data-intcmp=\"skytg24_liveblog_liveblog-preview_null\" data-analytics-element=\"liveblog-preview\" rel=\"nofollow noopener\" target=\"_blank\"><img alt=\"Cerchi olimpici, cosa rappresentano e perch\u00e9 sono di 5 colori diversi\" style=\"opacity:0;transition:opacity 0.3s\" class=\"lvbg-post-link__image\"\/>Cerchi olimpici, cosa rappresentano e perch\u00e9 sono di 5 colori diversiVai al contenuto <\/a><\/p>\n<p>49 minuti fa<\/p>\n<p>Olimpiadi Milano Cortina 2026, cerimonia d&#8217;apertura a San Siro. FOTO<\/p>\n<p>Lo stadio ha aperto le porte all\u2019inaugurazione dei Giochi invernali, che hanno preso ufficialmente il via. Un evento &#8220;diffuso&#8221; fra il capoluogo lombardo, la localit\u00e0 ampezzana, Livigno e Predazzo. Sul palco star italiane e internazionali, da Laura Pausini ad Andrea Bocelli, da Ghali a Mariah Carey.<\/p>\n<p><a href=\"https:\/\/tg24.sky.it\/sport\/2026\/02\/06\/olimpiadi-milano-cortina-2026-cerimonia-apertura\" title=\"Olimpiadi Milano Cortina 2026, cerimonia d&#039;apertura a San Siro. FOTO\" class=\"lvbg-post-link\" data-intcmp=\"skytg24_liveblog_liveblog-preview_null\" data-analytics-element=\"liveblog-preview\" rel=\"nofollow noopener\" target=\"_blank\"><img alt=\"Olimpiadi Milano Cortina 2026, cerimonia d'apertura a San Siro. FOTO\" style=\"opacity:0;transition:opacity 0.3s\" class=\"lvbg-post-link__image\"\/>Olimpiadi Milano Cortina 2026, cerimonia d&#8217;apertura a San Siro. FOTOVai al contenuto <\/a><\/p>\n<p>22:38<\/p>\n<p>Sulla neve di Cortina, i luoghi pi\u00f9 trendy della Regina delle Dolomiti<\/p>\n<p>Dallo storico Hotel de la Poste, dove ha soggiornato anche Hemingway, al rinnovato Ancora che spegne proprio quest&#8217;anno le sue prime 200 candeline. E poi il cocktail bar pi\u00f9 pop della zona al piano terra dell&#8217;Hotel Ambra e il recentissimo The Roof in cima all&#8217;iconica Cooperativa. Con l\u2019aiuto di Veneto Secrets,\u00a0la prima guida al turismo esperienziale nella Regione, abbiamo individuato i locali imperdibili per chi si trova nella celeberrima localit\u00e0 montana durante le Olimpiadi invernali<\/p>\n<p><a href=\"https:\/\/tg24.sky.it\/lifestyle\/2026\/02\/06\/cortina-hotel-ristoranti\" title=\"Sulla neve di Cortina, i luoghi pi\u00f9 trendy della Regina delle Dolomiti\" class=\"lvbg-post-link\" data-intcmp=\"skytg24_liveblog_liveblog-preview_null\" data-analytics-element=\"liveblog-preview\" rel=\"nofollow noopener\" target=\"_blank\"><img alt=\"Sulla neve di Cortina, i luoghi pi\u00f9 trendy della Regina delle Dolomiti\" style=\"opacity:0;transition:opacity 0.3s\" class=\"lvbg-post-link__image\"\/>Sulla neve di Cortina, i luoghi pi\u00f9 trendy della Regina delle DolomitiVai al contenuto <\/a><\/p>\n<p>22:33<\/p>\n<p>Pattinaggio di figura, bronzo Italia<\/p>\n<p>L&#8217;Italia conquista il bronzo nel team event del pattinaggio di figura ai Giochi Olimpici di Milano Cortina. Dopo le prove delle coppie di danza (Charlene Guignard-Marco Fabbri), di artistico (Sara Conti-Niccol\u00f2 Macci) e del singolo femminile (Lara Gutmann) e maschile (Matteo Rizzo) la squadra ha chiuso al terzo posto alle spalle degli Usa di Ilia Malinin e il Giappone.<\/p>\n<p>22:03<\/p>\n<p>Meloni: &#8220;Chi manifesta contro le Olimpiadi nemico dell&#8217;Italia&#8221;<\/p>\n<p>&#8220;Solidariet\u00e0, ancora una volta, alle Forze dell&#8217;ordine, alla citt\u00e0 di Milano, e a tutti coloro che vedranno il loro lavoro vanificato da queste bande di delinquenti&#8221;, ha scritto sui social la premier in merito agli scontri ieri alla manifestazione di Milano contro le Olimpiadi.<\/p>\n<p><a href=\"https:\/\/tg24.sky.it\/cronaca\/2026\/02\/08\/meloni-olimpiadi-cortei\" title=\"Meloni: &#039;Chi manifesta contro le Olimpiadi nemico dell&#039;Italia&#039;\" class=\"lvbg-post-link\" data-intcmp=\"skytg24_liveblog_liveblog-preview_null\" data-analytics-element=\"liveblog-preview\" rel=\"nofollow noopener\" target=\"_blank\"><img alt=\"Meloni: 'Chi manifesta contro le Olimpiadi nemico dell'Italia'\" style=\"opacity:0;transition:opacity 0.3s\" class=\"lvbg-post-link__image\"\/>Meloni: &#8216;Chi manifesta contro le Olimpiadi nemico dell&#8217;Italia&#8217;Vai al contenuto <\/a><\/p>\n<p>21:51<\/p>\n<p>Pattinaggio di figura team event, Italia terza ma la Georgia si avvicina<\/p>\n<p>L&#8217;Italia resiste in zona medaglia nel team event del pattinaggio di figura ai Giochi Olimpici di Milano-Cortina. Lara Naki Gutmann, che si \u00e8 esibita sulle note della colonna sonora di &#8220;Lo Squalo&#8221;, ha infatti chiuso al quarto posto il singolo femminile, dietro la giapponese Sakamoto, la georgiana Gubanova e la statunitense Glenn. Nella classifica del team event, l&#8217;Italia \u00e8 ancora terza con 52 punti, ma ha visto la Georgia accorciare portandosi a solo due lunghezze di distanza (50 punti) e, in caso di arrivo a pari punti, i georgiani chiuderebbero davanti, mentre Giappone e Usa si giocheranno la medaglia d&#8217;oro visto che entrambe hanno 59 punti. La gara a squadre si concluder\u00e0 ora con il singolo maschile, dove l&#8217;Italia sar\u00e0 rappresentata da Matteo Rizzo.\u00a0<\/p>\n<p>Leggi di pi\u00f9 <\/p>\n<p>21:37<\/p>\n<p>Milano Cortina, brutta caduta per Vonn nella libera: cosa \u00e8 successo<\/p>\n<p>La campionessa olimpica di Vancouver gareggiava con il crociato anteriore sinistro rotto dopo l&#8217;infortunio di Crans Montana. I suoi Giochi sono durati poco pi\u00f9 di 10 secondi. Trasportata in ospedale con l&#8217;elicottero, le sue condizioni saranno da valutare.<\/p>\n<p><a href=\"https:\/\/tg24.sky.it\/sport\/2026\/02\/08\/milano-cortina-2026-lindsey-vonn-caduta\" title=\"Milano Cortina, brutta caduta per Vonn nella libera: cosa \u00e8 successo\" class=\"lvbg-post-link\" data-intcmp=\"skytg24_liveblog_liveblog-preview_null\" data-analytics-element=\"liveblog-preview\" rel=\"nofollow noopener\" target=\"_blank\"><img alt=\"Milano Cortina, brutta caduta per Vonn nella libera: cosa \u00e8 successo\" style=\"opacity:0;transition:opacity 0.3s\" class=\"lvbg-post-link__image\"\/>Milano Cortina, brutta caduta per Vonn nella libera: cosa \u00e8 successoVai al contenuto <\/a><\/p>\n<p>21:28<\/p>\n<p>Milano Cortina, gli azzurri in gara domani<\/p>\n<p>Azzurri in gara domani, 9 febbraio, ai Giochi olimpici di Milano Cortina: &#8211; Curling: Doppio misto, Italia-Stati Uniti (STEFANIA CONSTANTINI e AMOS MOSANER), ore 10:05; &#8211; Sci Alpino: Combinata a squadre uomini &#8211; Discesa, MATTIA CASSE, GIOVANNI FRANZONI, DOMINIK PARIS, FLORIAN SCHIEDER, ore 10:30; &#8211; Hockey su ghiacciodonne, Giappone-Italia (AURORA ENRICA ABATANGELO, ELEONORA BONAFINI, ANNA CAUMO, KRISTIN DELLA ROVERE, GABRIELLA FRANCES DURANTE, MATILDE FANTIN, MARTINA FEDEL, LAURA MICHELE FORTINO, KRISTEN GUERRIERO, MANUELA HEIDENBERGER, SARA KANEPPELE, LAURA LOBIS, NADIA MATTIVI, MARTA MAZZOCCHI, GRETA NICCOLAI, MARGHERITA OSTONI, JACQUELINE MALCA PIERRI, JUSTINE REYES, REBECCA ROCCELLA, CAROLA SALETTA, FRANZISKA STOCKER, KAYLA TUTINO, AMIE FIELDING VARANO), ore 12:10; &#8211; Freestyle:Slopestyle donne, finale, MARIA GASSLITTER, ore 12:30; &#8211; Sci Alpino: Combinata a squadre uomini &#8211; Slalom, TOBIAS KASTLUNGER, TOMMASO SACCARDI, TOMMASO SALA, ALEX VINATZER, ore 14:00; &#8211; Slittino: Singolo donne, Heat 1 e Heat 2, VERENA HOFER, SANDRA ROBATSCHER, ore 17:00 e 18:35; &#8211; Pattinaggio di velocit\u00e0: 1000 metri donne, MAYBRITT VIGL, ore 17:30; &#8211; Curling: Doppio misto, semifinale (STEFANIA CONSTANTINI e AMOS MOSANER), ore 18:05; &#8211; Salto con gli sci:Trampolino NH individuale uomini, GIOVANNI BRESADOLA, FRANCESCO CECON, ALEX INSAM, ore 19:00; &#8211; Pattinaggio di figura: Corto Coppie Danza, MARCO FABBRI e CHARL\u00c8NE GUIGNARD, ore 19:20.<\/p>\n<p>Leggi di pi\u00f9 <\/p>\n<p>21:11<\/p>\n<p>Curling, Constantini-Mosaner battuti da Gb 6-9: domani gli Usa<\/p>\n<p>Stefania Constantini e Amos Mosaner non superano lo scoglio della coppia scozzese Bruce Mouat e Jennifer Dodds, primi in tabellone, e perdono 6-9 contro i big del curling che finora hanno inanellato sette vittorie e una sola sconfitta. Domani la coppia azzurra, oro a Pechino 2022, affronter\u00e0 gli Usa per il passaggio di turno.\u00a0<\/p>\n<p>21:02<\/p>\n<p>Milano-Cortina, Trump contro lo sciatore Hess: &#8220;Lasci la squadra&#8221;<\/p>\n<p>Il presidente americano si \u00e8 scagliato contro l&#8217;atleta 27enne che, in Italia per i Giochi di Milano Cortina, in un&#8217;intervista dei giorni scorsi ha confessato che &#8220;rappresentare gli Stati Uniti in questo momento suscita emozioni contrastanti. E&#8217; un po&#8217; difficile. Stanno succedendo molte cose che non mi piacciono&#8221;.<\/p>\n<p><a href=\"https:\/\/tg24.sky.it\/sport\/2026\/02\/08\/milano-cortina-trump-hess-usa\" title=\"Milano-Cortina, Trump contro lo sciatore Hess: &#039;Lasci la squadra&#039;\" class=\"lvbg-post-link\" data-intcmp=\"skytg24_liveblog_liveblog-preview_null\" data-analytics-element=\"liveblog-preview\" rel=\"nofollow noopener\" target=\"_blank\"><img alt=\"Milano-Cortina, Trump contro lo sciatore Hess: 'Lasci la squadra'\" style=\"opacity:0;transition:opacity 0.3s\" class=\"lvbg-post-link__image\"\/>Milano-Cortina, Trump contro lo sciatore Hess: &#8216;Lasci la squadra&#8217;Vai al contenuto <\/a><\/p>\n<p>20:58<\/p>\n<p>Festa a Livigno, Casa Italia celebra il bronzo di Dalmasso<\/p>\n<p>Il tricolore illumina il cielo di Livigno. Da Casa Italia parte infatti un fascio di luce rosso, bianco e verde, un campanaccio suona mentre Lucia Dalmasso varca il cancella del centro &#8216;Aquagranda&#8217; con il bronzo in mano. \u00c9 il primo alloro azzurro vinto nella &#8216;Piccola Tibet&#8217; e come tale va festeggiato al meglio. Dalmasso non abbandona mai la medaglia, la tiene all&#8217;interno della giaccia e rivela che per due volte la medaglia si \u00e9 sfilata dal laccetto. &#8220;La dedica va a mio nonno che mi ha trasmesso la passione per la neve&#8221;. Le lacrime si sono appena asciugate sulle guance dopo un pomeriggio dalle forti emozioni: &#8220;Mi dispiace per i ragazzi, ho sperato per Fischnaller fino alla fine. Mia dispiace per aver dovuto battere due mie compagne di squadra ma la mia emozione \u00e8 enorme, non la so nemmeno descrivere. Non sono ancora ben consapevole di cosa \u00e9 successo. Quando ho abbracciato mia mamma dopo il traguardo non mi ricordo nemmeno cosa mi abbia detto&#8221;. Ad accompagnarla i genitori con il padre che suona un campanaccio in segno di giubilo.<\/p>\n<p>Leggi di pi\u00f9 <\/p>\n<p>20:36<\/p>\n<p>Milano-Cortina 2026, il programma con tutte le gare in calendario<\/p>\n<p>I<strong>\u00a0XXV Giochi olimpici invernali di\u00a0Milano-Cortina 2026<\/strong> sono entrati nel vivo. Le competizioni sono in programma fino al 22 febbraio\u00a02026. Oltre che a Milano e a Cortina d&#8217;Ampezzo, le gare si svolgeranno anche a\u00a0Rho,\u00a0Assago,\u00a0Bormio,\u00a0Livigno,\u00a0Predazzo,\u00a0Rasun-Anterselva e Tesero.\u00a0 Si tratta della<strong> terza edizione olimpica invernale<\/strong> ospitata in Italia dopo che il nostro Paese ha ospitato, sempre a Cortina d&#8217;Ampezzo, l&#8217;edizione del 1956\u00a0e a Torino quella del 2006. Sar\u00e0 anche la quarta in assoluta considerando quella estiva di\u00a0Roma 1960. Oltre ad essere la<strong> prima edizione con due citt\u00e0 ospitanti,<\/strong> sar\u00e0 anche la seconda in cui le cerimonie di apertura e di chiusura si terranno in due sedi differenti, ovvero Milano (Stadio San Siro) e Verona (Arena).<\/p>\n<p><a href=\"https:\/\/tg24.sky.it\/sport\/approfondimenti\/programma-olimpiadi-milano-cortina-2026\" title=\"Milano-Cortina 2026, il programma con tutte le gare in calendario\" class=\"lvbg-post-link\" data-intcmp=\"skytg24_liveblog_liveblog-preview_null\" data-analytics-element=\"liveblog-preview\" rel=\"nofollow noopener\" target=\"_blank\"><img alt=\"Milano-Cortina 2026, il programma con tutte le gare in calendario\" style=\"opacity:0;transition:opacity 0.3s\" class=\"lvbg-post-link__image\"\/>Milano-Cortina 2026, il programma con tutte le gare in calendarioVai al contenuto <\/a><\/p>\n<p>20:01<\/p>\n<p>Olimpiadi, il medagliere di Milano Cortina 2026: Italia a quota 8<\/p>\n<p>I giochi invernali ospitati dal nostro Paese &#8211; iniziati ufficialmente con la cerimonia d&#8217;apertura del 6 febbraio\u00a0e l&#8217;accensione dei bracieri &#8211; si chiuderanno il 22 febbraio. Gli Azzurri puntano a un obiettivo storico: battere il record dei sette ori vinti nel 1994 a Lillehammer. Sono pi\u00f9 di 3.500 gli atleti provenienti da 93 Paesi che si contendono le 195 medaglie in 16 discipline olimpiche e sei sport paralimpici, con la novit\u00e0 del debutto dello sci alpinismo.<\/p>\n<p><a href=\"https:\/\/tg24.sky.it\/sport\/approfondimenti\/medagliere-olimpiadi-milano-cortina-2026\" title=\"Olimpiadi, il medagliere di Milano Cortina 2026: Italia a quota 8\" class=\"lvbg-post-link\" data-intcmp=\"skytg24_liveblog_liveblog-preview_null\" data-analytics-element=\"liveblog-preview\" rel=\"nofollow noopener\" target=\"_blank\"><img alt=\"Olimpiadi, il medagliere di Milano Cortina 2026: Italia a quota 8\" style=\"opacity:0;transition:opacity 0.3s\" class=\"lvbg-post-link__image\"\/>Olimpiadi, il medagliere di Milano Cortina 2026: Italia a quota 8Vai al contenuto <\/a><\/p>\n<p>19:29<\/p>\n<p>Lorello: &#8220;Dedico il bronzo a pap\u00e0 Adriano&#8221;<\/p>\n<p>Riccardo Lorello debutta alle Olimpiadi di Milano Cortina col botto: bronzo nei 5mila dello speed skating, ha preceduto uno dei favoriti della vigilia, Davide Ghiotto, nella sua Milano. &#8220;Davanti alla mia famiglia e ai miei amici c&#8217;\u00e8 ancora pi\u00f9 gusto&#8221; sorride Riccardo, che \u00e8 cresciuto sulle rotelle con lo Skating Rho allenato da pap\u00e0 Adriano. Il sindaco di Rho Andrea Orlandi e Alessandra Borghetti, assessore allo sport, lo avevano promesso: &#8220;saremo tutti a tifare in arancione&#8221; i colori del club e della citt\u00e0. E in effetti la Milano Ice Skating Arena era tinta di arancione. &#8220;Purtroppo sarebbe stato un po&#8217; proibitivo far venire tutti, per\u00f2 fortunatamente c&#8217;\u00e8 il tifo olandese che riempie molto i nostri palazzetti ultimamente&#8221;, scherza Riccardo e dedica la medaglia a pap\u00e0. &#8220;Pap\u00e0 Adriano mi ha avvicinato al mondo dello sport e mi ha seguito fin quando non ho fatto lo switch dalle rotelle al ghiaccio. E per seguirmi sempre pi\u00f9 da vicino si \u00e8 messo a fare il giudice da quattro anni&#8221;. Adriano Lorello era in centro pista ad arbitrare lo scambio di corsia degli atleti e per rispettare il suo ruolo non si \u00e8 concesso nemmeno un abbraccio ed \u00e8 rimasto in incognito fino all&#8217;ultimo.\u00a0<\/p>\n<p>Leggi di pi\u00f9 <\/p>\n<p>19:24<\/p>\n<p>Coni: &#8220;E&#8217; gi\u00e0 record, mai ai Giochi invernali pi\u00f9 di tre medaglie in un giorno&#8221;<\/p>\n<p>&#8220;Una giornata da record. Milano Cortina 2026 entra nella storia a cinque cerchi invernale dell\u2019Italia Team. Mai, prima di oggi, gli azzurri erano riusciti a vincere pi\u00f9 di tre medaglie nella stessa giornata di gare&#8221;. Lo scrive il Coni. &#8220;Il primato \u00e8 stato migliorato grazie all\u2019argento della staffetta mista di biathlon, composta da Tommaso Giacomel, Lukas Hofer, Dorothea Wierer e Lisa Vittozzi, e ai bronzi conquistati da Sofia Goggia nella discesa libera di sci alpino, da Lucia Dalmasso nello slalom gigante parallelo di snowboard, da Riccardo Lorello nei 5000 metri di pattinaggio velocit\u00e0 e da Dominik Fischnaller nel singolo maschile di slittino&#8221;.\u00a0<\/p>\n<p>&#8220;Precedentemente l\u2019Italia Team aveva toccato quota tre podi nello stesso giorno in tre edizioni olimpiche: Albertville 1992, Lillehammer 1994 e Salt Lake 2002. Nel 1992 con gli ori di Alberto Tomba nel gigante di sci alpino e di Deborah Compagnoni nel super-G, e l\u2019argento della 4&#215;10 km di sci di fondo, formata da Marco Albarello, Silvio Fauner, Giorgio Vanzetta e Giuseppe Puli\u00e8. Nel 1994 i tre podi erano arrivati tutti dallo sci di fondo, in virt\u00f9 dell\u2019argento di Manuela Di Centa nella 10 km a inseguimento a tecnica libera, e dei bronzi di Stefania Belmondo, nella stessa gara, e di Marco Albarello nella 10 km tecnica classica. A Salt Lake 2002 le tre medaglie erano state firmate da Daniela Ceccarelli, oro nel Super G, da Karen Putzer bronzo nella stessa gara, e dalla staffetta maschile 4&#215;10 km di sci di fondo, composta da Fabio Maj, Giorgio Di Centa, Pietro Piller Cottrer e Cristian Zorzi. Milano Cortina 2026 \u00e8 gi\u00e0 nella leggenda a cinque cerchi tricolore&#8221;.<\/p>\n<p>Leggi di pi\u00f9 <\/p>\n<p>19:13<\/p>\n<p>Milano-Cortina, slittino: Fischnaller medaglia di bronzo<\/p>\n<p>L&#8217;Italia dello slittino \u00e8 sul podio ai Giochi di Milano Cortina. L&#8217;azzurro Dominik Fischnaller \u00e8 bronzo dopo le quattro manche della gara individuale delle Olimpiadi. L&#8217;oro \u00e8 andato al tedesco Max Langenhan, davanti all&#8217;austriaco Jonas Mueller. Ottava medaglia per l&#8217;Italia.\u00a0<\/p>\n<p>18:47<\/p>\n<p>Goggia si autocelebra: &#8220;Tre Olimpiadi sul podio, tanta roba&#8221;<\/p>\n<p>Le chiedono cosa ci fosse in quella lacrimuccia scappata a fine gara: &#8220;Lo schuss delle Tofane, la terza medaglia, quell&#8217;attesa in partenza passata col paraocchi&#8221;. \u00c8 il mix di emozioni che accompagna l&#8217;ennesima giornata di gloria di Sofia Goggia, forse una delle pi\u00f9 difficili della carriera. Per l&#8217;attesa infinita al cancelletto durante i soccorsi a Lindsey Vonn, &#8220;sono molto contenta di come ho gestito tutto a livello emotivo&#8221;. Per le aspettative che c&#8217;erano su di lei, &#8220;l&#8217;oro in questa disciplina in tanti me l&#8217;hanno chiesto in questi quattro anni&#8221;. Per la sfida di confermarsi alla terza Olimpiade filata contro un parco partenti che guarda a lei come alla donna da battere, &#8220;ero l&#8217;ultima del primo gruppo, quindi tutte sanno che comunque c&#8217;\u00e8 la Goggia in partenza&#8221;. Lass\u00f9, al cancelletto di partenza, tra il caldo e l&#8217;attesa infinita per Vonn, &#8220;non si era messa proprio bene la situazione, quindi probabilmente avrei firmato per questo bronzo&#8221;. Anche perch\u00e9 sono &#8220;tre gare di discesa libera in tre Olimpiadi e tre podi, top, tanta roba&#8221;. Poi certo, c&#8217;\u00e8 lo schuss delle Tofane. Ovvero, il punto in cui Goggia ha sbagliato concedendo a Breezy Johnson un vantaggio di oltre mezzo secondo. &#8220;Sono abbastanza felice, sono un po&#8217; combattuta perch\u00e9 sono molto competitiva&#8221;, ammette la bergamasca. Resta che tre medaglie in discesa libera non le ha nessuno. Incontra Alberto Tomba, scambiano due battute. Che cosa le ha detto? &#8220;Fammi toccare il bronzo, io ho solo oro&#8221;. Ma ci sono tante cose in questo 8 febbraio, tra cui l&#8217;anniversario della morte di Elena Fanchini: &#8220;Oggi, quando sono tornata da colazione, ho scritto un messaggio a Nadia (la sorella, ndr) dicendo che sarebbe stata una giornata speciale e sapevamo entrambe i motivi. In qualche modo magari mi ha aiutata anche lei&#8221;.<\/p>\n<p>Leggi di pi\u00f9 <\/p>\n<p>18:36<\/p>\n<p>Malag\u00f2: &#8220;Rammarico per qualche medaglia? Compensato da altre inaspettate&#8221;<\/p>\n<p>&#8220;Medaglie? Ne vinci alcune che non immagini e ne prendi altre che onestamente avevi pronosticato, l&#8217;importante \u00e8 avere pi\u00f9 persone che possono vincerle, per questo va benissimo quello che stiamo facendo. Se mi dispiace per una medaglia? Il rammarico c&#8217;\u00e8 comunque su qualcuna ma compensata da qualcuna inaspettata&#8221;. Lo ha detto il presidente della Fondazione Milano-Cortina Giovanni Malago&#8217; a margine dell\u2019evento \u201cItalian Sport Industry &amp; Business Connections\u201d presso la Cortina Dolomiti Lounge. L&#8217;ex presidente del Coni era sull&#8217;Olympia delle Tofane per premiare le atlete della discesa libera con Sofia Goggia che ha vinto la medaglia di bronzo.<\/p>\n<p>Leggi di pi\u00f9 <\/p>\n<p>18:29<\/p>\n<p>Frattura alla gamba sinistra, Vonn operata <\/p>\n<p>Lindsey Vonn, dopo la brutta caduta a Cortina, \u00e8 stata operata all&#8217;ospedale Ca&#8217; Foncello di Treviso per la stabilizzazione di una frattura alla gamba sinistra. Lo rende noto la direzione dell&#8217;Ulss 2 di Treviso. L&#8217;americana \u00e8 stata soccorsa dal personale del Medical Service regionale per i giochi olimpici e immediatamente trasferita in elicottero al Policlinico Codivilla di Cortina, gestito dall&#8217;Ulss 1 dove sono stati effettuati tutti gli accertamenti diagnostici, e quindi trasferita al Ca&#8217; Foncello. Domani alle 12.00 \u00e8 previsto un nuovo bollettino medico.\u00a0<\/p>\n<p>Leggi di pi\u00f9 <\/p>\n<p>18:24<\/p>\n<p>Lorello bronzo a 10 minuti da casa: &#8220;Bello pattinare con i nonni in tribuna&#8221;<\/p>\n<p>Milanese, un passato da pattinatore a rotelle, Riccardo Lorello &#8211; il 23enne che oggi pomeriggio ha vinto la medaglia di bronzo nei 5.000 metri di speed skating &#8211; ha corso in casa. &#8220;Abito veramente a dieci minuti da qui. E&#8217; stato bello perch\u00e9 ho tutta la famiglia, i miei amici, gli avversari delle rotelle e soprattutto sono contento perch\u00e9 ci sono tutti i miei nonni che sono riusciti a venire tutti a vedere la mia gara olimpica. Penso che rimarr\u00e0 nel loro cuore&#8221;, ha detto dopo la sua prestazione, prima di essere certo di aver conquistato una medaglia.<\/p>\n<p>L&#8217;esordio sui pattini a rotelle, disciplina di famiglia. &#8220;Pap\u00e0 era un atleta, \u00e8 stato il mio allenatore finch\u00e9 non ho cambiato dalle rotelle al ghiaccio e sono passato nelle mani di Maurizio Marchetto&#8221;, ha spiegato. Nel squadra italiana di pattinaggio di velocit\u00e0, che conta gi\u00e0 due medaglie dopo l&#8217;oro di ieri di Francesca Lollobrigida, il 23enne atleta dell&#8217;esercito ha trovato &#8220;un gruppo stupendo, siamo una famiglia. Anzi, passiamo durante l&#8217;anno pi\u00f9 giorni assieme tra noi che con i parenti. Sono diventati anche loro la mia famiglia&#8221;.<\/p>\n<p>Studente di Scienze dei Servizi giuridici, &#8220;quest&#8217;anno ho messo in pausa gli studi&#8221; per dedicarmi allo sport. Scelta che ha premiato. In pista &#8220;oltre alla performance fisica, la cosa che bisogna pi\u00f9 affinare \u00e8 la testa: sei da solo, sei te e la tua sofferenza durante la gara. Mentre sei l\u00ec che gareggi e pattini \u00e8 difficile sentire il tifo, quello che senti prima \u00e8 la fatica delle gambe e i tuoi allenatori a bordo pista&#8221;, confessa dopo la sua prestazione, di cui &#8220;non ricordo nulla&#8221;.<\/p>\n<p><img decoding=\"async\" src=\"https:\/\/www.europesays.com\/it\/wp-content\/uploads\/2026\/02\/lorello_ansa.jpg\" alt=\"Lorello \" loading=\"lazy\"\/><\/p>\n<p class=\"lvbg-post-image__credits-v2\">\u00a9Ansa<\/p>\n<p>18:19<\/p>\n<p>Milano-Cortina, record Italia: mai 4 medaglie in un solo giorno<\/p>\n<p>Record di medaglie in un solo giorno per l&#8217;Italia ai Giochi olimpici invernali. Sono gi\u00e0 quattro le medaglie conquistate oggi dagli azzurri &#8211; un argento nel biathlon con la staffetta mista e tre bronzi nella discesa libera femminile con Sofia Goggia, nel nel gigante parallelo femminile di snowboard con Lucia Dalmasso e nel pattinaggio di velocit\u00e0 con Riccardo Lorello &#8211; e il bottino potrebbe ancora aumentare. Un esordio fortunato per il presidente del Coni, Luciano Buonfiglio, alla sua prima Olimpiade alla guida del Comitato olimpico nazionale. L&#8217;Italia non era infatti mai andata oltre le tre medaglie in un solo giorno; era successo due volte, entrambe il 17 febbraio, a Lillehammer e Salt Lake.\u00a0<\/p>\n<p>Leggi di pi\u00f9 <\/p>\n<p>18:13<\/p>\n<p>Slittino, Fischnaller resta in linea col podio anche dopo la terza run<\/p>\n<p>Dominik Fischnaller si mantiene sul terzo gradino del podio anche nella terza e penultima run del singolo maschile olimpico di slittino: quando al termine della sfida manca solo la quarta discesa in programma alle 18:34, l\u2019altoatesino occupa la terza piazza con un gap di 0\u2033542 nei confronti del tedesco Max Langenhan, pronto a confermarsi leader della classifica con un nuovo primato del tracciato. Il fuoriclasse germanico \u00e8 in vetta alla graduatoria con il tempo provvisorio di 2\u201938\u2033531, seguito a 294 millesimi di distanza dall\u2019austriaco Jonas M\u00fcller.<\/p>\n<p>Fischnaller nella discesa finale prover\u00e0 a centrare una nuova medaglia dopo il bronzo di Pechino 2022: alle sue spalle, pi\u00f9 staccato, \u00e8 quarto il lettone Aparjods (+1\u2033011) con l\u2019altro austriaco Nico Gleirscher quinto a 1\u2033207 davanti all\u2019altro azzurro Leon Felderer che scivola indietro di una posizione ed \u00e8 sesto a 1\u2033281. Nella discesa finale ci sar\u00e0 spazio anche per Alex Gufler, sedicesimo a 2\u2033928.<\/p>\n<p>Leggi di pi\u00f9 <\/p>\n<p>18:04<\/p>\n<p>Malag\u00f2: &#8220;Dobbiamo continuare a spingere, Giochi traino formidabile&#8221;<\/p>\n<p>&#8220;Grazie al ministro Urso. Abbiamo bisogno di questa risonanza se non continuiamo a spingere altri metto in piedi iniziative, c&#8217;\u00e8 grande competizione. Queste manifestazioni sono un traino formidabile e danno accelerazione agli investimenti. Costi olimpiadi 6-7 miliardi? Magari. Si confondono investimenti sui territori e i miglioramenti infrastrutturali anche dal punto di vista dei diversamente abili&#8221;. Lo ha detto il presidente della Fondazione Milano-Cortina Giovanni Malago&#8217; nel corso dell\u2019evento \u201cItalian Sport Industry &amp; Business Connections\u201d presso la Cortina Dolomiti Lounge.\u00a0<\/p>\n<p>&#8220;Per Olimpiadi stanno lavorando 36mila persone. Questa fondazione \u00e8 atipica e&#8217; una startup ma gi\u00e0 sai che chiudi come uno yogurt che scade&#8221;, ha aggiunto Malago&#8217; che ha ringraziato i 18mila volontari su 165mil richieste. &#8220;Mi sono arrivati grandi complimenti su di loro e questo mi rende orgoglioso. Dei sacrifici si stanno facendo ma i benefici saranno formidabili&#8221;, ha proseguito il membro Cio che tornando sulla cerimonia inaugurale ha detto che &#8220;c&#8217;\u00e8 stato il 55% share in totale tra rai e altri broadcaster con 2,5 mld di persone che hanno seguito in tv la cerimonia e con il 67% tra i 15 e i 24 anni&#8221;.\u00a0<\/p>\n<p>Leggi di pi\u00f9 <\/p>\n<p>17:54<\/p>\n<p>Un altro bronzo per l&#8217;Italia! <\/p>\n<p>17:49<\/p>\n<p>Lorello bronzo nei 5.000 velocit\u00e0 all&#8217;esordio olimpico<\/p>\n<p>Un esordio olimpico da medaglia per Riccardo Lorello, 23enne milanese, terzo nei 5.000 metri di pattinaggio di velocit\u00e0. Dietro di lui, ai piedi del podio, Davide Ghiotto, l&#8217;azzurro record del mondo nel 10.000. Medaglia d&#8217;oro per il norvegese Sander Eitrem, che con il tempo di 6.03.95 sulla pista di Rho Fieramilano ha battuto il record olimpico. Secondo il ceco Metodej Jilek. E&#8217; la seconda medaglia azzurra alla Milano Speed Skating Stadium, dopo l&#8217;oro di ieri di Francesca Lollobrigida nei 3.000.<\/p>\n<p>&#8220;Ho cercato di fare il mio esordio al meglio che potevo. Durante la gara non pensavo a niente. L&#8217;unica cosa che ricordo \u00e8 che negli ultimi due giri ho ragionato che avrei potuto battere il record olimpico ed ero abbastanza gasato. E&#8217; andata com&#8217;\u00e8 andata e sono veramente felice&#8221;, ha detto Lorello ai giornalisti, a gara ancora in corso.<\/p>\n<p>Leggi di pi\u00f9 <\/p>\n<p>17:43<\/p>\n<p>Lindsey Vonn &#8220;stabile&#8221;: l&#8217;aggiornamento delle condizioni<\/p>\n<p>Aggiornamento dalla Federazione Usa di sci: &#8220;Lindsey Vonn \u00e8 in condizioni stabili e in buone mani, assistita da un team medico americano e italiano&#8221;.<\/p>\n<p>17:27<\/p>\n<p>Schlein: &#8220;Non parteciper\u00f2 agli eventi delle Olimpiadi di Milano Cortina&#8221;<\/p>\n<p>&#8220;Non andr\u00f2 a nessun evento olimpico, ho fatto i miei auguri chiaramente a tutte le persone che sono coinvolte a partire dagli atleti e dal sindaco Beppe Sala, a Milano, a Cortina, a tutti coloro che sono impegnati, e soprattutto ho ringraziato alla Direzione nazionale dell&#8217;altro giorno il Presidente Mattarella. Va ringraziato per come ci ha rappresentato anche in questa apertura dei Giochi Olimpici, richiamando i valori di pace e di solidariet\u00e0, e la necessit\u00e0 di rispetto della tregua olimpica&#8221;. A dirlo la segretaria del Partito Democratico Elly Shlein, a Padova per la seconda tappa della campagna per il No al referendum.<\/p>\n<p>Leggi di pi\u00f9 <\/p>\n<p>17:22<\/p>\n<p>Klaebo re del fondo al 6\/o oro, delude Pellegrino<\/p>\n<p>L'&#8221;uomo razzo&#8221; ha cominciato il suo assalto alla &#8220;luna&#8221; dei sei ori olimpici in una singola edizione dei Giochi e al primato del connazionale Bj\u203arn Daehlie, che di titoli a cinque cerchi ne ha vinti otto. Il norvegese Johannes Klaebo si \u00e8 aggiudicato per la prima volta la prova di skiathlon e allo stadio del fondo di Lago di Tesero, in val di Fiemme, si \u00e8 messo al collo la sua medaglia numero uno (la sesta in assoluto per lui) di questa edizione. &#8220;Adesso sono sollevato. E felice&#8221;, ha sintetizzato a fine gara. &#8220;L&#8217;Olimpiade d\u00e0 sempre un&#8217;emozione in pi\u00f9&#8221;, ha aggiunto il pi\u00f9 giovane vincitore di un oro a cinque cerchi nello sci nordico maschile. La gara \u00e8 stata quasi una passerella: sempre con i primi, Klaebo ha regolato gli avversari &#8211; il connazionale Martin Nyenget (terzo), i francesi Mathis Desloges (secondo) e Hugo Lapalus (quinto) e il russo &#8220;neutrale&#8221; Saveliy Korostelev (quarto) &#8211; semplicemente quando ha deciso di farlo. A 500 metri dall&#8217;arrivo ha ingranato il turbo e ha lasciato sul posto i compagni di fuga, guadagnando terreno con impressionante facilit\u00e0 nella salita prima del traguardo.\u00a0<\/p>\n<p>L&#8217;Italia non \u00e8 andata a medaglia, ma Davide Graz si \u00e8 regalato una prova da incorniciare, ottavo: &#8220;\u00c8 la mia miglior gara &#8211; sorride &#8211; Esordire cos\u00ec alle Olimpiadi \u00e8 un&#8217;esperienza davvero unica. Ma c&#8217;\u00e8 ancora del lavoro da fare e lo far\u00f2&#8221;. Deluso, invece, Elia Barp (14\/o): &#8220;Abbiamo avuto qualche problema con gli sci nella tecnica classica, non so se si sia notato &#8211; spiega &#8211; Non abbiamo sfruttato l&#8217;occasione, che era buona perch\u00e9 ragazzi che di solito vanno come me sono andati a medaglia&#8221;. &#8220;Bellissimo il pubblico che spingeva &#8211; dice Federico Pellegrino (20\/o) &#8211; ma gi\u00e0 dopo il primo giro non siamo pi\u00f9 riusciti a stare con gli altri&#8221;. Pi\u00f9 contento l&#8217;esordiente Martino Carollo (23\/o): &#8220;Quello di oggi \u00e8 un giorno particolare, qualcosa che mi ricorder\u00f2 per sempre &#8211; confessa &#8211; \u00e8 un esordio olimpico qui a Lago di Tesero, in Italia: quando passava una tuta azzurra il tifo era doppio&#8221;.<\/p>\n<p>Leggi di pi\u00f9 <\/p>\n<p>17:16<\/p>\n<p>Vance allo speed skating per la sfida Ghiotto-Dawson<\/p>\n<p>Sulle strofe di Take Me Home, Country Roads, durante la pausa che prelude la ripresa della 5.000 di speed skating, e l&#8217;attesa per la sfida tra l&#8217;azzurro Davide Ghiotto e l&#8217;americano Casey Dawson, in tribuna d&#8217;onore \u00e8 arrivato il vicepresidente degli Stati Uniti JD Vance, accompagnato dalla famiglia, con in braccio la piccola Maribel. Il pubblico, coinvolto dagli speaker in una coreografia a luci spente e telefonini accesi, ha continuato a cantare senza accorgersi del loro arrivo.\u00a0<\/p>\n<p>17:03<\/p>\n<p>Trump contro lo sciatore Hess: &#8220;Non rappresenta gli Usa? Lasci la squadra&#8221;<\/p>\n<p>&#8220;Lo sciatore olimpico americano Hunter Hess, un vero perdente, afferma di non rappresentare il suo Paese alle attuali Olimpiadi invernali&#8221;: \u00e8 l&#8217;attacco di Donald Trump contro l&#8217;atleta 27enne che, in Italia per i Giochi di Milano Cortina, in un&#8217;intervista dei giorni scorsi ha confessato che &#8220;rappresentare gli Stati Uniti in questo momento suscita emozioni contrastanti. E&#8217; un po&#8217; difficile. Stanno succedendo molte cose che non mi piacciono&#8221;. &#8220;Se \u00e8 cos\u00ec &#8211; ha incalzato il presidente &#8211; non avrebbe dovuto nemmeno candidarsi per la squadra, \u00e8 un peccato che ne faccia parte. \u00c8 davvero difficile fare il tifo per una persona del genere&#8221;.\u00a0<\/p>\n<p>Leggi di pi\u00f9 <\/p>\n<p>16:58<\/p>\n<p>Abodi: &#8220;Argento staffetta del biathlon, giorno olimpico che sembra non finire&#8221;<\/p>\n<p>&#8220;Argento vivo per la nostra staffetta mista del biathlon !! Secondo giorno di Milano-Cortina 2026 che sembra non finire mai, con il medagliere degli Azzurri che arriva a 6! Un secondo posto frutto dell\u2019impresa di Tommaso Giacomel, Lukas Hofer, Dorothea Wierer e Lisa Vittozzi che nell\u2019ultima frazione mette un punto esclamativo italiano sul podio, incorniciando il lavoro fatto dai compagni di squadra. Che bella questa disciplina dove il cuore batte veloce nella sciata e deve rallentare al momento del tiro, dove il controllo e la concentrazione sono fondamentali e l\u2019Italia \u00e8 esempio ed eccellenza. Complimenti a una squadra che regala emozioni!&#8221;. Lo scrive sui social il ministro per lo Sport e i giovani, Andrea Abodi.\u00a0<\/p>\n<p>Leggi di pi\u00f9 <\/p>\n<p>16:48<\/p>\n<p>Milano Cortina, brutta caduta per Vonn nella libera: cosa \u00e8 successo<\/p>\n<p>La campionessa olimpica di Vancouver gareggiava con il crociato anteriore sinistro rotto dopo l&#8217;infortunio di Crans Montana. I suoi Giochi sono durati poco pi\u00f9 di 10 secondi. Trasportata in ospedale con l&#8217;elicottero, le sue condizioni saranno da valutare.<\/p>\n<p><a href=\"https:\/\/tg24.sky.it\/sport\/2026\/02\/08\/milano-cortina-2026-lindsey-vonn-caduta\" title=\"Milano Cortina, brutta caduta per Vonn nella libera: cosa \u00e8 successo\" class=\"lvbg-post-link\" data-intcmp=\"skytg24_liveblog_liveblog-preview_null\" data-analytics-element=\"liveblog-preview\" rel=\"nofollow noopener\" target=\"_blank\"><img alt=\"Milano Cortina, brutta caduta per Vonn nella libera: cosa \u00e8 successo\" style=\"opacity:0;transition:opacity 0.3s\" class=\"lvbg-post-link__image\"\/>Milano Cortina, brutta caduta per Vonn nella libera: cosa \u00e8 successoVai al contenuto <\/a><\/p>\n<p>16:42<\/p>\n<p>Dalmasso: &#8220;Non smetto di piangere, continuo a toccare la medaglia&#8221;<\/p>\n<p>&#8220;Non ho ancora smesso di piangere. Continuo a toccare la medaglia di bronzo perch\u00e9 ancora non ci credo&#8221;. Lucia Dalmasso ha ancora gli occhi lucidi in conferenza stampa dopo il bronzo conquistato alle Olimpiadi di Milano Cortina nello slalom gigante parallelo, dopo aver battuto nella finale per il terzo posto la compagna di squadra Elisa Caffont. &#8220;Mi ha fatto i complimenti. Questa medaglia dimostra che bisogna continuare a crederci e sognare&#8221;. Dalmasso si riferisce al suo terribile infortunio avuto a 18 anni, quando era una promessa dello sci alpino: la rottura del legamento crociato di entrambe le ginocchia.\u00a0<\/p>\n<p>Leggi di pi\u00f9 <\/p>\n<p>16:36<\/p>\n<p>Da Franzoni-Vinatzer a Paris-Sala, ufficializzate le formazioni azzurre per la combinata a squadre<\/p>\n<p>Sono state ufficializzate le formazioni azzurre per la combinata a squadre di domani a Bormio. Questi gli accoppiamenti decisi dall&#8217;Italia Team dopo la riunione tecnica di oggi: Giovanni Franzoni &#8211; Alex Vinatzer, Dominik Paris &#8211; Tommaso Sala, Mattia Casse &#8211; Tommaso Saccardi e Florian Schieder- Tobias Kastlunger.\u00a0<\/p>\n<p>La combinata a squadre prevede una gara a coppie, \u00a0per nazioni, con un atleta impegnato in discesa libera e l&#8217;altro \u00a0nello slalom. Per definire la classifica e assegnare le medaglie, si sommeranno i tempi delle due prove.<\/p>\n<p>Leggi di pi\u00f9 <\/p>\n<p>16:29<\/p>\n<p>Curling, il Tas respinge il ricorso di Romei per il reintegro in squadra<\/p>\n<p>Il Tribunale Arbitrale dello Sport (Tas) ha respinto i due ricorsi presentati dall&#8217;atleta di curling Angela Romei contro la Federazione Italiana Sport del Ghiaccio (Fisg) e la World Curling (WCF) in merito ai criteri della selezione azzurra per i Giochi Olimpici di Milano-Cortina 2026. La 28enne Romei, atleta di punta del curling italiano, era stata esclusa dalla lista dei convocati per i Giochi Invernali ufficializzata dalla Fisg lo scorso 20 gennaio. Lista che invece includeva la giovane Rebecca Mariani, figlia del dt della Nazionale, una scelta considerata dalla pugliese non basata sulla meritocrazia ma esempio di nepotismo. Da qui la decisione di ricorrere al Tas per chiedere l&#8217;annullamento della scelta compiuta dalla Fisg e il reintegro nella squadra olimpica, che invece resta invariata dopo il pronunciamento del Tas.\u00a0<\/p>\n<p>Leggi di pi\u00f9 <\/p>\n<p>16:24<\/p>\n<p>Johnson: &#8220;So che Vonn tifava per me dall&#8217;elicottero&#8221;<\/p>\n<p>&#8220;Non ho altre informazioni, se non che il suo allenatore ha detto che lei mi stava tifando dall&#8217;elicottero. Quindi spero che tutto vada per il meglio per lei. Spero che non sia troppo grave e mi dispiace davvero per lei. A volte questo sport \u00e8 davvero brutale&#8221;. La neo campionessa olimpica di discesa libera, Breezy Johnson, parla cos\u00ec in conferenza stampa, dopo la vittoria a Cortina d&#8217;Ampezzo, della compagna di squadra statunitense Lindsey Vonn caduta durante la discesa e soccorsa in pista con l&#8217;elicottero.\u00a0<\/p>\n<p>Leggi di pi\u00f9 <\/p>\n<p>16:19<\/p>\n<p>Milano-Cortina, l&#8217;argento della squadra italiana di biathlon<\/p>\n<p>16:14<\/p>\n<p>Curling, quinta vittoria per Constantini-Mosaner: Repubblica Ceca battuta 8-2<\/p>\n<p>Stefania Constantini e Amos Mosaner incassano la quinta vittoria su 7 match nel curling olimpico di Milano-Cortina. La coppia azzurra, oro a Pechino nel doppio, allunga la striscia di risultati utili per approdare alle semifinali battendo la repubblica Ceca con il punteggio di 8-2. Pochissimi gli errori del duo azzurro che sembra essere tornato ai livelli dell&#8217;oro del 2022.\u00a0<\/p>\n<p>16:09<\/p>\n<p>Milano-Cortina, Dalmasso: &#8220;Medaglia bellissima&#8221;<\/p>\n<p>Raggiante Lucia Dalmasso, dopo aver battuto la connazionale Elisa Caffont e aver vinto il bronzo ai Giochi di Milano-Cortina, a Livigno, nello slalom parallelo gigante femminile di snowboard. &#8220;Ho fatto quello che potevo e ho cercato di spingere il pi\u00f9 possibile, va bene cos\u00ec. Medaglia bellissima&#8221;, ha detto l&#8217;azzurra, ai microfoni di RaiSport. Per lei lacrime e sorrisi prima e dopo il podio.\u00a0<\/p>\n<p><img decoding=\"async\" src=\"https:\/\/www.europesays.com\/it\/wp-content\/uploads\/2026\/02\/dalmasso1_ansa.jpg\" alt=\"Lucia Dalmasso\" loading=\"lazy\"\/><\/p>\n<p class=\"lvbg-post-image__credits-v2\">\u00a9Ansa<\/p>\n<p>16:04<\/p>\n<p>Goggia: &#8220;Tre medaglie in discesa in tre edizioni dei Giochi \u00e8 speciale e unico&#8221;<\/p>\n<p>&#8220;Io so che tutti da me si aspettavano che vincessi l&#8217;oro qui a Cortina in discesa libera, perch\u00e9 tutti mi hanno fatto domande da anni sulla gara che abbiamo disputato oggi sulle Tofane a Cortina, ma portare a casa una medaglia, indipendentemente dal colore, e riuscire ad essere in tre edizioni di Olimpiadi invernali consecutive sul podio in discesa libera \u00e8 qualcosa di speciale, di unico ed estremamente raro. E&#8217; chiaro che di questo sono molto contenta. Della mia prestazione, guardando solo la sciata, sicuramente posso dire che ci sono state tante imperfezioni&#8221;. Lo ha detto l&#8217;azzurra Sofia Goggia dopo il bronzo conquistato in discesa libera ai Giochi di Milano-Cortina, la terza medaglia olimpica della campionessa bergamasca in tre edizione dei Giochi. \u00a0<\/p>\n<p>Leggi di pi\u00f9 <\/p>\n<p>15:59<\/p>\n<p>Lindsey Vonn trasferita all&#8217;ospedale di Cortina<\/p>\n<p>Lindsey Vonn \u00e8 stata trasportata all&#8217;ospedale Codivilla di Cortina D&#8217;Ampezzo dopo la rovinosa caduta nella discesa libera sulla pista Olympia. Sul posto \u00e8 intervenuto l&#8217;elicottero Falco 2 del Soccorso Alpino, per il suo recupero. Come da protocollo, il tecnico di elisoccorso \u00e8 stato calato con un verricello di 90 metri sulla pista Caprioli, sotto il Rifugio Pomedes, dove l&#8217;atleta era gi\u00e0 stata imbarellata dal personale del Soccorso sanitario. Vonn \u00e8 stata issata a bordo e trasportata al Punto medico avanzato e da l\u00ec, dopo i controlli, trasferita nell&#8217;ambulanza diretta all&#8217;ospedale di Cortina.\u00a0<\/p>\n<p>Leggi di pi\u00f9 <\/p>\n<p>15:54<\/p>\n<p>Fischnaller amaro: &#8220;Le Olimpiadi bestia pi\u00f9 forte di me&#8221;<\/p>\n<p>&#8220;Le Olimpiadi sono una bestia pi\u00f9 forte di me&#8221;. Roland Fischnaller non \u00e8 &#8220;deluso&#8221; o &#8220;arrabbiato&#8221; dopo l&#8217;eliminazione ai quarti di finale dello slalom gigante parallelo di snowboard sulle nevi del Mottolino di Livigno. La medaglia olimpica, per lui che ha disputato sette edizioni dei Giochi, resta maledetta. &#8220;Sono molto grato per essere qui, per aver partecipato. Ci ho provato ma \u00e8 difficile. Ho dimostrato tanto altre volte, ma nelle Olimpiadi proprio non ce l&#8217;ho&#8221;. Una debacle per tutta la squadra azzurra maschile, che guarda invece il bronzo di Lucia Dalmasso. &#8220;Non sappiamo gestire i grandi eventi &#8211; l&#8217;amara considerazione sulla pressione -, ci manca continuit\u00e0. Purtroppo \u00e8 cos\u00ec ma non so il perch\u00e9. L&#8217;obiettivo \u00e8 di arrivare l\u00ec, ma non abbiamo la mentalit\u00e0 di arrivare a vincere. Quello ci manca e mi mancano un po&#8217; le parole&#8221;.\u00a0<\/p>\n<p>Leggi di pi\u00f9 <\/p>\n<p>15:49<\/p>\n<p>Goggia: &#8220;Giornata speciale, ho pensato a Elena Fanchini  che mi ha aiutato da lass\u00f9&#8221;<\/p>\n<p>&#8220;Bronzo? Alla fine devo solo star zitta che ho fatto un&#8217;altra medaglia in una Olimpiade e basta, visto che non sai mai come vanno queste gare. Quindi ringraziamo. Poi tra l&#8217;altro oggi \u00e8 l&#8217;8 febbraio, una giornata speciale, non solo per quello che \u00e8 stata la gara d&#8217;apertura a questi giochi olimpici qui a Cortina, ma anche perch\u00e9 l&#8217;8 febbraio del 2023 ci lasciava Elena Fanchini e oggi quando sono tornata da colazione ho scritto un messaggio alla sorella Nadia dicendo che sarebbe stata una giornata speciale e sapevamo entrambi i motivi, quindi in qualche modo magari mi ha aiutato anche lei&#8221;. Lo ha detto l&#8217;azzurra Sofia Goggia dopo il bronzo nella discesa libera ai Giochi di Milano-Cortina, ricordando che l&#8217;8 febbraio del 2023 \u00e8 scomparsa la compagna di squadra Elena Fanchini. \u00a0\u00a0<\/p>\n<p><img decoding=\"async\" src=\"https:\/\/www.europesays.com\/it\/wp-content\/uploads\/2026\/02\/goggia_ansa.jpg\" alt=\"Goggia\" loading=\"lazy\"\/><\/p>\n<p class=\"lvbg-post-image__credits-v2\">\u00a9Ansa<\/p>\n<p>15:39<\/p>\n<p>La madre di Franzoni commossa: &#8220;Rosari e preghiere prima della gara, ora pu\u00f2 divertirsi&#8221;<\/p>\n<p>\u201cLe emozioni sono sempre fortissime, dal primo podio in Val Gardena non ho capito pi\u00f9 niente. Sono in un ciclone di emozioni, nell&#8217;occhio del ciclone. \u00c8 una cosa che mi stravolge, mi travolge. Da un mese e mezzo non dormo pi\u00f9 la notte. Da mamma, so ci\u00f2 che vale mio figlio&#8221;. Mamma Irene Franzoni risponde all\u2019Adnkronos e si commuove. Il giorno dopo la medaglia d\u2019argento di suo figlio Giovanni, nella discesa olimpica a Bormio, per\u00f2 non c\u2019\u00e8 pericolo. Nessun sogno, \u00e8 tutto vero: \u201cLa notte prima della gara ero andata a dormire alle 21 e mi sono svegliata alle 2. Da l\u00ec ho recitato tutti i rosari e le preghiere possibili e immaginabili. Pi\u00f9 che altro, speravo che arrivasse in fondo sano e salvo&#8221;.\u00a0<\/p>\n<p>Mamma Irene racconta l\u2019incontro con Giovanni dopo la vittoria e non trattiene le lacrime: \u201cL&#8217;ho aspettato fino all&#8217;ultimo \u2013 spiega &#8211; perch\u00e9 tra conferenze e altre cose \u00e8 stata un\u2019attesa lunghissima\u201d. Poi, \u00e8 bastato uno sguardo: \u201cEro l\u00e0 e non capivo pi\u00f9 nulla, volevo solo abbracciare mio figlio. Era impossibile. Ci siamo visti, mi ha guardata e mi ha detto \u2018Mamma\u2019, mostrandomi la medaglia. E niente, l\u2019ho abbracciato\u201d.\u00a0<\/p>\n<p>Mamma Irene guarder\u00e0 adesso alle prossime gare (forse) con un po\u2019 di tranquillit\u00e0 in pi\u00f9: \u201cPenso che Giovanni sia ormai diventato grande. Riesce a capire tutta la situazione e a gestirla, insieme a tutte queste emozioni. Non perdere il focus \u00e8 tanta roba&#8221;. A Milano Cortina, non \u00e8 finita: \u201cOra che ha messo la prima medaglia al collo si pu\u00f2 divertire. Chiss\u00e0&#8230; &#8220;.\u00a0<\/p>\n<p>Leggi di pi\u00f9 <\/p>\n<p>15:32<\/p>\n<p>Prima gara oggi per Ghiotto, recordman azzurro di pattinaggio velocit\u00e0<\/p>\n<p>I primi pattini avevano le rotelle, poi la conversione al ghiaccio. Un amore che, proprio come la compagna di squadra Francesca Lollobrigida, oro ieri nei 3.000 metri, nasce guardando le Olimpiadi di Torino 2006. Vent&#8217;anni dopo, con i Giochi invernali nuovamente in Italia, Davide Ghiotto \u00e8 una delle punte di diamante della squadra azzurra del pattinaggio di velocit\u00e0.<\/p>\n<p>Tre volte campione del mondo e bronzo olimpico a Pechino 2022 sui 10.000 metri, sulla distanza pi\u00f9 lunga detiene anche il primato di 12:25.692, fatto segnare in Coppa del Mondo a Calgary nel gennaio 2025. Per il campione di Altavilla Vicentina l&#8217;anno pre-olimpico, iniziato con il record del mondo sui 10.000 metri, \u00e8 stato puntellato di successi: ai Mondiali di Hamar, in Norvegia, si \u00e8 portato a casa oltre al terzo oro consecutivo sui 10.000, anche un argento nell&#8217;inseguimento a squadre. E&#8217; rimasto appena ai piedi del podio invece sui 5.000 metri. Su questa distanza \u00e8 fresco di un bronzo agli Europei del gennaio 2026, quando ha vinto anche l&#8217;inseguimento a squadre.<\/p>\n<p>Trentadue anni compiuti a dicembre, atleta delle Fiamme Gialle e padre di due figli, Ghiotto \u00e8 alla terza partecipazione olimpica, dopo Pyeongchang 2018 e Pechino 2022. Se dalla Cina \u00e8 tornato a casa con un bronzo al collo, ai Giochi in casa prover\u00e0 a superarsi. In attesa dell&#8217;inseguimento a squadre in programma il 17 febbraio e dei suoi amati 10.000 venerd\u00ec 13, l&#8217;Olimpiade di Davide Ghiotto inizia oggi, con la gara dei 5.000 metri. L&#8217;appuntamento \u00e8 alle 16 al Milano Speed Skating Studium di Rho, dove ieri Francesca Lollobrigida ha conquistato il primo oro italiano dei Giochi di Milano-Cortina. In pista questo pomeriggio anche il pattinatore milanese Riccardo Lorello, argento su questa distanza agli ultimi Europei, e il trentino Michele Malfatti, altro veterano della squadra azzurra.\u00a0<\/p>\n<p>Leggi di pi\u00f9 <\/p>\n<p>15:27<\/p>\n<p>Caduta sulle Tofane nel 2022, per Johnson oro e lacrime<\/p>\n<p>Un oro olimpico arrivato con un percorso a ostacoli. Breezy Johnson non ha nascosto l&#8217;emozione sul podio della discesa, vinta sulle Tofane, sulla stessa pista che l&#8217;aveva vista protagonista di una caduta in prova nel 2022 e che la costrinse a saltare i Giochi di Pechino. La caduta dell&#8217;americana avvenne in prova, nella stessa tappa in cui, qualche giorno dopo, Sofia Goggia cadde in Super G e si infortun\u00f2, per poi effettuare un recupero record e conquistare l&#8217;argento in Cina. L&#8217;americana ha anche saltato l&#8217;intera stagione 2023-24 per una squalifica di 14 mesi, per aver saltato tre volte i controlli antidoping. Un fatto per il quale, ha raccontato, aveva pensato al ritiro.\u00a0<\/p>\n<p>Leggi di pi\u00f9 <\/p>\n<p>15:12<\/p>\n<p>Milano Cortina, biathlon: Italia d&#8217;argento nella staffetta mista<\/p>\n<p>Medaglia d&#8217;argento per la staffetta mista del biathlon. Il quartetto azzurro composto da Tommaso Giacomel, Lukas Hofer, Dorothea Wierer e Lisa Vittozzi hanno chiuso al secondo posto nella 4X6 km alle spalle della Francia.\u00a0<\/p>\n<p><img decoding=\"async\" src=\"https:\/\/www.europesays.com\/it\/wp-content\/uploads\/2026\/02\/biathlon_ansa.jpg\" alt=\"Biathlon\" loading=\"lazy\"\/><\/p>\n<p class=\"lvbg-post-image__credits-v2\">\u00a9Ansa<\/p>\n<p>15:06<\/p>\n<p>Calderoli: &#8220;Goggia? &#8216;Mola&#8217; mia&#8217;. \u00c8 l&#8217;Atalanta delle nevi&#8221;<\/p>\n<p>Sofia Goggia? Una &#8216;Dea&#8217;, intesa in senso<br \/>\ncalcistico, il che per un bergamasco e&#8217; comunque il massimo. E cosi&#8217;<br \/>\nRoberto Calderoli saluta i successi della sciatrice azzurra spiegando che<br \/>\n&#8220;tutta Bergamo e&#8217; orgogliosa di Sofia, la nostra Atalanta delle nevi, la<br \/>\nnostra &#8216;Dea&#8217; della velocita&#8217;&#8221;. &#8220;Nessuno come lei, con una carriera appunto<br \/>\ndi grandi successi e gravi infortuni, costruita sul suo carattere, sulla<br \/>\nsua tenacia, sulla sua forza d&#8217;animo, sul cuore prima che sui muscoli,<br \/>\nrappresenta al meglio il nostro motto, &#8216;mola&#8217; mia&#8217;, che abbiamo ripetuto<br \/>\nsei anni fa nei mesi terribili del Covid e ripetiamo sempre ogni volta che<br \/>\nsiamo in difficolta&#8217;&#8221;, riprende il ministro e storico esponente della<br \/>\nLega. &#8220;Immensa Sofia, grazie Sofia&#8221;, dice allora Calderoli che &#8220;da<br \/>\nconcittadino bergamasco e da italiano rivolgo i miei complimenti alla<br \/>\nnostra Sofia Goggia, autentico monumento dello sport nazionale capace di<br \/>\nvincere tre medaglie consecutive nella discesa libera in tre Olimpiadi,<br \/>\nsalendo su tutti i gradini del podio, prima nel 2018, seconda nel 2022 e<br \/>\nsplendida terza oggi a Cortina, nei Giochi di casa nostra. Il tutto &#8211;<br \/>\nsottolinea &#8211; tornando da una serie di gravissimi infortuni, operazioni<br \/>\nchirurgiche e riabilitazioni che avrebbero costretto chiunque ad<br \/>\narrendersi&#8221;.<\/p>\n<p>Leggi di pi\u00f9 <\/p>\n<p>15:02<\/p>\n<p>Milano Cortina, Ducrey (Cio): &#8220;Futuro combinata nordica? Useremo dati Giochi per decidere&#8221;<\/p>\n<p>&#8220;Il futuro olimpico della combinata nordica? Il nostro impegno \u00e8 sempre \u00a0stato quello di valutare la situazione per uomini e donne dopo questi \u00a0Giochi. Lo abbiamo comunicato tramite il nostro Comitato Esecutivo e \u00a0utilizzeremo i dati per valutare il livello di popolarit\u00e0 di questi \u00a0Giochi. Prenderemo quindi una decisione per (Alpi Francesi) 2030. Per \u00a0quanto riguarda la combinata nordica, questi Giochi ci forniranno molte \u00a0informazioni. Quando valutiamo lo sport, qualsiasi sport, non solo la \u00a0combinata nordica, cerchiamo l&#8217;universalit\u00e0 e una diffusione \u00a0dell&#8217;eccellenza ai vertici. E consideriamo se lo sport viene seguito sia \u00a0durante che fuori dai Giochi&#8221;. Lo ha spiegato Pierre Ducrey, direttore \u00a0sportivo del Cio. &#8220;Ci sono molti elementi e applichiamo esattamente gli \u00a0stessi criteri a qualsiasi sport. Questa particolare disciplina ha \u00a0dovuto affrontare delle sfide in passato, quindi vogliamo assicurarci di \u00a0analizzare i dettagli e di valutare i progressi compiuti da quando \u00a0abbiamo deciso di includerla nel 2026&#8221;.<\/p>\n<p>Leggi di pi\u00f9 <\/p>\n<p>14:46<\/p>\n<p>Milano Cortina, Lancellotta (Fdi): &#8220;Criminali anti Italia vanno fermati&#8221;<\/p>\n<p>&#8220;Mentre tutta l&#8217;Italia festeggiava la prima medaglia d&#8217;oro conquistata dalla nostra nazione alle Olimpiadi, i soliti criminali ammantati dalla veste di manifestanti hanno colto l&#8217;occasione per devastare Milano offrendo uno spettacolo vergognoso. Chi parla ancora di legittimo diritto di manifestare dissenso \u00e8 corresponsabile di questa vergogna che \u00e8 arrivato il momento di fermare. Basta ambiguit\u00e0. Arrivi condanna ferma da parte di tutti&#8221;. Cos\u00ec il deputato di Fratelli d&#8217;Italia Elisabetta Lancellotta, \u00a0Consigliere Nazionale del Coni.<\/p>\n<p>Leggi di pi\u00f9 <\/p>\n<p>14:45<\/p>\n<p>Abodi: &#8220;Meravigliosa Goggia e forza Vonn&#8221;<\/p>\n<p>&#8220;Secondo giorno e siamo a 4! Una meravigliosa Sofia<br \/>\nGoggia conquista la sua terza medaglia in tre edizioni dei Giochi. Il<br \/>\ncielo azzurro di Cortina si riflette nel bronzo di una straordinaria Sofia<br \/>\nche in discesa libera incide ancora una volta il suo nome sul libro delle<br \/>\nLeggende olimpiche. Un applauso va anche a Laura Pirovano, a Nicole Delago<br \/>\ne uno straspeciale a Federica che ha dimostrato che la volonta&#8217; a volte<br \/>\nbatte la scienza. E forza Lindsey Vonn&#8221;. Lo scrive su X il ministro dello<br \/>\nsport Andrea Abodi.<\/p>\n<p>Leggi di pi\u00f9 <\/p>\n<p>14:41<\/p>\n<p>Milano Cortina: Klaebo vince lo skiathlon, \u00e8 il sesto oro olimpico<\/p>\n<p>La sfida franco norvegese della prova maschile di skiathlon (10 km a tecnica classica con cambio di sci per gli altri a tecnica libera) in valle di Fiemme, seconda gara sugli sci stretti dell&#8217;olimpiade invernale MilanoCortina, \u00e8 stata risolta a proprio favore da Johannes Klaebo. Secondo pronostico il norvegese l&#8217;ha spuntata conquistando il suo sesto oro a cinque cerchi, il primo di questa edizione per inseguire il record di 8. Klaebo \u00e8 sempre stato fra i primi, ma a mezzo chilometro dell&#8217;arrivo \u00e8 scattato facendo il vuoto alle sue spalle.<br \/>\n\u00a0\u00a0\u00a0\u00a0La volata per la piazza d&#8217;onore \u00e8 stata vinta dal francese Mathis Desloges, che ha preceduto un altro norvegese, Martin Nyenget. Il giovane russo &#8220;neutrale&#8221; Saveliy Korostelev ha chiuso ai piedi del podio.<br \/>\n\u00a0\u00a0\u00a0\u00a0Eccellente la prova di Davide Graz, 8\/o a 49&#8221; e primo degli azzurri. Poi Elia Barp, 17\/o a 1:11.5, Federico Pellegrino 20\/o a 1:51.5 e Martino Carollo 23\/o a 2:16.5.<\/p>\n<p>Leggi di pi\u00f9 <\/p>\n<p>14:32<\/p>\n<p>Dalmasso medaglia di Bronzo nello Snowboard<\/p>\n<p>Lucia Dalmasso bronzo nel gigante parallelo femminile di snowboard. Nel derby tutto italiano per la medaglia, ha sconfitto Elisa Caffon. Il gigante parallelo femminile di snowboard \u00e8 stato vinto dalla ceca Zuzana Maderova, che ha conquistato l&#8217;oro battendo l&#8217;austriaca Helge Payer, medaglia d&#8217;argento.<\/p>\n<p><img decoding=\"async\" src=\"https:\/\/www.europesays.com\/it\/wp-content\/uploads\/2026\/02\/dalmasso_ansa.jpg\" alt=\"Dalmasso\" loading=\"lazy\"\/><\/p>\n<p class=\"lvbg-post-image__credits-v2\">\u00a9Ansa<\/p>\n<p>14:29<\/p>\n<p> Goggia: &#8220;Sono stata imprecisa ma ha influenzato caduta Vonn&#8221;<\/p>\n<p>&#8220;So di essere stata imprecisa nella gara di oggi ma dopo la caduta della Vonn e quell&#8217;attesa di 40 minuti, sono molto contenta di come ho gestito tutto a livello emotivo. Non si era messa proprio bene la situazione, quindi probabilmente avrei firmato per questo bronzo&#8221;. Cos\u00ec Sofia Goggia commenta il risultato nella discesa libera di Cortina ai microfoni di Rai Sport.\u00a0\u00a0\u00a0&#8220;Sono abbastanza felice, sono un po&#8217; combattuta perch\u00e9 sono molto competitiva, l&#8217;oro in questa disciplina in tanti me l&#8217;hanno chiesto in questi quattro anni &#8211; aggiunge -. Un po&#8217; di dispacere c&#8217;\u00e8 per quel salto dello schuss per come l&#8217;ho affrontato, ma va bene cos\u00ec comunque \u00e8 solo la prima di quattro frecce da scagliare in questa Olimpiade. Io marted\u00ec ci sar\u00f2 alla combinata, sicuramente la faccio&#8221;.\u00a0\u00a0\u00a0\u00a0Goggia sottolinea poi come &#8220;nella visione generale delle cose, nel 2018 prima Olimpiade oro, a Pechino argento e qui inizio questa Olimpiade con un bronzo, quindi tre gare di discesa libera in tre Olimpiadi e tre podi, top, tanta roba&#8221;, conclude.<\/p>\n<p>Leggi di pi\u00f9 <\/p>\n<p>14:25<\/p>\n<p>Snowboard: medaglia sicura Italia, finale bronzo slalom gigante parallelo Caffont-Dalmasso<\/p>\n<p>E&#8217; bronzo per l&#8217;Italia nel gigante parallelo femminile di snowboard. A contenderselo, in un derby tutto azzurro, saranno Lucia Dalmasso e Elisa Caffon, sconfitte in semifinale rispettivamente dall&#8217;austriaca Helge Payer e dalla ceca Zuzana Maderova.<\/p>\n<p>14:19<\/p>\n<p>Rai, M5s: gravissimo censurare Usigrai su figuraccia Olimpica<\/p>\n<p>&#8220;Alla disastrosa telecronaca Rai della cerimonia di<br \/>\napertura delle Olimpiadi di Milano Cortina, condita da Paolo Petrecca con<br \/>\nerrori e gaffe in serie, si aggiunge la gravissima censura del comunicato<br \/>\nin cui Usigrai denuncia l&#8217;imbarazzante telecronaca del direttore di<br \/>\nRaisport che ha colpito la credibilita&#8217; dell&#8217;azienda di servizio pubblico<br \/>\ne di chi ci lavora&#8221;, dicono i 5 Stelle in Vigilanza Rai. &#8220;Usigrai &#8211;<br \/>\nprosegue una nota &#8211; scrive anche che il vertice aziendale, ancora in<br \/>\nsilenzio dopo tre voti di sfiducia al direttore, non puo&#8217; fare finta di<br \/>\nnulla e deve assumersi fino in fondo le responsabilita&#8217; delle sue scelte.<br \/>\nAlla Rai ormai siamo alle politiche di regime per provare a nascondere ai<br \/>\ncittadini quello che hanno gia&#8217; visto con sconcerto in diretta<br \/>\ntelevisiva&#8221;. &#8220;Ormai i buoi sono scappati dalla stalla e la condotta della<br \/>\nRai in queste ore, se possibile, aggiunge danni al disastro gia&#8217; compiuto.<br \/>\nSolleveremo la gravita&#8217; di questo atto antisindacale in tutte le sedi<br \/>\nistituzionali opportune&#8221;, dicono ancora gli esponenti M5s.<\/p>\n<p>Leggi di pi\u00f9 <\/p>\n<p>14:15<\/p>\n<p>Milano Cortina, quote: ora tocca a Fontana: caccia all&#8217;oro nello short track<\/p>\n<p>Arianna Fontana, la storia vivente degli sport invernali italiani, \u00e8 \u00a0pronta a graffiare nuovamente il ghiaccio dello short track. La prima \u00a0sfida che la vedr\u00e0 protagonista \u00e8 la staffetta mista di marted\u00ec 10 \u00a0febbraio, dove l&#8217;Italia recita il ruolo della mina vagante: l&#8217;oro \u00a0azzurro, come riporta Agipronews, si gioca a 11 su Goldbet e Better. \u00a0Stessa quota per la sua gara regina, i 500 metri femminili: nonostante \u00a0Arianna sia la campionessa olimpica in carica da due edizioni \u00a0consecutive, il tris \u00e8 offerto ancora a 11. Pi\u00f9 in salita la strada nei \u00a01000 metri, dove il successo vale 16 volte la posta, mentre gli occhi di \u00a0tutti sono puntati sulla staffetta femminile, distanza che le ha \u00a0regalato tre podi ma mai il metallo pi\u00f9 prezioso: l\u2019oro mancante \u00e8 a \u00a06,50.<\/p>\n<p>Leggi di pi\u00f9 <\/p>\n<p>14:10<\/p>\n<p>Snoboard. due azzurre in semifinale, medaglia sicura<\/p>\n<p>Medaglia sicura per l&#8217;Italia nello<br \/>\nsnowboard femminile. Lucia Dalmasso ed Elisa Caffont, infatti, si sono<br \/>\nqualificate per la semifinale dello slalom parallelo gigante femminile di<br \/>\nsnowboard, in corso a Livigno. Dalmasso ha battuto la polacca Krol-Walas<br \/>\ndi 26 centesimi, Caffont ha vinto contro la giapponese Miki di 2<br \/>\ncentesimi. Alle 14.12 le semifinali rispettivamente contro Payer e<br \/>\nMaderova.<\/p>\n<p>14:09<\/p>\n<p>Milano Cortina, paura per Vonn: caduta e dramma ai Giochi<\/p>\n<p>Il dramma di Lindsey Vonn scuote i Giochi di Milano<br \/>\nCortina: la 41enne campionessa statunitense, attesissima dopo la decisione<br \/>\ndi gareggiare malgrado la lesione del legamento crociato, e&#8217; caduta<br \/>\nrovinosamente all&#8217;inizio della prova di discesa libera. La sciatrice del<br \/>\nMinnesota e&#8217; stata subito soccorsa con il toboga tra straziante urla di<br \/>\ndolore e disperazione (udite anche in tv) e portata in elicottero<br \/>\nall&#8217;ospedale Codivilla Putti di Cortina. In attesa del responso dei<br \/>\nmedici, e&#8217; immaginabile che la terribile caduta segnera&#8217; la fine di una<br \/>\ncarriera favolosa che avrebbe voluto chiudere sul podio di una pista, Le<br \/>\nTofane, in cui aveva trionfato 12 volte. L&#8217;incidente si e&#8217; verificato sul<br \/>\nmuro della parte alta, quando la Vonn ha inforcato col braccio una porta<br \/>\nsu un dosso sbilanciandosi mentre era in aria. Cadendo ha appoggiato male<br \/>\nil ginocchio destro, quello con la protesi, e ha subito la compressione<br \/>\nmentre rotolando nella neve per parecchi metri. L&#8217;americana e&#8217; rimasta<br \/>\nferma sulla pista in una posizione innaturale e faceva fatica a muoversi.<br \/>\nLa gara e&#8217; stata sospesa per una ventina di minuti e tra il pubblico di<br \/>\nCortina e&#8217; sceso un gelo, ben al di sotto del -1 segnato dal termometro.<br \/>\nIn tribuna c&#8217;erano anche i parenti e il rapper americano Snoop Dogg. Ai<br \/>\npiedi della pista si e&#8217; messa le mani nei capelli la compagna di squadra<br \/>\nBreezy Johnson, reduce dalla prova che le sarebbe valsa l&#8217;oro. Tutti erano<br \/>\nconsapevoli che la Vonn stava affrontando una sfida titanica: una gara<br \/>\nolimpica con il ginocchio destro con protesi parziale e il sinistro con<br \/>\nlegamento crociato rotto, forse nella caduta di Crans Montana. Sperava<br \/>\nnella sua seconda medaglia olimpica dopo Vancouver 2010 e la prova della<br \/>\nvigilia, chiusa al terzo posto, era stata incoraggiante.<\/p>\n<p>Leggi di pi\u00f9 <\/p>\n<p>13:50<\/p>\n<p> Ministro Giuli, &#8216;nessuno spazio a chi fomenta odio&#8217;<\/p>\n<p>\u201cDura condanna per quanto accaduto a Bologna e piena solidariet\u00e0 e vicinanza alle forze dell&#8217;ordine per gli scontri avvenuti a Milano. Questi avvenimenti, a poche ore dalla cerimonia di inaugurazione di Milano-Cortina, rischiano di offuscare il lavoro di quanti, con dedizione, professionalit\u00e0 e amore per la patria, hanno reso e continueranno a rendere grande l&#8217;Italia agli occhi del mondo. La recrudescenza di un clima di violenza che pensavamo appartenesse al passato evidenzia come la scelta del Governo di tutelare maggiormente i cittadini e le forze dell\u2019ordine, attraverso il nuovo decreto sicurezza fosse necessaria e urgente. Nessuno spazio a chi fomenta odio\u201d. Lo dichiara il Ministro della Cultura, Alessandro Giuli.<\/p>\n<p>Leggi di pi\u00f9 <\/p>\n<p>13:42<\/p>\n<p>Salvini in tribuna per discesa libera con bronzo Goggia<\/p>\n<p>C&#8217;\u00e8 anche il ministro dei trasporti Matteo Salvini a Cortina per la discesa libera femminile dei Giochi di Milano-Cortina. Il ministro dopo aver assistito alla doppia medaglia nella discesa libera maschile a Bormio ha seguito anche il bronzo conquistato da Sofia Goggia sulla Olympia delle Tofane.\u00a0<\/p>\n<p>13:29<\/p>\n<p>Sofia Goggia \u00e8 bronzo nella discesa libera<\/p>\n<p>Sofia Goggia ha vinto la medaglia di bronzo nella discesa libera di Milano Cortina. L&#8217;olimpionica azzurra ha chiuso al terzo posto scendendo in pista dopo l&#8217;interruzione per la caduta choc di Lindsay Vonn, prova olimpica condizionata anche da altri incidenti che hanno causato diversi stop. Oro all&#8217;americana Breezy Johnson, argento alla tedesca Emma Aicher.<\/p>\n<p>13:26<\/p>\n<p>Goggia, tre Olimpiadi sempre a medaglia \u00e8 qualcosa di grande<\/p>\n<p>&#8220;L&#8217;ultimo colore che mi mancava. Sono un po&#8217; dispiaciuta, ho sbagliato sullo Schuss delle Tofane, sono arrivata al Duca d&#8217;Aosta che sentivo che non andavo avanti. Anche l&#8217;attesa per la caduta della Vonn non ha aiutato&#8221;. Sofia Goggia commenta cos\u00ec alle tv la sua prestazione nella discesa libera di Cortina. &#8220;Vediamo le cose pi\u00f9 da un punto di vista generale, sono tre olimpiadi sempre a medaglia. \u00c8 qualcosa di grande&#8221;, aggiunge la sciatrice delle Fiamme Gialle che a Pyeongchang 2018 aveva vinto l&#8217;oro e a Pechino 2022 la medaglia d&#8217;argento.<\/p>\n<p>Leggi di pi\u00f9 <\/p>\n<p>13:22<\/p>\n<p>Goggia, &#8216;bronzo? Unico colore che mi manca in discesa ai giochi&#8217;<\/p>\n<p>Bronzo? Mi manca l&#8217;ultimo colore alle Olimpiadi, la gara deve ancora finire ma sono dispiaciuta perch\u00e9 l&#8217;attesa non \u00e8 stata di semplice gestione. Sono rimasta focalizzata su quello che dovevo fare, avevo gli incubi della prima traversa che oggi mi \u00e8 riuscita bene mentre ho sbagliato alle Tofane. Peccato, ma se la gara finisce cos\u00ec sono comunque tre medaglie in queste disciplina&#8221;. Cosi Sofia Goggia alla Rai dopo la sua prova nella discesa libera alle Olimpiadi di Milano Cortina, dove \u00e8 ora attualmente terza.\u00a0<\/p>\n<p>Leggi di pi\u00f9 <\/p>\n<p>13:20<\/p>\n<p>Discesa libera senza pace, gara riprende dopo diverse cadute<\/p>\n<p>Dopo la caduta di Lindsey Vonn, la discesa olimpica \u00e8 stata interrotta nuovamente a causa della caduta dell&#8217;andorrana Cande Moreno. La discesista, scesa col pettorale 26, \u00e8 rimasta a terra ed \u00e8 stata portata via con l&#8217;elicottero. Caduta anche per l&#8217;austriaca Nina Ortlieb, che si \u00e8 rialzata senza conseguenze.\u00a0<\/p>\n<p>13:15<\/p>\n<p>Sci, inchino al pubblico di Laura Pirovano dopo discesa<\/p>\n<p>Ottima gara di Laura Pirovano che scesa con il pettorale numero 8 ha chiuso in seconda posizione dietro la statunitense Breezy Johnson a +0.94. L&#8217;azzurra prima si \u00e8 sdraiata a terra dopo aver superato il traguardo e poi ha fatto un inchino al pubblico festante per la prestazione. \u00a0<\/p>\n<p>13:09<\/p>\n<p>Nel Villaggio a Milano anche i preservativi &#8216;olimpici&#8217;<\/p>\n<p>Nel Villaggio olimpico ci sono anche preservativi e assorbenti a tema. A svelarlo \u00e8 stata la pattinatrice sul ghiaccio Olivia Smart, portabandiera della Spagna alla cerimonia inaugurale di Milano Cortina allo stadio San Siro. &#8220;Per chiunque si stia chiedendo dei preservativi olimpici, io li ho trovati&#8221; ha detto l&#8217;atleta in un video postato sui social, inquadrando poi gli assorbenti e i preservativi &#8216;brandizzati&#8217; dai Giochi e con il logo della Regione Lombardia. Il suo video \u00e8 stato rilanciato sui social anche dal presidente della Lombardia Attilio Fontana: &#8220;S\u00ec, nel Villaggio Olimpico forniamo gratuitamente profilattici agli atleti. Se a qualcuno sembra strano, non \u00e8 consapevole della prassi olimpica consolidata. Inizi\u00f2 a Seul 1988 per sensibilizzare atleti e giovani nella prevenzione verso malattie sessualmente trasmissibili, un tema che non deve creare imbarazzo&#8221;, ha ricordato il governatore, sottolineando che la Regione, dal punto di vista sanitario, \u00e8 &#8220;in campo a 360 gradi per garantire ad atleti e team internazionali la massima assistenza in queste settimane. Un&#8217;azione &#8211; ha concluso &#8211; che fa parte dell&#8217;organizzazione olimpica, grazie alle quali abbiamo realizzato diverse opere dal Niguarda di Milano alla Valtellina, che restano ai lombardi dopo il grande evento che stiamo ospitando. La salute prima di tutto: prevenzione concreta e buon senso&#8221;.<\/p>\n<p>Leggi di pi\u00f9 <\/p>\n<p>13:00<\/p>\n<p>Milano, Gelmini (Nm): &#8220;Ancora scontri. Condanna unanime, no alibi&#8221;<\/p>\n<p>&#8220;Petardi, bottiglie e persino un blocco di cemento<br \/>\nlanciato contro le forze dell&#8217;ordine, a cui va tutta la mia solidarieta&#8217;.<br \/>\nQuanto accaduto ieri sera nel quartiere Corvetto di Milano e&#8217; gravissimo e<br \/>\ninaccettabile. Ancora scontri, ancora tensione tra antagonisti e agenti in<br \/>\ndivisa. Immagini violente che nulla hanno a che fare con le Olimpiadi e<br \/>\ncon lo spirito olimpico&#8221;. Cosi&#8217; Mariastella Gelmini. La senatrice di Noi<br \/>\nModerati aggiunge: &#8220;La condanna sia ferma e soprattutto unanime. A<br \/>\nMilano-Cortina non c&#8217;e&#8217; spazio per la violenza e il tentativo di questi<br \/>\ncriminali di macchiare la credibilita&#8217; e l&#8217;immagine di una citta&#8217; e<br \/>\ndell&#8217;Italia va contrastato con ogni mezzo. Nessuna giustificazione. Nessun<br \/>\nalibi&#8221;.<\/p>\n<p>Leggi di pi\u00f9 <\/p>\n<p>12:56<\/p>\n<p>Brignone: &#8220;Contenta della performance, bello stare in gara&#8221;<\/p>\n<p>&#8220;Sono contenta della mia performance,<br \/>\nvisto come sono arrivata qui: non sono quella dell&#8217;anno scorso, con stessi<br \/>\nchilometri e fiducia, pero&#8217; sono contenta. Se penso solo a come stavo la<br \/>\nsettimana scorsa, e&#8217; tanta roba&#8221;. Federica Brignone commenta cosi&#8217; a<br \/>\nRaisport la sua discesa olimpica a Cortina, un appuntamento che sembrava a<br \/>\nrischio fino a qualche giorno fa per via del suo calvario dopo il brutto<br \/>\ninfortunio e che invece l&#8217;ha vista tra le protagoniste in gara. &#8220;Ora ho<br \/>\nbisogno di calmarmi un attimo &#8211; spiega la 35enne carabiniera valdostana,<br \/>\nottava al momento dello stop per la caduta di Lindsey Vonn &#8211; Salti e<br \/>\natterraggi sono stati potenti, devo darmi un po&#8217; di sollievo ma sono<br \/>\nsoddisfatta. Fossi arrivata qui l&#8217;anno scorso sarebbe stato diverso, ma<br \/>\nsolo stare in gara oggi e&#8217; stato speciale&#8221;<\/p>\n<p>Leggi di pi\u00f9 <\/p>\n<p>12:52<\/p>\n<p>Milano Cortina, brutta caduta per Vonn nella libera: cosa \u00e8 successo<\/p>\n<p>\u00c8 durato pochi secondi il sogno della quarta medaglia olimpica in carriera, a 41 anni, per Lindsey Vonn. La sciatrice americana, che aveva scelto di gareggiare a <a href=\"https:\/\/tg24.sky.it\/sport\/olimpiadi\" data-intcmp=\"skytg24_liveblog_interlink_text\" rel=\"nofollow noopener\" target=\"_blank\">Milano Cortina 2026<\/a>nonostante la rottura del crociato anteriore del ginocchio sinistro rimediata a Crans Montana in Coppa del Mondo a poche settimane dai Giochi, \u00e8 caduta rovinosamente dopo poco pi\u00f9 di 10 secondi dall\u2019inizio della discesa libera, prima gara del programma olimpico dello sci alpino femminile.<\/p>\n<p><a href=\"https:\/\/tg24.sky.it\/sport\/2026\/02\/08\/milano-cortina-2026-lindsey-vonn-caduta\" title=\"Milano Cortina, brutta caduta per Vonn nella libera: cosa \u00e8 successo\" class=\"lvbg-post-link\" data-intcmp=\"skytg24_liveblog_liveblog-preview_null\" data-analytics-element=\"liveblog-preview\" rel=\"nofollow noopener\" target=\"_blank\"><img alt=\"Milano Cortina, brutta caduta per Vonn nella libera: cosa \u00e8 successo\" style=\"opacity:0;transition:opacity 0.3s\" class=\"lvbg-post-link__image\"\/>Milano Cortina, brutta caduta per Vonn nella libera: cosa \u00e8 successoVai al contenuto <\/a><\/p>\n<p>12:52<\/p>\n<p>Caduta per Cande Moreno<\/p>\n<p>Cande Moreno (Andorra) cade e si fa male al ginocchio. Soccorsi in azione e gara interrotta.<\/p>\n<p>12:49<\/p>\n<p>Discesa femminile, classifica provvisoria<\/p>\n<ul>\n<li>1. Breezy Johnson (Usa) 1.36.10<\/li>\n<li>2. Emma Aicher (Ger) +0.04<\/li>\n<li><strong>3. Sofia Goggia (Ita) <\/strong>+0.59<\/li>\n<li>4. Jacqueline Wiles (Usa) +0.86<\/li>\n<li>4. Cornelia Huetter (Aut) +0.86<\/li>\n<li><strong>6. Laura Pirovano (Ita) <\/strong>+0.94<\/li>\n<li><strong>10.<\/strong> <strong>Federica Brignone (Ita<\/strong>) +1.19<\/li>\n<li><strong>11. Nicol Delago (Ita)<\/strong> +1.55<\/li>\n<\/ul>\n<p>12:48<\/p>\n<p>Milano Cortina: \u00e8 &#8216;pin mania&#8217;, code per accaparrarsi le spillette<\/p>\n<p>La pin-mania \u00e8 scoppiata anche a Milano, dentro e fuori il Villaggio Olimpico. Code infinite sui marciapiedi, numeri contingentati e una &#8216;caccia al tesoro&#8217; partita il primo giorno dei Giochi: alle 8 di mattina sull&#8217;account YesMilano viene pubblicato l&#8217;esatto punto di distribuzione e le spille possono essere richieste solo a partire dalle 12 di quel giorno. Anche \u00a0Warner Bros. Discovery (WBD) ha aperto un Official Olympics Pin Trading Center, uno spazio celebrativo che attira anche i pi\u00f9 piccoli grazie alla collezione dedicata ai Looney Tunes e dove i grandi collezionisti hanno una zona riservata di scambio e vendita.<br \/>\n\u00a0\u00a0\u00a0\u00a0C&#8217;\u00e8 chi \u00e8 alla sua sedicesima Olimpiade e ha &#8216;apparecchiato&#8217; un poncho dove appendere tutti i piccoli trofei (e qualcuno doppio o triplo lo regala ai bambini che incontra per strada); c&#8217;\u00e8 l&#8217;atleta canadese che corre ad abbracciare la giapponese, non \u00e8 una reunion, non si conoscono ma da lontano ha visto una pin che ancora non c&#8217;\u00e8 nella sua collezione.<br \/>\n\u00a0\u00a0\u00a0\u00a0YesMilano, l&#8217;agenzia di promozione ufficiale della citt\u00e0, ha realizzato in collaborazione con Fondazione Milano Cortina 2026 una collezione che comprende 12 spillette olimpiche e paralimpiche, 5 dedicate ai simboli di Milano, Duomo, Castello Sforzesco, Torre Velasca, San Siro e il Panettone e 7 dedicate ai quartieri da Brera ai Navigli, da Sarpi (la Chinatown milanese) e NoLo (la periferia che strizza l&#8217;occhio a Soho e segna la sua rigenerazione).<\/p>\n<p>Leggi di pi\u00f9 <\/p>\n<p>12:48<\/p>\n<p>Milano Cortina, Cio: &#8220;Nessun impatto dei droni sugli atleti&#8221;<\/p>\n<p>I droni che vengono utilizzati a Milano Cortina 2026 per le riprese televisive delle gare &#8220;non risulta che abbiano un impatto significativo. Ma dobbiamo comunque essere certi che non siano un ostacolo alla migliore performance&#8221;. Lo ha detto in conferenza stampa Pierre Ducrey, direttore sportivo del Cio.<br \/>\n\u00a0\u00a0\u00a0\u00a0Per la direttrice sportiva di Milano Cortina, Anna Riccardi &#8220;abbiamo valutato sentendo la comunit\u00e0 degli atleti, le situazioni diverse da atleta ad atleta e la loro sensibilit\u00e0. Al momento non ci risulta nessuna lamentela da dissuadere all&#8217;utilizzo dei droni&#8221;, ha concluso.<\/p>\n<p>Leggi di pi\u00f9 <\/p>\n<p>12:46<\/p>\n<p>Milano-Cortina, funzionari polizia: &#8220;Protesta \u00e8 legittima la violenza no&#8221; <\/p>\n<p>&#8220;In occasione del corteo contro le Olimpiadi<br \/>\ninvernali Milano-Cortina, ancora una volta, condotte violente e<br \/>\norganizzate &#8211; travisamenti, lanci di petardi, bottiglie e fumogeni,<br \/>\ntentativi di forzare i dispositivi di sicurezza e di raggiungere<br \/>\ninfrastrutture strategiche &#8211; hanno finito per offuscare e svilire le<br \/>\nragioni di una manifestazione che avrebbe potuto e dovuto concludersi in<br \/>\nmodo pacifico, nel pieno rispetto del diritto costituzionale di<br \/>\nmanifestare&#8221;. Ad affermarlo e&#8217; Enzo Letizia, segretario dell&#8217;associazione.<br \/>\n&#8220;E&#8217; necessario ribadirlo con chiarezza &#8211; continua Letizia -: la protesta<br \/>\ne&#8217; legittima, la violenza no. Quando una minoranza sceglie deliberatamente<br \/>\nlo scontro, mette a rischio l&#8217;incolumita&#8217; dei cittadini, dei manifestanti<br \/>\nstessi e degli operatori di polizia, e costringe lo Stato ad attivare<br \/>\nstrumenti di contenimento indispensabili per tutelare la sicurezza<br \/>\ncollettiva. L&#8217;Anfp evidenzia come la professionalita&#8217;, l&#8217;equilibrio e il<br \/>\nsenso di responsabilita&#8217; dimostrati, anche in questo, dal personale di<br \/>\npolizia, in un contesto operativo ad alta tensione, caratterizzato da<br \/>\nvariabili complesse e da un elevato rischio di degenerazione, abbia<br \/>\nevitato l&#8217;ulteriore degenerazione degli scontri con le forze dell&#8217;ordine&#8221;.<br \/>\n&#8220;In questo quadro &#8211; conclude il leader sindacale &#8211; l&#8217;associazione apprezza<br \/>\ne ringrazia la presidente del Consiglio, Giorgia Meloni, per aver ancora<br \/>\nuna volta espresso solidarieta&#8217; alle forze di polizia impegnate a<br \/>\ngarantire l&#8217;ordine pubblico e la sicurezza dei cittadini. Un segnale<br \/>\nistituzionale importante, che riconosce il valore e la delicatezza del<br \/>\nlavoro svolto quotidianamente da chi opera in prima linea per la tutela<br \/>\ndelle liberta&#8217; democratiche. Garantire il diritto di manifestare e, al<br \/>\ntempo stesso, prevenire e contrastare le violenze e&#8217; il cuore stesso di<br \/>\nuno Stato democratico&#8221;.<\/p>\n<p>Leggi di pi\u00f9 <\/p>\n<p>12:45<\/p>\n<p>Milano Cortina, M5s: &#8220;Condanna violenze ma c.destra non nasconda flop&#8221;<\/p>\n<p>&#8220;Anche sulle violenze che hanno macchiato la<br \/>\nmanifestazione pacifica di ieri a Milano, cosi&#8217; come e&#8217; avvenuto per i<br \/>\nfatti di Torino, e&#8217; doverosa la ferma condanna delle forze politiche. Il<br \/>\nM5s lo fa anche in questa circostanza: chi ieri ha strumentalizzato la<br \/>\nmanifestazione di Milano per scopi che nulla hanno a che vedere con<br \/>\nl&#8217;espressione del dissenso ha violato la legge e la civilta&#8217; e deve essere<br \/>\ncondannato di conseguenza. Ai solerti esponenti del centrodestra che<br \/>\nquesta mattina stanno recitando il solito coretto organizzato in cui<br \/>\nsollecitano altri esponenti politici a dissociarsi da comportamenti a cui<br \/>\nloro li associano in modo strumentale, ricordiamo che queste sceneggiate<br \/>\nnon copriranno le loro responsabilita&#8217; sul mancato presidio della<br \/>\nsicurezza. In Italia in troppi possono fare quello che gli pare perche&#8217; le<br \/>\npolitiche del governo hanno fallito in modo dirompente. Se pensano di<br \/>\ncavarsela con raffiche di comunicati stampa e varando ogni volta norme<br \/>\ninutili, grottesche o liberticide per inseguire la cronaca, vuol dire che<br \/>\nintendono portare il loro fallimento alle estreme conseguenze. Noi in<br \/>\nquesti giorni non abbiamo chiesto dimissioni al ministro responsabile<br \/>\ndella sicurezza, il centrodestra all&#8217;opposizione lo fece quando a<br \/>\ndevastare erano i neofascisti contro la sede di un sindacato o i no vax:<br \/>\nma capiamo che serieta&#8217;, lucidita&#8217; e coerenza non albergano nell&#8217;attuale<br \/>\ngoverno&#8221;. Lo affermano i parlamentari lombardi del M5S Valentina Barzotti,<br \/>\nAntonio Ferrara, Bruno Marton e Elena Sironi.<\/p>\n<p>Leggi di pi\u00f9 <\/p>\n<p>12:42<\/p>\n<p>Milano Cortina, Sighel: &#8220;Prezzi dei biglietti limitanti, non invogliano&#8221;<\/p>\n<p>&#8220;La polemica sui biglietti? La federazione ha messo un po&#8217; una pezza, nel senso che ha comprato un biglietto a testa per ogni atleta che partecipa alle gare. \u00c8 un po&#8217; limitante per gli italiani il fatto di venire a vedere i nostri eventi, soprattutto considerando che noi facciamo sei giornate nella prima fascia a quel prezzo&#8221;. Lo ha detto il pattinatore italiano Pietro Sighel, rispondendo a una domanda sul tema dei prezzi dei biglietti per i Giochi Olimpici invernali di Milano-Cortina 2026.\u00a0\u00a0\u00a0\u00a0&#8220;Io non l&#8217;ho mai detto per polemizzare, ma per raccontare una realt\u00e0, proprio perch\u00e9 siamo uno sport minore. Speravo che almeno la prima fascia fosse un po&#8217; pi\u00f9 economica, per far s\u00ec che pi\u00f9 persone, soprattutto quelle titubanti o indecise, potessero invogliarsi a venire a vedere una gara che magari non hanno mai visto. Spendere 150 euro per vedere una giornata su sei fa riflettere, soprattutto oggi, per quanto costa la vita in Italia e per tutti i problemi economici che ci sono. Mi \u00e8 dispiaciuto per questo&#8221;.<\/p>\n<p>Leggi di pi\u00f9 <\/p>\n<p>12:41<\/p>\n<p>Milano Cortina, Sighel: &#8220;L&#8217;oro sarebbe la chiusura del cerchio&#8221;<\/p>\n<p>&#8220;Cosa faccio se vinco l&#8217;oro? Mi ritiro (ride, ndr). Nei miei sogni ci sarebbe vincere l&#8217;oro e ritirarmi. Non lo far\u00f2, per una serie di cose, ma semplicemente riuscirei a chiudere un cerchio per l&#8217;obiettivo che ho in questa fase della mia vita. Se ce la far\u00f2, bene. Se non ce la far\u00f2, pazienza, ci riprover\u00f2 fra quattro anni e quello che succeder\u00e0 succeder\u00e0. Penso sia l&#8217;Olimpiade che casca nei miei anni migliori, arrivo pi\u00f9 pronto&#8221;. Lo ha detto il pattinatore italiano Pietro Sighel, pronto all&#8217;esordio marted\u00ec ai Giochi Olimpici di Milano-Cortina 2026 dopo le due medaglie vinte a Pechino 2022 nello short track.<br \/>\n\u00a0\u00a0\u00a0\u00a0&#8220;Il livello \u00e8 molto alto, per\u00f2 penso che anche noi siamo migliorati e siamo sicuramente pi\u00f9 forti &#8211; ha aggiunto il 26enne trentino -. Quest&#8217;anno con la mista abbiamo faticato, in realt\u00e0 come quattro anni fa, quindi ovviamente il mio auspicio \u00e8 quello di riuscire a indovinare la gara al momento giusto, che \u00e8 la cosa che conta di pi\u00f9. Le carte per fare bene le abbiamo, per\u00f2 non sar\u00e0 semplice perch\u00e9 il livello \u00e8 veramente alto. Le rivali pi\u00f9 pericolose? Direi Olanda e Canada: nella staffetta mista sono quelle pi\u00f9 competitive&#8221;.<\/p>\n<p>Leggi di pi\u00f9 <\/p>\n<p>12:32<\/p>\n<p>Discesa femminile, classifica provvisoria<\/p>\n<ul>\n<li>1.Breezy Johnson (Usa) 1.36.10<\/li>\n<li>2.Emma Aicher (Ger) +0.04<\/li>\n<li><strong>3. Sofia Goggia (Ita) <\/strong>+0.59<\/li>\n<li>4.Cornelia Huetter (Aut) +0.86<\/li>\n<li><strong>5.Laura Pirovano (Ita) <\/strong>+0.94<\/li>\n<li>9. <strong>Federica Brignone (Ita<\/strong>) +1.19<\/li>\n<li>10. <strong>Nicol Delago (Ita)<\/strong> +1.55<\/li>\n<\/ul>\n<p>12:27<\/p>\n<p>Terzo tempo per Sofia Goggia<\/p>\n<p>Sofia Goggia \u00e8 terza quando sono scese le prime 17 atlete della discesa libera. L&#8217;azzurra paga 59 centesimi all&#8217;americana Breezy Johnson, che ne ha 4 di vantaggio sulla tedesca Emma Aicher.<\/p>\n<p><img decoding=\"async\" src=\"https:\/\/www.europesays.com\/it\/wp-content\/uploads\/2026\/02\/goggia_asna.JPG\" alt=\"Goggia\" loading=\"lazy\"\/><\/p>\n<p class=\"lvbg-post-image__credits-v2\">\u00a9Ansa<\/p>\n<p>12:26<\/p>\n<p>Milano Cortina: Vonn portata via in elicottero, gara riprende<\/p>\n<p>Lindsey Vonn \u00e8 stata caricata sull&#8217;elicottero con un verricello e portata via in direzione del punto di primo soccorso, dove verranno fatti i primi accertamenti e verr\u00e0 deciso se sar\u00e0 indirizzata all&#8217;ospedale olimpico Codivilla a Cortina d&#8217;Ampezzo. Possibile il trasferimento agli ospedali di Belluno o Treviso. Quando l&#8217;elicottero \u00e8 passato, dalla tribuna si \u00e8 levato un applauso. La gara riprende dopo un&#8217;interruzione di venti minuti.<\/p>\n<p>12:25<\/p>\n<p>Milano Cortina, Brignone: &#8220;Contenta, ma lo scorso anno sarebbe stato diverso&#8221;<\/p>\n<p>&#8220;Sono contenta della mia performance, visto come sono arrivata qui. So che se fossi arrivata qua l&#8217;anno scorso sarebbe stato diverso&#8221;. Federica Brignone commenta cos\u00ec, ai microfoni di Rai Sport, la discesa di Cortina. &#8220;Chiaramente non sono quella dell&#8217;anno scorso, non ho gli stessi chilometri, non ho la stessa fiducia, non ho quello che avevo l&#8217;anno scorso, per cui sono molto molto contenta di quello che ho fatto oggi &#8211; ha aggiunto -. Per me fare comunque una prestazione del genere, per come stavo anche solo la settimana scorsa, \u00e8 tanta roba ed \u00e8 la prima tappa di un percorso olimpico ancora molto lungo&#8221;.\u00a0\u00a0\u00a0\u00a0&#8220;Adesso ho bisogno di calmarmi un attimo. Tutti questi salti, queste cose sono state abbastanza potenti, soprattutto tutti gli atterraggi, per cui dovr\u00f2 dare un po&#8217; di sollievo a tibia e tutto. Ripeto, sono soddisfatta &#8211; ha concluso -, gi\u00e0 solo essere in gara oggi per me \u00e8 stato veramente speciale, quindi sono contenta. Non mi vedrete nella team combined di domani&#8221;.<\/p>\n<p>Leggi di pi\u00f9 <\/p>\n<p>12:20<\/p>\n<p>Milano Cortina: elicottero in volo per soccorrere Vonn, gara interrotta<\/p>\n<p>Un elicottero sta volando sull&#8217;Olimpia delle Tofane, in direzione del luogo in cui sono in corso i soccorsi a Lindsey Vonn. La sciatrice americana non si \u00e8 rialzata dalla caduta e la gara \u00e8 stata interrotta. Le immagini mostrano chiaramente entrambe le gambe in torsione nel corso della caduta spaventosa e, quando \u00e8 calato il silenzio, si sono sentite le urla dell&#8217;atleta.<\/p>\n<p>12:12<\/p>\n<p>Ministro Lollobrigida: &#8220;Atleti Milano Cortina da record come il made in Italy&#8221;<\/p>\n<p>Quello italiano \u00e8 &#8220;un sistema legato all&#8217;agroalimentare che tocca un record di 73 miliardi di export, straordinario. Con una crescita del valore delle filiere che porta il reddito agli agricoltori mediamente a crescere, in Italia, del 12,5%. Ora abbiamo davanti tanti record anche nelle competizioni sportive&#8221;. Lo evidenzia il ministro dell&#8217;Agricoltura, Francesco Lollobrigida, in un videomessaggio diffuso durante un evento Coldiretti a Bormio, in occasione delle Olimpiadi di Milano Cortina.\u00a0\u00a0\u00a0\u00a0Lollobrigida \u00e8 convinto che i promotori del Made in Italy e gli atleti azzurri impegnati ai Giochi &#8220;rappresentino la pi\u00f9 bella nazione del mondo&#8221;. &#8220;Abbiamo necessit\u00e0 di raggiungere tanti obiettivi &#8211; aggiunge Lollobrigida &#8211; e lavorato raccontando al mondo che c&#8217;erano pericoli dalla standardizzazione del cibo, abbiamo lavorato per proibire la carne sintetica. Con l&#8217;Italia prima nazione a farlo, seguita di tanti altri. Abbiamo lavorato per raggiungere il record di investimenti sull&#8217;agricoltura rispetto a qualsiasi altro governo che ci abbia preceduto, cambiando le scelte sul Pnrr, moltiplicando per tre i contributi previsti per il mondo agricolo, proibendo i pannelli a terra che tolgono terreno alla produzione di cibo, ma riuscendo lo stesso insieme agli imprenditori agricoli a garantire una produzione di energia verde utilizzando le stalle, le pertinenze delle aziende agricole. Abbiamo lavorato per garantire che la cucina italiana divenisse la prima cucina al mondo ad essere riconosciuta come patrimonio immateriale dell&#8217;Unesco&#8221;.<\/p>\n<p>Leggi di pi\u00f9 <\/p>\n<p>12:07<\/p>\n<p>Milano Cortina, standing ovation per Brignone: ma \u00e8 fuori dal podio<\/p>\n<p>Il pubblico di Cortina ha accolto con una standing ovation l&#8217;immagine sui maxi schermi di Federica Brignone al cancelletto di partenza della discesa libera. L&#8217;azzurra, scesa col pettorale n.3 e arrivata al traguardo seconda provvisoria, ha salutato gli spettatori soddisfatta, ma chiude in 1&#8217;37&#8243;29 ed \u00e8 gi\u00e0 fuori dal podio.<br \/>\n\u00a0\u00a0\u00a0\u00a0Tra il pubblico anche il presidente del Coni Luciano Buonfiglio, il presidente della Fondazione Milano Cortina Giovanni Malag\u00f2, il presidente onorario del Cio Thomas Bach e l&#8217;ex nuotatrice Federica Pellegrini.<\/p>\n<p>Leggi di pi\u00f9 <\/p>\n<p>12:06<\/p>\n<p>Milano Cortina, Cio: &#8220;Contenti dei rapporti con l&#8217;amministrazione Usa&#8221;<\/p>\n<p>&#8220;Siamo molto contenti del rapporto che abbiamo con l&#8217;amministrazione americana, soprattutto in vista dei Giochi di Los Angeles. Bisogna che ci sia un rapporto di reciproca fiducia e stima&#8221;. Lo ha affermato il portavoce del Comitato olimpico internazionale, Mark Adams, in conferenza stampa a Milano.\u00a0\u00a0\u00a0\u00a0Alla richiesta di dettagli sul dialogo tra la presidente del Cio Christine Coventry con Marco Rubio e JD Vance, Adams ha detto di non aver dettagli, &#8220;per\u00f2 voglio garantire sin d&#8217;ora \u00a0che la nostra presidente far\u00e0 in modo che ci sia la possibilit\u00e0 che Los Angeles sia un successo&#8221;.\u00a0\u00a0\u00a0\u00a0Il portavoce del Cio ha risposto anche su alcune contestazioni del pubblico ai politici Usa, attraverso cartelli di protesta e &#8220;scuse&#8221;: &#8220;Nei biglietti &#8211; ha ricordato &#8211; ci sono delle indicazioni. Vogliamo che le persone si godano l&#8217;esperienza senza essere assillate da altre questioni. Ci possono essere sempre infrazioni &#8216;minori&#8217; al regolamento. Lo gestiremo localmente. Non conosco il caso specifico ma se c&#8217;\u00e8 una problematica la gestiremo&#8221;, ha concluso.<\/p>\n<p>Leggi di pi\u00f9 <\/p>\n<p>12:03<\/p>\n<p>Milano Cortina: caduta choc per Vonn, l&#8217;americana grida per il dolore<\/p>\n<p>Caduta choc per Lindsey Vonn durante la discesa libera di Milano Cortina. L&#8217;americana, una delle favorite della discesa di oggi, \u00e8 finita a terra dopo pochi secondi di gara, prima del primo intermedio. In zona d&#8217;arrivo \u00e8 calato il silenzio e si \u00e8 sentito un urlo e le grida di dolore della sciatrice.<\/p>\n<p>12:00<\/p>\n<p>Milano Cortina: entusiasmo ad Anterselva, Biathlon Arena sold out<\/p>\n<p>Tanti tifosi ed entusiasmo ad Anterselva, nella tranquilla valle tra le vette innevate della cresta di confine. Per la prima gara di Milano Cortina, che vede gli azzurri tra i favoriti, la Biathlon Arena registra subito il tutto esaurito. 19.000 spettatori stanno raggiungendo lo stadio, in largo anticipo in vista del via alla mixed alle ore 14.05. Per l&#8217;Italia parte per primo Tommaso Giacomel, seguito da Lukas Hofer, mentre a Dorothea Wierer e Lisa Vittozzi spetta il finale.<br \/>\n\u00a0\u00a0\u00a0\u00a0\u00a0Alla Biathlon Arena si arriva solo con i bus navetta, che partono dalla stazione ferroviaria di Valdaora oppure dai parcheggi di Rasun e Anterselva di Mezzo. La Provincia di Bolzano ha disposto un servizio rafforzato di 60 pullman che garantiscono un afflusso senza intoppi, grazie anche a 1.000 volontari.<br \/>\n\u00a0\u00a0\u00a0\u00a0Non mancano tifosi con travestimenti eccentrici. &#8220;Il biathlon \u00e8 da sempre sport nazionale nei Paesi scandinavi&#8221;, spiega Hannes Kroess, media manager delle gare olimpiche ad Antherselva. Anche le gare di Coppa del mondo attirano migliaia e migliaia di tifosi di questo sport, nel quale un errore al poligono pu\u00f2 travolgere all&#8217;ultimo la classifica. &#8220;Il biathlon \u00e8 molto seguito anche in Francia e in Germania, anche se negli ultimi anni sempre pi\u00f9 italiani si sono appassionati a questo sport, grazie ai successi degli azzurri&#8221;, spiega. Nel frattempo un gruppo samba dagli spalti scalda la folla<\/p>\n<p>Leggi di pi\u00f9 <\/p>\n<p>11:59<\/p>\n<p>Cio: &#8220;A Milano non sono presenti agenti Ice&#8221;<\/p>\n<p>\u00a0&#8220;Voglio dire a chiare lettere che qui a Milano<br \/>\nnon ci sono agenti dell&#8217;Ice. Era stato detto subito che non sarebbero<br \/>\nstati presenti qui a Milano come alcuni manifestanti hanno affermato&#8221;. E&#8217;<br \/>\nquanto precisato dal portavoce e direttore della comunicazione del<br \/>\nComitato Olimpico Internazionale, Mark Adams, in merito della presunta<br \/>\npresenza di agenti Ice a Milano in occasione dei Giochi olimpici.<\/p>\n<p>11:58<\/p>\n<p>Discesa femminile, classifica provvisoria<\/p>\n<ol>\n<li>Breezy Johnson (Usa) 1.36.10<\/li>\n<li>Emma Aicher (Ger) +0.04<\/li>\n<li><strong>Laura Pirovano (Ita) <\/strong>+0.94<\/li>\n<li>Kajsa Vickhoff Lie (Nor) +0.98<\/li>\n<li>Ariane Raedler (Aut)+1.10<\/li>\n<li><strong>Federica Brignone (Ita) <\/strong>+1.19<\/li>\n<li><strong>Nicol Delago (Ita) <\/strong>+1.55<\/li>\n<\/ol>\n<p>11:55<\/p>\n<p>Milano Cortina, sci: inchino al pubblico di Laura Pirovano<\/p>\n<p>Ottima gara di Laura Pirovano che scesa con il pettorale numero 8 ha \u00a0chiuso in seconda posizione dietro la statunitense Breezy Johnson a \u00a0+0.94. L&#8217;azzurra prima si \u00e8 sdraiata a terra dopo aver superato il \u00a0traguardo e poi ha fatto un inchino al pubblico festante per la \u00a0prestazione.<\/p>\n<p><img decoding=\"async\" src=\"https:\/\/www.europesays.com\/it\/wp-content\/uploads\/2026\/02\/pirovano_getty.jpg\" alt=\"Pirovano\" loading=\"lazy\"\/><\/p>\n<p class=\"lvbg-post-image__credits-v2\">\u00a9Getty<\/p>\n<p>11:50<\/p>\n<p>Code tifosi ad Anterselva e Cortina per biathlon e sci<\/p>\n<p>&#8216;Big Sunday&#8217; all&#8217;insegna del solleone<br \/>\nai Giochi olimpici di Milano Cortina 2026. Migliaia di spettatori stanno<br \/>\nraggiungendo le tribune della pista Olympia delle Tofane per assistere<br \/>\nalla discesa libera femminile appena iniziata. Continua e&#8217; la spola delle<br \/>\nnavette dal centro di Cortina d&#8217;Ampezzo. Una lunghissima coda di persone<br \/>\nsi e&#8217; formata ad Anterselva dove oggi si aprira&#8217; il programma del biathlon<br \/>\ncon la staffetta mista.<\/p>\n<p>11:49<\/p>\n<p>Milano Cortina, Cio: &#8220;Proteste politiche legittime ma lasciar fuori la violenza&#8221;<\/p>\n<p>&#8220;Le proteste politiche sono legittime, e avvengono in molti Paesi in tutto il mondo, ma bisogna tracciare una linea: lasciar fuori la violenza che non ha nessun ruolo nei Giochi olimpici&#8221;. Lo ha detto stamani in conferenza stampa Mark Adams, portavoce del Cio, a proposito dei disordini avvenuti ieri a Milano.\u00a0\u00a0\u00a0\u00a0Sul fatto che le proteste siano contro il Governo italiano, Adams ha precisato di &#8220;non poter rispondere sul contesto politico italiano attuale&#8221;, ma &#8220;a parte tutto questo, credo che sia necessario semplicemente continuare con i Giochi, che possono diffondere il messaggio di unit\u00e0 e pace in tutto il mondo&#8221;.\u00a0\u00a0\u00a0\u00a0A proposito della presunta presenza di agenti Ice, Adams ha infine ribadito &#8220;a chiare lettere che non vi sono a Milano agenti dell&#8217;Ice. Sono a Roma, si occupano di altre questioni. Non voglio assolutamente che questa questione sia esagerata, \u00e8 stato detto subito che non vi sarebbero stati agenti Ice a Milano, come invece i manifestanti hanno affermato&#8221;, ha concluso.<\/p>\n<p>Leggi di pi\u00f9 <\/p>\n<p>11:47<\/p>\n<p>Milano Cortina: snowboard parallelo con sette azzurri avanti, Fischnaller leader<\/p>\n<p>Sette azzurri avanzano nel gigante parallelo dello snowboard con l&#8217;altoatesino Roland Fischnaller che segna il miglior tempo tra gli uomini (1:25.13) tallonato da Aaron March (1:26.08). &#8220;Giochiamo in casa, devo dire che su questa pista \u00e8 stato fatto un grande lavoro. Apprezzo tantissimo che posso essere ancora qua a 45 anni e mi diverto un sacco, certamente ho tanta esperienza e mi godo questa giornata fantastica&#8221; commenta a caldo il veterano degli Azzurri.<br \/>\n\u00a0\u00a0\u00a0\u00a0Si qualificano per gli ottavi di finale anche Mirko Felicetti (1:27.37) e Maurizio Bormolini (1:27.47). Tra le donne la ceca Ester Ledecka (1:30.79) \u00e8 in testa, seguita dalla compagna di squadra Zuzana Maderova (1::31.48) e dalla giapponese Tsubaki Miki (1:32.87) con Lucia Dalmasso (1:33.06) che se la gioca con il quarto tempo. Passa anche Elisa Caffon (1:33.38) e Jasmin Coratti (1:35.00) mentre la tagliola delle qualificazioni lascia fuori Sofia Valle (1:40.61).<\/p>\n<p>Leggi di pi\u00f9 <\/p>\n<p>11:47<\/p>\n<p>Fondazione Milano Cortina: &#8220;Sport \u00e8 dialogo, la violenza non vi appartiene&#8221;<\/p>\n<p>&#8220;Riteniamo che, esattamente come i valori del Cio, lo sport sia un \u00a0ambito di dialogo e di confronto. Il tutto per\u00f2 deve sempre avvenire \u00a0all&#8217;interno di un perimetro di rispetto e di confronto positivo. Tutto \u00a0ci\u00f2 che eccede e finisce nella violenza, o in manifestazioni che non \u00a0rientrano nel comune dialogo, non appartengono a questo mondo&#8221;. Lo ha \u00a0sottolineato stamani in conferenza stampa Luca Casassa, direttore della \u00a0comunicazione di Fondazione Milano Cortina 2026, rispondendo ai \u00a0giornalisti sulle proteste violente avvenute ieri a Milano. &#8220;Un \u00a0ringraziamento &#8211; ha aggiunto &#8211; va alle forze dell&#8217;ordine, con cui c&#8217;\u00e8 un \u00a0dialogo continuo e perenne, e a cui fa capo il comparto di sicurezza&#8221;.<\/p>\n<p>Leggi di pi\u00f9 <\/p>\n<p>11:44<\/p>\n<p>Applausi per Federica Brignone all&#8217;arrivo dopo la discesa<\/p>\n<p>Grandi applausi per Federica Brignone che, scesa con il pettorale numero \u00a0tre, ha chiuso al secondo posto a +0.09 dalla Raedler, tra i cori dei \u00a0tifosi italiani. La campionessa azzurra \u00e8 sembrata comunque soddisfatta \u00a0all&#8217;arrivo della sua prestazione.<\/p>\n<p><img decoding=\"async\" src=\"https:\/\/www.europesays.com\/it\/wp-content\/uploads\/2026\/02\/brignoneansa.JPG\" alt=\"Brignone\" loading=\"lazy\"\/><\/p>\n<p class=\"lvbg-post-image__credits-v2\">\u00a9Ansa<\/p>\n<p>11:33<\/p>\n<p>Milano Cortina, sci: lunghe file di spettatori per la discesa femminile <\/p>\n<p>Tanti spettatori e lunghe file per arrivare alla pista Olympia delle \u00a0Tofane con navette e bus che fanno la spola sfiorandosi sui tornanti che \u00a0dal centro salgono fino ai piedi della pista di Cortina. Sotto il sole \u00a0alle 11.30 partir\u00e0 la discesa libera femminile con le tribune che devono \u00a0ancora riempirsi. In corsa per una medaglia le azzurre Sofia Goggia e \u00a0Federica Brignone con Lindsey Vonn.<\/p>\n<p>11:29<\/p>\n<p>Milano Cortina, Scalfarotto (Iv): &#8220;Condanna netta delle violenze&#8221;<\/p>\n<p>&#8220;Le violenze avvenute ieri a Milano che hanno<br \/>\nlambito il villaggio olimpico vanno condannate. Una manifestazione contro<br \/>\ni giochi si e&#8217; trasformata nell&#8217;ennesimo pretesto per attaccare le forze<br \/>\ndell&#8217;ordine, cui va tutta la nostra vicinanza e tutto il nostro<br \/>\nringraziamento per quanto fanno per la nostra sicurezza. I disordini non<br \/>\nsono tollerabili, chi lancia sassi, petardi, perfino pezzi di cemento<br \/>\ncontro gli agenti e&#8217; un criminale e come tale va trattato&#8221;. Lo dice il<br \/>\nsenatore Ivan Scalfarotto, presidente di Italia Viva Milano metropolitana.<br \/>\n&#8220;Gia&#8217; protestare contro Milano-Cortina e&#8217; surreale, le emozioni che ci<br \/>\nregalano i giochi non hanno paragoni, basti pensare all&#8217;impresa storica di<br \/>\nFrancesca Lollobrigida. Quando poi le proteste sfociano in violenze e<br \/>\nscontri, la condanna delle istituzioni democratiche non puo&#8217; che essere<br \/>\nnetta e inequivocabile&#8221;, aggiunge Scalfarotto.<\/p>\n<p>Leggi di pi\u00f9 <\/p>\n<p>11:27<\/p>\n<p>Milano Cortina, Usigrai: &#8220;Sostretti al silenzio? Troppo tardi, i cittadini gi\u00e0 sanno&#8221;<\/p>\n<p>&#8220;La rassegna stampa di oggi \u00e8 impietosa. Ironia diffusa, polemiche, amarezza degli atleti con tanto di richiesta ufficiale di scuse. La telecronaca della Cerimonia di apertura dei Giochi, del tutto inadeguata, ha scontentato tutti. Ma i vertici aziendali restano trincerati dietro un imbarazzante silenzio. Quello che si prova ad imporre anche all&#8217;Usigrai negando la lettura di un comunicato che difende l&#8217;immagine delle giornaliste e dei giornalisti Rai.\u00a0\u00a0Una difesa che il vertice aziendale non pu\u00f2 fare, perch\u00e9 sa bene che \u00e8 principalmente sua la colpa di questa figuraccia&#8221;. Cos\u00ec in una nota l&#8217;esecutivo Usigrai torna sull&#8217;indisponibilit\u00e0 della Rai a pubblicare il comunicato dell&#8217;organismo sindacale che chiede ai vertici dell&#8217;azienda di assumersi la responsabilit\u00e0 di quanto accaduto con la telecronaca della serata di apertura dei giochi olimpici.\u00a0\u00a0\u00a0&#8220;Sostenere che non sia &#8216;materia sindacale&#8217; difendere la dignit\u00e0 di chi orgogliosamente lavora in Rai \u00e8 un&#8217;offesa alla reputazione dei suoi dipendenti, oltre che una violazione dei diritti&#8221; protesta il sindacato che aggiunge: &#8220;\u00e8 ingenuo pensare di nascondere la ripetuta difesa dell&#8217;azienda nei confronti del Direttore, in risposta a tre voti di sfiducia espressi in appena tre mesi verso Petrecca da parte di giornaliste e giornalisti di due testate del Servizio Pubblico&#8221;. &#8221; Non servir\u00e0&#8221; ripete l&#8217;Usigrai che conclude: &#8220;A quanti hanno paura che i cittadini sappiano di chi \u00e8 la responsabilit\u00e0 di questo duro colpo inferto alla reputazione della Rai, noi diciamo: \u00e8 troppo tardi. Perch\u00e9 i cittadini lo hanno gi\u00e0 capito&#8221;.<\/p>\n<p>Leggi di pi\u00f9 <\/p>\n<p>11:26<\/p>\n<p>Lupi: &#8220;Scontri e sabotaggi non riusciranno a rovinare le Olimpiadi&#8221;<\/p>\n<p>&#8220;Scontri e sabotaggi non riusciranno a rovinare le Olimpiadi ne&#8217; ad offuscare l&#8217;immagine dell&#8217;Italia nel mondo ma utilizzare la violenza durante le Olimpiadi e&#8217; una grave dimostrazione di irresponsabilit\u00e0 e di ignoranza abissale. Un atto contro il valore universale del messaggio olimpico che tutte le forze politiche devono condannare senza distinzioni. La violenza organizzata ed ideologica va espulsa dalla scena pubblica senza esitazione per il bene delle istituzioni democratiche&#8221;. Lo afferma il leader di Noi Moderati, Maurizio Lupi.<\/p>\n<p>Leggi di pi\u00f9 <\/p>\n<p>11:18<\/p>\n<p>Milano Cortina, Malan (FdI): &#8220;Basta distinguo. Sinistra condanni violenze&#8221;<\/p>\n<p>&#8220;Ancora immagini di violenze, di centri sociali che<br \/>\nassaltano citta&#8217; e Forze dell&#8217;Ordine. Non paghi di quanto fatto a Torino<br \/>\nla scorsa settimana sono tornati alla loro violenta opera, ma stavolta a<br \/>\nMilano che intanto e&#8217; impegnata nel rendere orgogliosa la nostra Nazione<br \/>\ncon i Giochi olimpici invernali. Un evento che tutto il mondo in questi<br \/>\ngiorni ci sta invidiando per organizzazione e bellezza. Una vittoria<br \/>\ndell&#8217;intera Italia offuscata dai soliti violenti, coccolati, tollerati o<br \/>\nsolo ambiguamente condannati dalla sinistra. Fratelli d&#8217;Italia dice basta.<br \/>\nLo abbiamo detto con le misure approvate qualche giorno fa a difesa della<br \/>\nliberta&#8217; di chi vuole manifestare pacificamente e di chi non vuole avere<br \/>\nla guerriglia davanti a casa. Lo ribadiamo oggi dopo le ennesime violenze.<br \/>\nE torniamo a chiedere a tutte le forze politiche, e in particolare alla<br \/>\nsinistra, di dissociarsi, di smetterla con i distinguo e di condannare<br \/>\nqueste violenze isolando chi fa della violenza il proprio credo e<br \/>\nriferimento ideologico. A maggior ragione ora che emergono video della<br \/>\nmanifestazione di Torino dove gli incappucciati di Askatasuna ricevono<br \/>\novazioni dai partecipanti &#8216;pacifici&#8217;, mentre i Giovani Democratici di<br \/>\nBergamo mantengono online il cartello &#8216;Meglio maiale che sionista&#8217;&#8221;. Lo<br \/>\ndice il presidente dei senatori di Fratelli d&#8217;Italia, Lucio Malan.<\/p>\n<p>Leggi di pi\u00f9 <\/p>\n<p>11:18<\/p>\n<p>Milano Cortina: Bassino e Palmisano all&#8217;arrivo, tifo super per la discesa donne<\/p>\n<p>In attesa della partenza della discesa libera femminile di Cortina d&#8217;Ampezzo ci sono la sciatrice azzurra Marta Bassino e la marciatrice tarantina Antonella Palmisano. Bassino, una delle pi\u00f9 forti sciatrici italiane degli ultimi anni, salta le Olimpiadi a causa di un infortunio, ma \u00e8 venuta a sostenere le sue compagne. Palmisano \u00e8 campionessa olimpica della 20 km di marcia, titolo conquistato a Tokyo nel 2021.\u00a0<\/p>\n<p>11:17<\/p>\n<p>Milano Cortina: torta con glassa e foto dei campioni, festa per Franzoni-Paris<\/p>\n<p>Pi\u00f9 riposo che celebrazioni per Giovanni Franzoni e Dominik Paris, festeggiati in hotel con due torte glassate con le immagini di una loro foto. I due medagliati nella discesa libera delle Olimpiadi di Milano Cortina hanno infatti preferito risparmiare energie e mantenere la concentrazione in vista dei prossimi impegni. Una festa, quindi, semplice, con i propri cari: un brindisi con i rispettivi fan club, la squadra e le famiglie, tanti cori e applausi. Sono arrivati i complimenti anche dal direttore tecnico del team, Massimo Carca: &#8220;Due podi nella stessa discesa olimpica non era mai successo. \u00c8 stata quindi una giornata storica. Complimenti al vecchio e al giovane&#8221;.\u00a0\u00a0\u00a0\u00a0Oggi i due azzurri faranno terapie e attenderanno la riunione tecnica di questa sera in cui verranno decisi gli accoppiamenti per la combinata a squadra di domani.<\/p>\n<p>Leggi di pi\u00f9 <\/p>\n<p>11:13<\/p>\n<p>Milano Cortina: ieri 2,8 milioni di spettatori su Rai 2 per la libera maschile<\/p>\n<p>Ottimi risultati di ascolto per Rai 2 che raggiunge traguardi &#8220;olimpionici&#8221; su molte delle discipline sportive trasmesse in giornata. In particolare, la &#8220;Discesa libera maschile di sci&#8221; \u00e8 stata seguita da 2 milioni 851mila spettatori, mettendo a segno il 30,4% di share tra le 11.27 e le 12.54. Anche nella prima serata Rai, le Olimpiadi hanno raccolto consensi: &#8220;Curling e Pattinaggio artistico&#8221; sono stati seguiti da 2 milioni 35mila spettatori con l&#8217;11,3% di share; in particolare 1.989.000 spettatori pari al 10.7% con il Curling dalle 21:01 alle 22:03 e 2.088.000 spettatori pari al 12% con il Pattinaggio Artistico dalle 22:06 alle 23.\u00a0\u00a0In generale la Rai ha battuto in ascolti Mediaset nell&#8217;intera giornata, mettendo a segno una media di quasi 4 milioni di spettatori (3,937 milioni) e quasi il 44% di share (43,97%) rispetto ai canali Mediaset che hanno raccolto una media di 3 milioni 142mila spettatori con uno share del 35,1%. In prima serata le reti della Rai hanno nel complesso fatto il 41,93% di share con una media di 7, 7 milioni di spettatori rispetto al 37,79% di Mediaset con meno di 7 milioni di spettatori medi (6,940)<\/p>\n<p>Leggi di pi\u00f9 <\/p>\n<p>11:11<\/p>\n<p>Milano Cortina, Anfp: &#8220;Violenze feriscono il diritto a manifestare&#8221; <\/p>\n<p>&#8220;In occasione del corteo contro le Olimpiadi invernali Milano-Cortina, \u00a0ancora una volta, condotte violente e organizzate come lanci di petardi, \u00a0bottiglie e fumogeni, tentativi di forzare i dispositivi di sicurezza e \u00a0di raggiungere infrastrutture strategiche, hanno finito per offuscare e \u00a0svilire le ragioni di una manifestazione che avrebbe potuto e dovuto \u00a0concludersi in modo pacifico, nel pieno rispetto del diritto \u00a0costituzionale di manifestare. \u00c8 necessario ribadirlo con chiarezza: la \u00a0protesta \u00e8 legittima, la violenza no. Quando una minoranza sceglie \u00a0deliberatamente lo scontro, mette a rischio l\u2019incolumit\u00e0 dei cittadini, \u00a0dei manifestanti stessi e degli operatori di polizia, e costringe lo \u00a0Stato ad attivare strumenti di contenimento indispensabili per tutelare \u00a0la sicurezza collettiva&#8221;. Cos\u00ec in una nota Enzo Letizia, segretario \u00a0dell&#8217;Anfp, associazione nazionale funzionari di polizia.<br \/>\n&#8220;L\u2019Anfp \u00a0evidenzia come la professionalit\u00e0, l\u2019equilibrio e il senso di \u00a0responsabilit\u00e0 dimostrati, anche in questo, dal personale di polizia, in \u00a0un contesto operativo ad alta tensione, caratterizzato da variabili \u00a0complesse e da un elevato rischio di degenerazione, abbia evitato \u00a0l&#8217;ulteriore degenerazione degli scontri con le forze dell&#8217;ordine. In \u00a0questo quadro &#8211; prosegue &#8211; l\u2019Associazione apprezza e ringrazia la \u00a0Presidente del Consiglio, Giorgia Meloni, per aver ancora una volta \u00a0espresso solidariet\u00e0 alle Forze di polizia impegnate a garantire \u00a0l\u2019ordine pubblico e la sicurezza dei cittadini. Un segnale istituzionale \u00a0importante, che riconosce il valore e la delicatezza del lavoro svolto \u00a0quotidianamente da chi opera in prima linea per la tutela delle libert\u00e0 \u00a0democratiche. Garantire il diritto di manifestare e, al tempo stesso, \u00a0prevenire e contrastare le violenze \u00e8 il cuore stesso di uno Stato \u00a0democratico&#8221;.<\/p>\n<p>Leggi di pi\u00f9 <\/p>\n<p>11:00<\/p>\n<p>Milano Cortina, La Russa: &#8220;Delinquenti provano a screditare nostra immagine&#8221;<\/p>\n<p>&#8220;Mentre il mondo rende ancora omaggio all&#8217;Italia per la bellissima cerimonia di apertura dei Giochi Olimpici di Milano-Cortina 2026, delinquenti e violenti provano a sabotare linee ferroviarie e scendono in piazza per creare disordini. \u00c8 totale e ferma la mia condanna per queste azioni che mirano a screditare la Nazione e a portare il Paese nel caos. Rivolgo agli organizzatori e ai volontari che lavorano per dare lustro all&#8217;Italia, e alle Forze dell&#8217;ordine, sempre in prima linea a tutela dei cittadini, la mia sincera solidariet\u00e0 e la mia profonda gratitudine&#8221;. Lo dichiara Ignazio La Russa, presidente del Senato della Repubblica.<\/p>\n<p>Leggi di pi\u00f9 <\/p>\n<p>10:58<\/p>\n<p>MI-CO, Crosetto: &#8220;Agenti presi a calci da violenti e &#8216;Stato'&#8221;<\/p>\n<p>Il governo vuole &#8220;evitare che i servitori dello<br \/>\nStato siano presi a calci un giorno dai manifestanti e poi dallo stato<br \/>\n(scritto in minuscolo apposta) stesso nelle settimane successive&#8221;: lo<br \/>\nscrive il ministro della Difesa, Guido Crosetto, in un post su X in cui<br \/>\ncommenta le polemiche politiche sul pacchetto sicurezza e allude alle<br \/>\nrecenti decisioni dei giudici sui responsabili di violenze in piazza. &#8220;Non<br \/>\nsono pericolosi delinquenti&#8221;, ironizza Crosetto, &#8220;quelli che hanno<br \/>\ntagliati i cavi per non far partire i treni ed hanno manifestato con<br \/>\nviolenza contro le Olimpiadi. No. E&#8217; il governo piuttosto che vuole<br \/>\ncercare il pretesto per? Per cosa? Per poter evitare che i gentili ragazzi<br \/>\nche manifestavano a Torino la loro liberta&#8217;, cercando di accarezzare con<br \/>\nun &#8216;martelletto&#8217; un pericoloso omaccione vestito con una divisa, siano<br \/>\nmessi in liberta&#8217; dopo 3 giorni in tempo magari per essere a Milano a fare<br \/>\nle stesse cose? Per poter evitare che i servitori dello Stato siano presi<br \/>\na calci un giorno dai manifestanti e poi dallo stato (scritto in minuscolo<br \/>\napposta) stesso nelle settimane successive? Per dare piu&#8217; mezzi a chi<br \/>\ndifende cittadini, leggi, democrazia, rispetto a chi vuole abbatterla?&#8221;.<\/p>\n<p>Leggi di pi\u00f9 <\/p>\n<p>10:43<\/p>\n<p>Milano Cortina: Lollobrigida torta in famiglia, poi sul ghiaccio ad allenarsi<\/p>\n<p>Doppia festa, con torta improvvisata, per la neo campionessa olimpica del pattinaggio di velocit\u00e0. Francesca Lollobrigida dopo il successo nei 3.000 metri ai Giochi di Milano Cortina e l&#8217;abbraccio al piccolo Tommaso che ha fatto il giro del mondo, si \u00e8 concessa una piccola festicciola in famiglia al Villaggio atleti, visto che era anche il suo compleanno.<br \/>\n\u00a0\u00a0\u00a0\u00a0In via eccezionale i genitori della pattinatrice romana, il marito, il figlio, la sorella e il mental coach sono entrati con la torta e l&#8217;hanno festeggiata in una sala della missione azzurra. Quando la famiglia ha lasciato il villaggio, l&#8217;azzurra \u00e8 stata accolta da un&#8217;ovazione nella mensa degli atleti dove c&#8217;erano i suoi tecnici. Stamattina Lollobrigida \u00e8 tornata subito in pista per allenarsi in vista delle prossime gare olimpiche.<\/p>\n<p>Leggi di pi\u00f9 <\/p>\n<p>10:25<\/p>\n<p>Milano Cortina, Pregliasco: &#8220;Letrozolo rilevante doping, agisce su ormoni&#8221; <\/p>\n<p>&#8220;In ambito antidoping il letrozolo e&#8217; rilevante<br \/>\nperche&#8217; puo&#8217; interferire con l&#8217;equilibrio ormonale, riducendo la<br \/>\nconversione del testosterone in estrogeni&#8221;: in una nota Fabrizio<br \/>\nPregliasco, direttore della scuola di specializzazione in igiene e<br \/>\nmedicina preventiva Universita&#8217; Statale di Milano, commenta la decisione<br \/>\ndi Rebecca Passler di fare ricorso al Tribunale Arbitrale Sportivo (TAS)<br \/>\ndopo la squalifica provvisoria che le e&#8217; stata comminata a seguito di un<br \/>\ncontrollo antidoping positivo. L&#8217;udienza e&#8217; stata fissata per martedi&#8217;.<br \/>\n&#8220;Il letrozolo e&#8217; un farmaco vero e proprio&#8221;, sottolinea Pregliasco, &#8220;un<br \/>\ninibitore dell&#8217;aromatasi, utilizzato soprattutto in oncologia, in<br \/>\nparticolare nel tumore della mammella, e talvolta anche off-label in<br \/>\nambito endocrinologico. Proprio perche&#8217; si tratta di un medicinale<br \/>\nspecifico, non rientra tra le sostanze che piu&#8217; frequentemente vengono<br \/>\nassociate a contaminazioni accidentali tipiche di alcuni integratori, come<br \/>\npuo&#8217; avvenire per stimolanti o pro-ormoni&#8221;. &#8220;In ambito antidoping il<br \/>\nletrozolo e&#8217; rilevante perche&#8217; puo&#8217; interferire con l&#8217;equilibrio ormonale,<br \/>\nriducendo la conversione del testosterone in estrogeni&#8221;, osserva<br \/>\nPregliasco, &#8220;per questo la WADA (World Anti-Doping Agency) lo inserisce<br \/>\nnella categoria S4, tra i modulatori ormonali e metabolici. L&#8217;ipotesi di<br \/>\ncontaminazione non puo&#8217; essere esclusa a priori, ma in genere e&#8217;<br \/>\ncompatibile solo con scenari particolari, come contaminazioni crociate in<br \/>\nfase di produzione, errori di confezionamento o scambi involontari di<br \/>\nfarmaci&#8221;. &#8220;In questi casi&#8221;, prosegue il direttore della scuola di<br \/>\nspecializzazione in igiene e medicina preventiva della Statale di Milano,<br \/>\n&#8220;per rendere credibile la ricostruzione, e&#8217; fondamentale disporre di<br \/>\nelementi oggettivi: analisi del prodotto sospetto e del lotto,<br \/>\ndocumentazione tracciabile e dati quantitativi del controllo antidoping.<br \/>\nAnche i livelli riscontrati e il profilo metabolico possono essere<br \/>\ndeterminanti, perche&#8217; aiutano a distinguere tra una possibile esposizione<br \/>\nminima accidentale e una assunzione piu&#8217; significativa. Solo mettendo<br \/>\ninsieme tutti questi elementi, clinici e analitici, e&#8217; possibile formulare<br \/>\nuna valutazione tecnica solida senza arrivare a conclusioni affrettate&#8221;.<\/p>\n<p>Leggi di pi\u00f9 <\/p>\n<p>10:24<\/p>\n<p>Milano Cortina, Crosetto: &#8220;Tollerare protagonisti scontri indebolisce Italia, non Meloni&#8221;<\/p>\n<p>&#8220;Non sono pericolosi delinquenti quelli che hanno tagliati i cavi per \u00a0non far partire i treni ed hanno manifestato con violenza contro le \u00a0Olimpiadi. No. \u00c9 il Governo piuttosto che vuole cercare il pretesto \u00a0per\u2026.? Per cosa? Per poter evitare che i gentili ragazzi che \u00a0manifestavano a Torino la loro libert\u00e0, cercando di accarezzare con un \u00a0&#8216;martelletto&#8217; un pericoloso omaccione vestito con una divisa, siano \u00a0messi in libert\u00e0 dopo 3 giorni in tempo magari per essere a Milano a \u00a0fare le stesse cose? Per poter evitare che i servitori dello Stato sia \u00a0presi a calci un giorno dai manifestanti e poi dallo stato (scritto in \u00a0minuscolo apposta) stesso nelle settimane successive? Per dare pi\u00f9 mezzi \u00a0a chi difende cittadini, leggi, democrazia, rispetto a chi vuole \u00a0abbatterla? Perch\u00e9 non riusciamo ad essere compatti almeno quando \u00e9 \u00a0giusto esserlo, nel condannare dei delinquenti violenti e nel difendere \u00a0la legalit\u00e0? Perch\u00e9 persino un ex capo della Polizia cerca di \u00a0polemizzare? Tra l\u2019altro dimenticando la sua stessa cultura politica, \u00a0che \u00e9 uguale alla mia, e la sua stessa storia perch\u00e9 ricordo benissimo \u00a0la &#8216;circolare Gabrielli&#8217; il giorno successivo i fatti di Piazza San \u00a0Carlo, giustamente durissima. Perch\u00e9 non \u00e8 possibile essere comunit\u00e0 \u00a0quando sarebbe doveroso esserlo? Chi si comporta come ieri a Milano o la \u00a0settimana scorsa a Torino non lo fa contro il Governo pro tempore, lo \u00a0fa contro lo Stato, la Repubblica, l\u2019Italia. Tollerarlo significa \u00a0indebolire l\u2019Italia non la Meloni&#8221;. Cos\u00ec, su X, il Ministro della Difesa \u00a0Guido Crosetto.<\/p>\n<p>Leggi di pi\u00f9 <\/p>\n<p>10:22<\/p>\n<p>Olimpiadi 2026, risultati di oggi: attesa per discesa libera femminile<\/p>\n<p>Dopo lo splendido oro di Francesca Lollobrigida nel pattinaggio di \u00a0velocit\u00e0 e l\u2019argento e il bronzo di Giovanni Franzoni e Dominik Paris in \u00a0discesa libera, oggi altra giornata di gare per gli azzurri. Attenzione \u00a0puntata sulla discesa libera delle donne a Cortina. Ecco le gare \u00a0principali della giornata.<\/p>\n<p><a href=\"https:\/\/tg24.sky.it\/sport\/2026\/02\/08\/olimpiadi-milano-cortina-2026-risultati-oggi-8-febbraio\" title=\"Olimpiadi 2026, risultati di oggi: attesa per discesa libera femminile\" class=\"lvbg-post-link\" data-intcmp=\"skytg24_liveblog_liveblog-preview_null\" data-analytics-element=\"liveblog-preview\" rel=\"nofollow noopener\" target=\"_blank\"><img alt=\"Olimpiadi 2026, risultati di oggi: attesa per discesa libera femminile\" style=\"opacity:0;transition:opacity 0.3s\" class=\"lvbg-post-link__image\"\/>Olimpiadi 2026, risultati di oggi: attesa per discesa libera femminileVai al contenuto <\/a><\/p>\n<p>10:19<\/p>\n<p>Milano Cortina: De Carlo (FdI), &#8220;Da partito del no solo linguaggio violenza&#8221;<\/p>\n<p>&#8220;C&#8217;e&#8217; chi dice no, e per fortuna verrebbe da dire<br \/>\nin un normale confronto di idee; ma come sempre in Italia il partito del<br \/>\n&#8216;no a tutto&#8217; non conosce linguaggio diverso da quello della violenza, e<br \/>\nquesto non e&#8217; accettabile. In questi giorni l&#8217;eccellenza italiana e&#8217; sotto<br \/>\ngli occhi del mondo: le bellezze naturali, la capacita&#8217; del saper fare,<br \/>\nl&#8217;accoglienza, E di fronte a tutto questo c&#8217;e&#8217; il solito gruppo &#8211;<br \/>\nriconoscibile sempre in una chiara politica &#8211; di contestatori a<br \/>\nprescindere, di estremisti senza proposte, che sceglie la strada della<br \/>\nviolenza, del sabotaggio, dell&#8217;attacco. Se non si hanno idee, e&#8217;<br \/>\nimpossibile esprimerle e falle valere; la loro devastazione e la loro<br \/>\nviolenza sono il linguaggio dei nemici dell&#8217;Italia&#8221;, dice il senatore<br \/>\nbellunese di Fratelli d&#8217;Italia Luca De Carlo, presidente della commissione<br \/>\nAgricoltura al Senato.<\/p>\n<p>Leggi di pi\u00f9 <\/p>\n<p>10:08<\/p>\n<p>Olimpiadi trascinano il turismo invernale: mete e alloggi pi\u00f9 cercati<\/p>\n<p>I <a href=\"https:\/\/tg24.sky.it\/sport\/olimpiadi\" target=\"_self\" rel=\"follow nofollow noopener\" data-intcmp=\"skytg24_liveblog_interlink_text\">Giochi olimpici invernali in corso in Italia<\/a> sono un prestigioso appuntamento sportivo ma anche un&#8217;opportunit\u00e0 per \u00a0aumentare la visibilit\u00e0 globale del Paese e rafforzarne l&#8217;attrattivit\u00e0 \u00a0turistica nel medio-lungo periodo. I primi risultati economici si vedono \u00a0gi\u00e0 sulle settimane bianche. Secondo l&#8217;Osservatorio di Confturismo \u00a0Confcommercio in collaborazione con Swg sono quasi 9 milioni gli \u00a0italiani che si concederanno una vacanza sulla neve\u00a0nel primo trimestre \u00a0del 2026, in lieve aumento rispetto allo scorso anno, e l&#8217;Italia resta \u00a0la scelta principale.<\/p>\n<p><a href=\"https:\/\/tg24.sky.it\/economia\/2026\/02\/08\/olimpiadi-vacanze-montagna-scambio-casa\" title=\"Olimpiadi trascinano il turismo invernale: mete e alloggi pi\u00f9 cercati\" class=\"lvbg-post-link\" data-intcmp=\"skytg24_liveblog_liveblog-preview_null\" data-analytics-element=\"liveblog-preview\" rel=\"nofollow noopener\" target=\"_blank\"><img alt=\"Olimpiadi trascinano il turismo invernale: mete e alloggi pi\u00f9 cercati\" style=\"opacity:0;transition:opacity 0.3s\" class=\"lvbg-post-link__image\"\/>Olimpiadi trascinano il turismo invernale: mete e alloggi pi\u00f9 cercatiVai al contenuto <\/a><\/p>\n<p>10:02<\/p>\n<p>Respinto ricorso Gb, niente super casco per lo skeleton<\/p>\n<p>Niente super casco per la Gran Bretagna nelle gare<br \/>\ndi skeleton di Milano Cortina. Il Tas ha respinto il ricorso della British<br \/>\nBobsleigh &amp; Skeleton Association contro il divieto imposto perche&#8217; la sua<br \/>\nforma non e&#8217; in linea con il Regolamento IBSF e con le nuove regole sulla<br \/>\nsicurezza che verranno introdotte dalla stagione 2026\/2027. Il casco,<br \/>\nrealizzato grazie a un finanziamento di 7 milioni di euro della<br \/>\nfederazione che ha attinto ai proventi di una lotteria, e&#8217; stato decisivo<br \/>\nper consentire a Matt Weston e Marcus Wyatt di vincere sette prove di<br \/>\ncoppa del Mondo in questa stagione. Gli arbitri del Tribunale di Arbitrato<br \/>\nSportivo di Losanna, riuniti a Milano nella speciale sessione olimpica,<br \/>\nhanno confermato pero&#8217; la decisione della federazione internazionale<br \/>\n(IBSF) di vietarlo, annunciata il 29 gennaio. La federazione britannica<br \/>\n(Bbsa) sosteneva che il casco fosse conforme al regolamento e persino<br \/>\nmigliore per la salute e la sicurezza degli atleti rispetto a qualsiasi<br \/>\naltro modello utilizzato nello skeleton, la gara di velocita&#8217; su pista di<br \/>\nghiaccio in cui l&#8217;atleta scende su una slitta minimale, a pancia in giu&#8217; e<br \/>\na testa avanti. Secondo il Tas, pero&#8217;, il casco e&#8217; difforme dal modello<br \/>\nstandard perche&#8217; disegnato per migliore l&#8217;aerodinamicita&#8217; con la parte<br \/>\nposteriore sporgente. Il rivoluzionario casco fa parte di un ambizioso<br \/>\npiano di investimenti sullo skeleton lanciato dalla federazione<br \/>\nbritannica, sulla falsariga di quanto fatto da Londra a fine anni &#8217;90 per<br \/>\ndiventare una potenza del ciclismo su pista. E in effetti la forma del<br \/>\ncasco da skeleton ricorda proprio quella usata in quello sport. Delusione<br \/>\ne&#8217; stata espressa dal direttore per la performance della federazione<br \/>\nbritannica, Natalie Dunman: &#8220;Il nostro ricorso aveva basi solide, ma<br \/>\nquesta decisione non inficia la nostra preparazione finale, ne&#8217; tocca la<br \/>\nconcentrazione degli atleti e il nostro ottimismo in vista delle gare&#8221;.<br \/>\nOra quindi gli atleti britannici dovranno usare i caschi della scorsa ma<br \/>\nil vincitore della Coppa del mondo, Matt Weston, resta il grande favorito<br \/>\nper l&#8217;oro nelle gare che prenderanno il via giovedi&#8217; prossimo, con Marcus<br \/>\nWyatt possibile medaglia.<\/p>\n<p>Leggi di pi\u00f9 <\/p>\n<p>09:46<\/p>\n<p>Valentino Rossi: &#8220;L&#8217;incontro con Mattarella speciale, non lo dimenticher\u00f2&#8221;<\/p>\n<p>&#8220;La scena \u00e8 durata pochi minuti ma sono stati davvero intensi, memorabili. Il momento in cui il presidente si avvicina, mi tende la mano, mi ringrazia di averlo trasportato sino a San Siro, \u00e8 stato davvero speciale&#8221;. Cos\u00ec Valentino Rossi, raccontando l&#8217;incontro con il presidente Mattarella per girare il filmato che ha aperto le Olimpiadi di Milano-Cortina, intervistato dai quotidiani Corriere della sera e Repubblica.\u00a0\u00a0\u00a0Quando il Capo dello Stato &#8220;\u00e8 arrivato \u00e8 stato bellissimo. Lo capisci subito che gli vogliono tutti bene. C&#8217;\u00e8 gente che, appena la vedi, e non importa se siano persone importanti o meno, ti trasmette subito una emozione. \u00c8 come se ne sentissi tutta la carica, il peso. Un&#8217;atmosfera speciale&#8221; ha aggiunto Rossi.\u00a0\u00a0\u00a0&#8220;La verit\u00e0 &#8211; ha proseguito &#8211; \u00e8 che ero un po&#8217; in soggezione. Lui si \u00e8 avvicinato con un sorriso. E mi sono subito sentito bene. Tra una pausa e l&#8217;altra, quando si doveva rifare una scena, abbiamo parlato. Mi ha fatto un po&#8217; di domande&#8221;. Soprattutto, ha specificato, &#8220;cose di motori. Come va il Motomondiale. Era curioso di sapere di Bagnaia: lo aveva incontrato al Quirinale, credo quattro anni fa, c&#8217;eravamo anche io e Tony Cairoli, con una delegazione di piloti&#8221;. Infine, Rossi ha detto di essere un appassionato di snowboard. &#8220;Prendo la tavola appena \u00e8 possibile. Ho appena visto la discesa libera, abbiamo preso due belle medaglie con Giovanni Franzoni e Dominik Paris, bravissimi&#8221; e poi, &#8220;il trionfo di Francesca Lollobrigida nel pattinaggio con il record olimpico&#8221;.<\/p>\n<p><img decoding=\"async\" src=\"https:\/\/www.europesays.com\/it\/wp-content\/uploads\/2026\/02\/rossi_mattarella.jpg\" alt=\"Mattarella-Rossi\" loading=\"lazy\"\/><\/p>\n<p class=\"lvbg-post-image__credits-v2\">\u00a9Ansa<\/p>\n<p>09:26<\/p>\n<p>Milano Cortina, Deidda: &#8220;A rafforzare la sicurezza ferroviaria ci sar\u00e0 l&#8217;Ia&#8221;<\/p>\n<p>&#8220;Si tratta con certezza di atti dolosi e in base ai primi riscontri \u00a0anche da parte dei tecnici di Rfi&#8221; che &#8220;sono stati fatti per creare il \u00a0massimo disagio. Per adesso non c&#8217;\u00e8 una prova diretta che si possa \u00a0trattare di azioni legate ai Giochi Olimpici, cos\u00ec come avvenuto sulle \u00a0rete ferroviaria francese in occasione della cerimonia per le Olimpiadi \u00a0del 2024. Va detto per\u00f2 che ci sono dei precedenti italiani perch\u00e9, per \u00a0esempio, nel 2014 a Bologna c&#8217;era stato un attentato con dei \u00a0danneggiamenti per mano degli anarchici&#8221;. Cos\u00ec Salvatore Deidda, \u00a0deputato di Fratelli d&#8217;Italia e presidente della commissione Trasporti \u00a0alla Camera, in un&#8217;intervista al &#8216;Corriere della Sera&#8217; che, commentando \u00a0quanto avvenuto ieri su alcuni \u00a0binari ferroviari, afferma: &#8220;Quello che \u00a0ci spaventa \u00e8 un&#8217;azione nel giorno dell&#8217;avvio dei Giochi Olimpici, un \u00a0fatto che segue un generalizzato aumento delle tensioni e degli scontri \u00a0in occasione di manifestazioni&#8221;.\u00a0<br \/>\nLa \u00a0rete ferroviaria pu\u00f2 essere protetta meglio? &#8220;In campo ferroviario \u00a0potr\u00e0 dare un grosso contributo l&#8217;intelligenza artificiale, la stessa \u00a0Rfi sta introducendo una nuova tecnologia per monitorare la rete. Un \u00a0potenziamento della sorveglianza \u00e8 necessario sia per ragioni di \u00a0sicurezza sia per scongiurare furti di rame o altri materiali, cos\u00ec come \u00a0le invasioni dei binari da parte di estranei. A Milano Rogoredo il \u00a0sistema \u00e8 gi\u00e0 attivo e uno dei prossimi interventi riguarda proprio \u00a0Bologna. Un ulteriore intervento, questo di natura politica, \u00e8 stata la \u00a0decisione di cui sono promotore di aggiornare e aumentare la sanzioni \u00a0per chi, per esempio, invade i binari, tira il freno di emergenza a \u00a0bordo dei treni senza motivo. Fino ad oggi per questo tipo di violazioni \u00a0le multe erano ancora quelle previste in lire, per questo le abbiamo \u00a0aggiornate per destinare pi\u00f9 fondi alla sicurezza delle ferrovie, che \u00a0sempre di pi\u00f9 sembrano essere diventate un obiettivo sensibile&#8221;.\u00a0<br \/>\nDeidda \u00a0ricorda inoltre che nell&#8217;ambito del Decreto Sicurezza &#8220;abbiamo previsto \u00a0anche un fondo con uno stanziamento da 50 milioni di euro per accordi, \u00a0operazioni e interventi coordinati tra Rfi, ministero dell&#8217;Interno e \u00a0ministero delle Infrastrutture e dei Trasporti che hanno l&#8217;obiettivo di \u00a0mettere in sicurezza le stazioni e la rete ferroviaria&#8221;.<\/p>\n<p>Leggi di pi\u00f9 <\/p>\n<p>09:12<\/p>\n<p>Tina Maze: &#8220;Vedo Goggia favorita per la libera, poi Vonn&#8221;<\/p>\n<p>&#8220;Ecco il mio podio: Sofia, Lindsey e Breeze&#8221;,<br \/>\novvero Goggia, Vonn e Johnson: e&#8217; il pronostico di Tina Maze per la<br \/>\ndiscesa libera olimpica di oggi in programma alle 11,30 sulla pista delle<br \/>\nTofane, a Cortina. La 42enne ex sciatrice slovena in un&#8217;intervista a La<br \/>\nStampa, campionessa olimpica nella discesa libera e nello slalom gigante a<br \/>\nSoci 2014, ha spiegato quali sono i due punti decisivi del tracciato: &#8220;Il<br \/>\nprimo e&#8217; la lunga traversa subito dopo il via, non devi perdere troppa<br \/>\nvelocita&#8217; perche&#8217; se capita non la recuperi piu'&#8221;. E poi &#8220;prima del<br \/>\nfinale. Li&#8217; dove vorresti far correre gli sci e invece ci sono i dossi che<br \/>\nti rallentano. Devi lavorare e lasciare andare, lasciare andare e<br \/>\nlavorare, questo e&#8217; il trucco&#8221;. In questo, ha osservato, e&#8217; una maestra<br \/>\n&#8220;la Vonn piu&#8217; di tutte&#8221;: Quella e&#8217; una qualita&#8217; che o hai oppure non te la<br \/>\ninventi, e Lindsey ce l&#8217;ha. Noi la chiamiamo &#8216;gliding&#8217;, letteralmente la<br \/>\ncapacita&#8217; di planare. Se arriva bene in quella parte di pista puo&#8217;<br \/>\nvincere&#8221;. A duo avviso l&#8217;americana e&#8217; tra le favorite malgrado il<br \/>\nlegamento rotto: &#8220;La discesa sotto questo aspetto e per quell&#8217;infortunio<br \/>\ne&#8217; meno traumatica del gigante&#8221;. Federica Brignone in gara: &#8220;Si e&#8217; presa<br \/>\ndel tempo e ha deciso lei con il suo staff&#8221;, ha osservato Maze, &#8220;ha fatto<br \/>\nbene. Poi, ripeto, per quel tipo di infortunio la libera puo&#8217; essere<br \/>\npersino un ottimo test in vista del gigante che e&#8217; molto piu&#8217; probante&#8221;.<br \/>\nGoggia ha vinto due medaglie olimpiche, puo&#8217; essere un vantaggio<br \/>\nnell&#8217;affrontare la gara? &#8220;No, la storia non si ripete mai. Ogni volta devi<br \/>\nripartire da zero. E se lo fai, cresci&#8221;.<\/p>\n<p>Leggi di pi\u00f9 <\/p>\n<p>08:56<\/p>\n<p>Fontana: &#8220;Scontri di Milano sono immagini che nessuno vorrebbe vedere&#8221;<\/p>\n<p>&#8220;Esprimo la mia vicinanza e solidariet\u00e0 alle Forze dell&#8217;Ordine che, ancora una volta, si ritrovano ad affrontare scontri e aggressioni da parte di alcuni manifestanti. Addirittura, contro le Olimpiadi di Milano-Cortina. Immagini che nessuno vorrebbe vedere, gesti violenti da condannare senza se e senza ma. Un abbraccio a chi si adopera per la riuscita dei Giochi e deve affrontare anche queste situazioni assurde&#8221;. Lo scrive su facebook il presidente della Camera, Lorenzo Fontana.<\/p>\n<p>08:39<\/p>\n<p>Meloni: &#8216;Chi manifesta contro le Olimpiadi nemico dell&#8217;Italia&#8217;<\/p>\n<p>&#8220;Solidariet\u00e0, ancora una volta, alle Forze dell&#8217;ordine, alla citt\u00e0 di \u00a0Milano, e a tutti coloro che vedranno il loro lavoro vanificato da \u00a0queste bande di delinquenti&#8221;, ha scritto sui social la premier in merito \u00a0agli scontri ieri alla manifestazione di Milano contro le Olimpiadi.<\/p>\n<p><a href=\"https:\/\/tg24.sky.it\/cronaca\/2026\/02\/08\/meloni-olimpiadi-cortei\" title=\"Meloni: &#039;Chi manifesta contro le Olimpiadi nemico dell&#039;Italia&#039;\" class=\"lvbg-post-link\" data-intcmp=\"skytg24_liveblog_liveblog-preview_null\" data-analytics-element=\"liveblog-preview\" rel=\"nofollow noopener\" target=\"_blank\"><img alt=\"Meloni: 'Chi manifesta contro le Olimpiadi nemico dell'Italia'\" style=\"opacity:0;transition:opacity 0.3s\" class=\"lvbg-post-link__image\"\/>Meloni: &#8216;Chi manifesta contro le Olimpiadi nemico dell&#8217;Italia&#8217;Vai al contenuto <\/a><\/p>\n<p>08:17<\/p>\n<p>Meloni: &#8220;Chi manifesta contro le Olimpiadi nemico dell&#8217;Italia&#8221;<\/p>\n<p>&#8220;Migliaia e migliaia di italiani in queste ore lavorano perch\u00e9 tutto funzioni durante le Olimpiadi. Tantissimi lo fanno da volontari, perch\u00e9 vogliono che la loro Nazione faccia bella figura, che sia ammirata e rispettata.\u00a0\u00a0Poi ci sono loro: i nemici dell&#8217;Italia e degli italiani, che manifestano &#8220;contro le Olimpiadi&#8221;, facendo finire queste immagini sulle televisioni di mezzo mondo. Dopo che altri hanno tranciato i cavi della ferrovia per impedire ai treni di partire.\u00a0\u00a0Solidariet\u00e0, ancora una volta, alle Forze dell&#8217;ordine, alla citt\u00e0 di Milano, e a tutti coloro che vedranno il loro lavoro vanificato da queste bande di delinquenti&#8221;. Lo scrive sui social la premier Giorgia Meloni in merito agli scontri ieri alla manifestazione di Milano contro le Olimpiadi.<\/p>\n<p>Leggi di pi\u00f9 <\/p>\n<p>07:34<\/p>\n<p>Olimpiadi, ancora fischi contro JD Vance. Trump: &#8216;Strano, lui piace&#8217;<\/p>\n<p>Il giorno dopo la cerimonia di inaugurazione, diventano un caso politico \u00a0internazionale i fischi al vice presidente americano, che ieri era in \u00a0tribuna d&#8217;onore a San Siro con gli altri rappresentanti istituzionali. E \u00a0anche oggi sono arrivati dei &#8216;buuu, buuuu&#8217; ripetuti pi\u00f9 volte, che si \u00a0sono sentiti nettamente all&#8217;Hockey Arena di Milano Rho dov&#8217;era per \u00a0assistere a una partita di Team Usa donne.<\/p>\n<p><a href=\"https:\/\/tg24.sky.it\/sport\/2026\/02\/07\/olimpiadi-milano-cortina-fischi-vance\" title=\"Olimpiadi, ancora fischi contro JD Vance. Trump: &#039;Strano, lui piace&#039;\" class=\"lvbg-post-link\" data-intcmp=\"skytg24_liveblog_liveblog-preview_null\" data-analytics-element=\"liveblog-preview\" rel=\"nofollow noopener\" target=\"_blank\"><img alt=\"Olimpiadi, ancora fischi contro JD Vance. Trump: 'Strano, lui piace'\" style=\"opacity:0;transition:opacity 0.3s\" class=\"lvbg-post-link__image\"\/>Olimpiadi, ancora fischi contro JD Vance. Trump: &#8216;Strano, lui piace&#8217;Vai al contenuto <\/a><\/p>\n<p>07:24<\/p>\n<p>Olimpiadi, il medagliere di Milano Cortina 2026: Italia a quota 3<\/p>\n<p>I giochi invernali ospitati dal nostro Paese &#8211; <a href=\"https:\/\/tg24.sky.it\/sport\/2026\/02\/06\/olimpiadi-milano-cortina-2026-cerimonia-apertura\" target=\"_self\" rel=\"follow nofollow noopener\" data-intcmp=\"skytg24_liveblog_interlink_text\">iniziati ufficialmente con la cerimonia d&#8217;apertura del 6 febbraio<\/a>\u00a0e <a href=\"https:\/\/tg24.sky.it\/sport\/2026\/02\/06\/tedofori-oggi-milano-cortina\" target=\"_self\" rel=\"follow nofollow noopener\" data-intcmp=\"skytg24_liveblog_interlink_text\">l&#8217;accensione dei bracieri<\/a> &#8211; si chiuderanno il 22 febbraio. Gli Azzurri puntano a un obiettivo \u00a0storico: battere il record dei sette ori vinti nel 1994 a Lillehammer. \u00a0Sono pi\u00f9 di 3.500 gli atleti provenienti da 93 Paesi che si contendono \u00a0le 195 medaglie in 16 discipline olimpiche e sei sport paralimpici, con \u00a0la novit\u00e0 del debutto dello sci alpinismo.<\/p>\n<p><a href=\"https:\/\/tg24.sky.it\/sport\/approfondimenti\/medagliere-olimpiadi-milano-cortina-2026\" title=\"Olimpiadi, il medagliere di Milano Cortina 2026: Italia a quota 3\" class=\"lvbg-post-link\" data-intcmp=\"skytg24_liveblog_liveblog-preview_null\" data-analytics-element=\"liveblog-preview\" rel=\"nofollow noopener\" target=\"_blank\"><img alt=\"Olimpiadi, il medagliere di Milano Cortina 2026: Italia a quota 3\" style=\"opacity:0;transition:opacity 0.3s\" class=\"lvbg-post-link__image\"\/>Olimpiadi, il medagliere di Milano Cortina 2026: Italia a quota 3Vai al contenuto <\/a><\/p>\n<p>06:54<\/p>\n<p>Lollobrigida mamma olimpica &#8216;un sogno, ora un altro figlio&#8217;<\/p>\n<p>Francesca Lollobrigida capisce subito che pu\u00f2 essere un giorno speciale, gi\u00e0 quando sono ancora in corso le ultime due batterie. E non solo perch\u00e9 \u00e8 il suo compleanno ed \u00e8 in gara ai Giochi Olimpici, dove ha appena ottenuto il record olimpico nei 3000 metri di pattinaggio velocit\u00e0. Cos\u00ec si sbraccia, chiama a gran voce la sorella in tribuna, &#8220;Giulia, mi porti Tommy?&#8221;. Tommy \u00e8 Tommaso, il bimbo di due anni e mezzo che \u00e8 nato dopo la doppia medaglia vinta dalla madre a Pechino 2022 (argento nei 3000 metri e bronzo nella mass start). E quando l&#8217;oro, il primo della spedizione italiana ai Giochi Olimpici di Milano-Cortina 2026, diventa ufficiale, la 35enne di Frascati si traveste da centometrista e, nei corridoi, corre per andare a recuperare il figlio. Che salta in braccio e ride, chiama la mamma, facendo sorridere anche il presidente del Coni Luciano Buonfiglio che era arrivato per congratularsi. Perch\u00e9 la medaglia d&#8217;oro era inaspettata, e forse anche per questo ancora pi\u00f9 carica di valore, proprio nel giorno del suo 35esimo compleanno. &#8220;E&#8217; il giorno pi\u00f9 bello di sempre, un giorno perfetto. Prima di tutto perch\u00e9 mio figlio, mio marito e la mia famiglia erano qui a guardarmi &#8211; ha detto -. \u00c8 incredibile, perch\u00e9 siamo in Italia. Le Olimpiadi sono in Italia. Questo \u00e8 il sogno dei miei sogni&#8221;. Anche perch\u00e9 nel 2022 decise di fermarsi, dopo le medaglie di Pechino, per diventare mamma. &#8220;Il messaggio che volevo trasmettere \u00e8 che non ho scelto tra il pattinaggio e l&#8217;essere mamma. Puoi essere una mamma e anche essere pi\u00f9 forte. Mi sono fermata dopo le medaglie a Pechino, ero in cima al mondo. Sono davvero orgogliosa di me stessa per essere tornata dopo aver partorito &#8211; ha proseguito -. Non \u00e8 stato facile, anche perch\u00e9 non \u00e8 facile essere una pattinatrice di velocit\u00e0 italiana, ma non l&#8217;ho fatto da sola. Questo \u00e8 un lavoro di squadra. Da sola non avrei potuto fare nulla. \u00c8 anche per loro. Spero che mio figlio possa goderselo tra dieci anni, quando sar\u00e0 un po&#8217; pi\u00f9 grande e guarder\u00e0 la gara&#8221;. &#8220;Voglio un altro figlio, non voglio lasciare da solo Tommaso, certo prima penso a finire la stagione ma poi vorrei avere un altro bimbo. Sono una moglie, sono una mamma e voglio pensare alla mia famiglia&#8221;.<\/p>\n<p>Leggi di pi\u00f9 <\/p>\n<p>06:51<\/p>\n<p>Milano Cortina: l&#8217;Italcurling soffre ma supera la Norvegia 6-5 in rimonta<\/p>\n<p>Stefania Constantini e Amos Mosaner hanno sconfitto la Norvegia 6-5 nella quinta partita del girone di curling doppio misto. La vittoria \u00e8 stata molto sofferta. L&#8217;Italcurling, sotto 5-3, ha raggiunto il pareggio solo alla settima mano. All&#8217;ottava e ultima mano la Norvegia godeva dell&#8217;ultimo tiro e del power play (la possibilit\u00e0 di disporre le pietre in modo offensivo), ma la coppia azzurra \u00e8 riuscita a rubare il punto e a portare a casa una vittoria che ne rilancia le ambizioni. Negli stessi minuti. il Canada \u00e8 stato sconfitto dall&#8217;Estonia, permettendo all&#8217;Italia di superare i nordamericani che godono del vantaggio nello scontro diretto. Gli azzurri, che nonostante la nuova battuta d&#8217;arresto contro la Svezia sono secondi in classifica vista la doppia sconfitta degli Stati Uniti contro Regno Unito e Corea del Sud, oggi incontreranno Repubblica Ceca e britannici, gli unici ancora a percorso netto.<\/p>\n<p>Leggi di pi\u00f9 <\/p>\n<p>06:49<\/p>\n<p><a href=\"https:\/\/tg24.sky.it\/cronaca\/2026\/02\/07\/milano-corteo-contro-ice-olimpiadi\" title=\"Corteo contro Olimpiadi a Milano, scontri tra manifestanti e polizia\" class=\"lvbg-post-link\" data-intcmp=\"skytg24_liveblog_liveblog-preview_null\" data-analytics-element=\"liveblog-preview\" rel=\"nofollow noopener\" target=\"_blank\"><img alt=\"Corteo contro Olimpiadi a Milano, scontri tra manifestanti e polizia\" style=\"opacity:0;transition:opacity 0.3s\" class=\"lvbg-post-link__image\"\/>Corteo contro Olimpiadi a Milano, scontri tra manifestanti e poliziaVai al contenuto <\/a><br \/>\n      <script async src=\"https:\/\/platform.twitter.com\/widgets.js\" charset=\"utf-8\"><\/script><\/p>\n","protected":false},"excerpt":{"rendered":"Nuova giornata di gare e altre medaglie per l&#8217;Italia alle Olimpiadi di Milano Cortina (IL MEDAGLIERE DI MILANO&hellip;\n","protected":false},"author":3,"featured_media":344778,"comment_status":"","ping_status":"","sticky":false,"template":"","format":"standard","meta":{"footnotes":"","_share_on_mastodon":"0"},"categories":[6],"tags":[14,41123,8,1537,90,89,56742,56420,7,15,82,9,83,10,80994,80995,13,11,80,84,12,81,85],"class_list":["post-344777","post","type-post","status-publish","format-standard","has-post-thumbnail","category-ultime-notizie","tag-cronaca","tag-giochi-olimpici","tag-headlines","tag-it","tag-italia","tag-italy","tag-liveblog","tag-milano-cortina-2026","tag-news","tag-notizie","tag-notizie-di-cronaca","tag-notizie-principali","tag-notiziedicronaca","tag-notizieprincipali","tag-olimpiadi-2026","tag-olimpiadi-invernali","tag-titoli","tag-ultime-notizie","tag-ultime-notizie-di-cronaca","tag-ultime-notizie-e-news-di-oggi","tag-ultimenotizie","tag-ultimenotiziedicronaca","tag-ultimenotizieenewsdioggi"],"share_on_mastodon":{"url":"https:\/\/pubeurope.com\/@it\/116037892570352220","error":""},"_links":{"self":[{"href":"https:\/\/www.europesays.com\/it\/wp-json\/wp\/v2\/posts\/344777","targetHints":{"allow":["GET"]}}],"collection":[{"href":"https:\/\/www.europesays.com\/it\/wp-json\/wp\/v2\/posts"}],"about":[{"href":"https:\/\/www.europesays.com\/it\/wp-json\/wp\/v2\/types\/post"}],"author":[{"embeddable":true,"href":"https:\/\/www.europesays.com\/it\/wp-json\/wp\/v2\/users\/3"}],"replies":[{"embeddable":true,"href":"https:\/\/www.europesays.com\/it\/wp-json\/wp\/v2\/comments?post=344777"}],"version-history":[{"count":0,"href":"https:\/\/www.europesays.com\/it\/wp-json\/wp\/v2\/posts\/344777\/revisions"}],"wp:featuredmedia":[{"embeddable":true,"href":"https:\/\/www.europesays.com\/it\/wp-json\/wp\/v2\/media\/344778"}],"wp:attachment":[{"href":"https:\/\/www.europesays.com\/it\/wp-json\/wp\/v2\/media?parent=344777"}],"wp:term":[{"taxonomy":"category","embeddable":true,"href":"https:\/\/www.europesays.com\/it\/wp-json\/wp\/v2\/categories?post=344777"},{"taxonomy":"post_tag","embeddable":true,"href":"https:\/\/www.europesays.com\/it\/wp-json\/wp\/v2\/tags?post=344777"}],"curies":[{"name":"wp","href":"https:\/\/api.w.org\/{rel}","templated":true}]}}