{"id":345172,"date":"2026-02-09T08:09:19","date_gmt":"2026-02-09T08:09:19","guid":{"rendered":"https:\/\/www.europesays.com\/it\/345172\/"},"modified":"2026-02-09T08:09:19","modified_gmt":"2026-02-09T08:09:19","slug":"mara-venier-riceve-un-messaggio-da-raoul-bova-mentre-intervista-rocio-la-reazione-dellattrice","status":"publish","type":"post","link":"https:\/\/www.europesays.com\/it\/345172\/","title":{"rendered":"Mara Venier riceve un messaggio da Raoul Bova mentre intervista Roc\u00eco. La reazione dell&#8217;attrice"},"content":{"rendered":"<p>Tra gli ospiti di Domenica In, oggi 8 febbraio 2026, anche Roc\u00eco Mu\u00f1oz Morales. L&#8217;attrice spagnola &#8211; che negli ultimi mesi \u00e8 stata al centro dei gossip per <a href=\"https:\/\/www.today.it\/gossip\/vip\/raoul-bova-rocio.html\" target=\"_blank\" rel=\"nofollow noopener\">la separazione con il collega Raoul Bova <\/a>&#8211; ha rotto il ghiaccio con una battuta divertente. Poi, invece, la stoccata all&#8217;ex compagno, nonch\u00e9 padre delle loro due meravigliose bambine.<\/p>\n<p>Appena entrata, Mara Venier le domanda: \u201cCome stai?\u201d. Allora l&#8217;attrice scherza: \u201cAdesso sto bene, con te mi sento fuori pericolo. Prima ero l\u00ec avevo la bocca secca, ho bevuto acqua e ora ho una pip\u00ec incredibile\u201d. La conduttrice la rassicura: \u201cSe vuoi valla a fare, non fa bene trattenerla&#8221;. Poi si fa pi\u00f9 seria: &#8220;A parte questo momento con me, ci sono state tante cose che non chieder\u00f2. Hai detto tutto a Vanity Fair. Hai detto quelle cose per proteggere i vostri figli\u201d.<\/p>\n<p><a href=\"https:\/\/www.today.it\/gossip\/vip\/rocio-munoz-morales-adesso-parlo-io.html\" target=\"_blank\" rel=\"nofollow noopener\">Roc\u00edo Mu\u00f1oz Morales: &#8220;Il mondo mi \u00e8 caduto addosso. Adesso parlo io&#8221;<\/a>Mara Venier: \u201cMi \u00e8 arrivato un messaggio di Raoul Bova\u201d. La reazione dell&#8217;attrice<\/p>\n<p>Roc\u00eco sta per rispondere e Venier la interrompe: \u201cMi ha mandato un messaggio adesso Raoul\u2026\u201d. \u201cNon mi dire che anche tu sei un\u2019altra della lista&#8221;, dice l&#8217;attrice spagnola in riferimento a presunte amanti di Bova. Poi aggiunge: \u201cScherzo, scherzo\u201d. Venier coglie la palla al balzo: &#8220;Se avessi avuto 20 anni di meno\u2026 no, no mi ha chiesto come sto\u201d.<\/p>\n<p>Quindi Roc\u00eco ricorda com&#8217;\u00e8 arrivata in Italia, quando era giovanissima: \u201cAvevo finito l\u2019accademia e iniziavo a fare i provini. Ne arriva uno per un film italiano di Paolo Genovese. Uno era in spagnolo, un altro in italiano e poi \u00e8 andata bene. Ho incontrato il cast che per me erano tutti sconosciuti. Quell\u2019esperienza \u00e8 stata bellissima, poi quando \u00e8 uscito qua hanno cominciato a chiamarmi. Il 22 ottobre 2013, con una grande crisi in Spagna, ho imparato l\u2019italiano e mi sono trasferita in Italia\u201d.<\/p>\n<p>Quindi l&#8217;attrice ricorda quando ricopr\u00ec il ruolo di co-conduttrice al Festival di Sanremo, accanto a Carlo Conti: &#8220;L\u00ec ero una ragazzina, sono passati 11 anni. Sicuramente avevo molta pi\u00f9 paura di adesso, ora ne ho di meno. Ora sono p\u00f9 risolta, l\u00ec ero anche pi\u00f9 inconsapevole e da una parte per me \u00e8 stato fondamentale perch\u00e9 me la sono goduta. L\u00ec non ero mamma, Luna \u00e8 nata dopo. Oggi mi sento con uno zaino alle spalle pieno di responsabilit\u00e0 anche molto belle. Ora sono meno egoista, devo pensare soprattutto alle mie bambine. Poi c\u2019\u00e8 il lavoro ovviamente\u201d.<\/p>\n<p><a href=\"https:\/\/www.today.it\/gossip\/vip\/rocio-andrea-iannnone-insieme.html\" target=\"_blank\" rel=\"nofollow noopener\">&#8220;Tra Roc\u00eco e Iannone amore a gonfie vele&#8221;: l&#8217;indiscrezione che anticipa la prossima mossa della coppia<\/a>\u00a0 <\/p>\n","protected":false},"excerpt":{"rendered":"Tra gli ospiti di Domenica In, oggi 8 febbraio 2026, anche Roc\u00eco Mu\u00f1oz Morales. L&#8217;attrice spagnola &#8211; che&hellip;\n","protected":false},"author":3,"featured_media":345173,"comment_status":"","ping_status":"","sticky":false,"template":"","format":"standard","meta":{"footnotes":"","_share_on_mastodon":"0"},"categories":[1451],"tags":[1621,1620,6304,203,204,1537,90,89,3023,376,11961],"class_list":["post-345172","post","type-post","status-publish","format-standard","has-post-thumbnail","category-celebrita","tag-celebrita","tag-celebrities","tag-domenica-in","tag-entertainment","tag-intrattenimento","tag-it","tag-italia","tag-italy","tag-mara-venier","tag-raoul-bova","tag-rocio"],"share_on_mastodon":{"url":"https:\/\/pubeurope.com\/@it\/116039657901804173","error":""},"_links":{"self":[{"href":"https:\/\/www.europesays.com\/it\/wp-json\/wp\/v2\/posts\/345172","targetHints":{"allow":["GET"]}}],"collection":[{"href":"https:\/\/www.europesays.com\/it\/wp-json\/wp\/v2\/posts"}],"about":[{"href":"https:\/\/www.europesays.com\/it\/wp-json\/wp\/v2\/types\/post"}],"author":[{"embeddable":true,"href":"https:\/\/www.europesays.com\/it\/wp-json\/wp\/v2\/users\/3"}],"replies":[{"embeddable":true,"href":"https:\/\/www.europesays.com\/it\/wp-json\/wp\/v2\/comments?post=345172"}],"version-history":[{"count":0,"href":"https:\/\/www.europesays.com\/it\/wp-json\/wp\/v2\/posts\/345172\/revisions"}],"wp:featuredmedia":[{"embeddable":true,"href":"https:\/\/www.europesays.com\/it\/wp-json\/wp\/v2\/media\/345173"}],"wp:attachment":[{"href":"https:\/\/www.europesays.com\/it\/wp-json\/wp\/v2\/media?parent=345172"}],"wp:term":[{"taxonomy":"category","embeddable":true,"href":"https:\/\/www.europesays.com\/it\/wp-json\/wp\/v2\/categories?post=345172"},{"taxonomy":"post_tag","embeddable":true,"href":"https:\/\/www.europesays.com\/it\/wp-json\/wp\/v2\/tags?post=345172"}],"curies":[{"name":"wp","href":"https:\/\/api.w.org\/{rel}","templated":true}]}}