{"id":345237,"date":"2026-02-09T10:09:10","date_gmt":"2026-02-09T10:09:10","guid":{"rendered":"https:\/\/www.europesays.com\/it\/345237\/"},"modified":"2026-02-09T10:09:10","modified_gmt":"2026-02-09T10:09:10","slug":"roma-picchia-le-donne-a-san-lorenzo-altre-due-denunciano-mohammed-miraoui-sara-trasferito-in-una-rems","status":"publish","type":"post","link":"https:\/\/www.europesays.com\/it\/345237\/","title":{"rendered":"Roma, picchia le donne a San Lorenzo: altre due denunciano Mohammed Miraoui. Sar\u00e0 trasferito in una Rems"},"content":{"rendered":"<p>    di<br \/>\n    Rinaldo Frignani<\/p>\n<p class=\"summary-art is-line-h-12\">Dopo l&#8217;aggressione a San Lorenzo il 22enne \u00e8 ancora ricoverato in Psichiatria al Policlinico Umberto I ma potrebbe essere trasferito in una struttura di detenzione specializzata nelle cure di cui ha bisogno. Le denunce a gennaio<\/p>\n<p class=\"chapter-paragraph\"><a href=\"https:\/\/roma.corriere.it\/notizie\/cronaca\/26_febbraio_07\/san-lorenzo-tra-paura-e-rabbia-dopo-l-aggressione-del-giovane-mohammed-miraoui-troppe-donne-picchiate-in-strada-cec60fc5-1fcf-45d6-84cb-d35e1c9ccxlk.shtml\" rel=\"nofollow noopener\" target=\"_blank\">Mohammed Miraoui<\/a> \u00e8 accusato di altre <a href=\"https:\/\/roma.corriere.it\/notizie\/cronaca\/26_febbraio_05\/roma-presa-a-pugni-in-bici-con-il-figlio-a-san-lorenzo-denunciato-un-ragazzo-di-22-anni-poi-fermato-di-nuovo-scatta-il-tso-42454e8b-b460-4475-a8a1-b78639ea7xlk.shtml\" rel=\"nofollow noopener\" target=\"_blank\">due aggressioni<\/a>: due <b>ragazze di 19 anni, prese a schiaffi<\/b> dal 22enne tunisino il 17 e il 31 gennaio scorso. Le loro denunce sono state inserite dai carabinieri nella relazione inviata ieri in Procura che potrebbe portare a breve all\u2019emissione nei confronti del picchiatore di<a href=\"https:\/\/video.corriere.it\/paura-a-san-lorenzo-mamma-presa-a-pugni-in-bici-davanti-al-figlio-l-aggressore-e-ancora-libero-dopo-il-tso-\/54961959-5899-47a2-ab48-ed56d9755xlk\" rel=\"nofollow noopener\" target=\"_blank\"> San Lorenzo<\/a> di una misura cautelare. Potrebbe trattarsi di un provvedimento <b>con il quale si ordina il suo trasferimento in una Rems<\/b>, una Residenza per l\u2019esecuzione delle misure di sicurezza, collegata al ministero della Giustizia, in modo da<b> non farlo ritornare nel rione <\/b>e al tempo stesso proseguire il percorso di cura iniziato ora nel r<b>eparto di Psichiatria del Policlinico Umberto I.<\/b><\/p>\n<p>    Non si sa nemmeno se sia il suo vero nome<\/p>\n<p class=\"chapter-paragraph\">Miraoui &#8211; sempre che questa sia la vera identit\u00e0 visto che a oggi non \u00e8 confermata ufficialmente, come la nazionalit\u00e0 tunisina &#8211; \u00e8 sempre <b>ricoverato in Tso<\/b> (trattamento sanitario obbligatorio, ndr). Cos\u00ec dovrebbe rimanere, guardato a vista dai carabinieri ma non piantonato in quanto solo denunciato <b>per lesioni e percosse<\/b>, per alcuni giorni prima del provvedimento dei magistrati. Ma la sua posizione giudiziaria potrebbe aggravarsi. Oltre al<a href=\"https:\/\/roma.corriere.it\/notizie\/cronaca\/26_febbraio_06\/san-lorenzo-parla-la-donna-picchiata-mentre-era-in-bici-con-il-figlio-quel-ragazzo-pericoloso-da-novembre-adesso-non-puo-fb9914b7-872d-43be-9707-6a19e238cxlk.shtml\" rel=\"nofollow noopener\" target=\"_blank\"> pugno al volto alla donna di 44 anni <\/a>in bici con il figlio di 10 in via dei Dalmati nel pomeriggio di luned\u00ec scorso, e all\u2019aggressione a una 12enne il giorno successivo, sempre a San Lorenzo, si sono poi aggiunte altre due violenze su operatrici Ama. E ora le altre due 20enni.\u00a0    &#13;<br \/>\n&#13;<br \/>\n&#13;<br \/>\n&#13;<br \/>\n&#13;<br \/>\n&#13;<br \/>\n&#13;<br \/>\n&#13;<br \/>\n&#13;<br \/>\n&#13;<br \/>\n&#13;<br \/>\n&#13;<br \/>\n&#13;<br \/>\n&#13;<br \/>\n&#13;<br \/>\n&#13;<br \/>\n&#13;<br \/>\n&#13;<br \/>\n&#13;<br \/>\n&#13;<br \/>\n&#13;<br \/>\n&#13;<br \/>\n&#13;<br \/>\n&#13;<br \/>\n&#13;<br \/>\n&#13;<br \/>\n&#13;<br \/>\n&#13;<br \/>\n&#13;<br \/>\n&#13;<br \/>\n&#13;<br \/>\n&#13;<br \/>\n&#13;<br \/>\n&#13;<br \/>\n&#13;<br \/>\n&#13;<br \/>\n&#13;<br \/>\n&#13;<br \/>\n&#13;<br \/>\n&#13;<br \/>\n&#13;<br \/>\n&#13;<br \/>\n&#13;<br \/>\n&#13;<br \/>\n&#13;<br \/>\n&#13;<br \/>\n&#13;<br \/>\n&#13;<br \/>\n&#13;<br \/>\n&#13;<br \/>\n&#13;<br \/>\n&#13;<br \/>\n&#13;\n<\/p>\n<p>    Gi\u00e0 sei aggressioni a donne: \u00e8 rimasto sempre libero<\/p>\n<p class=\"chapter-paragraph\">Sei casi, preceduti e seguiti da identificazioni e denunce, come quella dell\u2019<b>aprile 2023 sempre nello stesso rione, senza mai essere condotto in carcere<\/b> e nemmeno al Cpr di Ponte Galeria in quanto proprio per le sue condizioni psichiche dichiarato incompatibile con la detenzione. \u00c8 successo, ad esempio, l\u2019ultima volta a ottobre 2025. <b>Ma la pericolosit\u00e0 del giovane \u00e8 adesso emersa in tutta la sua gravit\u00e0 dopo il ferimento della donna,<\/b> operata al volto venerd\u00ec pomeriggio: per questo motivo si sta cercando di correre ai ripari. Non solo per rispettare la legge e allo stesso tempo assisterlo in modo adeguato, ma anche per dare una risposta concreta alle richieste dei residenti. Ed evitare che a qualcuno &#8211; come gi\u00e0 annunciato dai social &#8211; possa venire in mente di organizzare ronde di quartiere per farsi giustizia da solo.<\/p>\n<p class=\"is-mr-t-20 is-mr-b-20\"><b><br \/>\n                    <a href=\"https:\/\/roma.corriere.it\/?intcmp=Notizielocali_nd_010623_corriere_ss_roma\" target=\"_blank\" rel=\"nofollow noopener\">Vai a tutte le notizie di Roma<\/a><br \/>\n            <\/b><\/p>\n<p class=\"chapter-paragraph\"><b><a href=\"https:\/\/www.corriere.it\/newsletter\/?theme=52&amp;intcmp=NL-artic_nd_050624_corriere_ss_roma\" target=\"_blank\" rel=\"nofollow noopener\">Iscriviti alla newsletter di Corriere Roma<\/a><\/b><\/p>\n<p class=\"is-last-update\" datetime=\"2026-02-08T12:53:08+01:00\">8 febbraio 2026 ( modifica il 8 febbraio 2026 | 12:53)<\/p>\n<p class=\"is-copyright\">\n            \u00a9 RIPRODUZIONE RISERVATA\n        <\/p>\n","protected":false},"excerpt":{"rendered":"di Rinaldo Frignani Dopo l&#8217;aggressione a San Lorenzo il 22enne \u00e8 ancora ricoverato in Psichiatria al Policlinico Umberto&hellip;\n","protected":false},"author":3,"featured_media":345238,"comment_status":"","ping_status":"","sticky":false,"template":"","format":"standard","meta":{"footnotes":"","_share_on_mastodon":"0"},"categories":[79],"tags":[4593,200890,200891,2864,1495,200892,3905,14,93,94,17812,35066,1731,2429,2614,485,1537,90,89,3417,200889,37328,200893,7,15,17131,50487,427,2452,532,32719,11,84,91,12,85,92],"class_list":["post-345237","post","type-post","status-publish","format-standard","has-post-thumbnail","category-italia","tag-aggressione","tag-aggressione-san","tag-aggressione-san-lorenzo","tag-aggressioni","tag-altre","tag-altre-aggressioni","tag-carabinieri","tag-cronaca","tag-cronaca-italiana","tag-cronacaitaliana","tag-denunce","tag-detenzione","tag-donna","tag-donne","tag-gennaio","tag-giustizia","tag-it","tag-italia","tag-italy","tag-lorenzo","tag-miraoui","tag-mohammed","tag-mohammed-miraoui","tag-news","tag-notizie","tag-policlinico","tag-policlinico-umberto","tag-pomeriggio","tag-provvedimento","tag-san","tag-san-lorenzo","tag-ultime-notizie","tag-ultime-notizie-e-news-di-oggi","tag-ultime-notizie-italia","tag-ultimenotizie","tag-ultimenotizieenewsdioggi","tag-ultimenotizieitalia"],"share_on_mastodon":{"url":"","error":"Validation failed: Text character limit of 500 exceeded"},"_links":{"self":[{"href":"https:\/\/www.europesays.com\/it\/wp-json\/wp\/v2\/posts\/345237","targetHints":{"allow":["GET"]}}],"collection":[{"href":"https:\/\/www.europesays.com\/it\/wp-json\/wp\/v2\/posts"}],"about":[{"href":"https:\/\/www.europesays.com\/it\/wp-json\/wp\/v2\/types\/post"}],"author":[{"embeddable":true,"href":"https:\/\/www.europesays.com\/it\/wp-json\/wp\/v2\/users\/3"}],"replies":[{"embeddable":true,"href":"https:\/\/www.europesays.com\/it\/wp-json\/wp\/v2\/comments?post=345237"}],"version-history":[{"count":0,"href":"https:\/\/www.europesays.com\/it\/wp-json\/wp\/v2\/posts\/345237\/revisions"}],"wp:featuredmedia":[{"embeddable":true,"href":"https:\/\/www.europesays.com\/it\/wp-json\/wp\/v2\/media\/345238"}],"wp:attachment":[{"href":"https:\/\/www.europesays.com\/it\/wp-json\/wp\/v2\/media?parent=345237"}],"wp:term":[{"taxonomy":"category","embeddable":true,"href":"https:\/\/www.europesays.com\/it\/wp-json\/wp\/v2\/categories?post=345237"},{"taxonomy":"post_tag","embeddable":true,"href":"https:\/\/www.europesays.com\/it\/wp-json\/wp\/v2\/tags?post=345237"}],"curies":[{"name":"wp","href":"https:\/\/api.w.org\/{rel}","templated":true}]}}