{"id":345309,"date":"2026-02-09T11:49:20","date_gmt":"2026-02-09T11:49:20","guid":{"rendered":"https:\/\/www.europesays.com\/it\/345309\/"},"modified":"2026-02-09T11:49:20","modified_gmt":"2026-02-09T11:49:20","slug":"polemiche-per-ghali-a-milano-cortina-2026-cose-successo","status":"publish","type":"post","link":"https:\/\/www.europesays.com\/it\/345309\/","title":{"rendered":"Polemiche per Ghali a Milano Cortina 2026: cos&#8217;\u00e8 successo?"},"content":{"rendered":"<p data-journey-content=\"true\" data-node-id=\"3\" class=\"body-text css-6wxqfj emevuu60\">Non si era ancora pronunciato sulle polemiche per la sua presenza alla cerimonia di apertura di Milano Cortina 2026, ma finalmente ecco le parole di Ghali, affidate a una lettera sui social: \u201cAlla cerimonia non potr\u00f2 cantare l\u2019inno. <strong data-node-id=\"3.1\">Non c\u2019era spazio per la lingua araba<\/strong>\u201d. Il cantante milanese a poche ore dall&#8217;evento (che si svolger\u00e0 il 6 febbraio a San Siro e che avr\u00e0 gli occhi del mondo puntati addosso) ha condiviso il suo pensiero sull&#8217;invito ricevuto per le Olimpiadi. Come spiega Ghali su Instagram, prima c&#8217;\u00e8 stata la proposta di cantare l&#8217;inno nazionale, poi il dietrofront degli organizzatori, che in alternativa gli avrebbero recitare una poesia sulla pace, con alcuni paletti imposti. Questo il testo della lettera postata sui social: \u201cSo perch\u00e9 vogliono uno come me. So anche perch\u00e9 non mi vorrebbero\u201d. E ancora: &#8220;So che una lingua, quella araba, all&#8217;ultimo era di troppo&#8221;. <\/p>\n<p data-journey-content=\"true\" data-node-id=\"12\" class=\"css-6wxqfj emevuu60\">Non si allenta la tensione nelle ore che precedono le <a href=\"https:\/\/www.cosmopolitan.com\/it\/star\/televisione\/a70016946\/milano-cortina-2026-attori-di-heated-rivalry-in-italia\/\" target=\"_blank\" data-vars-ga-outbound-link=\"https:\/\/www.cosmopolitan.com\/it\/star\/televisione\/a70016946\/milano-cortina-2026-attori-di-heated-rivalry-in-italia\/\" data-vars-ga-ux-element=\"Hyperlink\" data-vars-ga-call-to-action=\"Olimpiadi Invernali 2026 di Milano Cortina\" data-node-id=\"12.1\" class=\"body-link css-ohbdae emevuu60\" rel=\"nofollow noopener\">Olimpiadi Invernali 2026 di Milano Cortina<\/a> e tutto dipende dalla presenza di <a href=\"https:\/\/www.cosmopolitan.com\/it\/lifestyle\/musica\/a62575374\/niente-panico-ghali-testo-significato\/\" target=\"_blank\" data-vars-ga-outbound-link=\"https:\/\/www.cosmopolitan.com\/it\/lifestyle\/musica\/a62575374\/niente-panico-ghali-testo-significato\/\" data-vars-ga-ux-element=\"Hyperlink\" data-vars-ga-call-to-action=\"Ghali\" data-node-id=\"12.3\" class=\"body-link css-ohbdae emevuu60\" rel=\"nofollow noopener\">Ghali<\/a> in veste di ospite d&#8217;onore alla manifestazione internazionale. Il Governo in carica teme infatti che l&#8217;artista possa prendere pubblicamente delle posizioni considerate \u00abscomode\u00bb sul palco. Comprensibilmente, c&#8217;\u00e8 anche chi all&#8217;Opposizione teme che l&#8217;approccio governativo possa rappresentare una sorta di bavaglio nei confronti dell&#8217;artista, che gi\u00e0 in passato non ha avuto timore a schierarsi quando l&#8217;ha ritenuto necessario (come accaduto a <a href=\"https:\/\/www.cosmopolitan.com\/it\/lifestyle\/musica\/a46596027\/ghali-canzone-sanremo-2024-testo-casa-mia\/\" target=\"_blank\" data-vars-ga-outbound-link=\"https:\/\/www.cosmopolitan.com\/it\/lifestyle\/musica\/a46596027\/ghali-canzone-sanremo-2024-testo-casa-mia\/\" data-vars-ga-ux-element=\"Hyperlink\" data-vars-ga-call-to-action=\"Sanremo 2024\" data-node-id=\"12.5\" class=\"body-link css-ohbdae emevuu60\" rel=\"nofollow noopener\">Sanremo 2024<\/a>).<\/p>\n<p>Il ministro dello sport Abodi su Ghali a Milano Cortina: \u00abNon esprimer\u00e0 il suo pensiero\u00bb<\/p>\n<p data-journey-content=\"true\" data-node-id=\"18\" class=\"css-6wxqfj emevuu60\"><a href=\"https:\/\/www.whatsapp.com\/channel\/0029VbBlLnBFSAsylQMSWv2M\" target=\"_blank\" data-vars-ga-outbound-link=\"https:\/\/www.whatsapp.com\/channel\/0029VbBlLnBFSAsylQMSWv2M\" data-vars-ga-call-to-action=\"Iscriviti al canale Whatsapp di Cosmopolitan Italia\" rel=\"nofollow noopener\" data-vars-ga-ux-element=\"Hyperlink\" data-node-id=\"18.0\" class=\"body-btn-link css-18z7m7k emevuu60\">Iscriviti al canale Whatsapp di Cosmopolitan Italia<\/a><\/p>\n<p data-journey-content=\"true\" data-node-id=\"24\" class=\"css-6wxqfj emevuu60\">In attesa del grande evento in programma il prossimo 6 febbraio allo stadio San Siro di Milano, il ministro per lo Sport e i Giovani <strong data-node-id=\"24.1\">Andrea Abodi<\/strong> ha precisato: \u00abLa cerimonia di apertura \u00e8 basata sul rispetto\u00bb, e ha sottolineato anche che questo \u00abazzera i rischi di libera interpretazione\u00bb. Sul palco olimpico, stando alle parole del politico, \u00abnon sar\u00e0 espresso il pensiero di <strong data-node-id=\"24.3\">Ghali<\/strong>\u00bb.<\/p>\n<p data-journey-content=\"true\" data-node-id=\"29\" class=\"css-6wxqfj emevuu60\">Il cantante, dunque, parteciper\u00e0 alla serata ma pur sempre con riserva. <strong data-node-id=\"29.1\">Abodi<\/strong> ha infatti anche aggiunto: \u00abNon mi crea alcun imbarazzo non condividere il suo pensiero e i messaggi che ha mandato. Un Paese deve saper reggere all\u2019urto di un artista che ha espresso un\u2019idea che non condividiamo e che non sar\u00e0 espressa su quel palco\u00bb. La direzione dell&#8217;Esecutivo, \u00e8 dunque quella di minimizzare le possibilit\u00e0 di \u00abequivoci sull\u2019indirizzo ideale, culturale ed etico\u00bb.<\/p>\n<p>Scoppia la polemica sulla presenza di Ghali a Milano Cortina 2026<\/p>\n<p data-journey-content=\"true\" data-node-id=\"35\" class=\"css-6wxqfj emevuu60\">Chi ha avuto parole decisamente pi\u00f9 dure a riguardo \u00e8 stata la <strong data-node-id=\"35.1\">Lega<\/strong>, che come riporta TGCom avrebbe addirittura espresso \u00absconcerto\u00bb per la presenza dell&#8217;\u00abodiatore <strong data-node-id=\"35.5\">Ghali<\/strong>\u00bb, accusato di essere dichiaratamente anti Israele e persino \u00abun fanatico proPal\u00bb.<\/p>\n<p data-journey-content=\"true\" data-node-id=\"39\" class=\"css-6wxqfj emevuu60\">Il rapper tunisino ha per\u00f2 trovato pieno supporto in <strong data-node-id=\"39.1\">commissione Cultura<\/strong> da parte di alcuni rappresentanti del <strong data-node-id=\"39.3\">Movimento Cinque Stelle<\/strong>, che hanno tuonato: \u00abQuando un ministro si permette il lusso di dire che un artista &#8216;non esprimer\u00e0 il suo pensiero sul palco&#8217; non sta parlando di rispetto o di etica: sta rivendicando <strong data-node-id=\"39.5\">una censura preventiva<\/strong>. Punto. Non \u00e8 una questione di condividere o meno le idee di <strong data-node-id=\"39.7\">Ghali<\/strong>, \u00e8 una questione molto pi\u00f9 grave: un Governo che pretende di stabilire in anticipo cosa si pu\u00f2 dire e cosa no\u00bb.  <\/p>\n<p>Related Stories<\/p>\n","protected":false},"excerpt":{"rendered":"Non si era ancora pronunciato sulle polemiche per la sua presenza alla cerimonia di apertura di Milano Cortina&hellip;\n","protected":false},"author":3,"featured_media":345310,"comment_status":"","ping_status":"","sticky":false,"template":"","format":"standard","meta":{"footnotes":"","_share_on_mastodon":"0"},"categories":[1443],"tags":[203,8289,200921,200924,204,1537,90,89,1538,1539,200923,200922],"class_list":["post-345309","post","type-post","status-publish","format-standard","has-post-thumbnail","category-musica","tag-entertainment","tag-ghali","tag-ghali-milano-cortina","tag-ghali-olimpiadi-polemiche","tag-intrattenimento","tag-it","tag-italia","tag-italy","tag-music","tag-musica","tag-ospiti-cerimonia-inagurazione-milano-cortina-2026","tag-polemiche-ghali-milano-cortina-2026"],"share_on_mastodon":{"url":"https:\/\/pubeurope.com\/@it\/116040523025072250","error":""},"_links":{"self":[{"href":"https:\/\/www.europesays.com\/it\/wp-json\/wp\/v2\/posts\/345309","targetHints":{"allow":["GET"]}}],"collection":[{"href":"https:\/\/www.europesays.com\/it\/wp-json\/wp\/v2\/posts"}],"about":[{"href":"https:\/\/www.europesays.com\/it\/wp-json\/wp\/v2\/types\/post"}],"author":[{"embeddable":true,"href":"https:\/\/www.europesays.com\/it\/wp-json\/wp\/v2\/users\/3"}],"replies":[{"embeddable":true,"href":"https:\/\/www.europesays.com\/it\/wp-json\/wp\/v2\/comments?post=345309"}],"version-history":[{"count":0,"href":"https:\/\/www.europesays.com\/it\/wp-json\/wp\/v2\/posts\/345309\/revisions"}],"wp:featuredmedia":[{"embeddable":true,"href":"https:\/\/www.europesays.com\/it\/wp-json\/wp\/v2\/media\/345310"}],"wp:attachment":[{"href":"https:\/\/www.europesays.com\/it\/wp-json\/wp\/v2\/media?parent=345309"}],"wp:term":[{"taxonomy":"category","embeddable":true,"href":"https:\/\/www.europesays.com\/it\/wp-json\/wp\/v2\/categories?post=345309"},{"taxonomy":"post_tag","embeddable":true,"href":"https:\/\/www.europesays.com\/it\/wp-json\/wp\/v2\/tags?post=345309"}],"curies":[{"name":"wp","href":"https:\/\/api.w.org\/{rel}","templated":true}]}}