{"id":345480,"date":"2026-02-09T15:34:10","date_gmt":"2026-02-09T15:34:10","guid":{"rendered":"https:\/\/www.europesays.com\/it\/345480\/"},"modified":"2026-02-09T15:34:10","modified_gmt":"2026-02-09T15:34:10","slug":"violenza-sessuale-a-sassari-sequestrata-e-stuprata-per-10-giorni-arrestato-il-fidanzato","status":"publish","type":"post","link":"https:\/\/www.europesays.com\/it\/345480\/","title":{"rendered":"Violenza sessuale a Sassari, sequestrata e stuprata per 10 giorni: arrestato il fidanzato"},"content":{"rendered":"<p>Una donna di 25 anni \u00e8 stata segregata\u00a0in casa per almeno 10 giorni, poi picchiata, torturata e stuprata. \u00c8 accaduto a Sassari, dove la vittima delle violenze \u00e8 stata salvata dai carabinieri. Il fidanzato della 25enne, un uomo sassarese di 35 anni, \u00e8 stato arrestato in flagranza.\u00a0Interrogata dagli inquirenti, la donna ha raccontato di essere stata vittima di insulti, botte, bruciature e anche di esser stata sfigurata con dell&#8217;acido.\u00a0I carabinieri sono riusciti a entrare nell&#8217;abitazione in cui la donna era tenuta segregata. La vittima era in stato di choc, terrorizzata e ricoperta di lividi.\u00a0L\u2019uomo, tratto in arresto, su disposizione dalla Procura della Repubblica di Sassari, \u00e8 stato trasferito nel carcere di Bancali.\u00a0Diverse le imputazioni a suo carico: sequestro di persona, tortura, lesioni personali, maltrattamenti nei confronti di familiari e resistenza a pubblico ufficiale.<\/p>\n<p>\t\t \tL\u2019allarme lanciato dalla madre<\/p>\n<p>\u00a0<\/p>\n<p>L\u2019intervento \u00e8 scattato nella tarda serata di venerd\u00ec, dopo una chiamata al 112 da parte della madre della giovane. La donna aveva riferito di essere molto preoccupata perch\u00e8 non riusciva a rintracciare la figlia che probabilmente si trovava a casa del fidanzato. Giunti sul posto, i carabinieri hanno tentato pi\u00f9 volte di accedere all\u2019abitazione citofonando, senza ottenere risposta. Accertata la presenza di persone all\u2019interno, che sembravano intenzionate a sottrarsi al controllo, i militari sono entrati nell\u2019appartamento passando da una finestra tramite un cestello dei vigili del fuoco. All\u2019interno dell\u2019abitazione \u00e8 stata trovata la giovane, visibilmente scossa. La donna ha riferito di essere stata trattenuta contro la propria volont\u00e0 da circa dieci giorni e di essere stata ripetutamente malmenata. Secondo quanto emerso dalle prime attivit\u00e0 investigative, la relazione tra i due si sarebbe incrinata da circa tre mesi.<\/p>\n<p>\u00a0<\/p>\n<p>Le violenze contestate<\/p>\n<p>\u00a0<\/p>\n<p>L&#8217;uomo, secondo la ricostruzione degli inquirenti, scagliava oggetti contro la donna, seviziandola e sottoponendola a umiliazioni di ogni tipo, arrivando addirittura a spegnerle sigarette sull&#8217;avambraccio. Nei dieci giorni di segregazione in casa, la ragazza aveva a disposizione pochissimo cibo che l&#8217;uomo le concedeva gettandolo a terra, sputandoci sopra e calpestandolo. La ragazza ha inoltre riferito di essere stata minacciata pi\u00f9 volte di essere sfigurata con dell\u2019acido e indotta a bere candeggina. Per punirla dopo un tentativo di fuga, l\u2019uomo le avrebbe anche tagliato i capelli con un rasoio. La giovane ha dichiarato di essere stata costretta ad assumere diverse quantit\u00e0 di psicofarmaci e che, una volta stordita, l\u2019uomo avrebbe abusato di lei anche sessualmente, nonostante i suoi tentativi di opporsi.<\/p>\n<p>\u00a0<\/p>\n<p>La denuncia e il ricovero<\/p>\n<p>\u00a0<\/p>\n<p>\u00a0<\/p>\n<p>Quanto riferito dalla donna nelle prime fasi dell\u2019intervento \u00e8 stato successivamente formalizzato con una denuncia-querela presentata presso gli uffici della Sezione Radiomobile del comando provinciale dei carabinieri di Sassari. Subito soccorsa, la giovane \u00e8 stata trasferita all&#8217;Ospedale Santissima Annunziata per le cure del caso, dove \u00e8 tuttora ricoverata e affidata ad un centro di supporto alle vittime di violenza di genere. Durante la permanenza in caserma, l\u2019uomo fermato avrebbe tentato di aggredire uno dei militari, cercando anche di impugnare un estintore, ma \u00e8 stato subito immobilizzato. Su disposizione della Procura della Repubblica di Sassari, l\u2019uomo \u00e8 stato arrestato e trasferito nel carcere di Bancali.<\/p>\n<p>\u00a0<\/p>\n<p>\t\t\t<a class=\"c-inline-card j-inline-card c-inline-card--with-image\" href=\"https:\/\/tg24.sky.it\/cronaca\/2026\/02\/02\/violenza-sessuale-sesto-san-giovanni-milano\" rel=\"follow nofollow noopener\" data-intcmp=\"skytg24_articolo_approfondimenti_inline\" target=\"_blank\"><\/p>\n<p>\t\t\t         <img decoding=\"async\" crossorigin=\"anonymous\" alt=\"\" src=\"https:\/\/www.europesays.com\/it\/wp-content\/uploads\/2026\/02\/polizia_generica_notte_ANSA.jfif.jpeg\"  loading=\"lazy\"  bad-src=\"https:\/\/www.europesays.com\/it\/wp-content\/uploads\/2026\/02\/polizia_generica_notte_ANSA.jfif.jpeg\"\/><\/p>\n<p>\n\t\t\t         Vedi anche<br \/>\n\t\t\t         Milano, 20enne violentata e picchiata dal fidanzato: arrestato\n\t\t\t      <\/p>\n<p>\t\t\t<\/a><\/p>\n","protected":false},"excerpt":{"rendered":"Una donna di 25 anni \u00e8 stata segregata\u00a0in casa per almeno 10 giorni, poi picchiata, torturata e stuprata.&hellip;\n","protected":false},"author":3,"featured_media":345481,"comment_status":"","ping_status":"","sticky":false,"template":"","format":"standard","meta":{"footnotes":"","_share_on_mastodon":"0"},"categories":[79],"tags":[364,14,93,94,1731,1537,90,89,7,15,12118,12021,11,84,91,12,85,92,9355],"class_list":["post-345480","post","type-post","status-publish","format-standard","has-post-thumbnail","category-italia","tag-collaboratori","tag-cronaca","tag-cronaca-italiana","tag-cronacaitaliana","tag-donna","tag-it","tag-italia","tag-italy","tag-news","tag-notizie","tag-sassari","tag-stupro","tag-ultime-notizie","tag-ultime-notizie-e-news-di-oggi","tag-ultime-notizie-italia","tag-ultimenotizie","tag-ultimenotizieenewsdioggi","tag-ultimenotizieitalia","tag-violenza-sessuale"],"share_on_mastodon":{"url":"https:\/\/pubeurope.com\/@it\/116041407848563822","error":""},"_links":{"self":[{"href":"https:\/\/www.europesays.com\/it\/wp-json\/wp\/v2\/posts\/345480","targetHints":{"allow":["GET"]}}],"collection":[{"href":"https:\/\/www.europesays.com\/it\/wp-json\/wp\/v2\/posts"}],"about":[{"href":"https:\/\/www.europesays.com\/it\/wp-json\/wp\/v2\/types\/post"}],"author":[{"embeddable":true,"href":"https:\/\/www.europesays.com\/it\/wp-json\/wp\/v2\/users\/3"}],"replies":[{"embeddable":true,"href":"https:\/\/www.europesays.com\/it\/wp-json\/wp\/v2\/comments?post=345480"}],"version-history":[{"count":0,"href":"https:\/\/www.europesays.com\/it\/wp-json\/wp\/v2\/posts\/345480\/revisions"}],"wp:featuredmedia":[{"embeddable":true,"href":"https:\/\/www.europesays.com\/it\/wp-json\/wp\/v2\/media\/345481"}],"wp:attachment":[{"href":"https:\/\/www.europesays.com\/it\/wp-json\/wp\/v2\/media?parent=345480"}],"wp:term":[{"taxonomy":"category","embeddable":true,"href":"https:\/\/www.europesays.com\/it\/wp-json\/wp\/v2\/categories?post=345480"},{"taxonomy":"post_tag","embeddable":true,"href":"https:\/\/www.europesays.com\/it\/wp-json\/wp\/v2\/tags?post=345480"}],"curies":[{"name":"wp","href":"https:\/\/api.w.org\/{rel}","templated":true}]}}