{"id":345605,"date":"2026-02-09T17:17:08","date_gmt":"2026-02-09T17:17:08","guid":{"rendered":"https:\/\/www.europesays.com\/it\/345605\/"},"modified":"2026-02-09T17:17:08","modified_gmt":"2026-02-09T17:17:08","slug":"mieloma-multiplo-cose-come-si-riconosce-e-perche-oggi-si-vive-di-piu","status":"publish","type":"post","link":"https:\/\/www.europesays.com\/it\/345605\/","title":{"rendered":"Mieloma multiplo: cos\u2019\u00e8, come si riconosce e perch\u00e9 oggi si vive di pi\u00f9"},"content":{"rendered":"<p>    di<br \/>\n    Livia Gamondi<\/p>\n<p class=\"summary-art is--xlarge is-mr-b-15\">L\u2019aspettativa di vita \u00e8 passata da due anni e mezzo a quasi dieci anni. L&#8217;immunoterapia sta cambiando la cura, consentendo ai pazienti una buona qualit\u00e0 del vivere, con meno ricoveri in ospedale<\/p>\n<p class=\"chapter-paragraph\">Per anni la parola <a href=\"https:\/\/www.corriere.it\/salute\/dizionario\/cancro\/\" rel=\"nofollow noopener\" target=\"_blank\">\u00abcancro\u00bb<\/a> \u00e8 stata impronunciabile. Fino a poco pi\u00f9 di dieci anni fa, si preferiva usare \u00abbrutta malattia\u00bb o \u00ablunga malattia\u00bb, quasi a esorcizzare una diagnosi che lasciava poco spazio alla speranza. <b>Oggi, i tumori sono sempre pi\u00f9 curabili<\/b> e, insieme alle terapie, \u00e8 cambiato anche il linguaggio: non \u00e8 un segnale casuale, ma lo specchio di una trasformazione resa possibile dalla ricerca, anche per quelle forme che un tempo sembravano non avere futuro. <b>Nel 2025 in Italia si stimano circa 390mila nuove diagnosi di tumore,<\/b> ma il dato si accompagna a una tendenza alla diminuzione e, soprattutto, a un calo complessivo del 9 per cento dei decessi negli ultimi dieci anni. Numeri che raccontano una nuova fase: non solo nella medicina, ma anche nel modo di parlare e pensare al cancro.<br \/><b>Dal 2015 ad oggi, l\u2019aspettativa di vita di chi ha ricevuto una diagnosi di<\/b> <a href=\"https:\/\/www.corriere.it\/salute\/dizionario\/mieloma\/\" rel=\"nofollow noopener\" target=\"_blank\">mieloma multiplo <\/a>\u00e8 passata da due anni e mezzo a quasi dieci anni. E questo vuol dire molto per i pazienti e le loro famiglie: in Italia sono circa seimila590 i nuovi casi, soprattutto persone over 70, poco pi\u00f9 gli uomini rispetto alle donne.<\/p>\n<p>    <b>Mieloma multiplo, che cos&#8217;\u00e8<\/b><\/p>\n<p class=\"chapter-paragraph\">\u00abA volte inizia con <b>un dolore acuto alle ossa<\/b> o con <b>un forte mal di schiena<\/b> che non recede con gli <a href=\"https:\/\/www.corriere.it\/salute\/dizionario\/antinfiammatori\/\" rel=\"nofollow noopener\" target=\"_blank\">antinfiammatori<\/a> &#8211; spiega <b>Alessandro Corso<\/b>, direttore della U.O.C di Ematologia all\u2019Ospedale di Legnano. In alcune persone compaio fratture inspiegabili, problemi renali, infezioni. &#8211; E sottolinea &#8211; <b>l\u2019anemia \u00e8 il campanello d\u2019allarme<\/b> che deve condurre a indagini diagnostiche approfondite\u00bb. <br \/>Il mieloma multiplo \u00e8 un<a href=\"https:\/\/www.corriere.it\/salute\/il-medico-risponde\/tumori\/tumori-sangue\/\" rel=\"nofollow noopener\" target=\"_blank\"> tumore del sangue<\/a> con un impatto profondo sulla vita di chi ne \u00e8 colpito. <b>La malattia nasce nel midollo osseo<\/b> e prende di mira le plasmacellule, globuli bianchi fondamentali per la difesa dell\u2019organismo dalle infezioni. Quando queste cellule subiscono una trasformazione genetica, iniziano a moltiplicarsi senza controllo, alterando l\u2019equilibrio del midollo e ostacolando la produzione delle cellule sane. <b>Le conseguenze sono spesso gravi:<\/b> <a href=\"https:\/\/www.corriere.it\/salute\/dizionario\/anemia\/\" rel=\"nofollow noopener\" target=\"_blank\">anemia<\/a>, problemi di coagulazione, maggiore vulnerabilit\u00e0 alle infezioni e lesioni alle ossa. A complicare il quadro, le plasmacellule tumorali producono grandi quantit\u00e0 di anticorpi anomali, le cosiddette proteine monoclonali, inutili per il <a href=\"https:\/\/www.corriere.it\/salute\/dizionario\/sistema-immunitario\/\" rel=\"nofollow noopener\" target=\"_blank\">sistema immunitario <\/a>e potenzialmente dannose per l\u2019organismo.    &#13;<br \/>\n&#13;<br \/>\n&#13;<br \/>\n&#13;<br \/>\n&#13;<br \/>\n&#13;<br \/>\n&#13;<br \/>\n&#13;<br \/>\n&#13;<br \/>\n&#13;<br \/>\n&#13;<br \/>\n&#13;<br \/>\n&#13;<br \/>\n&#13;<br \/>\n&#13;<br \/>\n&#13;<br \/>\n&#13;<br \/>\n&#13;<br \/>\n&#13;<br \/>\n&#13;<br \/>\n&#13;<br \/>\n&#13;<br \/>\n&#13;<br \/>\n&#13;<br \/>\n&#13;<br \/>\n&#13;<br \/>\n&#13;<br \/>\n&#13;<br \/>\n&#13;<br \/>\n&#13;<br \/>\n&#13;<br \/>\n&#13;<br \/>\n&#13;<br \/>\n&#13;<br \/>\n&#13;<br \/>\n&#13;<br \/>\n&#13;<br \/>\n&#13;<br \/>\n&#13;<br \/>\n&#13;<br \/>\n&#13;<br \/>\n&#13;<br \/>\n&#13;<br \/>\n&#13;<br \/>\n&#13;<br \/>\n&#13;<br \/>\n&#13;<br \/>\n&#13;<br \/>\n&#13;<br \/>\n&#13;<br \/>\n&#13;<br \/>\n&#13;<br \/>\n&#13;\n<\/p>\n<p class=\"chapter-paragraph\">\u00abNel mieloma multiplo <a href=\"https:\/\/www.corriere.it\/salute\/dizionario\/ricaduta\/\" rel=\"nofollow noopener\" target=\"_blank\">le ricadute<\/a><b> non sono infrequenti <\/b>e ognuna \u00e8 un po\u2019 pi\u00f9 seria &#8211; spiega\u00a0<b>Silvia Mangiacavalli, <\/b>ematologa dell&#8217;U.O.C. di Ematologia dell&#8217;IRCCS Fondazione Policlinico San Matteo di Pavia-. Ma o<b>ggi gli avanzamenti della ricerca ci hanno portato ad avere pi\u00f9 terapie <\/b>che possiamo prescrivere e questo ci ha fatto smettere di avere un atteggiamento rinunciatario. Ci occupiamo di pazienti anziani con la consapevolezza di poter somministrare terapie che possono essere ben tollerate e anche con una buona qualit\u00e0 di vita per dei tempi anche lunghi<b>. Una domanda che ci viene spesso posta riguarda il futuro:<\/b> \u201cMio figlio o mia figlia si sposer\u00e0 l\u2019anno prossimo, spero di poterla vedere\u201d. La nostra risposta nella maggior parte dei casi \u00e8 un s\u00ec senza esitazione\u00bb.<\/p>\n<p>    <b>Le nuove terapie<\/b><\/p>\n<p class=\"chapter-paragraph\">L\u2019<a href=\"https:\/\/www.corriere.it\/salute\/dizionario\/immunoterapia\/\" rel=\"nofollow noopener\" target=\"_blank\">immunoterapia<\/a> \u00e8 <b>la nuova frontiera della cura dei tumori <\/b>e nel caso del mieloma multiplo deve essere in grado sia di colpire le cellule mielomatose sia di ripristinare l\u2019attivit\u00e0 antitumorale. <b>Gli <a href=\"https:\/\/www.corriere.it\/salute\/dizionario\/anticorpo-monoclonale\/\" rel=\"nofollow noopener\" target=\"_blank\">anticorpi monoclonal<\/a>i sono stati la prima forma di immunoterapia utilizzata <\/b>per il trattamento del mieloma multiplo. Successivamente ne sono stati resi disponibili altri tra cui <b>i coniugati anticorpo-farmaco (ADC)<\/b>, come belantamab mafodotin, approvato da Ema e in attesa della conclusione dell&#8217;iter regolatorio Aifa, che nel loro insieme danno origine a un potente agente oncolitico in grado di veicolare citotossine, altrimenti non tollerabili, direttamente sulle cellule tumorali dove viene rilasciato. Il vantaggio \u00e8 oltre che essere efficace \u00e8 ben tollerato. <br \/>\u00abIl mieloma multiplo non \u00e8 una sola malattia- spiega <b>Silvia Mangiacavalli<\/b> -, oggi siamo in grado di allungare la vita dei pazienti e <b>il nostro obiettivo \u00e8 di riuscire a tenere le persone lontane dall\u2019ospedale con una buona qualit\u00e0 di vita<\/b> e soprattutto con la possibilit\u00e0 di fare dei progetti per il futuro e di realizzarli\u00bb.<br \/>\u00abL\u2019avanzamento della ricerca ci ha portato a dei risultati molto buoni per i pazienti- spiega <b>Alessandro Corso<\/b> \u2013 quello che ci aspettiamo \u00e8 di avere un controllo a lungo termine della malattia e guadagnare qualit\u00e0 di vita. Inoltre, uno degli obiettivi a cui puntiamo \u00e8 di <b>arrivare alla cosiddetta MRD, malattia minima residua, per poter sospendere la terapia<\/b>. \u00c8 gi\u00e0 avvenuto in ematologia e dunque non \u00e8 un sogno irrealizzabile\u00bb.<\/p>\n<p class=\"overtitle\">Hai un dubbio o un quesito medico?<\/p>\n<p class=\"caption\">I nostri medici e specialisti rispondo ai tuoi quesiti su temi sanitari<\/p>\n<p class=\"is-last-update\" datetime=\"2026-02-09T14:59:52+01:00\">9 febbraio 2026 ( modifica il 9 febbraio 2026 | 14:59)<\/p>\n<p class=\"is-copyright\">\n            \u00a9 RIPRODUZIONE RISERVATA\n        <\/p>\n","protected":false},"excerpt":{"rendered":"di Livia Gamondi L\u2019aspettativa di vita \u00e8 passata da due anni e mezzo a quasi dieci anni. L&#8217;immunoterapia&hellip;\n","protected":false},"author":3,"featured_media":345606,"comment_status":"","ping_status":"","sticky":false,"template":"","format":"standard","meta":{"footnotes":"","_share_on_mastodon":"0"},"categories":[175],"tags":[2535,201027,80008,3628,15069,391,6090,23884,9223,1045,48491,2575,790,2664,3635,5316,132096,4941,239,102728,14691,1537,90,89,370,201028,44856,87127,201026,109030,55950,273,2508,35312,812,90326,28216,201029,10225,201030,1916,1380,3277,4963,614,201031,240,17062,337,479,16661],"class_list":["post-345605","post","type-post","status-publish","format-standard","has-post-thumbnail","category-salute","tag-alessandro","tag-alessandro-corso","tag-anemia","tag-anticorpi","tag-aspettativa","tag-ben","tag-buona","tag-buona-qualita","tag-cancro","tag-casi","tag-cellule","tag-controllo","tag-corso","tag-cura","tag-diagnosi","tag-dieci","tag-ematologia","tag-grado","tag-health","tag-immunoterapia","tag-infezioni","tag-it","tag-italia","tag-italy","tag-malattia","tag-mangiacavalli","tag-midollo","tag-mieloma","tag-mieloma-multiplo","tag-monoclonali","tag-multiplo","tag-nuova","tag-nuove","tag-organismo","tag-ospedale","tag-ossa","tag-passata","tag-passata-dieci","tag-pazienti","tag-plasmacellule","tag-portato","tag-poter","tag-problemi","tag-qualita","tag-ricerca","tag-ricerca-portato","tag-salute","tag-silvia","tag-soprattutto","tag-spiega","tag-terapie"],"share_on_mastodon":{"url":"","error":"Validation failed: Text character limit of 500 exceeded"},"_links":{"self":[{"href":"https:\/\/www.europesays.com\/it\/wp-json\/wp\/v2\/posts\/345605","targetHints":{"allow":["GET"]}}],"collection":[{"href":"https:\/\/www.europesays.com\/it\/wp-json\/wp\/v2\/posts"}],"about":[{"href":"https:\/\/www.europesays.com\/it\/wp-json\/wp\/v2\/types\/post"}],"author":[{"embeddable":true,"href":"https:\/\/www.europesays.com\/it\/wp-json\/wp\/v2\/users\/3"}],"replies":[{"embeddable":true,"href":"https:\/\/www.europesays.com\/it\/wp-json\/wp\/v2\/comments?post=345605"}],"version-history":[{"count":0,"href":"https:\/\/www.europesays.com\/it\/wp-json\/wp\/v2\/posts\/345605\/revisions"}],"wp:featuredmedia":[{"embeddable":true,"href":"https:\/\/www.europesays.com\/it\/wp-json\/wp\/v2\/media\/345606"}],"wp:attachment":[{"href":"https:\/\/www.europesays.com\/it\/wp-json\/wp\/v2\/media?parent=345605"}],"wp:term":[{"taxonomy":"category","embeddable":true,"href":"https:\/\/www.europesays.com\/it\/wp-json\/wp\/v2\/categories?post=345605"},{"taxonomy":"post_tag","embeddable":true,"href":"https:\/\/www.europesays.com\/it\/wp-json\/wp\/v2\/tags?post=345605"}],"curies":[{"name":"wp","href":"https:\/\/api.w.org\/{rel}","templated":true}]}}