{"id":345998,"date":"2026-02-09T22:41:12","date_gmt":"2026-02-09T22:41:12","guid":{"rendered":"https:\/\/www.europesays.com\/it\/345998\/"},"modified":"2026-02-09T22:41:12","modified_gmt":"2026-02-09T22:41:12","slug":"aston-martin-tolti-i-veli-alla-livrea-della-amr26-progettata-da-newey","status":"publish","type":"post","link":"https:\/\/www.europesays.com\/it\/345998\/","title":{"rendered":"Aston Martin: tolti i veli alla livrea della AMR26 progettata da Newey"},"content":{"rendered":"<p>Si pu\u00f2 dire che la AMR26 rappresenti davvero una nuova era per Aston Martin, non solo perch\u00e9 \u00e8 la prima vettura disegnata per il cambio regolamentare del 2026. \u00c8 anche la prima monoposto con cui la squadra di Silverstone osa sognare, lasciando lo status di team cliente per abbracciare la Power Unit Honda che batte nel cuore della prima vettura firmata Adrian Newey.\u00a0<\/p>\n<p>Tutti elementi che hanno acceso l\u2019interesse attorno a una squadra dalle grandi ambizioni, ma che, come spesso accade quando ci si immerge in progetti di questa portata, ha ancora bisogno di tempo per esprimersi davvero al massimo del proprio potenziale.<\/p>\n<p>Qualcosa che non ha nascosto nemmeno Adrian Newey, il quale ha spiegato che il progetto AMR26 \u00e8 partito con circa quattro mesi di ritardo, complice la possibilit\u00e0 di utilizzare la nuova galleria del vento solo da aprile 2025. Un rallentamento che ha costretto il team a comprimere il lavoro, poi concretizzatosi a Barcellona con i primi chilometri che hanno dato forma reale alla nuova monoposto.\u00a0<\/p>\n<p>   <img decoding=\"async\" draggable=\"false\" src=\"https:\/\/www.europesays.com\/it\/wp-content\/uploads\/2026\/02\/aston-martin-amr26.jpg\" alt=\"La nuova livrea Aston Martin su una showcar\" width=\"1200\" height=\"800\" loading=\"lazy\"\/> <\/p>\n<p class=\"title\">La nuova livrea Aston Martin su una showcar<\/p>\n<p class=\"photographer\">Foto di: Aston Martin<\/p>\n<p>In attesa di tornare in pista in Bahrain nei prossimi giorni per la seconda sessione di test di questo pre\u2011campionato, dove Aston Martin dovr\u00e0 recuperare il tempo perso in Spagna, il team di Silverstone ha svelato la livrea con cui la AMR26 affronter\u00e0 la stagione. Una veste cromatica che non rinuncia al classico British Racing Green, il colore che da anni accompagna le vetture del marchio britannico, sebbene sia stata svelata con una showcar che non rispecchia le forme finali della AMR26.<\/p>\n<p>La scelta di svelare la nuova livrea in Arabia Saudita non \u00e8 casuale: rafforza il legame con il main sponsor Aramco, destinato a giocare un ruolo ancora pi\u00f9 centrale. Sar\u00e0 infatti l\u2019azienda saudita a sviluppare i carburanti totalmente sostenibili, un elemento che potrebbe rivelarsi decisivo nel differenziare le prestazioni tra i vari costruttori. Un fattore che, insieme al valore della PU Honda, diventer\u00e0 uno dei cardini della competitivit\u00e0 complessiva della vettura.<\/p>\n<p>\u201cLa AMR26 rappresenta un passo decisivo per Aston Martin Aramco mentre entriamo nella nuova era della Formula 1 nel 2026. Questi regolamenti segnano il pi\u00f9 grande reset che lo sport abbia visto in una generazione, e li affrontiamo con un\u2019ambizione chiara: costruire una squadra capace di vincere\u201d, ha detto Lawrence Stroll, colui che ha messo a disposizione del team le risorse per creare un progetto ambizioso.<\/p>\n<p>   <img decoding=\"async\" draggable=\"false\" src=\"https:\/\/www.europesays.com\/it\/wp-content\/uploads\/2026\/02\/1770676872_247_aston-martin-amr26.jpg\" alt=\"La nuova livrea Aston Martin su una showcar\" width=\"1200\" height=\"800\" loading=\"lazy\"\/> <\/p>\n<p class=\"title\">La nuova livrea Aston Martin su una showcar<\/p>\n<p class=\"photographer\">Foto di: Aston Martin<\/p>\n<p>\u201cOgni scelta che facciamo \u00e8 intenzionale, ponderata, deliberata e costruita in funzione della direzione in cui stiamo andando. Questo \u00e8 anche il nostro primo anno come vero team ufficiale, supportato da partner di livello mondiale come Honda, Aramco e Valvoline. Con l\u2019AMR Technology Campus ora completato, abbiamo persone, strutture e investimenti a lungo termine per competere con i migliori. Oggi \u00e8 un\u2019altra tappa importante di questo percorso\u201d.<\/p>\n<p>Un nuovo inizio che rappresenta anche l\u2019opportunit\u00e0 di ripartire da un foglio bianco. Non \u00e8 un caso che, sul fronte tecnico, la AMR26 sia cos\u00ec profondamente diversa dalle monoposto che l\u2019hanno preceduta: non solo per effetto del cambio regolamentare, ma anche per la scelta di osare pi\u00f9 che in passato in aree chiave, dalle pance estremamente sottili alle sospensioni che si innestano direttamente sul pilone di supporto dell\u2019ala posteriore.<\/p>\n<p>\u00a0\u201cIl 2026 \u00e8 un momento raro in Formula 1 perch\u00e9, per la prima volta, i regolamenti su telaio e power unit cambiano contemporaneamente&#8221;,\u00a0ha spiegato Adrian Newey, \u201cpadre\u201d del progetto, pur senza aver potuto seguirne le fondamenta sin dalle primissime fasi, dato che si \u00e8 unito al team solamente a marzo dello scorso anno.\u00a0<\/p>\n<p>   <img decoding=\"async\" draggable=\"false\" src=\"https:\/\/www.europesays.com\/it\/wp-content\/uploads\/2026\/02\/1770676872_700_aston-martin-amr26.jpg\" alt=\"La nuova livrea Aston Martin su una showcar\" width=\"1200\" height=\"800\" loading=\"lazy\"\/> <\/p>\n<p class=\"title\">La nuova livrea Aston Martin su una showcar<\/p>\n<p class=\"photographer\">Foto di: Aston Martin<\/p>\n<p>&#8220;Con regolamenti completamente nuovi, la filosofia migliore non \u00e8 mai immediatamente evidente, e la comprensione evolve man mano che la vettura si sviluppa. Con la AMR26 abbiamo adottato un approccio olistico: non si tratta di un singolo componente di spicco, ma di come tutto il pacchetto lavora insieme\u201d.<\/p>\n<p>Rispetto al passato c&#8217;\u00e8 per\u00f2 anche un elemento rimasto immutato, ossia i piloti. A guidare l&#8217;ultima nata a Silverstone saranno infatti ancora una volta Fernando Alonso e Lance Stroll. Una coppia che ormai conosce bene la squadra, con l&#8217;obiettivo di provare a guardare in alto e lasciarsi alle spalle stagioni in cui ha prevalso la sensazione che Aston Martin abbia vissuto pi\u00f9 una fase di transizione.<\/p>\n<p>Leggi anche:<\/p>\n<p>\u00a0<\/p>\n<p>            Vogliamo la vostra opinione!<\/p>\n<p class=\"mt-auto\">Cosa vorresti vedere su Motorsport.com?<\/p>\n<p>            <a href=\"#\" class=\"ms-link text-link font-bold\">Partecipate al nostro sondaggio di 5 minuti.<\/a><\/p>\n<p class=\"mt-1 text-body\">&#8211; Il team di Motorsport.com<\/p>\n","protected":false},"excerpt":{"rendered":"Si pu\u00f2 dire che la AMR26 rappresenti davvero una nuova era per Aston Martin, non solo perch\u00e9 \u00e8&hellip;\n","protected":false},"author":3,"featured_media":345999,"comment_status":"","ping_status":"","sticky":false,"template":"","format":"standard","meta":{"footnotes":"","_share_on_mastodon":"0"},"categories":[176],"tags":[6717,201194,2921,683,1537,90,89,9349,201195,2915,245,244],"class_list":["post-345998","post","type-post","status-publish","format-standard","has-post-thumbnail","category-sport","tag-aston-martin","tag-f1-aston-martin-tolti-i-veli-alla-livrea-della-amr26-progettata-da-newey","tag-fernando-alonso","tag-formula-1","tag-it","tag-italia","tag-italy","tag-lance-stroll","tag-presentazione-aston-martin-racing","tag-silverstone","tag-sport","tag-sports"],"share_on_mastodon":{"url":"https:\/\/pubeurope.com\/@it\/116043086913602388","error":""},"_links":{"self":[{"href":"https:\/\/www.europesays.com\/it\/wp-json\/wp\/v2\/posts\/345998","targetHints":{"allow":["GET"]}}],"collection":[{"href":"https:\/\/www.europesays.com\/it\/wp-json\/wp\/v2\/posts"}],"about":[{"href":"https:\/\/www.europesays.com\/it\/wp-json\/wp\/v2\/types\/post"}],"author":[{"embeddable":true,"href":"https:\/\/www.europesays.com\/it\/wp-json\/wp\/v2\/users\/3"}],"replies":[{"embeddable":true,"href":"https:\/\/www.europesays.com\/it\/wp-json\/wp\/v2\/comments?post=345998"}],"version-history":[{"count":0,"href":"https:\/\/www.europesays.com\/it\/wp-json\/wp\/v2\/posts\/345998\/revisions"}],"wp:featuredmedia":[{"embeddable":true,"href":"https:\/\/www.europesays.com\/it\/wp-json\/wp\/v2\/media\/345999"}],"wp:attachment":[{"href":"https:\/\/www.europesays.com\/it\/wp-json\/wp\/v2\/media?parent=345998"}],"wp:term":[{"taxonomy":"category","embeddable":true,"href":"https:\/\/www.europesays.com\/it\/wp-json\/wp\/v2\/categories?post=345998"},{"taxonomy":"post_tag","embeddable":true,"href":"https:\/\/www.europesays.com\/it\/wp-json\/wp\/v2\/tags?post=345998"}],"curies":[{"name":"wp","href":"https:\/\/api.w.org\/{rel}","templated":true}]}}