{"id":346213,"date":"2026-02-10T01:40:12","date_gmt":"2026-02-10T01:40:12","guid":{"rendered":"https:\/\/www.europesays.com\/it\/346213\/"},"modified":"2026-02-10T01:40:12","modified_gmt":"2026-02-10T01:40:12","slug":"colombia-egan-bernal-si-conferma-campione-nazionale-titoli-assegnati-anche-in-sudafrica-namibia-e-uruguay","status":"publish","type":"post","link":"https:\/\/www.europesays.com\/it\/346213\/","title":{"rendered":"COLOMBIA. EGAN BERNAL SI CONFERMA CAMPIONE NAZIONALE. TITOLI ASSEGNATI ANCHE IN SUDAFRICA, NAMIBIA E URUGUAY"},"content":{"rendered":"<p>Al termine di una corsa durissima, <strong>Egan Bernal si \u00e8 riconfermato campione nazionale di Colombia.<\/strong> Il boyacense della Ineos Grenadiers \u00e8 stato il pi\u00f9 forte in una giornata davvero molto impegnativa: a Zipaquir\u00e1 ha preceduto Iv\u00e1n Ramiro Sosa (Equipo Kern Pharma) e Juan Felipe Rodr\u00edguez (EF Education \u2013 Aevolo).\n            <\/p>\n<p>Il campionato colombiano \u00e8 stato una vera e propria corsa ad eliminazione: nella prima parte di gara il ritiro pi\u00f9 illustre \u00e8 stato quello di Daniel Felipe Mart\u00ednez (Red Bull \u2013 BORA \u2013 hansgrohe) poi l&#8217;ascesa al Muro del Concepito ha via via selezionato il gruppo.\n            <\/p>\n<p>Tra i protagonisti di giornata c&#8217;\u00e8 stato Jos\u00e9 Misael Uri\u00e1n (Team Sistecr\u00e9dito) che \u00e8 rimasto da solo per diversi chilometri ma nulla ha potuto nel finale contro il ritorno dei favoriti.\u00a0<\/p>\n<p>A guidare la rincorsa \u00e8 stata soprattutto la NU Colombia di Rodrigo Contreras e Javier Jamaica, insieme a R\u00f3binson L\u00f3pez (GW Erco Sportfitness) e Santiago Buitrago (Bahrain \u2013 Victorious).<\/p>\n<p>Dopo la penultima salita al Muro del Concezione sono rimasti davanti in sette in corsa con R\u00f3binson <strong>L\u00f3pez<\/strong> (GW Erco Sportfitness), Iv\u00e1n Ramiro <strong>Sosa<\/strong> (Kern Pharma), Egan <strong>Bernal<\/strong> (Ineos Grenadiers), Javier <strong>Jamaica<\/strong> (Nu Colombia), Santiago <strong>Buitrago<\/strong> (Bahrain \u2013 Victorious), Rodrigo <strong>Contreras<\/strong> (Nu Colombia) e Juan Felipe\u00a0<strong>Rodr\u00edguez<\/strong> (EF Education \u2013 Aevolo).<\/p>\n<p>\u00c8 stato\u00a0Bernal a far valere tutta la sua esperienza, ad attendere il momento migliore per lanciare il suo attacco e ad andare a confermarsi campione nazionale.<\/p>\n<p><strong>GLI ALTRI TITOLI.\u00a0<\/strong>Quello di Egan Bernal \u00e8 stato certamente il nome di grido con cui si \u00e8 conclusa la tornata di campionati nazionali svoltasi questo fine settimana nell\u2019emisfero australe, un novero di gare che per\u00f2 ha visto brillare nelle scorse ore anche altri protagonisti.<\/p>\n<p>Sempre restando in Sud America e concentrandoci sulle prove in linea che hanno visto coinvolti corridori World Tour o comunque professionisti,<strong> in Uruguay<\/strong> il campione uscente Guillermo Thomas Silva (da quest\u2019anno alfiere dell\u2019XDS Astana) non \u00e8 riuscito a confermare il primo posto del 2025 trovandosi a cedere il passo, al termine dei 198 chilometri in programma attorno alla cittadina di Rocha, sia a Roderyck Asconeguy (2\u00b0) che al trentenne <strong>Diego Leonel Rodr\u00edguez<\/strong> (1\u00b0).<\/p>\n<p><strong>In Sud Africa,<\/strong> invece, il neocampione e il vicecampione contro il tempo Stefan De Bod e Byron Munton (entrambi portacolori della Modern Adventure Pro Cycling) non sono andati oltre rispettivamente al 9\u00b0 e al 7\u00b0 nella gara che, sulle strade di Walkerville, ha visto trionfare il ventunenne <strong>Blaine Kieck<\/strong> (UV Aube) davanti all\u2019ex Lidl-Trek Ryan Gibbons e Tyler Lange.<\/p>\n<p>Infine, in <strong>Namibia<\/strong>, a primeggiare nella corsa riservata agli uomini \u00e9lite \u00e8 stato il giovane diciottenne <strong>Roger Sur\u00e9n<\/strong> che, nel decisivo sprint a due, \u00e8 riuscito ad avere la meglio sul biker e rappresentante dello Swatt Club Alex Miller al quale quindi, per un soffio, \u00e8 sfuggito il terzo titolo nazionale su strada consecutivo.<\/p>\n","protected":false},"excerpt":{"rendered":"Al termine di una corsa durissima, Egan Bernal si \u00e8 riconfermato campione nazionale di Colombia. Il boyacense della&hellip;\n","protected":false},"author":3,"featured_media":346214,"comment_status":"","ping_status":"","sticky":false,"template":"","format":"standard","meta":{"footnotes":"","_share_on_mastodon":"0"},"categories":[1456],"tags":[7199,201436,1824,1825,10668,1537,90,89,245,244],"class_list":["post-346213","post","type-post","status-publish","format-standard","has-post-thumbnail","category-ciclismo","tag-bernal","tag-campionato-colombiano","tag-ciclismo","tag-cycling","tag-ineos-grenadiers","tag-it","tag-italia","tag-italy","tag-sport","tag-sports"],"share_on_mastodon":{"url":"https:\/\/pubeurope.com\/@it\/116043790597391000","error":""},"_links":{"self":[{"href":"https:\/\/www.europesays.com\/it\/wp-json\/wp\/v2\/posts\/346213","targetHints":{"allow":["GET"]}}],"collection":[{"href":"https:\/\/www.europesays.com\/it\/wp-json\/wp\/v2\/posts"}],"about":[{"href":"https:\/\/www.europesays.com\/it\/wp-json\/wp\/v2\/types\/post"}],"author":[{"embeddable":true,"href":"https:\/\/www.europesays.com\/it\/wp-json\/wp\/v2\/users\/3"}],"replies":[{"embeddable":true,"href":"https:\/\/www.europesays.com\/it\/wp-json\/wp\/v2\/comments?post=346213"}],"version-history":[{"count":0,"href":"https:\/\/www.europesays.com\/it\/wp-json\/wp\/v2\/posts\/346213\/revisions"}],"wp:featuredmedia":[{"embeddable":true,"href":"https:\/\/www.europesays.com\/it\/wp-json\/wp\/v2\/media\/346214"}],"wp:attachment":[{"href":"https:\/\/www.europesays.com\/it\/wp-json\/wp\/v2\/media?parent=346213"}],"wp:term":[{"taxonomy":"category","embeddable":true,"href":"https:\/\/www.europesays.com\/it\/wp-json\/wp\/v2\/categories?post=346213"},{"taxonomy":"post_tag","embeddable":true,"href":"https:\/\/www.europesays.com\/it\/wp-json\/wp\/v2\/tags?post=346213"}],"curies":[{"name":"wp","href":"https:\/\/api.w.org\/{rel}","templated":true}]}}