{"id":346352,"date":"2026-02-10T03:42:09","date_gmt":"2026-02-10T03:42:09","guid":{"rendered":"https:\/\/www.europesays.com\/it\/346352\/"},"modified":"2026-02-10T03:42:09","modified_gmt":"2026-02-10T03:42:09","slug":"chiello-invitare-morgan-a-sanremo-dopo-le-accuse-di-stalking-lo-stimo-come-artista","status":"publish","type":"post","link":"https:\/\/www.europesays.com\/it\/346352\/","title":{"rendered":"Chiello: \u00abInvitare Morgan a Sanremo dopo le accuse di stalking? Lo stimo come artista\u00bb"},"content":{"rendered":"<p>Il rapper sar\u00e0 in gara al Festival con \u00abTi penso sempre\u00bb, mentre nella serata dei duetti ospiter\u00e0 il cantante, sei anni dopo \u00abl&#8217;incidente\u00bb con Bugo<\/p>\n<p class=\"chapter-paragraph\">Il titolo del disco \u00abAgonia\u00bb e i suoi trascorsi burrascosi con le dipendenze fanno s\u00ec che tutte le domande  per Chiello, vero nome Rocco Modello, inizino con un \u00abma adesso come stai\u00bb. Non \u00e8 solo lo \u00absto bene\u00bb che arriva come risposta ad essere convincente, ma anche l\u2019attitudine con la quale il cantautore, in gara a Sanremo con \u00abTi penso sempre\u00bb,  affronta il palco per presentare il nuovo album \u00abAgonia\u00bb che uscir\u00e0 a marzo. Titolo impegnativo: \u00abQuella  parola \u00e8 molto esistenziale. Il suo significato originale non \u00e8 legato al concetto di dolore, ma alla lotta interna, al vivere in conflitto. \u00c8  questo  il fulcro del disco, anche se non ho ancora metabolizzato quale sia il mio conflitto interno\u00bb.<br \/><b>Un passato nell\u2019urban\/rap con gli Fsk<\/b>, ora si \u00e8 spostato su un cantautorato rock, anche nell\u2019estetica con giubbotto di pelle nera e stivali, che guarda agli anni Zero, alla New York degli Strokes.  \u00abLa band mi ha fatto scoprire quel mondo e mi ha affascinato: cos\u00ec \u00e8 cominciato il mio percorso di ricerca musicale\u00bb.   E l\u00ec \u00e8 arrivato alle porte di Minneapolis dove ha registrato l\u2019album ai Pachyderm Studios di Steve Albini, gi\u00e0 produttore di Nirvana, Pixies e altri.<br \/>Si sente oltre l\u2019essere un outsider, sconosciuto al pubblico nazionalpopolare: \u00abCon questo Sanremo mi metto in gioco. Ero annoiato e ho pensato di andare in gara. Non mi interessa il giudizio degli altri: ho pi\u00f9 paura di deludere me stesso. Spero di arrivare ultimo\u00bb.<br \/><b>Per la serata cover ha scelto il Tenco di \u00abMi sono innamorato di te<\/b>\u00bb e lo far\u00e0 con Morgan.  Scelta rischiosa, non tanto per il ricordo del caso Bugo, ma per  una situazione giudiziaria ancora aperta e relativa a un caso di stalking: \u00abL\u2019ho portato perch\u00e9 lo stimo molto come artista. Per me il suo  \u201cCanzoni dell\u2019appartamento\u201d \u00e8 uno dei dischi leggendari della musica italiana. Sar\u00e0 comunque un onore avelo con me\u00bb.    &#13;<br \/>\n&#13;<br \/>\n&#13;<br \/>\n&#13;<br \/>\n&#13;<br \/>\n&#13;<br \/>\n&#13;<br \/>\n&#13;<br \/>\n&#13;<br \/>\n&#13;<br \/>\n&#13;<br \/>\n&#13;<br \/>\n&#13;<br \/>\n&#13;<br \/>\n&#13;<br \/>\n&#13;<br \/>\n&#13;<br \/>\n&#13;<br \/>\n&#13;<br \/>\n&#13;<br \/>\n&#13;<br \/>\n&#13;<br \/>\n&#13;<br \/>\n&#13;<br \/>\n&#13;<br \/>\n&#13;<br \/>\n&#13;<br \/>\n&#13;<br \/>\n&#13;<br \/>\n&#13;<br \/>\n&#13;<br \/>\n&#13;<br \/>\n&#13;<br \/>\n&#13;<br \/>\n&#13;<br \/>\n&#13;<br \/>\n&#13;<br \/>\n&#13;<br \/>\n&#13;<br \/>\n&#13;<br \/>\n&#13;<br \/>\n&#13;<br \/>\n&#13;<br \/>\n&#13;<br \/>\n&#13;<br \/>\n&#13;<br \/>\n&#13;<br \/>\n&#13;<br \/>\n&#13;<br \/>\n&#13;<br \/>\n&#13;<br \/>\n&#13;<br \/>\n&#13;\n<\/p>\n<p class=\"is-last-update\" datetime=\"2026-02-09T20:31:55+01:00\">9 febbraio 2026<\/p>\n<p class=\"is-copyright\">\n            \u00a9 RIPRODUZIONE RISERVATA\n        <\/p>\n","protected":false},"excerpt":{"rendered":"Il rapper sar\u00e0 in gara al Festival con \u00abTi penso sempre\u00bb, mentre nella serata dei duetti ospiter\u00e0 il&hellip;\n","protected":false},"author":3,"featured_media":346353,"comment_status":"","ping_status":"","sticky":false,"template":"","format":"standard","meta":{"footnotes":"","_share_on_mastodon":"0"},"categories":[174],"tags":[509,201488,201489,49978,201490,201491,30909,21846,8133,2852,32941,61919,394,9798,203,629,204,1537,90,89,3193,4966,9143,9065,1235,161874,201487],"class_list":["post-346352","post","type-post","status-publish","format-standard","has-post-thumbnail","category-intrattenimento","tag-accuse","tag-accuse-stalking","tag-accuse-stalking-stimo","tag-affascinato","tag-affascinato-cominciato","tag-affascinato-cominciato-percorso","tag-affronta","tag-agonia","tag-album","tag-artista","tag-bugo","tag-chiello","tag-conflitto","tag-disco","tag-entertainment","tag-gara","tag-intrattenimento","tag-it","tag-italia","tag-italy","tag-morgan","tag-penso","tag-sanremo","tag-serata","tag-stalking","tag-stimo","tag-stimo-artista"],"share_on_mastodon":{"url":"https:\/\/pubeurope.com\/@it\/116044270391980577","error":""},"_links":{"self":[{"href":"https:\/\/www.europesays.com\/it\/wp-json\/wp\/v2\/posts\/346352","targetHints":{"allow":["GET"]}}],"collection":[{"href":"https:\/\/www.europesays.com\/it\/wp-json\/wp\/v2\/posts"}],"about":[{"href":"https:\/\/www.europesays.com\/it\/wp-json\/wp\/v2\/types\/post"}],"author":[{"embeddable":true,"href":"https:\/\/www.europesays.com\/it\/wp-json\/wp\/v2\/users\/3"}],"replies":[{"embeddable":true,"href":"https:\/\/www.europesays.com\/it\/wp-json\/wp\/v2\/comments?post=346352"}],"version-history":[{"count":0,"href":"https:\/\/www.europesays.com\/it\/wp-json\/wp\/v2\/posts\/346352\/revisions"}],"wp:featuredmedia":[{"embeddable":true,"href":"https:\/\/www.europesays.com\/it\/wp-json\/wp\/v2\/media\/346353"}],"wp:attachment":[{"href":"https:\/\/www.europesays.com\/it\/wp-json\/wp\/v2\/media?parent=346352"}],"wp:term":[{"taxonomy":"category","embeddable":true,"href":"https:\/\/www.europesays.com\/it\/wp-json\/wp\/v2\/categories?post=346352"},{"taxonomy":"post_tag","embeddable":true,"href":"https:\/\/www.europesays.com\/it\/wp-json\/wp\/v2\/tags?post=346352"}],"curies":[{"name":"wp","href":"https:\/\/api.w.org\/{rel}","templated":true}]}}