{"id":346561,"date":"2026-02-10T07:24:09","date_gmt":"2026-02-10T07:24:09","guid":{"rendered":"https:\/\/www.europesays.com\/it\/346561\/"},"modified":"2026-02-10T07:24:09","modified_gmt":"2026-02-10T07:24:09","slug":"meloni-merz-il-primo-incontro-tre-anni-fa-complice-tajani-cosi-e-nato-merzoni-il-nuovo-tandem-per-leuropa","status":"publish","type":"post","link":"https:\/\/www.europesays.com\/it\/346561\/","title":{"rendered":"Meloni-Merz, il primo incontro tre anni fa (complice Tajani): cos\u00ec \u00e8 nato \u00abMerzoni\u00bb, il nuovo tandem per l\u2019Europa"},"content":{"rendered":"<p>    di<br \/>\n    Simone Canettieri<\/p>\n<p class=\"summary-art is-line-h-12\">Dentro FdI questa sintonia \u00e8 gi\u00e0 stata ribattezzata \u00abMerzoni\u00bb<\/p>\n<p class=\"chapter-paragraph\"><b>L\u2019asse Italia-Germania \u00e8 pronto a brillare <\/b>gioved\u00ec sulla competitivit\u00e0 in occasione del Consiglio europeo nelle campagne del Belgio. Come gi\u00e0 accaduto d\u2019altronde in passato per il <b>nuovo patto sui migranti<\/b>, ma anche la settimana scorsa con le materie prime (in occasione del vertice a Washington). Cos\u00ec nel governo c\u2019\u00e8 chi esulta:<a href=\"https:\/\/www.corriere.it\/opinioni\/26_febbraio_09\/roma-berlino-e-la-ue-semplicata-b2c96f5e-174a-4745-9147-2149335f9xlk.shtml\" title=\"Roma, Berlino e la UE semplicata\" rel=\"nofollow noopener\" target=\"_blank\"> il treno europeo ora appare guidato da Roma e Berlino<\/a>. Nel dettaglio:  dall\u2019intesa fra <a href=\"https:\/\/economiapro.corriere.it\/notizie\/26_febbraio_05\/nuovi-equilibri-in-europa-il-momento-per-un-grande-compromesso-e-ora-l-italia-puo-contare-c68678f6-c8fb-458e-9789-733ff18c6xlk.shtml\" title=\"Nuovi equilibri in Europa: il momento per un grande compromesso. E ora l&#039;Italia pu\u00f2 contare\" rel=\"nofollow noopener\" target=\"_blank\">il cancelliere tedesco Merz e la premier italiana Meloni<\/a>, entrambi a capo di governi stabili. Un patto dettato anche dalle circostanze esterne.<\/p>\n<p class=\"chapter-paragraph\">Piccolo retroscena: <b>a far conoscere i due leader fu Antonio Tajani,<\/b> vicepremier ma anche uno dei leader del Ppe in nome di Forza Italia, nelle brume di Bruxelles nel dicembre del 2023, quando il cancelliere in Germania era ancora il socialista Olaf Scholz. <b>Una stretta di mano, uno scambio di orizzonti fra due conservatori,<\/b> al di l\u00e0 degli acronimi delle rispettive famiglie politiche d\u2019appartenenza.\u00a0    &#13;<br \/>\n&#13;<br \/>\n&#13;<br \/>\n&#13;<br \/>\n&#13;<br \/>\n&#13;<br \/>\n&#13;<br \/>\n&#13;<br \/>\n&#13;<br \/>\n&#13;<br \/>\n&#13;<br \/>\n&#13;<br \/>\n&#13;<br \/>\n&#13;<br \/>\n&#13;<br \/>\n&#13;<br \/>\n&#13;<br \/>\n&#13;<br \/>\n&#13;<br \/>\n&#13;<br \/>\n&#13;<br \/>\n&#13;<br \/>\n&#13;<br \/>\n&#13;<br \/>\n&#13;<br \/>\n&#13;<br \/>\n&#13;<br \/>\n&#13;<br \/>\n&#13;<br \/>\n&#13;<br \/>\n&#13;<br \/>\n&#13;<br \/>\n&#13;<br \/>\n&#13;<br \/>\n&#13;<br \/>\n&#13;<br \/>\n&#13;<br \/>\n&#13;<br \/>\n&#13;<br \/>\n&#13;<br \/>\n&#13;<br \/>\n&#13;<br \/>\n&#13;<br \/>\n&#13;<br \/>\n&#13;<br \/>\n&#13;<br \/>\n&#13;<br \/>\n&#13;<br \/>\n&#13;<br \/>\n&#13;<br \/>\n&#13;<br \/>\n&#13;<br \/>\n&#13;\n<\/p>\n<p class=\"chapter-paragraph\"><b>\u00abPiacere, Giorgia\u00bb. \u00abPiacere, Friedrich\u00bb.<\/b> Una conversazione riservata, che il Corriere \u00e8 in grado di svelare, ritornata poi pi\u00f9 che utile in un rapporto che fonti di Palazzo Chigi ora definiscono <b>\u00abpragmatico, solido e costruttivo\u00bb.<\/b> E soprattutto \u00abdialogante\u00bb nei confronti dell\u2019America di Trump, nonostante l\u2019imprevedibilit\u00e0 dell\u2019alleato della Casa Bianca.<br \/>\u00a0<br \/>Il <a href=\"https:\/\/www.corriere.it\/esteri\/26_gennaio_23\/il-patto-roma-berlino-per-rafforzare-l-europa-un-taglio-alla-burocrazia-e-piu-competitivita-68edfc42-9eea-4003-ae62-44cc3af59xlk.shtml\" title=\"Vertice Italia-Germania, un patto per rafforzare l&#039;Europa: un taglio alla burocrazia e pi\u00f9 competitivit\u00e0\" rel=\"nofollow noopener\" target=\"_blank\">vertice intergovernativo di due settimane fa a Villa Pamphili<\/a>, Versailles italiana, ha messo in fila il <b>Piano d\u2019azione fra Italia e Germania:<\/b> nella competitivit\u00e0, cos\u00ec come nella difesa.<\/p>\n<p class=\"chapter-paragraph\">Domanda: eppur<a href=\"https:\/\/www.corriere.it\/esteri\/26_febbraio_09\/super-caccia-franco-tedesco-morto-schiaffo-germania-francia-0d7bdc70-28b1-4f3b-af1d-5afa1936exlk.shtml\" title=\"\u00abIl super caccia franco tedesco \u00e8 morto\u00bb: lo schiaffo della Germania alla Francia. E Macron chiede spiegazioni a Merz\" rel=\"nofollow noopener\" target=\"_blank\"> una nuova Europa si muove a scapito della Francia di Macron?<\/a> Parrebbe di s\u00ec. La \u00abdebolezza\u00bb politica interna del presidente francese \u00e8 il non detto di questa vicenda. \u00ab<b>Tra noi e la Germania c\u2019\u00e8 un rapporto molto vivo e funzionale,<\/b> con la consapevolezza che l\u2019Europa non debba baciare la  pantofola dell\u2019America, ma nemmeno arrivare a una continua sfida che ci vedrebbe perdenti come agita Parigi\u00bb, racconta un ministro italiano molto vicino al dossier.\u00a0<\/p>\n<p class=\"chapter-paragraph\">Chiaro, no? <b>Il sogno di Fratelli d\u2019Italia \u00e8 quello di sostituire la Francia<\/b> nell\u2019unicit\u00e0 del rapporto che ha con la Germania. Per <b>Meloni, pi\u00f9 cauta<\/b>, l\u2019idea resta quella di <b>sfruttare al meglio le collaborazioni trasversali, <\/b>a seconda dei temi, con tutti i partner europei, partendo da Berlino, ovvio.<\/p>\n<p class=\"chapter-paragraph\">Ieri <b>Giangiacomo Calovini<\/b>, capogruppo di FdI in Commissione Esteri, ha discusso a Milano con <b>J\u00f6rg Buck<\/b>, consigliere delegato della Camera di Commercio italo-germanica, proprio dei \u00ab<b>160 miliardi di euro di scambi commerciali fra i due Paesi <\/b> che, nonostante una lieve contrazione, restano  positivi per i prossimi anni\u00bb.\u00a0<\/p>\n<p class=\"chapter-paragraph\">Tuttavia, i<b>l rapporto non \u00e8 solo di tipo commerciale:<\/b> c\u2019\u00e8 la necessit\u00e0 di rilanciare il sistema manifatturiero europeo fino alla sfida in tema di difesa. \u00abEcco perch\u00e9<b> le  sinergie tra noi e la Germania<\/b> <b>saranno sempre pi\u00f9 determinanti<\/b>\u00bb, raccontano dalle stanze del governo.<\/p>\n<p class=\"chapter-paragraph\">Rispetto all\u2019idea del <b>prevertice <\/b>di gioved\u00ec organizzato dall\u2019Italia, <a href=\"https:\/\/www.corriere.it\/esteri\/26_febbraio_05\/germania-caccia-gcap-italia-francia-gran-bretagna-f8878342-4f1e-4fbc-ad36-0f2e6f1adxlk.shtml\" title=\"La Germania valuta di unirsi alla joint venture Roma-Londra-Tokyo per il \u00abcaccia del futuro\u00bb Gcap: smacco per la Francia\" rel=\"nofollow noopener\" target=\"_blank\">da Palazzo Chigi negano l\u2019idea di voler escludere la Francia<\/a><b> <\/b>(che alla fine parteciper\u00e0 all\u2019appuntamento). All\u2019ultimo incontro del Ppe a Zagabria, Merz ha ribadito a Tajani l\u2019importanza del vertice di Roma dello scorso gennaio,  viatico di un\u2019intesa forte e duratura. Fonti tedesche sottolineano come il cancelliere sia piacevolmente colpito dalla <b>\u00abpreparazione\u00bb  della premier sui tanti dossier europei<\/b>. Dentro FdI questa intesa la chiamano<b> \u00abMerzoni\u00bb<\/b>, senza offese per la Francia, s\u2019intende.<\/p>\n<p class=\"is-mr-t-20 is-mr-b-20\"><b><br \/>\n                    <a href=\"https:\/\/roma.corriere.it\/?intcmp=Notizielocali_nd_010623_corriere_ss_roma\" target=\"_blank\" rel=\"nofollow noopener\">Vai a tutte le notizie di Roma<\/a><br \/>\n            <\/b><\/p>\n<p class=\"chapter-paragraph\"><b><a href=\"https:\/\/www.corriere.it\/newsletter\/?theme=52&amp;intcmp=NL-artic_nd_050624_corriere_ss_roma\" target=\"_blank\" rel=\"nofollow noopener\">Iscriviti alla newsletter di Corriere Roma<\/a><\/b><\/p>\n<p class=\"is-last-update\" datetime=\"2026-02-10T07:03:56+01:00\">10 febbraio 2026 ( modifica il 10 febbraio 2026 | 07:03)<\/p>\n<p class=\"is-copyright\">\n            \u00a9 RIPRODUZIONE RISERVATA\n        <\/p>\n","protected":false},"excerpt":{"rendered":"di Simone Canettieri Dentro FdI questa sintonia \u00e8 gi\u00e0 stata ribattezzata \u00abMerzoni\u00bb L\u2019asse Italia-Germania \u00e8 pronto a brillare&hellip;\n","protected":false},"author":3,"featured_media":346562,"comment_status":"","ping_status":"","sticky":false,"template":"","format":"standard","meta":{"footnotes":"","_share_on_mastodon":"0"},"categories":[79],"tags":[500,201574,201575,2032,6475,10493,2563,1878,14,93,94,767,9260,3085,1727,3889,124,827,4300,3044,5302,128,399,5944,1537,90,104437,4945,89,381,58,9889,201573,7,15,3205,330,14520,7987,17736,53982,115,899,987,3461,2527,11,84,91,12,85,92,1418],"class_list":["post-346561","post","type-post","status-publish","format-standard","has-post-thumbnail","category-italia","tag-accaduto","tag-accaduto-altronde","tag-accaduto-altronde-passato","tag-america","tag-berlino","tag-cancelliere","tag-chigi","tag-competitivita","tag-cronaca","tag-cronaca-italiana","tag-cronacaitaliana","tag-difesa","tag-dossier","tag-europa","tag-europei","tag-europeo","tag-fdi","tag-fonti","tag-francia","tag-germania","tag-giovedi","tag-idea","tag-incontro","tag-intesa","tag-it","tag-italia","tag-italia-germania","tag-italiana","tag-italy","tag-leader","tag-meloni","tag-merz","tag-merzoni","tag-news","tag-notizie","tag-occasione","tag-palazzo","tag-palazzo-chigi","tag-patto","tag-piacere","tag-ppe","tag-premier","tag-rapporto","tag-roma","tag-sfida","tag-tajani","tag-ultime-notizie","tag-ultime-notizie-e-news-di-oggi","tag-ultime-notizie-italia","tag-ultimenotizie","tag-ultimenotizieenewsdioggi","tag-ultimenotizieitalia","tag-vertice"],"share_on_mastodon":{"url":"","error":"Validation failed: Text character limit of 500 exceeded"},"_links":{"self":[{"href":"https:\/\/www.europesays.com\/it\/wp-json\/wp\/v2\/posts\/346561","targetHints":{"allow":["GET"]}}],"collection":[{"href":"https:\/\/www.europesays.com\/it\/wp-json\/wp\/v2\/posts"}],"about":[{"href":"https:\/\/www.europesays.com\/it\/wp-json\/wp\/v2\/types\/post"}],"author":[{"embeddable":true,"href":"https:\/\/www.europesays.com\/it\/wp-json\/wp\/v2\/users\/3"}],"replies":[{"embeddable":true,"href":"https:\/\/www.europesays.com\/it\/wp-json\/wp\/v2\/comments?post=346561"}],"version-history":[{"count":0,"href":"https:\/\/www.europesays.com\/it\/wp-json\/wp\/v2\/posts\/346561\/revisions"}],"wp:featuredmedia":[{"embeddable":true,"href":"https:\/\/www.europesays.com\/it\/wp-json\/wp\/v2\/media\/346562"}],"wp:attachment":[{"href":"https:\/\/www.europesays.com\/it\/wp-json\/wp\/v2\/media?parent=346561"}],"wp:term":[{"taxonomy":"category","embeddable":true,"href":"https:\/\/www.europesays.com\/it\/wp-json\/wp\/v2\/categories?post=346561"},{"taxonomy":"post_tag","embeddable":true,"href":"https:\/\/www.europesays.com\/it\/wp-json\/wp\/v2\/tags?post=346561"}],"curies":[{"name":"wp","href":"https:\/\/api.w.org\/{rel}","templated":true}]}}