{"id":346700,"date":"2026-02-10T09:39:11","date_gmt":"2026-02-10T09:39:11","guid":{"rendered":"https:\/\/www.europesays.com\/it\/346700\/"},"modified":"2026-02-10T09:39:11","modified_gmt":"2026-02-10T09:39:11","slug":"intervista-a-marina-berlusconi-giustizia-condizionata-da-un-vergognoso-mercato-delle-nomine-vannacci-via-non-una-grande-perdita","status":"publish","type":"post","link":"https:\/\/www.europesays.com\/it\/346700\/","title":{"rendered":"Intervista a Marina Berlusconi: \u00abGiustizia condizionata da un vergognoso mercato delle nomine. Vannacci via? Non una grande perdita\u00bb"},"content":{"rendered":"<p>    di<br \/>\n    Daniele Manca<\/p>\n<p class=\"summary-art is-line-h-12\">L\u2019imprenditrice: s\u00ec alla Riforma. Grati a  Tajani,   ora costruisca il futuro<\/p>\n<p class=\"chapter-paragraph\">\u00abAl referendum del 22-23 marzo voter\u00f2 S\u00ec. E non per il mio cognome, n\u00e9 per spirito di parte, ma perch\u00e9 \u00e8 la cosa giusta\u00bb. <b>Marina Berlusconi <\/b>si ferma un attimo, poi aggiunge d\u2019un fiato: \u00abA questo dovrebbero servire i referendum: a votare sui contenuti, non in base alle appartenenze. Non \u00e8 una resa dei conti politica, n\u00e9 un voto pro o contro il governo. La separazione delle carriere \u00e8 necessaria per spezzare un giogo che soffoca tutti, a partire dagli stessi magistrati. E per garantire la vera &#8220;terziet\u00e0&#8221; dei giudici. Abbiamo un\u2019occasione irripetibile, non lasciamocela scappare\u00bb.<\/p>\n<p class=\"chapter-paragraph\">I magistrati che non remano nella stessa direzione sembrano essere diventati assieme alla sicurezza a colpi di decreto, l\u2019ossessione della maggioranza. La presidente di Fininvest e Mondadori, per\u00f2, definisce quella sulla giustizia una delle riforme \u00abliberali\u00bb.\u00a0    &#13;<br \/>\n&#13;<br \/>\n&#13;<br \/>\n&#13;<br \/>\n&#13;<br \/>\n&#13;<br \/>\n&#13;<br \/>\n&#13;<br \/>\n&#13;<br \/>\n&#13;<br \/>\n&#13;<br \/>\n&#13;<br \/>\n&#13;<br \/>\n&#13;<br \/>\n&#13;<br \/>\n&#13;<br \/>\n&#13;<br \/>\n&#13;<br \/>\n&#13;<br \/>\n&#13;<br \/>\n&#13;<br \/>\n&#13;<br \/>\n&#13;<br \/>\n&#13;<br \/>\n&#13;<br \/>\n&#13;<br \/>\n&#13;<br \/>\n&#13;<br \/>\n&#13;<br \/>\n&#13;<br \/>\n&#13;<br \/>\n&#13;<br \/>\n&#13;<br \/>\n&#13;<br \/>\n&#13;<br \/>\n&#13;<br \/>\n&#13;<br \/>\n&#13;<br \/>\n&#13;<br \/>\n&#13;<br \/>\n&#13;<br \/>\n&#13;<br \/>\n&#13;<br \/>\n&#13;<br \/>\n&#13;<br \/>\n&#13;<br \/>\n&#13;<br \/>\n&#13;<br \/>\n&#13;<br \/>\n&#13;<br \/>\n&#13;<br \/>\n&#13;<br \/>\n&#13;\n<\/p>\n<p class=\"chapter-paragraph\">In tanti vedono in lei la leader che ispira le scelte del centro destra. \u00abAncora questa storia&#8230; il mio lavoro \u00e8 un altro. Anzi, mi lasci dire che sono orgogliosa di quello che stiamo facendo. <b>Mondadori \u00e8 solida e si conferma un presidio di qualit\u00e0 e pluralismo<\/b>;<b> Mediolanum ha chiuso un anno record grazie all\u2019ottimo lavoro di Massimo Doris<\/b>. <b>E mio fratello Pier Silvio con Mediaset continua a fare numeri eccellenti<\/b>, mentre il sogno di una tv europea con la testa in Italia \u00e8 divenuto realt\u00e0\u00bb.<\/p>\n<p class=\"chapter-paragraph\"><b>In Italia per\u00f2 ve la dovete vedere con <a href=\"https:\/\/milano.corriere.it\/notizie\/cronaca\/26_febbraio_05\/mediaset-corona-causa-160-milioni-euro-d38d272b-bff3-4721-aeac-5e0987ca4xlk.shtml\" rel=\"nofollow noopener\" target=\"_blank\">Corona<\/a>&#8230;<\/b><br \/>\u00abGuardi, mi hanno costretto a vederne una puntata: devo dire che, oltre che falsissimo, l\u2019ho trovato davvero noiosissimo. Comunque se ne stanno occupando i nostri avvocati\u00bb.<\/p>\n<p class=\"chapter-paragraph\"><b>Ma tornando al referendum, dice che voter\u00e0 S\u00ec sulla sostanza. Nessuno per\u00f2 dimentica il suo cognome e questo peser\u00e0, no?<\/b><br \/>\u00ab\u00c8 vero, mio padre ha sub\u00ecto un\u2019inaccettabile persecuzione giudiziaria. Ma non ragiono per rivalsa, e il problema non riguarda una sola stagione, n\u00e9 una sola persona. C\u2019\u00e8 una minoranza di magistrati ideologizzati che continua a fare danni. La giustizia \u00e8 condizionata da un vergognoso mercato di nomine\u00bb.<\/p>\n<p class=\"chapter-paragraph\"><b>Addirittura un mercato? \u00c8 il terzo potere dello Stato, non si sta esagerando?<\/b><br \/>\u00abIl problema non sono i magistrati, ma le correnti, che all\u2019interno del Consiglio superiore della magistratura decidono vita e morte di pm e giudici. Certe dinamiche ricordano davvero un gran bazar, dove tante nomine sembrano una cambiale, tante promozioni un \u201cpagher\u00f2\u201d. Ogni magistrato \u00e8 libero di avere le sue idee, ci mancherebbe, ma in nessun caso dovrebbe fare carriera con la politica, n\u00e9 fare politica con l\u2019attivit\u00e0 giudiziaria\u00bb.<\/p>\n<p class=\"chapter-paragraph\"><b>Ma aggiungendo l\u2019istituto della responsabilit\u00e0 civile il rischio di pressioni e condizionamenti sale. Tra l\u2019altro, almeno su questo sar\u00e0 d\u2019accordo con Antonio Tajani che lo propone.<\/b><br \/>\u00abCerto, come su tante altre cose. Li ho letti, i retroscena, e vorrei sgombrare il campo da equivoci: penso che a Tajani noi elettori di Forza Italia dovremmo solo esprimere gratitudine e apprezzamento per quello che ha fatto e che continua a fare. Ha tenuto saldo il partito in un momento delicatissimo. Adesso inevitabilmente comincia una fase nuova, in cui bisogna guardare avanti e costruire il futuro. Sono certa che il primo a saperlo e a volerlo fare sia proprio lui\u00bb.<\/p>\n<p class=\"chapter-paragraph\"><b>Non sembrano parole da semplice elettrice.<\/b><br \/>\u00abOvviamente ho un legame speciale con il partito cui mio padre ha dedicato trent\u2019anni di vita e che porta il suo nome nel simbolo. E soprattutto mi riconosco nei valori che lo ispirano e che considero una risorsa preziosa per il centrodestra e per il Paese. Per\u00f2 il destino di Forza Italia \u00e8 nelle mani di Forza Italia, io faccio l\u2019imprenditore. E cosa c\u2019\u00e8 di strano se un imprenditore chiede meno burocrazia, pi\u00f9 liberalizzazioni e meno tasse? Come cittadina, poi, potr\u00f2 pur aspettarmi pi\u00f9 coraggio sui diritti civili\u00bb.<\/p>\n<p class=\"chapter-paragraph\"><b>C\u2019\u00e8 forse pi\u00f9 sintonia con <a href=\"https:\/\/www.corriere.it\/politica\/25_dicembre_13\/la-partita-di-occhiuto-serve-piu-liberalismo-e-fi-rivendichi-meglio-quanto-ha-ottenuto-c012d103-0cf6-4d44-9678-b803fdcbcxlk.shtml\" rel=\"nofollow noopener\" target=\"_blank\">Roberto Occhiuto<\/a>? Si parlava di una sua corrente.<\/b><br \/>\u00abPenso che Forza Italia, come qualunque organizzazione, abbia tutto da guadagnare dalla libera circolazione di idee. Quelle di Occhiuto, certo, ma anche di altri, e non solo politici. Si tratta di aprire, allargare, senza penalizzare nessuno e senza creare divisioni. L\u2019unit\u00e0 \u00e8 fondamentale, non solo per Forza Italia, ma per tutto il centrodestra\u00bb.<\/p>\n<p class=\"chapter-paragraph\"><b>Sta dicendo che la maggioranza litiga troppo?<\/b><br \/>\u00ab\u00c8 normale ci siano punti di vista diversi, ma nel momento delle scelte \u00e8 sempre rimasta compatta\u00bb.<\/p>\n<p class=\"chapter-paragraph\"><b>Ma inizia a perdere i pezzi&#8230; Se Roberto Vannacci se ne andasse?<\/b><br \/>\u00abPer come la penso io, non sarebbe una gran perdita&#8230; Anzi, potrebbe essere una opportunit\u00e0 per liberare il centrodestra da pericolosi estremismi. Poi so benissimo che la politica deve anche fare i conti con le percentuali\u00bb.<\/p>\n<p class=\"chapter-paragraph\"><b>Secondo lei quindi c\u2019\u00e8 troppo estremismo a destra?<\/b><br \/>\u00abGli eccessi fanno male a destra come a sinistra. E comunque questa maggioranza ha sempre mostrato equilibrio e moderazione. Grazie a una gestione responsabile dei conti, ad esempio, l\u2019Italia ha recuperato una solida credibilit\u00e0. Certo, ora si apre la sfida pi\u00f9 difficile: crescere\u00bb.<\/p>\n<p class=\"chapter-paragraph\"><b>Medaglia a met\u00e0 per Giorgia Meloni? Oro, argento o bronzo?<\/b><br \/>\u00abIo tifo per l\u2019oro. Perch\u00e9 se vince la Meloni, vince il Paese. Per\u00f2 il rischio di scivolare c\u2019\u00e8: la situazione internazionale \u00e8 grave, a cominciare dai rapporti tra Europa e Stati Uniti. La premier si sta impegnando per tenerli saldi. E fa benissimo\u00bb.<\/p>\n<p class=\"chapter-paragraph\"><b>Non avr\u00e0 mica cambiato idea su <a href=\"https:\/\/www.corriere.it\/esteri\/26_febbraio_08\/donald-trump-annuncia-xi-jinping-verra-alla-casa-bianca-verso-la-fine-dell-anno-7c6fd847-2edd-4e5d-96f0-30f8a0942xlk.shtml\" rel=\"nofollow noopener\" target=\"_blank\">Donald Trump<\/a>&#8230;<\/b><br \/>\u00abCerto che no. Sono sempre pi\u00f9 preoccupata. Prima schierarsi con gli Stati Uniti significava stare dalla parte giusta della storia. Oggi non ci sono pi\u00f9 certezze. L\u2019unica regola di Trump \u00e8 cancellare tutte le regole. E lui la chiama libert\u00e0\u00bb.<\/p>\n<p class=\"chapter-paragraph\"><b>Lei invece come la chiama?<\/b><br \/>\u00abLegge del pi\u00f9 forte, prevaricazione, affarismo\u2026 Ma ci rendiamo conto che dentro il suo Paese sta provando a smontare tutti i sistemi di bilanciamento e controllo? E che dire dell\u2019uso della violenza contro il dissenso? Non parliamo, poi, della politica estera: \u00e8 un tiro alla fune con tutti, compresi gli alleati storici. Proprio grazie a questo Far west, Trump si \u00e8 trovato gli sponsor pi\u00f9 generosi: i colossi Big Tech, che, meno regole hanno, pi\u00f9 guadagnano. Eppure, anche se noi europei su Trump non possiamo fare conto, dobbiamo comunque farci i conti: perch\u00e9 l\u2019Occidente, senza l\u2019America, non va da nessuna parte\u00bb.<\/p>\n<p class=\"chapter-paragraph\"><b>Pi\u00f9 di qualche schiaffo \u00e8 arrivato all\u2019Europa dalla nuova amministrazione Usa. E per darsi la mano bisogna essere in due.<\/b><br \/>\u00abSe gli Stati Uniti allentano la presa sul vecchio mondo libero, le mani europee devono tenere salda la stretta. Ci \u00e8 gi\u00e0 stato spiegato cosa occorre: mettere insieme difesa, politica estera e debito, e superare l\u2019unanimit\u00e0. Adesso, per\u00f2, servono i fatti. Non ha senso aspettare che Trump passi, anche perch\u00e9 ci vorr\u00e0 molto tempo prima che i suoi veleni svaniscano. \u00c8 una antica regola di buon senso: possiamo ragionare all\u2019infinito sugli altri, ma alla fine \u00e8 su noi stessi che dobbiamo agire\u00bb.<\/p>\n<p class=\"chapter-paragraph\"><b>S\u00ec, ma agire per agire serve a poco se non si sa quale sia la direzione. E al momento l\u2019Europa una direzione chiara non sembra averla. <\/b><br \/>\u00abServono idee chiare su chi siamo e su chi vogliamo essere. \u00c8 una questione di identit\u00e0, ancor prima che di azione e di volont\u00e0. Io so che il mondo di Trump non \u00e8 quello che vorrei per me o per i miei figli. E sono certa che in tanti la pensino cos\u00ec. Vogliamo tenerci stretto il nostro Occidente? Vogliamo difendere libert\u00e0 e democrazia? Beh, io credo ne valga la pena: c\u2019\u00e8 un popolo vicino a noi che da quattro anni vive l\u2019inferno proprio per questo. Sono valori scritti nel nostro Dna e sono molto pi\u00f9 forti anche di Trump\u00bb.<\/p>\n<p class=\"chapter-paragraph\"><b>Sembra di sentire suo padre, ottimismo a tutti i costi. Ma se ci si guarda attorno&#8230;<\/b><br \/>\u00abOggi essere ottimisti \u00e8 un atto temerario, quasi di fede. Per\u00f2 non dobbiamo dimenticare che il mondo in cui abbiamo avuto la fortuna di nascere e vivere, quello libero e democratico, pu\u00f2 contare su un punto di forza che le autocrazie non avranno mai: la capacit\u00e0 di mettersi in discussione e di correggersi. In sintesi, di fare riforme. In Italia ci stiamo provando con la giustizia. E prima o poi, a livello molto pi\u00f9 ampio, mi auguro lo faremo in Europa, per rafforzare l\u2019unione tra i Paesi, a costo di rinunciare a una fetta di sovranit\u00e0. Soltanto le democrazie sono in grado di aggiustare la rotta. E di migliorare le regole, anzich\u00e9 distruggerle\u00bb.<\/p>\n<p>        La newsletter Diario Politico<\/p>\n<p class=\"chapter-paragraph\">Se vuoi restare aggiornato sulle notizie di politica iscriviti alla newsletter &#8220;Diario Politico&#8221;. E&#8217; dedicata agli abbonati al Corriere della Sera e arriva due volte alla settimana alle 12. Basta cliccare <a style=\"text-decoration:underline;\" href=\"https:\/\/www.corriere.it\/newsletter\/?theme=51\" rel=\"nofollow noopener\" target=\"_blank\">qui<\/a>.<\/p>\n<p>\t\t\t\tIscriviti alle newsletter di L&#8217;Economia<\/p>\n<p style=\"display: flex;\">\n\t\t<img decoding=\"async\" class=\"el-show-desktop-only\" style=\"float: left;margin: 10px; max-height: 50px;\" src=\"https:\/\/www.europesays.com\/it\/wp-content\/uploads\/2025\/11\/de_bortoli_50.png\"\/><\/p>\n<p>\t\t\t<a href=\"https:\/\/www.corriere.it\/newsletter\/?id=67\" rel=\"nofollow noopener\" target=\"_blank\">Le idee di Ferruccio de Bortoli e Daniele Manca<\/a><br \/>\n\t\t\t<br \/>I fatti e le persone letti attraverso la lente dell&#8217;economia.<\/p>\n<p class=\"is-mr-t-20\">\n\t\t\tE non dimenticare le newsletter<br \/>\n\t\t\t\t<br \/><a href=\"https:\/\/www.corriere.it\/newsletter\/?theme=23\" rel=\"nofollow noopener\" target=\"_blank\"><br \/>\n\t\t\t\t\tL&#8217;Economia Opinioni<\/a><br \/>\n\t\t\t\te<br \/>\n\t\t\t\t<a href=\"https:\/\/www.corriere.it\/newsletter\/?theme=16\" rel=\"nofollow noopener\" target=\"_blank\">L&#8217;Economia Ore 18<\/a><\/p>\n<p class=\"is-last-update\" datetime=\"2026-02-10T07:28:24+01:00\">10 febbraio 2026 ( modifica il 10 febbraio 2026 | 07:28)<\/p>\n<p class=\"is-copyright\">\n            \u00a9 RIPRODUZIONE RISERVATA\n        <\/p>\n","protected":false},"excerpt":{"rendered":"di Daniele Manca L\u2019imprenditrice: s\u00ec alla Riforma. Grati a Tajani, ora costruisca il futuro \u00abAl referendum del 22-23&hellip;\n","protected":false},"author":3,"featured_media":346701,"comment_status":"","ping_status":"","sticky":false,"template":"","format":"standard","meta":{"footnotes":"","_share_on_mastodon":"0"},"categories":[79],"tags":[579,201681,201682,3811,201683,8711,5678,2436,3439,112,2205,11032,7490,201673,201674,1411,934,2944,14,93,94,1278,3177,274,2149,23198,3085,2431,2995,1374,485,201675,201676,3336,6108,5560,1537,90,89,1491,2451,22,2422,487,6408,191849,58,1412,201677,13393,1354,7,18534,15,273,22916,1635,3206,3608,29,4966,9891,477,23200,201678,896,1885,46244,2517,14203,6897,7718,2441,9638,50410,32791,2677,5416,2434,1272,5244,57174,1567,2527,659,5248,379,11,84,91,12,85,92,3414,28749,18099,38689,201679,201680,13062,4967,5325],"class_list":["post-346700","post","type-post","status-publish","format-standard","has-post-thumbnail","category-italia","tag-accordo","tag-accordo-antonio","tag-accordo-antonio-tajani","tag-addirittura","tag-addirittura-mercato","tag-agire","tag-anzi","tag-berlusconi","tag-bisogna","tag-centrodestra","tag-chiama","tag-cognome","tag-condizionata","tag-condizionata-vergognoso","tag-condizionata-vergognoso-mercato","tag-conti","tag-continua","tag-conto","tag-cronaca","tag-cronaca-italiana","tag-cronacaitaliana","tag-davvero","tag-destra","tag-direzione","tag-dobbiamo","tag-estera","tag-europa","tag-giudici","tag-giudiziaria","tag-giusta","tag-giustizia","tag-giustizia-condizionata","tag-giustizia-condizionata-vergognoso","tag-gran","tag-idee","tag-imprenditore","tag-it","tag-italia","tag-italy","tag-libero","tag-liberta","tag-maggioranza","tag-magistrati","tag-mani","tag-marina","tag-marina-berlusconi","tag-meloni","tag-mercato","tag-mercato-nomine","tag-mondadori","tag-ne","tag-news","tag-nomine","tag-notizie","tag-nuova","tag-occhiuto","tag-occidente","tag-oro","tag-padre","tag-partito","tag-penso","tag-perdita","tag-politica","tag-politica-estera","tag-politica-ne","tag-possiamo","tag-problema","tag-provando","tag-referendum","tag-regola","tag-regole","tag-riforme","tag-rischio","tag-roberto","tag-scelte","tag-sembrano","tag-senso","tag-servono","tag-si","tag-so","tag-sola","tag-solida","tag-storia","tag-tajani","tag-tante","tag-tanti","tag-trump","tag-ultime-notizie","tag-ultime-notizie-e-news-di-oggi","tag-ultime-notizie-italia","tag-ultimenotizie","tag-ultimenotizieenewsdioggi","tag-ultimenotizieitalia","tag-uniti","tag-valori","tag-vannacci","tag-vergognoso","tag-vergognoso-mercato","tag-vergognoso-mercato-nomine","tag-vince","tag-vogliamo","tag-vorrei"],"share_on_mastodon":{"url":"","error":"Validation failed: Text character limit of 500 exceeded"},"_links":{"self":[{"href":"https:\/\/www.europesays.com\/it\/wp-json\/wp\/v2\/posts\/346700","targetHints":{"allow":["GET"]}}],"collection":[{"href":"https:\/\/www.europesays.com\/it\/wp-json\/wp\/v2\/posts"}],"about":[{"href":"https:\/\/www.europesays.com\/it\/wp-json\/wp\/v2\/types\/post"}],"author":[{"embeddable":true,"href":"https:\/\/www.europesays.com\/it\/wp-json\/wp\/v2\/users\/3"}],"replies":[{"embeddable":true,"href":"https:\/\/www.europesays.com\/it\/wp-json\/wp\/v2\/comments?post=346700"}],"version-history":[{"count":0,"href":"https:\/\/www.europesays.com\/it\/wp-json\/wp\/v2\/posts\/346700\/revisions"}],"wp:featuredmedia":[{"embeddable":true,"href":"https:\/\/www.europesays.com\/it\/wp-json\/wp\/v2\/media\/346701"}],"wp:attachment":[{"href":"https:\/\/www.europesays.com\/it\/wp-json\/wp\/v2\/media?parent=346700"}],"wp:term":[{"taxonomy":"category","embeddable":true,"href":"https:\/\/www.europesays.com\/it\/wp-json\/wp\/v2\/categories?post=346700"},{"taxonomy":"post_tag","embeddable":true,"href":"https:\/\/www.europesays.com\/it\/wp-json\/wp\/v2\/tags?post=346700"}],"curies":[{"name":"wp","href":"https:\/\/api.w.org\/{rel}","templated":true}]}}