{"id":346834,"date":"2026-02-10T11:27:11","date_gmt":"2026-02-10T11:27:11","guid":{"rendered":"https:\/\/www.europesays.com\/it\/346834\/"},"modified":"2026-02-10T11:27:11","modified_gmt":"2026-02-10T11:27:11","slug":"sofia-goggia-cade-nella-combinata-femminile-a-cortina-scivola-fuori-dalla-pista-cosa-e-successo-mi-dispiace-per-della-mea-tomba-mica-ho-deciso-io-chi-doveva-accendere-il-braciere","status":"publish","type":"post","link":"https:\/\/www.europesays.com\/it\/346834\/","title":{"rendered":"Sofia Goggia cade nella combinata femminile a Cortina, scivola fuori dalla pista: cosa \u00e8 successo. \u00abMi dispiace per Della Mea. Tomba? Mica ho deciso io chi doveva accendere il braciere\u00bb"},"content":{"rendered":"<p>    di<br \/>\n    Daniele Sparisci, inviato a Cortina<\/p>\n<p class=\"summary-art is-line-h-12\">Un altro brivido sulla pista delle Tofane dove ha avuto l&#8217;incidente Lindsey Vonn. Per fortuna Sofia Goggia si \u00e8 rialzata<\/p>\n<p class=\"chapter-paragraph\">Un altro brivido sull\u2019<a href=\"https:\/\/www.corriere.it\/sport\/olimpiadi-invernali\/diretta-live\/26_febbraio_10\/milano-cortina-gare-oggi-diretta.shtml\" rel=\"nofollow noopener\" target=\"_blank\">Olympia delle Tofane durante la discesa valida per la combinata donne<\/a>.\u00a0\u00a0Sofia Goggia \u00e8 scivolata a tre quarti del tracciato finendo fuori dalle linee blu. Era in ritardo rispetto ai primi tempi e stava cercando di recuperare, \u00e8 entrata sull\u2019interno in una curva e ha perso il controllo. Momenti di tensione poi sciolti da una applauso quando la campionessa bergamasca si \u00e8 rialzata ed \u00e8 scesa con i suoi sci fino al traguardo. La dinamica della caduta poteva essere brutta sulla stessa pista <a href=\"https:\/\/www.corriere.it\/sport\/olimpiadi-invernali\/26_febbraio_09\/lindsey-vonn-caduta-infortunio-operata-30de47f9-0408-4521-9419-967912b41xlk.shtml\" rel=\"nofollow noopener\" target=\"_blank\">dove Lindsey Vonn domenica \u00e8 stata protagonista di un grave incidente<\/a>.<\/p>\n<p>    Combinata senza medaglie per Sofia<\/p>\n<p class=\"chapter-paragraph\">Per Sofia la <b>combi resta senza medaglie<\/b>, adesso avr\u00e0 altre occasioni nel SuperG di gioved\u00ec e nel gigante di domenica. Nella prima manche in discesa comanda Breezy Johnson che in slalom avr\u00e0 Mikaela Shiffrin come partner. Dietro l&#8217;austriaca Raedler in formazione con Huber. Al terzo posto ottima prova di Lolli Pirovano, toccher\u00e0 a Martina Peterlini difendere un podio difficile.\u00a0    &#13;<br \/>\n&#13;<br \/>\n&#13;<br \/>\n&#13;<br \/>\n&#13;<br \/>\n&#13;<br \/>\n&#13;<br \/>\n&#13;<br \/>\n&#13;<br \/>\n&#13;<br \/>\n&#13;<br \/>\n&#13;<br \/>\n&#13;<br \/>\n&#13;<br \/>\n&#13;<br \/>\n&#13;<br \/>\n&#13;<br \/>\n&#13;<br \/>\n&#13;<br \/>\n&#13;<br \/>\n&#13;<br \/>\n&#13;<br \/>\n&#13;<br \/>\n&#13;<br \/>\n&#13;<br \/>\n&#13;<br \/>\n&#13;<br \/>\n&#13;<br \/>\n&#13;<br \/>\n&#13;<br \/>\n&#13;<br \/>\n&#13;<br \/>\n&#13;<br \/>\n&#13;<br \/>\n&#13;<br \/>\n&#13;<br \/>\n&#13;<br \/>\n&#13;<br \/>\n&#13;<br \/>\n&#13;<br \/>\n&#13;<br \/>\n&#13;<br \/>\n&#13;<br \/>\n&#13;<br \/>\n&#13;<br \/>\n&#13;<br \/>\n&#13;<br \/>\n&#13;<br \/>\n&#13;<br \/>\n&#13;<br \/>\n&#13;<br \/>\n&#13;<br \/>\n&#13;\n<\/p>\n<p>    Goggia:\u00a0\u00abSensazioni negative alla partenza\u00bb<\/p>\n<p class=\"chapter-paragraph\">Le prime parole di Sofia al traguardo: \u00abOggi non sono riuscita a entrare in gara con lo stesso focus dell\u2019altro giorno. Mi sentivo molto bene questa mattina ma alla partenza avevo <b>sensazioni negative<\/b>. Mi dispiace tanto per Lara, le ho precluso la possibilit\u00e0 di fare una bella combinata e di puntare sullo slalom. Se mi stai sentendo scusami! Ora cercher\u00f2 di riposarmi in vista del <b>SuperG<\/b>, spero di divertirmi\u00bb.\u00a0<\/p>\n<p>    \u00abIl primo pensiero \u00e8 stato per Lara\u00bb<\/p>\n<p class=\"chapter-paragraph\">Sofia \u00e8 arrivata alla zona mista cammiando senza problemi:\u00a0\u00abSicuramente non sono riuscita ricreare la stessa tensione della discesa di domenica nonostante fossi molto serena. Il primo salto lo avevo passato bene. L&#8217;errore \u00e8 stato allo Scarpadon dove sono andata tanto a destra, ma sono riuscita a gestire la scivolata. Il primo pensiero \u00e8 stato per Della Mea: perch\u00e9 un conto \u00e8 correre per s\u00e9 stessi e un conto anche per un&#8217;altra compagna. Mi dispiace molto perch\u00e9 non ha neanche potuto provare la pista da slalom. Forse ho bisogno di recuperare un po&#8217; di energia, sono passati solo due giorni dalla libera.\u00a0 Non cerco scuse, non le ho mai cercate ma nei giorni scorsi il dispendio energetico \u00e8 stato elevato\u00bb.\u00a0<\/p>\n<p>    La replica a Tomba:\u00a0\u00abNon sono io a decidere chi accende il braciere\u00bb<\/p>\n<p class=\"chapter-paragraph\">Il prossimo obiettivo \u00e8 il superG di gioved\u00ec:\u00a0\u00abFinora mi sono sentita bene, quest&#8217;anno meglio in superG che in discesa. Non sono il punto di riferimento dell&#8217;Italia: ci sono Brignone, Pirovano, le sorelle Delago\u00bb Sofia poi replica a<a href=\"https:\/\/www.corriere.it\/sport\/olimpiadi-invernali\/26_febbraio_09\/alberto-tomba-milano-cortina-b89e1505-9559-4308-aa40-ca99de258xlk.shtml\" title=\"Alberto Tomba: \u00abA Sofia Goggia ho detto \" carino=\"\" questo=\"\" bronzo=\"\" ma=\"\" alle=\"\" olimpiadi=\"\" piace=\"\" il=\"\" gossip.=\"\" ultimo=\"\" tedoforo=\"\" toccava=\"\" a=\"\" thoeni=\"\" rel=\"nofollow noopener\" target=\"_blank\">d Alberto Tomba, secondo il quale lei non avrebbe dovuto accendere il braciere olimpico<\/a> a Cortina ma Gustav Thoeni:\u00a0\u00abNon sono stata mica io a decidere chi doveva farlo&#8230;, mi \u00e8 stato proposto\u00bb.\u00a0<\/p>\n<p>    \u00abSar\u00e0 un onore gareggiare davanti a Mattarella\u00bb<\/p>\n<p class=\"chapter-paragraph\">Goggia, legatissima al tricolore, affronter\u00e0 il superG con uno spettatore d&#8217;eccezione, il presidente Mattarella:\u00a0\u00abUn grandissimo orgoglio avere il presidente qui , \u00e8 un motivo di orgoglio e un riconoscimento per ci\u00f2 che abbiamo fatto in questi anni\u00bb.\u00a0<\/p>\n<p class=\"chapter-paragraph\">Infine un pensiero per Lindsey Vonn<\/p>\n<p class=\"is-last-update\" datetime=\"2026-02-10T12:22:10+01:00\">10 febbraio 2026 ( modifica il 10 febbraio 2026 | 12:22)<\/p>\n<p class=\"is-copyright\">\n            \u00a9 RIPRODUZIONE RISERVATA\n        <\/p>\n","protected":false},"excerpt":{"rendered":"di Daniele Sparisci, inviato a Cortina Un altro brivido sulla pista delle Tofane dove ha avuto l&#8217;incidente Lindsey&hellip;\n","protected":false},"author":3,"featured_media":346835,"comment_status":"","ping_status":"","sticky":false,"template":"","format":"standard","meta":{"footnotes":"","_share_on_mastodon":"0"},"categories":[79],"tags":[11702,201727,145617,52845,76981,2944,447,14,93,94,2581,13227,6037,1112,2597,5302,80281,298,1537,90,89,111045,150235,150236,20322,111048,12927,25273,2165,7,15,10800,21720,696,2956,22867,4849,80282,76979,56889,11,84,91,12,85,92,150240],"class_list":["post-346834","post","type-post","status-publish","format-standard","has-post-thumbnail","category-italia","tag-accendere","tag-accendere-braciere","tag-braciere","tag-brivido","tag-combinata","tag-conto","tag-cortina","tag-cronaca","tag-cronaca-italiana","tag-cronacaitaliana","tag-decidere","tag-discesa","tag-dispiace","tag-domenica","tag-doveva","tag-giovedi","tag-goggia","tag-incidente","tag-it","tag-italia","tag-italy","tag-lara","tag-lindsey","tag-lindsey-vonn","tag-mattarella","tag-mea","tag-medaglie","tag-mica","tag-negative","tag-news","tag-notizie","tag-orgoglio","tag-pensiero","tag-pista","tag-riuscita","tag-slalom","tag-sofia","tag-sofia-goggia","tag-superg","tag-tomba","tag-ultime-notizie","tag-ultime-notizie-e-news-di-oggi","tag-ultime-notizie-italia","tag-ultimenotizie","tag-ultimenotizieenewsdioggi","tag-ultimenotizieitalia","tag-vonn"],"share_on_mastodon":{"url":"","error":"Validation failed: Text character limit of 500 exceeded"},"_links":{"self":[{"href":"https:\/\/www.europesays.com\/it\/wp-json\/wp\/v2\/posts\/346834","targetHints":{"allow":["GET"]}}],"collection":[{"href":"https:\/\/www.europesays.com\/it\/wp-json\/wp\/v2\/posts"}],"about":[{"href":"https:\/\/www.europesays.com\/it\/wp-json\/wp\/v2\/types\/post"}],"author":[{"embeddable":true,"href":"https:\/\/www.europesays.com\/it\/wp-json\/wp\/v2\/users\/3"}],"replies":[{"embeddable":true,"href":"https:\/\/www.europesays.com\/it\/wp-json\/wp\/v2\/comments?post=346834"}],"version-history":[{"count":0,"href":"https:\/\/www.europesays.com\/it\/wp-json\/wp\/v2\/posts\/346834\/revisions"}],"wp:featuredmedia":[{"embeddable":true,"href":"https:\/\/www.europesays.com\/it\/wp-json\/wp\/v2\/media\/346835"}],"wp:attachment":[{"href":"https:\/\/www.europesays.com\/it\/wp-json\/wp\/v2\/media?parent=346834"}],"wp:term":[{"taxonomy":"category","embeddable":true,"href":"https:\/\/www.europesays.com\/it\/wp-json\/wp\/v2\/categories?post=346834"},{"taxonomy":"post_tag","embeddable":true,"href":"https:\/\/www.europesays.com\/it\/wp-json\/wp\/v2\/tags?post=346834"}],"curies":[{"name":"wp","href":"https:\/\/api.w.org\/{rel}","templated":true}]}}