{"id":347084,"date":"2026-02-10T15:18:10","date_gmt":"2026-02-10T15:18:10","guid":{"rendered":"https:\/\/www.europesays.com\/it\/347084\/"},"modified":"2026-02-10T15:18:10","modified_gmt":"2026-02-10T15:18:10","slug":"la-coppia-che-sorprende-la-germania-lex-ceo-di-google-schmidt-sposato-e-la-modella-gloria-sophie-burkandt-figlia-del-governatore-della-baviera","status":"publish","type":"post","link":"https:\/\/www.europesays.com\/it\/347084\/","title":{"rendered":"La coppia che sorprende la Germania: l&#8217;ex ceo di Google Schmidt (sposato) e la modella Gloria-Sophie Burkandt, figlia del governatore della Baviera"},"content":{"rendered":"<p>    di<br \/>\n    Mara Gergolet<\/p>\n<p class=\"summary-art is-line-h-12\">La notizia sulla prima pagina della \u00abBild\u00bb. Il miliardario, 70 anni, \u00e8 sposato dal 1980, ma quello tra lui e la moglie Wendy sarebbe un matrimonio aperto, come spiegano alcune fonti al \u00abNew York Post\u00bb. Burkandt, 27 anni, in Germania \u00e8 famosa come modella, ma anche per aver partecipato a un reality show. Si dedica alla filantropia<\/p>\n<p class=\"chapter-paragraph\">DALLA NOSTRA CORRISPONDENTE\u00a0<br \/>BERLINO &#8211; Sulle nevi di Davos ha fatto esordio una strana coppia. Eric Schmidt, 70 anni, leggendario ex CEO di Google, si \u00e8 presentato fianco a fianco con<b> Gloria-Sophie Burkandt<\/b>, 27 anni, che ha un suo discreto seguito in Germania. <b>Modella, socialite, soprattutto figlia di Markus S\u00f6der, il potentissimo e popolare governatore della Baviera<\/b>: insomma, la versione tedesca di \u00abfiglia di\u2026\u00bb, famosa soprattutto per essere famosa.\u00a0<br \/>La storia \u00e8 piaciuta cos\u00ec tanto che Bild l\u2019ha sparata in prima pagina, non senza aver indagato i trascorsi dei due e stabilito che da mesi fanno coppia fissa. O, come dice il giornale, hanno passato buona parte degli ultimi mesi insieme, tra l\u2019America, l\u2019India e il Pacifico.\u00a0D\u2019altra parte, <b>Gloria-Sophie non ne fa mistero,<\/b> visto che ha pubblicato diversi post su Instagram.\u00a0<\/p>\n<p class=\"chapter-paragraph\">Schmidt \u00e8 uno dei pi\u00f9 curiosi personaggi e protagonisti del tech (e, in senso lato, della politica) degli ultimi tre decenni, con una fortuna personale di 37 miliardi di dollari. <b>\u00c8 anche regolarmente sposato dal 1980 <\/b>con Wendy Schmidt, con cui compare ancora insieme: per esempio, nell\u2019ultima uscita pubblica del 2025 al gala d\u2019arte e cinema del LACMA a Los Angeles. Ma secondo i media americani Eric e Wendy vivono da molti anni <b>una sorta di \u00abmatrimonio aperto\u00bb.<\/b>    &#13;<br \/>\n&#13;<br \/>\n&#13;<br \/>\n&#13;<br \/>\n&#13;<br \/>\n&#13;<br \/>\n&#13;<br \/>\n&#13;<br \/>\n&#13;<br \/>\n&#13;<br \/>\n&#13;<br \/>\n&#13;<br \/>\n&#13;<br \/>\n&#13;<br \/>\n&#13;<br \/>\n&#13;<br \/>\n&#13;<br \/>\n&#13;<br \/>\n&#13;<br \/>\n&#13;<br \/>\n&#13;<br \/>\n&#13;<br \/>\n&#13;<br \/>\n&#13;<br \/>\n&#13;<br \/>\n&#13;<br \/>\n&#13;<br \/>\n&#13;<br \/>\n&#13;<br \/>\n&#13;<br \/>\n&#13;<br \/>\n&#13;<br \/>\n&#13;<br \/>\n&#13;<br \/>\n&#13;<br \/>\n&#13;<br \/>\n&#13;<br \/>\n&#13;<br \/>\n&#13;<br \/>\n&#13;<br \/>\n&#13;<br \/>\n&#13;<br \/>\n&#13;<br \/>\n&#13;<br \/>\n&#13;<br \/>\n&#13;<br \/>\n&#13;<br \/>\n&#13;<br \/>\n&#13;<br \/>\n&#13;<br \/>\n&#13;<br \/>\n&#13;<br \/>\n&#13;\n<\/p>\n<p class=\"chapter-paragraph\">La Bibbia del gossip americano, il New York Post di Rupert Murdoch, gli dedica attenzione da tempo. Un confidente ha raccontato al giornale: \u00ab<b>\u00c8 noto da anni che gli Schmidt abbiano questo \u201caccordo\u201d<\/b> (di coppia aperta, ndr). Eric Schmidt si mostra regolarmente con donne pi\u00f9 giovani, ma non si tratta di vere relazioni o di un rapporto di coppia\u00bb. L\u2019insider aggiunge: \u00ab<b>Si tratta di esibizione. <\/b>Il trofeo definitivo per i nerd \u00e8 andare a letto con donne che nei loro primi trent\u2019anni non li avrebbero mai considerati\u00bb.\u00a0<\/p>\n<p class=\"chapter-paragraph\">L\u2019ultima relazione di Schmidt, con <b>Michelle Ritter<\/b>, 31 anni, \u00e8 finita dopo quattro anni in tribunale. Ma<b> Schmidt \u00e8 anche un nerd della politica<\/b>: \u00e8 stato uno stretto confidente di Henry Kissinger \u2014 che ha introdotto all\u2019intelligenza artificiale, tanto che l\u2019anziano statista e il CEO di Google hanno scritto insieme un libro sul tema. Ed \u00e8 stato il superconsigliere di Barack Obama alla sua rielezione, in un episodio che allora fu solo marginalmente o distrattamente capito, e che \u00e8 spiegato magistralmente da Giuliano da Empoli nel libro L\u2019ora dei predatori: fu l\u2019artefice della campagna tecnologica che prese di mira gli elettori incerti negli Stati chiave, con un micro-targeting elettorale sul web mai sperimentato prima. Obama vinse quell\u2019elezione con facilit\u00e0.\u00a0<\/p>\n<p class=\"chapter-paragraph\">Gloria-Sophie Burkandt, invece, \u00e8 una piccola celebrity tedesca, figlia del politico forse di miglior talento istintivo (e dall\u2019ambizione finora non completamente realizzata), il governatore della Baviera Markus S\u00f6der. <b>S\u00f6der governa l\u2019unico partito-sistema rimasto in Germania, la CSU, che controlla ininterrottamente dal dopoguerra il Land pi\u00f9 ricco<\/b>, con un consenso di poco inferiore al 40%. \u00c8 il politico che ha flirtato con il populismo, sempre per\u00f2 capace di uscirne con una battuta pronta e una presenza scenica notevole. Mirabili anche le sue mise di Carnevale: quest\u2019anno un Highlander, ma il miglior travestimento \u00e8 stato Elvis Presley.\u00a0<\/p>\n<p class=\"chapter-paragraph\"><b>Coltiva da sempre il sogno di diventare cancelliere<\/b>, che per\u00f2 per un bavarese \u2014 visto il sistema partitico tedesco, dove nel resto del Paese c\u2019\u00e8 la CDU \u2014 \u00e8 un\u2019impresa quasi proibitiva. <b>Di fronte a un tale padre, Gloria-Sophie \u2014 che S\u00f6der adora \u2014 ha faticato a trovare la propria strada.<\/b> \u00c8 andata a vivere a New York, ha fatto la modella, ha avuto un passaggio all\u2019universit\u00e0 di Harvard \u2014 dove pare aver incontrato Eric Schmidt \u2014, si dedica alla filantropia e alle organizzazioni benefiche che fanno studiare i bambini. <b>Ha partecipato a un reality trash, Deutschland d\u00fcmmster Promi, il vip pi\u00f9 scemo della Germania, dove non ha brillato per acume. <\/b>Memorabili le difficolt\u00e0 a spiegare cosa volesse dire SPD (Sozialdemokratische Partei Deutschlands), che lei ha definito \u00absocialistica\u00bb, e una certa difficolt\u00e0 a far di conto, quando \u00e8 stata stracciata dall\u2019ex calciatore Mario Basler (che invece \u00e8 bravo con i numeri, perch\u00e9 \u2014 come diceva \u2014 tiene lui i conti quando gioca a briscola).\u00a0<\/p>\n<p class=\"chapter-paragraph\">Di quella partecipazione non avvert\u00ec il padre, che gliel\u2019avrebbe sconsigliata. Ma che le perdona tutto. <b>S\u00f6der e Schmidt si conoscono da anni. <\/b>Schmidt \u00e8 un regolare visitatore della Conferenza di Monaco, che inizia venerd\u00ec. Chiss\u00e0 se si vedranno quest\u2019anno.<\/p>\n<p class=\"is-last-update\" datetime=\"2026-02-10T13:15:46+01:00\">10 febbraio 2026 ( modifica il 10 febbraio 2026 | 13:15)<\/p>\n<p class=\"is-copyright\">\n            \u00a9 RIPRODUZIONE RISERVATA\n        <\/p>\n","protected":false},"excerpt":{"rendered":"di Mara Gergolet La notizia sulla prima pagina della \u00abBild\u00bb. Il miliardario, 70 anni, \u00e8 sposato dal 1980,&hellip;\n","protected":false},"author":3,"featured_media":347085,"comment_status":"","ping_status":"","sticky":false,"template":"","format":"standard","meta":{"footnotes":"","_share_on_mastodon":"0"},"categories":[1451],"tags":[12672,35956,29296,201900,1621,1620,1423,15142,2235,9440,201905,5376,2429,203,8231,76682,103920,3964,3384,201906,3044,4820,11681,201899,201901,682,127,201902,204,1537,90,89,35951,35952,8866,201907,2197,10897,11040,11041,201908,3608,5541,2378,201909,332,978,15137,35948,102004,201903,20822,201904,16860],"class_list":["post-347084","post","type-post","status-publish","format-standard","has-post-thumbnail","category-celebrita","tag-aperto","tag-baviera","tag-bild","tag-burkandt","tag-celebrita","tag-celebrities","tag-ceo","tag-ceo-google","tag-coppia","tag-dedica","tag-dedica-filantropia","tag-difficolta","tag-donne","tag-entertainment","tag-eric","tag-eric-schmidt","tag-famosa","tag-fianco","tag-figlia","tag-filantropia","tag-germania","tag-giornale","tag-gloria","tag-gloria-sophie","tag-gloria-sophie-burkandt","tag-google","tag-governatore","tag-governatore-baviera","tag-intrattenimento","tag-it","tag-italia","tag-italy","tag-markus","tag-markus-soder","tag-matrimonio","tag-matrimonio-aperto","tag-miglior","tag-modella","tag-new","tag-new-york","tag-new-york-post","tag-padre","tag-pagina","tag-partecipato","tag-partecipato-reality","tag-politico","tag-post","tag-schmidt","tag-soder","tag-sophie","tag-sophie-burkandt","tag-sposato","tag-wendy","tag-york"],"share_on_mastodon":{"url":"","error":"Validation failed: Text character limit of 500 exceeded"},"_links":{"self":[{"href":"https:\/\/www.europesays.com\/it\/wp-json\/wp\/v2\/posts\/347084","targetHints":{"allow":["GET"]}}],"collection":[{"href":"https:\/\/www.europesays.com\/it\/wp-json\/wp\/v2\/posts"}],"about":[{"href":"https:\/\/www.europesays.com\/it\/wp-json\/wp\/v2\/types\/post"}],"author":[{"embeddable":true,"href":"https:\/\/www.europesays.com\/it\/wp-json\/wp\/v2\/users\/3"}],"replies":[{"embeddable":true,"href":"https:\/\/www.europesays.com\/it\/wp-json\/wp\/v2\/comments?post=347084"}],"version-history":[{"count":0,"href":"https:\/\/www.europesays.com\/it\/wp-json\/wp\/v2\/posts\/347084\/revisions"}],"wp:featuredmedia":[{"embeddable":true,"href":"https:\/\/www.europesays.com\/it\/wp-json\/wp\/v2\/media\/347085"}],"wp:attachment":[{"href":"https:\/\/www.europesays.com\/it\/wp-json\/wp\/v2\/media?parent=347084"}],"wp:term":[{"taxonomy":"category","embeddable":true,"href":"https:\/\/www.europesays.com\/it\/wp-json\/wp\/v2\/categories?post=347084"},{"taxonomy":"post_tag","embeddable":true,"href":"https:\/\/www.europesays.com\/it\/wp-json\/wp\/v2\/tags?post=347084"}],"curies":[{"name":"wp","href":"https:\/\/api.w.org\/{rel}","templated":true}]}}