{"id":347106,"date":"2026-02-10T15:40:12","date_gmt":"2026-02-10T15:40:12","guid":{"rendered":"https:\/\/www.europesays.com\/it\/347106\/"},"modified":"2026-02-10T15:40:12","modified_gmt":"2026-02-10T15:40:12","slug":"e-un-talento-che-puo-vincere-tutto","status":"publish","type":"post","link":"https:\/\/www.europesays.com\/it\/347106\/","title":{"rendered":"\u00abE&#8217; UN TALENTO CHE PUO&#8217; VINCERE TUTTO\u00bb"},"content":{"rendered":"<p><strong>Peter Saga<\/strong>n ha salutato il mondo delle corse nel 2024 e con le sue 121 vittorie da professionista<strong> rimane un&#8217;icona del ciclismo mondiale<\/strong>. Tre titoli Mondiali dal 2015 al 2017,\u00a0 sette volte vincitore della maglia verde al Tour de France, un Giro delle Fiandre nel 2016 e anche una Parigi-Roubaix nel 2018: Sagan non \u00e8 stato solo un grande campione per i suoi risultati sportivi, ma grazie al suo carisma <strong>ancora oggi \u00e8 seguito da tantissimi appassionati.<\/strong> In questi giorni lo abbiamo visto anche a Milano dove ha inaugurato Casa Slovacchia e seguito alcune gare delle Olimpiadi che si sono svolte in citt\u00e0.\n            <\/p>\n<p><strong>Il tre volte iridato va ancora in bici e lo fa come testimonial di brand importanti e guarda con molta attenzione tutte le corse ciclistiche dell\u2019anno.\u00a0<\/strong><br \/>\u00abS\u00ec mi piace seguire le corse di un giorno, soprattutto le grandi classiche e i Campionati del Mondo. Cerco di non perdermi il Giro delle Fiandre, la Parigi-Roubaix o la Gand-Wevelgem, tra le altre \u2013 ha detto Sagan in una recente intervista per i media belgi &#8211;\u00a0 Per i Grandi Giri \u00e8 un po&#8217; diverso; di solito guardo solo gli ultimi 30 chilometri delle tappe\u00bb.\n            <\/p>\n<p><strong>Si allena Sagan e va in palestra o in bici e anche quando \u00e8 in giro per il mondo, non rinuncia a tenersi in forma.\u00a0<\/strong><br \/>\u00abAl momento dedico parecchio tempo all&#8217;allenamento con i pesi. Vado ancora in bici, non tutti i giorni, ma ogni volta che ne ho la possibilit\u00e0, tiro fuori la mia bici da strada o la mia mountain bike\u00bb.<\/p>\n<p>Peter Sagan \u00e8 nato il 26 gennaio del 1990 e<strong> uno dei corridori che attualmente sta seguendo di pi\u00f9 \u00e8 nato esattamente dieci anni dopo, si tratta di Remco Evenepoel<\/strong>, che ha compiuto 26 anni lo scorso 25 gennaio.\u00a0<br \/>\u00abE\u2019 vero io e Remco festeggiamo i nostri compleanni insieme. E\u2019 un corridore che mi piace e penso che possa fare grandi cose\u00bb.<\/p>\n<p><strong>Secondo Sagan, il belga ha ancora tante opportunit\u00e0 da cogliere e ora che \u00e8 alla Red Bull \u2013 Bora Hansgrohe, ha tutto ci\u00f2 che gli serve per conquistare ancora pi\u00f9 successi.<\/strong><br \/>\u00abHo incontrato Remco diverse volte durante la mia carriera. Ricordo in particolare al San Juan del 2020, che se non sbaglio vinse. Le sue capacit\u00e0 e la sua potenza mi impressionarono gi\u00e0 allora. Abbiamo persino festeggiato i nostri compleanni insieme, dato che lui era nato il 25 gennaio e io il 26, ma dieci anni prima. Onestamente, si vedeva gi\u00e0 che era diverso dalla maggior parte degli altri corridori. Aveva gi\u00e0 una personalit\u00e0 molto forte e da allora ha confermato di essere un campione straordinario. Fin da giovanissimo, si \u00e8 distinto per la sua mentalit\u00e0 vincente. Anche la sua capacit\u00e0 di essere un vero &#8220;killer&#8221; \u00e8 impressionante. Non importa quanto sia importante quella corsa, lui \u00e8 l\u00ec per vincere. Mi piace questa mentalit\u00e0\u00bb.<\/p>\n<p>Finora, Remco Evenepoel ha vinto una sola Classica Monumento, si tratta della Liegi-Bastogne-Liegi che ha conquistato gi\u00e0 due volte. \u00abDire che ha vinto solo una Monumento sembra una semplificazione dei fatti, considerando che ha vinto Campionati del Mondo su strada e a cronometro, oro Olimpico su strada e a cronometro, ma anche la Vuelta di Spagna. <strong>Sono convinto che Remco possa vincere tutte le Classiche Monumento se si prepara in modo specifico per vincerle<\/strong>\u00bb.<\/p>\n<p><strong>Il belga sogna di vincere il Tour de France, un desiderio difficile da realizzare, considerando che per il momento davanti a lui ci sono Vingegaard e Pogacar.\u00a0<\/strong><br \/>\u00abPenso che bisognerebbe chiedere ai suoi tecnici se potr\u00e0 riuscirci. Secondo me, un talento come Remco pu\u00f2 vincere tutto, che si tratti di un grande giro o di una Classica Monumento. Ma dipender\u00e0 dalla sua volont\u00e0 e dalle scelte che far\u00e0. Al momento, Tadej Pogar \u00e8 considerato di gran lunga superiore a tutti gli altri. Potrebbe persino essere il pi\u00f9 grande corridore di tutti i tempi. E batterlo \u00e8 estremamente difficile. Spero che il passaggio di Remco alla Red Bull-Bora-Hansgrohe lo aiuti a colmare il divario. Vedremo, ma spero\u00a0 davvero di vedere Pogacar affrontare pi\u00f9 avversari in futuro\u00bb.<\/p>\n","protected":false},"excerpt":{"rendered":"Peter Sagan ha salutato il mondo delle corse nel 2024 e con le sue 121 vittorie da professionista&hellip;\n","protected":false},"author":3,"featured_media":347107,"comment_status":"","ping_status":"","sticky":false,"template":"","format":"standard","meta":{"footnotes":"","_share_on_mastodon":"0"},"categories":[1456],"tags":[1824,1825,1282,1537,90,89,87377,6647,245,244],"class_list":["post-347106","post","type-post","status-publish","format-standard","has-post-thumbnail","category-ciclismo","tag-ciclismo","tag-cycling","tag-intervista","tag-it","tag-italia","tag-italy","tag-peter-sagan","tag-remco-evenepoel","tag-sport","tag-sports"],"share_on_mastodon":{"url":"https:\/\/pubeurope.com\/@it\/116047093752854280","error":""},"_links":{"self":[{"href":"https:\/\/www.europesays.com\/it\/wp-json\/wp\/v2\/posts\/347106","targetHints":{"allow":["GET"]}}],"collection":[{"href":"https:\/\/www.europesays.com\/it\/wp-json\/wp\/v2\/posts"}],"about":[{"href":"https:\/\/www.europesays.com\/it\/wp-json\/wp\/v2\/types\/post"}],"author":[{"embeddable":true,"href":"https:\/\/www.europesays.com\/it\/wp-json\/wp\/v2\/users\/3"}],"replies":[{"embeddable":true,"href":"https:\/\/www.europesays.com\/it\/wp-json\/wp\/v2\/comments?post=347106"}],"version-history":[{"count":0,"href":"https:\/\/www.europesays.com\/it\/wp-json\/wp\/v2\/posts\/347106\/revisions"}],"wp:featuredmedia":[{"embeddable":true,"href":"https:\/\/www.europesays.com\/it\/wp-json\/wp\/v2\/media\/347107"}],"wp:attachment":[{"href":"https:\/\/www.europesays.com\/it\/wp-json\/wp\/v2\/media?parent=347106"}],"wp:term":[{"taxonomy":"category","embeddable":true,"href":"https:\/\/www.europesays.com\/it\/wp-json\/wp\/v2\/categories?post=347106"},{"taxonomy":"post_tag","embeddable":true,"href":"https:\/\/www.europesays.com\/it\/wp-json\/wp\/v2\/tags?post=347106"}],"curies":[{"name":"wp","href":"https:\/\/api.w.org\/{rel}","templated":true}]}}